{"id":10745,"date":"2024-04-23T09:26:17","date_gmt":"2024-04-23T07:26:17","guid":{"rendered":"https:\/\/www.welovecycling.com\/es\/?p=10745"},"modified":"2024-04-23T09:26:17","modified_gmt":"2024-04-23T07:26:17","slug":"logistica-alpecin","status":"publish","type":"post","link":"https:\/\/www.welovecycling.com\/es\/2024\/04\/23\/logistica-alpecin\/","title":{"rendered":"La log\u00edstica del Alpecin\u2013Deceuninck: Los coches en la Lieja-Bastogne-Lieja"},"content":{"rendered":"<p><strong>La legendaria Lieja-Bastogne-Lieja, tambi\u00e9n conocida como La Doyenne, &#8220;La Vieja Dama&#8221;, es el m\u00e1s antiguo de los cinco Monumentos se disputa en la regi\u00f3n belga de las Ardenas, famosa por su perfil monta\u00f1oso, lo que se traduce en subidas de infarto y en carreras muy divertidas. Sin embargo, aunque los corredores siempre ser\u00e1n el aspecto m\u00e1s visible de cualquier carrera, quer\u00edamos ponernos en contacto con los implicados en los procesos de fondo que rodean a los equipos profesionales en la Lieja-Bastogne-Lieja.<\/strong><\/p>\n<p style=\"font-weight: 400;\"><!--more--><\/p>\n<p>Tuvimos el placer de hablar con Jonas de Win, que es el director de log\u00edstica del Alpecin-Deceuninck desde 2019 y que nos dio un poco de su precioso tiempo en medio de los preparativos de la <a href=\"https:\/\/www.liege-bastogne-liege.be\/en\/\">Lieja-Bastogne-Lieja<\/a>.<\/p>\n<p>Comenzamos la charla con un sentimiento bastante com\u00fan en estos d\u00edas en el deporte: dada la naturaleza r\u00e1pidamente cambiante de las carreras profesionales, \u00bfcu\u00e1les han sido los principales cambios en el equipo Alpecin-Deceuninck en los \u00faltimos a\u00f1os?<\/p>\n<p>&#8220;Desde mi punto de vista como Director de Log\u00edstica, es sin duda el tama\u00f1o del equipo profesional, que ha crecido mucho. Todo est\u00e1 cambiando con \u00e9l: el material rodante se ha hecho m\u00e1s grande, ahora tenemos unos 80 ciclistas en todos los grupos, as\u00ed que m\u00e1s planes de viaje, m\u00e1s carreras y m\u00e1s viajes dentro y fuera de Europa. Hemos estado en China, Canad\u00e1, Australia&#8230; Adem\u00e1s, la tripulaci\u00f3n sigue creciendo, m\u00e1s mec\u00e1nicos, soigneurs y directores deportivos, y tambi\u00e9n hay que transportar a toda esta gente. Por suerte, ya no estoy solo, tengo dos colegas que me ayudan con el equipo masculino, el femenino, los equipos de desarrollo y el equipo de MTB\/multidisciplinar&#8221;.<\/p>\n<figure id=\"attachment_10746\" aria-describedby=\"caption-attachment-10746\" style=\"width: 1359px\" class=\"wp-caption alignnone\"><a href=\"https:\/\/d2p6e6u75xmxt8.cloudfront.net\/6\/2024\/04\/Jonas-de-Win-Alpecin-Deceuninck.webp\"><img loading=\"lazy\" decoding=\"async\" class=\"wp-image-10746 size-full\" src=\"https:\/\/d2p6e6u75xmxt8.cloudfront.net\/6\/2024\/04\/Jonas-de-Win-Alpecin-Deceuninck.webp\" alt=\"Jonas de Win\" width=\"1359\" height=\"1068\" srcset=\"https:\/\/d2p6e6u75xmxt8.cloudfront.net\/6\/2024\/04\/Jonas-de-Win-Alpecin-Deceuninck.webp 1359w, https:\/\/d2p6e6u75xmxt8.cloudfront.net\/6\/2024\/04\/Jonas-de-Win-Alpecin-Deceuninck-300x236.webp 300w, https:\/\/d2p6e6u75xmxt8.cloudfront.net\/6\/2024\/04\/Jonas-de-Win-Alpecin-Deceuninck-1024x805.webp 1024w, https:\/\/d2p6e6u75xmxt8.cloudfront.net\/6\/2024\/04\/Jonas-de-Win-Alpecin-Deceuninck-768x604.webp 768w, https:\/\/d2p6e6u75xmxt8.cloudfront.net\/6\/2024\/04\/Jonas-de-Win-Alpecin-Deceuninck-400x314.webp 400w\" sizes=\"auto, (max-width: 1359px) 100vw, 1359px\" \/><\/a><figcaption id=\"caption-attachment-10746\" class=\"wp-caption-text\">Jonas de Win, director de logistica de Alpecin\u2013Deceuninck<\/figcaption><\/figure>\n<p>Naturalmente, dado el trabajo del Sr. de Win, ten\u00edamos curiosidad por saber cu\u00e1nto tiempo se tarda en transportar a todo el equipo, la tripulaci\u00f3n y el material al lugar de la Lieja-Bastogne-Lieja y tenerlo todo listo para la carrera.<\/p>\n<p>&#8220;Tenemos nuestra sede en B\u00e9lgica y la mayor\u00eda de nuestros corredores son belgas, por lo que la Lieja-Bastogne-Lieja es mucho menos complicada que otras carreras desde el punto de vista log\u00edstico. Adem\u00e1s, algunos corredores y miembros del equipo ya se encuentran en los alrededores debido a carreras pasadas como la Amstel Gold Race, La Flecha Valona, etc. Para otras carreras, a veces casi todo el mundo tiene que volar, pero para la LBL, somos casi todos locales. Por ejemplo, tenemos un cami\u00f3n de cocina ya listo desde La Flecha Valona y tambi\u00e9n la mayor\u00eda de los veh\u00edculos, incluidos el autob\u00fas y el cami\u00f3n del equipo, para que puedan ponerse en marcha de inmediato.&#8221;<\/p>\n<p>\u0160koda es el principal socio automovil\u00edstico de Lieja-Bastogne-Lieja, varios otros equipos mundiales de la UCI tambi\u00e9n lo utilizan, y el fabricante de autom\u00f3viles tambi\u00e9n acaba de convertirse en nuevo socio del equipo <a href=\"https:\/\/www.alpecin-deceuninck.com\/\">Alpecin-Deceuninck<\/a>. \u00bfQu\u00e9 cambios y ventajas supone esta asociaci\u00f3n para el Sr. de Win?<\/p>\n<p><a href=\"https:\/\/d2p6e6u75xmxt8.cloudfront.net\/6\/2024\/04\/Alpecin-Deceuninck-Team-Car-2.webp\"><img loading=\"lazy\" decoding=\"async\" class=\"alignnone size-full wp-image-10747\" src=\"https:\/\/d2p6e6u75xmxt8.cloudfront.net\/6\/2024\/04\/Alpecin-Deceuninck-Team-Car-2.webp\" alt=\"Alpecin Deceuninck\" width=\"990\" height=\"660\" srcset=\"https:\/\/d2p6e6u75xmxt8.cloudfront.net\/6\/2024\/04\/Alpecin-Deceuninck-Team-Car-2.webp 990w, https:\/\/d2p6e6u75xmxt8.cloudfront.net\/6\/2024\/04\/Alpecin-Deceuninck-Team-Car-2-300x200.webp 300w, https:\/\/d2p6e6u75xmxt8.cloudfront.net\/6\/2024\/04\/Alpecin-Deceuninck-Team-Car-2-768x512.webp 768w, https:\/\/d2p6e6u75xmxt8.cloudfront.net\/6\/2024\/04\/Alpecin-Deceuninck-Team-Car-2-400x267.webp 400w, https:\/\/d2p6e6u75xmxt8.cloudfront.net\/6\/2024\/04\/Alpecin-Deceuninck-Team-Car-2-272x182.webp 272w\" sizes=\"auto, (max-width: 990px) 100vw, 990px\" \/><\/a><\/p>\n<p>&#8220;Nunca antes hab\u00eda trabajado con \u0160kodas y estamos muy ilusionados, sobre todo por el mayor volumen de cosas que podemos meter dada la capacidad de carga. Por ejemplo, el a\u00f1o pasado tuvimos que transportar a tres ciclistas y su equipaje desde el aeropuerto y no era posible con un coche, pero con \u0160koda s\u00ed. Tambi\u00e9n hay m\u00e1s espacio y comodidad para los pasajeros, lo que es especialmente \u00fatil para los directores deportivos y otros miembros del personal, ya que permanecen sentados en sus coches entre 4 y 5 horas seguidas durante las carreras.&#8221;<\/p>\n<p>Hay 35 coches \u0160koda en total a disposici\u00f3n del equipo, con 7-8 directamente sobre el terreno durante la Lieja-Bastogne-Lieja y 4-5 durante la Lieja-Bastogne-Lieja Femenina. Cada uno de ellos cumple una funci\u00f3n y un prop\u00f3sito espec\u00edfico.<\/p>\n<p>&#8220;Nuestra flota est\u00e1 compuesta en su totalidad por coches autom\u00e1ticos, como exige ahora el reglamento de la carrera, para aumentar la seguridad y la eficacia. Pedimos espec\u00edficamente \u0160koda Superbs para tener m\u00e1s espacio y tambi\u00e9n pedimos m\u00e1s potencia para los coches de los directores deportivos para que puedan mantener la mayor parte de su atenci\u00f3n en la carrera y llegar r\u00e1pidamente a donde necesitan o adelantar al pelot\u00f3n. 16 coches est\u00e1n equipados con radiocomunicaci\u00f3n y 20 tienen un portaequipajes para bicicletas.<\/p>\n<p>&#8220;En el primer coche est\u00e1n el jefe DS, el ayudante DS y un mec\u00e1nico. En el segundo coche, a veces hay un segundo jefe DS, si la carrera es importante y si esperamos una escapada en el pelot\u00f3n, y otro mec\u00e1nico. Los otros cuatro o cinco coches son veh\u00edculos de asistencia coordinados por los directores, uno de los cuales es siempre un coche de avituallamiento que tambi\u00e9n hace las veces de coche de llegada, con dos soigneurs a bordo que atienden a los corredores. Unos cuatro coches m\u00e1s gestionan los puntos de avituallamiento. En LBL Femmes, la proporci\u00f3n DS-coche asistente es de 1:4 aproximadamente. Aunque toda nuestra flota cuenta con 35 coches, intentamos reducir el n\u00famero de veh\u00edculos utilizados en las carreras por motivos medioambientales. Durante la carrera, los coches llevan cajas de refrigeraci\u00f3n con bidones, un juego de herramientas de mec\u00e1nico, piezas de repuesto para las bicicletas, cascos, zapatillas, ropa de lluvia para los ciclistas, etc.&#8221;.<\/p>\n<p>Seg\u00fan el Sr. de Win, es muy dif\u00edcil decir en qu\u00e9 momento los coches son m\u00e1s indispensables; al parecer, lo son incluso cuando est\u00e1n parados.<\/p>\n<div id='gallery-1' class='gallery galleryid-10745 gallery-columns-2 gallery-size-large'><figure class='gallery-item'>\n\t\t\t<div class='gallery-icon landscape'>\n\t\t\t\t<a href='https:\/\/d2p6e6u75xmxt8.cloudfront.net\/6\/2024\/04\/Alpecin-Deceuninck-Team-Car.webp'><img loading=\"lazy\" decoding=\"async\" width=\"990\" height=\"660\" src=\"https:\/\/d2p6e6u75xmxt8.cloudfront.net\/6\/2024\/04\/Alpecin-Deceuninck-Team-Car.webp\" class=\"attachment-large size-large\" alt=\"\" srcset=\"https:\/\/d2p6e6u75xmxt8.cloudfront.net\/6\/2024\/04\/Alpecin-Deceuninck-Team-Car.webp 990w, https:\/\/d2p6e6u75xmxt8.cloudfront.net\/6\/2024\/04\/Alpecin-Deceuninck-Team-Car-300x200.webp 300w, https:\/\/d2p6e6u75xmxt8.cloudfront.net\/6\/2024\/04\/Alpecin-Deceuninck-Team-Car-768x512.webp 768w, https:\/\/d2p6e6u75xmxt8.cloudfront.net\/6\/2024\/04\/Alpecin-Deceuninck-Team-Car-400x267.webp 400w, https:\/\/d2p6e6u75xmxt8.cloudfront.net\/6\/2024\/04\/Alpecin-Deceuninck-Team-Car-272x182.webp 272w\" sizes=\"auto, (max-width: 990px) 100vw, 990px\" \/><\/a>\n\t\t\t<\/div><\/figure><figure class='gallery-item'>\n\t\t\t<div class='gallery-icon landscape'>\n\t\t\t\t<a href='https:\/\/d2p6e6u75xmxt8.cloudfront.net\/6\/2024\/04\/Alpecin-Deceuninck-Van-der-Poel-Car.webp'><img loading=\"lazy\" decoding=\"async\" width=\"990\" height=\"660\" src=\"https:\/\/d2p6e6u75xmxt8.cloudfront.net\/6\/2024\/04\/Alpecin-Deceuninck-Van-der-Poel-Car.webp\" class=\"attachment-large size-large\" alt=\"\" srcset=\"https:\/\/d2p6e6u75xmxt8.cloudfront.net\/6\/2024\/04\/Alpecin-Deceuninck-Van-der-Poel-Car.webp 990w, https:\/\/d2p6e6u75xmxt8.cloudfront.net\/6\/2024\/04\/Alpecin-Deceuninck-Van-der-Poel-Car-300x200.webp 300w, https:\/\/d2p6e6u75xmxt8.cloudfront.net\/6\/2024\/04\/Alpecin-Deceuninck-Van-der-Poel-Car-768x512.webp 768w, https:\/\/d2p6e6u75xmxt8.cloudfront.net\/6\/2024\/04\/Alpecin-Deceuninck-Van-der-Poel-Car-400x267.webp 400w, https:\/\/d2p6e6u75xmxt8.cloudfront.net\/6\/2024\/04\/Alpecin-Deceuninck-Van-der-Poel-Car-272x182.webp 272w\" sizes=\"auto, (max-width: 990px) 100vw, 990px\" \/><\/a>\n\t\t\t<\/div><\/figure>\n\t\t<\/div>\n\n<p>&#8220;Cada minuto es importante. Cuando est\u00e1n aparcados delante del hotel, est\u00e1n all\u00ed listos para el equipo y los ciclistas. Luego, por supuesto, sin ellos no podr\u00edamos cubrir la carrera y asistir a nuestros corredores. Despu\u00e9s de la carrera, son necesarios para dejar a todo el equipo en el hotel o en casa. Son importantes todo el d\u00eda y toda la noche, asegur\u00e1ndose de que el plan sigue su curso&#8221;.<\/p>\n<p>Los plazos de la log\u00edstica var\u00edan de una carrera a otra. Para la Par\u00eds-Roubaix, por ejemplo, son m\u00e1s exigentes y requieren una planificaci\u00f3n flexible, pero la Lieja-Bastogne-Lieja es m\u00e1s relajada debido a la base del Alpecin-Deceuninck en B\u00e9lgica, como ya mencion\u00f3 el Sr. de Win.<\/p>\n<p>&#8220;Intentamos ultimar todos los planes siete d\u00edas antes de la carrera. Tambi\u00e9n depende de si los corredores van a hacer un viaje de reconocimiento, que suele ser dos o tres d\u00edas antes, pero eso ya se ha decidido mucho antes de la carrera, as\u00ed que lo ideal es que el plan se desarrolle sin problemas&#8221;.<\/p>\n<p>Como \u00faltima nota sobre el funcionamiento interno de la log\u00edstica de un UCI WorldTeam, el Sr. de Win comparti\u00f3 con nosotros una visi\u00f3n de la tecnolog\u00eda que utilizan para mantenerse al d\u00eda y organizarse de manera m\u00e1s eficiente.<\/p>\n<p>&#8220;Trabajamos con una plataforma log\u00edstica en l\u00ednea creada especialmente para equipos ciclistas. All\u00ed lo a\u00f1adimos todo: billetes de avi\u00f3n, billetes de tren, itinerarios de viaje, direcciones de hoteles, qu\u00e9 invitados vienen, qui\u00e9n conduce qu\u00e9 coche, etc. Hacemos todas las reservas nosotros mismos, sin recurrir a terceros. Cuando empec\u00e9 a trabajar con Alpecin-Deceuninck, utiliz\u00e1bamos archivos PDF y Excel impresos, pero a medida que crec\u00edamos como equipo, era imposible seguir trabajando as\u00ed. Por suerte, nuestros jefes de equipo, Christoph y Philip Roodhooft, estaban abiertos a las mejoras, as\u00ed que ahora podemos hacer cambios de \u00faltima hora con unos pocos clics y todo el mundo se mantiene al tanto&#8221;.<\/p>\n","protected":false},"excerpt":{"rendered":"<p>La legendaria Lieja-Bastogne-Lieja, tambi\u00e9n conocida como La Doyenne, &#8220;La Vieja Dama&#8221;, es el m\u00e1s antiguo de los cinco Monumentos se [&hellip;]<\/p>\n","protected":false},"author":29,"featured_media":10749,"comment_status":"open","ping_status":"open","sticky":false,"template":"","format":"standard","meta":{"footnotes":""},"categories":[1],"tags":[],"global-categories":[],"class_list":["post-10745","post","type-post","status-publish","format-standard","has-post-thumbnail","hentry","category-uncategorized"],"yoast_head":"<!-- This site is optimized with the Yoast SEO Premium plugin v25.3 (Yoast SEO v25.9) - https:\/\/yoast.com\/wordpress\/plugins\/seo\/ -->\n<title>La log\u00edstica del Alpecin\u2013Deceuninck<\/title>\n<meta name=\"description\" content=\"La log\u00edstica del Alpecin\u2013Deceuninck: Los coches en la Lieja-Bastogne-Lieja. As\u00ed coordinan una flota de 35 coches para todos los equipos.\" \/>\n<meta name=\"robots\" content=\"index, follow, max-snippet:-1, max-image-preview:large, max-video-preview:-1\" \/>\n<link rel=\"canonical\" href=\"https:\/\/www.welovecycling.com\/es\/2024\/04\/23\/logistica-alpecin\/\" \/>\n<meta property=\"og:locale\" content=\"es_ES\" \/>\n<meta property=\"og:type\" content=\"article\" \/>\n<meta property=\"og:title\" content=\"La log\u00edstica del Alpecin\u2013Deceuninck: Los coches en la Lieja-Bastogne-Lieja\" \/>\n<meta property=\"og:description\" content=\"La log\u00edstica del Alpecin\u2013Deceuninck: Los coches en la Lieja-Bastogne-Lieja. As\u00ed coordinan una flota de 35 coches para todos los equipos.\" \/>\n<meta property=\"og:url\" content=\"https:\/\/www.welovecycling.com\/es\/2024\/04\/23\/logistica-alpecin\/\" \/>\n<meta property=\"og:site_name\" content=\"\u0160koda We Love Cycling - Spain\" \/>\n<meta property=\"article:published_time\" content=\"2024-04-23T07:26:17+00:00\" \/>\n<meta property=\"og:image\" content=\"https:\/\/d2p6e6u75xmxt8.cloudfront.net\/6\/2024\/04\/Alpecin-Deceuninck-Team-Car-CVR.webp\" \/>\n\t<meta property=\"og:image:width\" content=\"990\" \/>\n\t<meta property=\"og:image:height\" content=\"660\" \/>\n\t<meta property=\"og:image:type\" content=\"image\/webp\" \/>\n<meta name=\"author\" content=\"We Love Cycling Spain\" \/>\n<meta name=\"twitter:card\" content=\"summary_large_image\" \/>\n<meta name=\"twitter:description\" content=\"La log\u00edstica del Alpecin\u2013Deceuninck: Los coches en la Lieja-Bastogne-Lieja. As\u00ed coordinan una flota de 35 coches para todos los equipos.\" \/>\n<meta name=\"twitter:label1\" content=\"Written by\" \/>\n\t<meta name=\"twitter:data1\" content=\"Franti\u0161ka Bla\u017ekov\u00e1\" \/>\n\t<meta name=\"twitter:label2\" content=\"Est. reading time\" \/>\n\t<meta name=\"twitter:data2\" content=\"4\" \/>\n<script type=\"application\/ld+json\" class=\"yoast-schema-graph\">{\"@context\":\"https:\/\/schema.org\",\"@graph\":[{\"@type\":\"WebPage\",\"@id\":\"https:\/\/www.welovecycling.com\/es\/2024\/04\/23\/logistica-alpecin\/\",\"url\":\"https:\/\/www.welovecycling.com\/es\/2024\/04\/23\/logistica-alpecin\/\",\"name\":\"La log\u00edstica del Alpecin\u2013Deceuninck\",\"isPartOf\":{\"@id\":\"https:\/\/www.welovecycling.com\/es\/#website\"},\"primaryImageOfPage\":{\"@id\":\"https:\/\/www.welovecycling.com\/es\/2024\/04\/23\/logistica-alpecin\/#primaryimage\"},\"image\":{\"@id\":\"https:\/\/www.welovecycling.com\/es\/2024\/04\/23\/logistica-alpecin\/#primaryimage\"},\"thumbnailUrl\":\"https:\/\/d2p6e6u75xmxt8.cloudfront.net\/6\/2024\/04\/Alpecin-Deceuninck-Team-Car-CVR.webp\",\"datePublished\":\"2024-04-23T07:26:17+00:00\",\"author\":{\"@id\":\"https:\/\/www.welovecycling.com\/es\/#\/schema\/person\/deb61715b5812698ee79fb96f343ccd4\"},\"description\":\"La log\u00edstica del Alpecin\u2013Deceuninck: Los coches en la Lieja-Bastogne-Lieja. As\u00ed coordinan una flota de 35 coches para todos los equipos.\",\"breadcrumb\":{\"@id\":\"https:\/\/www.welovecycling.com\/es\/2024\/04\/23\/logistica-alpecin\/#breadcrumb\"},\"inLanguage\":\"es-ES\",\"potentialAction\":[{\"@type\":\"ReadAction\",\"target\":[\"https:\/\/www.welovecycling.com\/es\/2024\/04\/23\/logistica-alpecin\/\"]}]},{\"@type\":\"ImageObject\",\"inLanguage\":\"es-ES\",\"@id\":\"https:\/\/www.welovecycling.com\/es\/2024\/04\/23\/logistica-alpecin\/#primaryimage\",\"url\":\"https:\/\/d2p6e6u75xmxt8.cloudfront.net\/6\/2024\/04\/Alpecin-Deceuninck-Team-Car-CVR.webp\",\"contentUrl\":\"https:\/\/d2p6e6u75xmxt8.cloudfront.net\/6\/2024\/04\/Alpecin-Deceuninck-Team-Car-CVR.webp\",\"width\":990,\"height\":660,\"caption\":\"\u0160koda Team Car\"},{\"@type\":\"BreadcrumbList\",\"@id\":\"https:\/\/www.welovecycling.com\/es\/2024\/04\/23\/logistica-alpecin\/#breadcrumb\",\"itemListElement\":[{\"@type\":\"ListItem\",\"position\":1,\"name\":\"Home\",\"item\":\"https:\/\/www.welovecycling.com\/es\/\"},{\"@type\":\"ListItem\",\"position\":2,\"name\":\"La log\u00edstica del Alpecin\u2013Deceuninck: Los coches en la Lieja-Bastogne-Lieja\"}]},{\"@type\":\"WebSite\",\"@id\":\"https:\/\/www.welovecycling.com\/es\/#website\",\"url\":\"https:\/\/www.welovecycling.com\/es\/\",\"name\":\"\u0160koda We Love Cycling - Spain\",\"description\":\"\u0160koda WeLoveCycling Spain\",\"potentialAction\":[{\"@type\":\"SearchAction\",\"target\":{\"@type\":\"EntryPoint\",\"urlTemplate\":\"https:\/\/www.welovecycling.com\/es\/?s={search_term_string}\"},\"query-input\":{\"@type\":\"PropertyValueSpecification\",\"valueRequired\":true,\"valueName\":\"search_term_string\"}}],\"inLanguage\":\"es-ES\"},{\"@type\":\"Person\",\"@id\":\"https:\/\/www.welovecycling.com\/es\/#\/schema\/person\/deb61715b5812698ee79fb96f343ccd4\",\"name\":\"We Love Cycling Spain\",\"image\":{\"@type\":\"ImageObject\",\"inLanguage\":\"es-ES\",\"@id\":\"https:\/\/www.welovecycling.com\/es\/#\/schema\/person\/image\/\",\"url\":\"https:\/\/secure.gravatar.com\/avatar\/c824b04e6df0e37a03219d0b6481672889df542894588964102459e46513159c?s=96&d=mm&r=g\",\"contentUrl\":\"https:\/\/secure.gravatar.com\/avatar\/c824b04e6df0e37a03219d0b6481672889df542894588964102459e46513159c?s=96&d=mm&r=g\",\"caption\":\"We Love Cycling Spain\"},\"url\":\"https:\/\/www.welovecycling.com\/es\/author\/amunoz\/\"}]}<\/script>\n<!-- \/ Yoast SEO Premium plugin. -->","yoast_head_json":{"title":"La log\u00edstica del Alpecin\u2013Deceuninck","description":"La log\u00edstica del Alpecin\u2013Deceuninck: Los coches en la Lieja-Bastogne-Lieja. As\u00ed coordinan una flota de 35 coches para todos los equipos.","robots":{"index":"index","follow":"follow","max-snippet":"max-snippet:-1","max-image-preview":"max-image-preview:large","max-video-preview":"max-video-preview:-1"},"canonical":"https:\/\/www.welovecycling.com\/es\/2024\/04\/23\/logistica-alpecin\/","og_locale":"es_ES","og_type":"article","og_title":"La log\u00edstica del Alpecin\u2013Deceuninck: Los coches en la Lieja-Bastogne-Lieja","og_description":"La log\u00edstica del Alpecin\u2013Deceuninck: Los coches en la Lieja-Bastogne-Lieja. As\u00ed coordinan una flota de 35 coches para todos los equipos.","og_url":"https:\/\/www.welovecycling.com\/es\/2024\/04\/23\/logistica-alpecin\/","og_site_name":"\u0160koda We Love Cycling - Spain","article_published_time":"2024-04-23T07:26:17+00:00","og_image":[{"width":990,"height":660,"url":"https:\/\/d2p6e6u75xmxt8.cloudfront.net\/6\/2024\/04\/Alpecin-Deceuninck-Team-Car-CVR.webp","type":"image\/webp"}],"author":"We Love Cycling Spain","twitter_card":"summary_large_image","twitter_description":"La log\u00edstica del Alpecin\u2013Deceuninck: Los coches en la Lieja-Bastogne-Lieja. As\u00ed coordinan una flota de 35 coches para todos los equipos.","twitter_misc":{"Written by":"Franti\u0161ka Bla\u017ekov\u00e1","Est. reading time":"4"},"schema":{"@context":"https:\/\/schema.org","@graph":[{"@type":"WebPage","@id":"https:\/\/www.welovecycling.com\/es\/2024\/04\/23\/logistica-alpecin\/","url":"https:\/\/www.welovecycling.com\/es\/2024\/04\/23\/logistica-alpecin\/","name":"La log\u00edstica del Alpecin\u2013Deceuninck","isPartOf":{"@id":"https:\/\/www.welovecycling.com\/es\/#website"},"primaryImageOfPage":{"@id":"https:\/\/www.welovecycling.com\/es\/2024\/04\/23\/logistica-alpecin\/#primaryimage"},"image":{"@id":"https:\/\/www.welovecycling.com\/es\/2024\/04\/23\/logistica-alpecin\/#primaryimage"},"thumbnailUrl":"https:\/\/d2p6e6u75xmxt8.cloudfront.net\/6\/2024\/04\/Alpecin-Deceuninck-Team-Car-CVR.webp","datePublished":"2024-04-23T07:26:17+00:00","author":{"@id":"https:\/\/www.welovecycling.com\/es\/#\/schema\/person\/deb61715b5812698ee79fb96f343ccd4"},"description":"La log\u00edstica del Alpecin\u2013Deceuninck: Los coches en la Lieja-Bastogne-Lieja. As\u00ed coordinan una flota de 35 coches para todos los equipos.","breadcrumb":{"@id":"https:\/\/www.welovecycling.com\/es\/2024\/04\/23\/logistica-alpecin\/#breadcrumb"},"inLanguage":"es-ES","potentialAction":[{"@type":"ReadAction","target":["https:\/\/www.welovecycling.com\/es\/2024\/04\/23\/logistica-alpecin\/"]}]},{"@type":"ImageObject","inLanguage":"es-ES","@id":"https:\/\/www.welovecycling.com\/es\/2024\/04\/23\/logistica-alpecin\/#primaryimage","url":"https:\/\/d2p6e6u75xmxt8.cloudfront.net\/6\/2024\/04\/Alpecin-Deceuninck-Team-Car-CVR.webp","contentUrl":"https:\/\/d2p6e6u75xmxt8.cloudfront.net\/6\/2024\/04\/Alpecin-Deceuninck-Team-Car-CVR.webp","width":990,"height":660,"caption":"\u0160koda Team Car"},{"@type":"BreadcrumbList","@id":"https:\/\/www.welovecycling.com\/es\/2024\/04\/23\/logistica-alpecin\/#breadcrumb","itemListElement":[{"@type":"ListItem","position":1,"name":"Home","item":"https:\/\/www.welovecycling.com\/es\/"},{"@type":"ListItem","position":2,"name":"La log\u00edstica del Alpecin\u2013Deceuninck: Los coches en la Lieja-Bastogne-Lieja"}]},{"@type":"WebSite","@id":"https:\/\/www.welovecycling.com\/es\/#website","url":"https:\/\/www.welovecycling.com\/es\/","name":"\u0160koda We Love Cycling - Spain","description":"\u0160koda WeLoveCycling Spain","potentialAction":[{"@type":"SearchAction","target":{"@type":"EntryPoint","urlTemplate":"https:\/\/www.welovecycling.com\/es\/?s={search_term_string}"},"query-input":{"@type":"PropertyValueSpecification","valueRequired":true,"valueName":"search_term_string"}}],"inLanguage":"es-ES"},{"@type":"Person","@id":"https:\/\/www.welovecycling.com\/es\/#\/schema\/person\/deb61715b5812698ee79fb96f343ccd4","name":"We Love Cycling Spain","image":{"@type":"ImageObject","inLanguage":"es-ES","@id":"https:\/\/www.welovecycling.com\/es\/#\/schema\/person\/image\/","url":"https:\/\/secure.gravatar.com\/avatar\/c824b04e6df0e37a03219d0b6481672889df542894588964102459e46513159c?s=96&d=mm&r=g","contentUrl":"https:\/\/secure.gravatar.com\/avatar\/c824b04e6df0e37a03219d0b6481672889df542894588964102459e46513159c?s=96&d=mm&r=g","caption":"We Love Cycling Spain"},"url":"https:\/\/www.welovecycling.com\/es\/author\/amunoz\/"}]}},"_links":{"self":[{"href":"https:\/\/www.welovecycling.com\/es\/wp-json\/wp\/v2\/posts\/10745","targetHints":{"allow":["GET"]}}],"collection":[{"href":"https:\/\/www.welovecycling.com\/es\/wp-json\/wp\/v2\/posts"}],"about":[{"href":"https:\/\/www.welovecycling.com\/es\/wp-json\/wp\/v2\/types\/post"}],"author":[{"embeddable":true,"href":"https:\/\/www.welovecycling.com\/es\/wp-json\/wp\/v2\/users\/29"}],"replies":[{"embeddable":true,"href":"https:\/\/www.welovecycling.com\/es\/wp-json\/wp\/v2\/comments?post=10745"}],"version-history":[{"count":2,"href":"https:\/\/www.welovecycling.com\/es\/wp-json\/wp\/v2\/posts\/10745\/revisions"}],"predecessor-version":[{"id":10750,"href":"https:\/\/www.welovecycling.com\/es\/wp-json\/wp\/v2\/posts\/10745\/revisions\/10750"}],"wp:featuredmedia":[{"embeddable":true,"href":"https:\/\/www.welovecycling.com\/es\/wp-json\/wp\/v2\/media\/10749"}],"wp:attachment":[{"href":"https:\/\/www.welovecycling.com\/es\/wp-json\/wp\/v2\/media?parent=10745"}],"wp:term":[{"taxonomy":"category","embeddable":true,"href":"https:\/\/www.welovecycling.com\/es\/wp-json\/wp\/v2\/categories?post=10745"},{"taxonomy":"post_tag","embeddable":true,"href":"https:\/\/www.welovecycling.com\/es\/wp-json\/wp\/v2\/tags?post=10745"},{"taxonomy":"global-categories","embeddable":true,"href":"https:\/\/www.welovecycling.com\/es\/wp-json\/wp\/v2\/global-categories?post=10745"}],"curies":[{"name":"wp","href":"https:\/\/api.w.org\/{rel}","templated":true}]}}