{"id":10734,"date":"2024-04-17T11:28:57","date_gmt":"2024-04-17T09:28:57","guid":{"rendered":"https:\/\/www.welovecycling.com\/es\/?p=10734"},"modified":"2024-04-15T23:44:24","modified_gmt":"2024-04-15T21:44:24","slug":"tour-skoda","status":"publish","type":"post","link":"https:\/\/www.welovecycling.com\/es\/2024\/04\/17\/tour-skoda\/","title":{"rendered":"Martin Jahn: &#8220;El Tour de Francia es un testimonio de la fiabilidad y el rendimiento de los veh\u00edculos \u0160koda&#8221;."},"content":{"rendered":"<p><strong>A menudo se encuentra cerca de la acci\u00f3n, viendo el Tour de Francia desde la barrera, no s\u00f3lo por deber profesional, sino porque est\u00e1 completamente cautivado por la atm\u00f3sfera del mayor evento ciclista del mundo.<\/strong> <strong>&#8220;Es incomparable, como nuestra colaboraci\u00f3n con A.S.O.&#8221;, afirma con una sonrisa Martin Jahn, miembro del Consejo de Ventas y Marketing de \u0160koda Auto.<\/strong> <strong>El \u00faltimo d\u00eda de febrero, la empresa renov\u00f3 su asociaci\u00f3n con los organizadores de la Grande Boucle, ampli\u00e1ndola hasta 2028.<\/strong><\/p>\n<p><!--more--><\/p>\n<p style=\"font-weight: 400;\"><strong>Durante dos d\u00e9cadas, \u0160koda Auto ha sido el principal patrocinador del Tour de Francia y est\u00e1 previsto que contin\u00fae en este papel hasta al menos 2028.<\/strong><\/p>\n<p><strong>\u00bfCu\u00e1nto tiempo pasa Martin Jahn en el sill\u00edn?<\/strong><\/p>\n<p>Menos del que me gustar\u00eda, la verdad sea dicha. Tengo una gran pasi\u00f3n por el ciclismo, pero mis compromisos laborales no me permiten pedalear tanto como quisiera. Dicho esto, aprovecho cada oportunidad que tengo para pedalear.<\/p>\n<p><strong>La asociaci\u00f3n recientemente ampliada con A.S.O. incluye un total de veinte carreras en carretera.<\/strong> <strong>\u00bfCu\u00e1l es su disciplina favorita?<\/strong><\/p>\n<p>Tengo con orgullo una bicicleta de monta\u00f1a de nuestra colecci\u00f3n de ciclismo \u0160koda. As\u00ed que, incluso cuando consigo colar alg\u00fan rato de ciclismo en mi apretada agenda de trabajo, siento una fuerte conexi\u00f3n con nuestra marca.&#8221;<\/p>\n<p><strong>\u00bfLe llev\u00f3 mucho tiempo negociar el nuevo contrato con los organizadores franceses del Tour de Francia?<\/strong><\/p>\n<p>El proceso dur\u00f3 aproximadamente un a\u00f1o. Tuvimos m\u00faltiples reuniones con colegas del departamento de Marketing. Desde el principio, ambas partes mostraron una clara voluntad y entusiasmo por continuar nuestra colaboraci\u00f3n. Me mantuvieron continuamente informado y particip\u00e9 en la reuni\u00f3n final. Sin embargo, antes de que pudi\u00e9ramos anunciar nada, tuvimos que navegar por el cambiante panorama de las normas jur\u00eddicas de la UE, que influyeron en la redacci\u00f3n precisa del contrato y en su eventual publicaci\u00f3n.<\/p>\n<p><strong>\u00bfSe plante\u00f3 alguna vez poner fin a la asociaci\u00f3n entre \u0160koda Auto y A.S.O., a la luz de los recortes presupuestarios generales?<\/strong><\/p>\n<p>No, nunca.<\/p>\n<figure id=\"attachment_10736\" aria-describedby=\"caption-attachment-10736\" style=\"width: 990px\" class=\"wp-caption alignnone\"><a href=\"https:\/\/d2p6e6u75xmxt8.cloudfront.net\/6\/2024\/04\/Skoda-ASO-CVR.webp\"><img loading=\"lazy\" decoding=\"async\" class=\"wp-image-10736 size-full\" src=\"https:\/\/d2p6e6u75xmxt8.cloudfront.net\/6\/2024\/04\/Skoda-ASO-CVR.webp\" alt=\"\u0160koda and ASO\" width=\"990\" height=\"660\" srcset=\"https:\/\/d2p6e6u75xmxt8.cloudfront.net\/6\/2024\/04\/Skoda-ASO-CVR.webp 990w, https:\/\/d2p6e6u75xmxt8.cloudfront.net\/6\/2024\/04\/Skoda-ASO-CVR-300x200.webp 300w, https:\/\/d2p6e6u75xmxt8.cloudfront.net\/6\/2024\/04\/Skoda-ASO-CVR-768x512.webp 768w, https:\/\/d2p6e6u75xmxt8.cloudfront.net\/6\/2024\/04\/Skoda-ASO-CVR-400x267.webp 400w, https:\/\/d2p6e6u75xmxt8.cloudfront.net\/6\/2024\/04\/Skoda-ASO-CVR-272x182.webp 272w\" sizes=\"auto, (max-width: 990px) 100vw, 990px\" \/><\/a><figcaption id=\"caption-attachment-10736\" class=\"wp-caption-text\">En un movimiento que refleja su dedicaci\u00f3n al deporte, \u0160koda Auto contin\u00faa su viaje con el Tour de Francia, ampliando su acuerdo de patrocinio hasta 2028<\/figcaption><\/figure>\n<p><strong>La asociaci\u00f3n entre el mayor fabricante checo de autom\u00f3viles y la carrera ciclista por etapas m\u00e1s famosa comenz\u00f3 en 2004.<\/strong> <strong>\u00bfHan cambiado mucho las condiciones desde el primer contrato?<\/strong><\/p>\n<p>No puedo comentar los aspectos financieros. Lo que s\u00ed puedo decir es que estamos suministrando m\u00e1s veh\u00edculos que en el pasado, ya que las necesidades del organizador han aumentado. El Tour de Francia es una excelente prueba de la fiabilidad y funcionalidad de nuestros productos. No hay otro deporte en el que la movilidad desempe\u00f1e un papel tan importante. Al mismo tiempo, nuestra misi\u00f3n va m\u00e1s all\u00e1 de la mera promoci\u00f3n de la marca. Tambi\u00e9n nos dedicamos a construir una comunidad ciclista mundial. Reconocemos nuestra responsabilidad a la hora de apoyar el deporte, y por eso patrocinamos la carrera, o carreras, a nivel global en lugar de equipos o individuos. Consideramos que la comunidad ciclista es uno de los subconjuntos y un ejemplo perfecto de lo que podr\u00eda ser nuestro reci\u00e9n definido grupo objetivo de exploradores cotidianos. Nuestros productos est\u00e1n dise\u00f1ados para personas deseosas de descubrir cosas nuevas. As\u00ed pues, el Tour de Francia es un caso en el que los valores de <a href=\"https:\/\/www.skoda-auto.com\/\">\u0160koda Auto<\/a> y A.S.O. se entrecruzan.<\/p>\n<p><strong>Dado que el Tour de Francia es el segundo acontecimiento deportivo m\u00e1s visto del mundo despu\u00e9s de la Copa Mundial de la FIFA, \u00bfhay presi\u00f3n por parte de otros fabricantes de autom\u00f3viles para sustituir a \u0160koda como socio?<\/strong><\/p>\n<p>La llegada de nuevas marcas de coches y el cambio de estrategia de las existentes sin duda traen consigo una necesidad de visibilidad. Y estoy convencido de que ser el socio general del Tour de Francia tambi\u00e9n atraer\u00eda a otras empresas. Sin embargo, consideramos que nuestra asociaci\u00f3n con los organizadores es muy s\u00f3lida, demostrada a lo largo de dos d\u00e9cadas, y no tenemos intenci\u00f3n de renunciar a ella.<\/p>\n<p><strong>El Tour de Francia fue visto en todo el mundo por 3.500 millones de personas en 2023.<\/strong> <strong>\u00bfPuede evaluar el impacto de la asociaci\u00f3n con el Tour en las ventas?<\/strong><\/p>\n<p>Hay ciertas formas de medir la visibilidad, por ejemplo. Ser\u00eda ingenuo pensar que el marketing o, en concreto, el patrocinio no repercute en las ventas, pero no se puede medir con precisi\u00f3n si vendemos diez o quince mil coches m\u00e1s gracias a ello. En general, estamos creciendo en mercados ciclistas como Espa\u00f1a y Francia, donde el Tour de Francia tiene una influencia indudable. Nuestra asociaci\u00f3n con A.S.O. nos da un enorme alcance, que es evidente en pa\u00edses como Luxemburgo, Alemania, B\u00e9lgica y los Pa\u00edses Bajos, donde el ciclismo es tremendamente popular. Pero mencionar\u00e9 una repercusi\u00f3n en las ventas: <a href=\"https:\/\/www.welovecycling.com\/wide\/2022\/07\/01\/cars-supporting-the-bikes-what-does-it-take-to-make-the-tour-de-france-happen\/\">los coches que participan en el Tour de<\/a> Francia como veh\u00edculos de la organizaci\u00f3n se venden posteriormente como usados en Francia. Participar en el Tour se convierte entonces en un argumento de venta muy interesante para nuestros concesionarios.<\/p>\n<p><strong>El Tour de Francia pone un gran \u00e9nfasis en la &#8220;limpieza&#8221;, y los corredores son multados por arrojar residuos fuera de las zonas designadas.<\/strong> <strong>Seg\u00fan las normas, solo pueden tirar sus botellas de agua en secciones espec\u00edficas.<\/strong> <strong>\u00bfCoincide esto con la apuesta de \u0160koda Auto por un futuro verde?<\/strong><\/p>\n<p>La sostenibilidad es uno de los pilares de nuestra estrategia corporativa, y esto se extiende a nuestros patrocinios. Nuestra estrategia de patrocinio se centra en la sostenibilidad y la diversidad. Cada vez electrificamos m\u00e1s las flotas para las propias carreras y seguiremos en esta direcci\u00f3n. A.S.O. tambi\u00e9n comparte una responsabilidad con el planeta en sus actividades. Buscan socios para los sistemas de recarga, por ejemplo. La sostenibilidad se aborda en todos los \u00e1mbitos, incluso en los art\u00edculos promocionales, donde los productos se entregan sin embalaje para reducir los residuos. Tambi\u00e9n hemos incorporado la sostenibilidad al dise\u00f1o de los nuevos trofeos para los ganadores y del Maillot Verde del Tour de Francia 2024. Pero de momento me guardar\u00e9 los detalles. Ser\u00e1 algo que habr\u00e1 que esperar con impaciencia.<\/p>\n<p><strong>El contrato incluye veinte carreras, entre ellas la Par\u00eds-Roubaix y el Tro Bro Leon, repletas de tramos adoquinados y caminos rurales cl\u00e1sicos.<\/strong> <strong>\u00bfNecesitan los organizadores veh\u00edculos especialmente modificados para estas carreras?<\/strong><\/p>\n<p>En absoluto. Eso da fe de la durabilidad de nuestros veh\u00edculos. Aparte <a href=\"https:\/\/www.welovecycling.com\/wide\/2021\/06\/29\/creating-the-red-enyaq-iv-how-does-it-feel-to-be-the-tour-de-france-director\/\">del coche del Director,<\/a> siempre utilizamos veh\u00edculos de serie que llevan veinte a\u00f1os soportando los rigores de las carreras m\u00e1s importantes del mundo.<\/p>\n<p><strong>Durante las negociaciones para la pr\u00f3rroga del contrato, \u00bfse habl\u00f3 de la posibilidad de que el Tour de Francia empezara en Praga?<\/strong><\/p>\n<p>Vincular el Tour de Francia, nuestra asociaci\u00f3n y la salida de la carrera en la Rep\u00fablica Checa es una idea maravillosa. Sin embargo, es un tema muy complejo, y nuestra influencia, a pesar de ser el socio general, es m\u00ednima. Si alguna vez ocurriera algo as\u00ed, por supuesto que estar\u00edamos encantados. Pero no tenemos poder para influir directamente en el destino del Tour. No obstante, si alguna vez la Rep\u00fablica Checa solicita la celebraci\u00f3n del Gran Premio, \u0160koda Auto abogar\u00e1 por ello.<\/p>\n","protected":false},"excerpt":{"rendered":"<p>A menudo se encuentra cerca de la acci\u00f3n, viendo el Tour de Francia desde la barrera, no s\u00f3lo por deber [&hellip;]<\/p>\n","protected":false},"author":29,"featured_media":10738,"comment_status":"open","ping_status":"open","sticky":false,"template":"","format":"standard","meta":{"footnotes":""},"categories":[7],"tags":[],"global-categories":[],"class_list":["post-10734","post","type-post","status-publish","format-standard","has-post-thumbnail","hentry","category-carretera"],"yoast_head":"<!-- This site is optimized with the Yoast SEO Premium plugin v25.3 (Yoast SEO v25.9) - https:\/\/yoast.com\/wordpress\/plugins\/seo\/ -->\n<title>Martin Jahn: &quot;El Tour demuestra la fiabilidad de \u0160koda&quot;.<\/title>\n<meta name=\"description\" content=\"Martin Jahn: &quot;El Tour demuestra la fiabilidad de \u0160koda&quot;.. As\u00ed se fragu\u00f3 el acuerdo Tour y Skoda hasta 2028.\" \/>\n<meta name=\"robots\" content=\"index, follow, max-snippet:-1, max-image-preview:large, max-video-preview:-1\" \/>\n<link rel=\"canonical\" href=\"https:\/\/www.welovecycling.com\/es\/2024\/04\/17\/tour-skoda\/\" \/>\n<meta property=\"og:locale\" content=\"es_ES\" \/>\n<meta property=\"og:type\" content=\"article\" \/>\n<meta property=\"og:title\" content=\"Martin Jahn: &quot;El Tour de Francia es un testimonio de la fiabilidad y el rendimiento de los veh\u00edculos \u0160koda&quot;.\" \/>\n<meta property=\"og:description\" content=\"Martin Jahn: &quot;El Tour demuestra la fiabilidad de \u0160koda&quot;.. As\u00ed se fragu\u00f3 el acuerdo Tour y Skoda hasta 2028.\" \/>\n<meta property=\"og:url\" content=\"https:\/\/www.welovecycling.com\/es\/2024\/04\/17\/tour-skoda\/\" \/>\n<meta property=\"og:site_name\" content=\"\u0160koda We Love Cycling - Spain\" \/>\n<meta property=\"article:published_time\" content=\"2024-04-17T09:28:57+00:00\" \/>\n<meta property=\"og:image\" content=\"https:\/\/d2p6e6u75xmxt8.cloudfront.net\/6\/2024\/04\/Martin-Jahn-CVR.webp\" \/>\n\t<meta property=\"og:image:width\" content=\"990\" \/>\n\t<meta property=\"og:image:height\" content=\"660\" \/>\n\t<meta property=\"og:image:type\" content=\"image\/webp\" \/>\n<meta name=\"author\" content=\"We Love Cycling Spain\" \/>\n<meta name=\"twitter:card\" content=\"summary_large_image\" \/>\n<meta name=\"twitter:description\" content=\"Martin Jahn: &quot;El Tour demuestra la fiabilidad de \u0160koda&quot;.. As\u00ed se fragu\u00f3 el acuerdo Tour y Skoda hasta 2028.\" \/>\n<meta name=\"twitter:label1\" content=\"Written by\" \/>\n\t<meta name=\"twitter:data1\" content=\"We Love Cycling\" \/>\n\t<meta name=\"twitter:label2\" content=\"Est. reading time\" \/>\n\t<meta name=\"twitter:data2\" content=\"4\" \/>\n<script type=\"application\/ld+json\" class=\"yoast-schema-graph\">{\"@context\":\"https:\/\/schema.org\",\"@graph\":[{\"@type\":\"WebPage\",\"@id\":\"https:\/\/www.welovecycling.com\/es\/2024\/04\/17\/tour-skoda\/\",\"url\":\"https:\/\/www.welovecycling.com\/es\/2024\/04\/17\/tour-skoda\/\",\"name\":\"Martin Jahn: \\\"El Tour demuestra la fiabilidad de \u0160koda\\\".\",\"isPartOf\":{\"@id\":\"https:\/\/www.welovecycling.com\/es\/#website\"},\"primaryImageOfPage\":{\"@id\":\"https:\/\/www.welovecycling.com\/es\/2024\/04\/17\/tour-skoda\/#primaryimage\"},\"image\":{\"@id\":\"https:\/\/www.welovecycling.com\/es\/2024\/04\/17\/tour-skoda\/#primaryimage\"},\"thumbnailUrl\":\"https:\/\/d2p6e6u75xmxt8.cloudfront.net\/6\/2024\/04\/Martin-Jahn-CVR.webp\",\"datePublished\":\"2024-04-17T09:28:57+00:00\",\"author\":{\"@id\":\"https:\/\/www.welovecycling.com\/es\/#\/schema\/person\/deb61715b5812698ee79fb96f343ccd4\"},\"description\":\"Martin Jahn: \\\"El Tour demuestra la fiabilidad de \u0160koda\\\".. As\u00ed se fragu\u00f3 el acuerdo Tour y Skoda hasta 2028.\",\"breadcrumb\":{\"@id\":\"https:\/\/www.welovecycling.com\/es\/2024\/04\/17\/tour-skoda\/#breadcrumb\"},\"inLanguage\":\"es-ES\",\"potentialAction\":[{\"@type\":\"ReadAction\",\"target\":[\"https:\/\/www.welovecycling.com\/es\/2024\/04\/17\/tour-skoda\/\"]}]},{\"@type\":\"ImageObject\",\"inLanguage\":\"es-ES\",\"@id\":\"https:\/\/www.welovecycling.com\/es\/2024\/04\/17\/tour-skoda\/#primaryimage\",\"url\":\"https:\/\/d2p6e6u75xmxt8.cloudfront.net\/6\/2024\/04\/Martin-Jahn-CVR.webp\",\"contentUrl\":\"https:\/\/d2p6e6u75xmxt8.cloudfront.net\/6\/2024\/04\/Martin-Jahn-CVR.webp\",\"width\":990,\"height\":660,\"caption\":\"Martin Jahn\"},{\"@type\":\"BreadcrumbList\",\"@id\":\"https:\/\/www.welovecycling.com\/es\/2024\/04\/17\/tour-skoda\/#breadcrumb\",\"itemListElement\":[{\"@type\":\"ListItem\",\"position\":1,\"name\":\"Home\",\"item\":\"https:\/\/www.welovecycling.com\/es\/\"},{\"@type\":\"ListItem\",\"position\":2,\"name\":\"Martin Jahn: &#8220;El Tour de Francia es un testimonio de la fiabilidad y el rendimiento de los veh\u00edculos \u0160koda&#8221;.\"}]},{\"@type\":\"WebSite\",\"@id\":\"https:\/\/www.welovecycling.com\/es\/#website\",\"url\":\"https:\/\/www.welovecycling.com\/es\/\",\"name\":\"\u0160koda We Love Cycling - Spain\",\"description\":\"\u0160koda WeLoveCycling Spain\",\"potentialAction\":[{\"@type\":\"SearchAction\",\"target\":{\"@type\":\"EntryPoint\",\"urlTemplate\":\"https:\/\/www.welovecycling.com\/es\/?s={search_term_string}\"},\"query-input\":{\"@type\":\"PropertyValueSpecification\",\"valueRequired\":true,\"valueName\":\"search_term_string\"}}],\"inLanguage\":\"es-ES\"},{\"@type\":\"Person\",\"@id\":\"https:\/\/www.welovecycling.com\/es\/#\/schema\/person\/deb61715b5812698ee79fb96f343ccd4\",\"name\":\"We Love Cycling Spain\",\"image\":{\"@type\":\"ImageObject\",\"inLanguage\":\"es-ES\",\"@id\":\"https:\/\/www.welovecycling.com\/es\/#\/schema\/person\/image\/\",\"url\":\"https:\/\/secure.gravatar.com\/avatar\/c824b04e6df0e37a03219d0b6481672889df542894588964102459e46513159c?s=96&d=mm&r=g\",\"contentUrl\":\"https:\/\/secure.gravatar.com\/avatar\/c824b04e6df0e37a03219d0b6481672889df542894588964102459e46513159c?s=96&d=mm&r=g\",\"caption\":\"We Love Cycling Spain\"},\"url\":\"https:\/\/www.welovecycling.com\/es\/author\/amunoz\/\"}]}<\/script>\n<!-- \/ Yoast SEO Premium plugin. -->","yoast_head_json":{"title":"Martin Jahn: \"El Tour demuestra la fiabilidad de \u0160koda\".","description":"Martin Jahn: \"El Tour demuestra la fiabilidad de \u0160koda\".. As\u00ed se fragu\u00f3 el acuerdo Tour y Skoda hasta 2028.","robots":{"index":"index","follow":"follow","max-snippet":"max-snippet:-1","max-image-preview":"max-image-preview:large","max-video-preview":"max-video-preview:-1"},"canonical":"https:\/\/www.welovecycling.com\/es\/2024\/04\/17\/tour-skoda\/","og_locale":"es_ES","og_type":"article","og_title":"Martin Jahn: \"El Tour de Francia es un testimonio de la fiabilidad y el rendimiento de los veh\u00edculos \u0160koda\".","og_description":"Martin Jahn: \"El Tour demuestra la fiabilidad de \u0160koda\".. As\u00ed se fragu\u00f3 el acuerdo Tour y Skoda hasta 2028.","og_url":"https:\/\/www.welovecycling.com\/es\/2024\/04\/17\/tour-skoda\/","og_site_name":"\u0160koda We Love Cycling - Spain","article_published_time":"2024-04-17T09:28:57+00:00","og_image":[{"width":990,"height":660,"url":"https:\/\/d2p6e6u75xmxt8.cloudfront.net\/6\/2024\/04\/Martin-Jahn-CVR.webp","type":"image\/webp"}],"author":"We Love Cycling Spain","twitter_card":"summary_large_image","twitter_description":"Martin Jahn: \"El Tour demuestra la fiabilidad de \u0160koda\".. As\u00ed se fragu\u00f3 el acuerdo Tour y Skoda hasta 2028.","twitter_misc":{"Written by":"We Love Cycling","Est. reading time":"4"},"schema":{"@context":"https:\/\/schema.org","@graph":[{"@type":"WebPage","@id":"https:\/\/www.welovecycling.com\/es\/2024\/04\/17\/tour-skoda\/","url":"https:\/\/www.welovecycling.com\/es\/2024\/04\/17\/tour-skoda\/","name":"Martin Jahn: \"El Tour demuestra la fiabilidad de \u0160koda\".","isPartOf":{"@id":"https:\/\/www.welovecycling.com\/es\/#website"},"primaryImageOfPage":{"@id":"https:\/\/www.welovecycling.com\/es\/2024\/04\/17\/tour-skoda\/#primaryimage"},"image":{"@id":"https:\/\/www.welovecycling.com\/es\/2024\/04\/17\/tour-skoda\/#primaryimage"},"thumbnailUrl":"https:\/\/d2p6e6u75xmxt8.cloudfront.net\/6\/2024\/04\/Martin-Jahn-CVR.webp","datePublished":"2024-04-17T09:28:57+00:00","author":{"@id":"https:\/\/www.welovecycling.com\/es\/#\/schema\/person\/deb61715b5812698ee79fb96f343ccd4"},"description":"Martin Jahn: \"El Tour demuestra la fiabilidad de \u0160koda\".. As\u00ed se fragu\u00f3 el acuerdo Tour y Skoda hasta 2028.","breadcrumb":{"@id":"https:\/\/www.welovecycling.com\/es\/2024\/04\/17\/tour-skoda\/#breadcrumb"},"inLanguage":"es-ES","potentialAction":[{"@type":"ReadAction","target":["https:\/\/www.welovecycling.com\/es\/2024\/04\/17\/tour-skoda\/"]}]},{"@type":"ImageObject","inLanguage":"es-ES","@id":"https:\/\/www.welovecycling.com\/es\/2024\/04\/17\/tour-skoda\/#primaryimage","url":"https:\/\/d2p6e6u75xmxt8.cloudfront.net\/6\/2024\/04\/Martin-Jahn-CVR.webp","contentUrl":"https:\/\/d2p6e6u75xmxt8.cloudfront.net\/6\/2024\/04\/Martin-Jahn-CVR.webp","width":990,"height":660,"caption":"Martin Jahn"},{"@type":"BreadcrumbList","@id":"https:\/\/www.welovecycling.com\/es\/2024\/04\/17\/tour-skoda\/#breadcrumb","itemListElement":[{"@type":"ListItem","position":1,"name":"Home","item":"https:\/\/www.welovecycling.com\/es\/"},{"@type":"ListItem","position":2,"name":"Martin Jahn: &#8220;El Tour de Francia es un testimonio de la fiabilidad y el rendimiento de los veh\u00edculos \u0160koda&#8221;."}]},{"@type":"WebSite","@id":"https:\/\/www.welovecycling.com\/es\/#website","url":"https:\/\/www.welovecycling.com\/es\/","name":"\u0160koda We Love Cycling - Spain","description":"\u0160koda WeLoveCycling Spain","potentialAction":[{"@type":"SearchAction","target":{"@type":"EntryPoint","urlTemplate":"https:\/\/www.welovecycling.com\/es\/?s={search_term_string}"},"query-input":{"@type":"PropertyValueSpecification","valueRequired":true,"valueName":"search_term_string"}}],"inLanguage":"es-ES"},{"@type":"Person","@id":"https:\/\/www.welovecycling.com\/es\/#\/schema\/person\/deb61715b5812698ee79fb96f343ccd4","name":"We Love Cycling Spain","image":{"@type":"ImageObject","inLanguage":"es-ES","@id":"https:\/\/www.welovecycling.com\/es\/#\/schema\/person\/image\/","url":"https:\/\/secure.gravatar.com\/avatar\/c824b04e6df0e37a03219d0b6481672889df542894588964102459e46513159c?s=96&d=mm&r=g","contentUrl":"https:\/\/secure.gravatar.com\/avatar\/c824b04e6df0e37a03219d0b6481672889df542894588964102459e46513159c?s=96&d=mm&r=g","caption":"We Love Cycling Spain"},"url":"https:\/\/www.welovecycling.com\/es\/author\/amunoz\/"}]}},"_links":{"self":[{"href":"https:\/\/www.welovecycling.com\/es\/wp-json\/wp\/v2\/posts\/10734","targetHints":{"allow":["GET"]}}],"collection":[{"href":"https:\/\/www.welovecycling.com\/es\/wp-json\/wp\/v2\/posts"}],"about":[{"href":"https:\/\/www.welovecycling.com\/es\/wp-json\/wp\/v2\/types\/post"}],"author":[{"embeddable":true,"href":"https:\/\/www.welovecycling.com\/es\/wp-json\/wp\/v2\/users\/29"}],"replies":[{"embeddable":true,"href":"https:\/\/www.welovecycling.com\/es\/wp-json\/wp\/v2\/comments?post=10734"}],"version-history":[{"count":2,"href":"https:\/\/www.welovecycling.com\/es\/wp-json\/wp\/v2\/posts\/10734\/revisions"}],"predecessor-version":[{"id":10740,"href":"https:\/\/www.welovecycling.com\/es\/wp-json\/wp\/v2\/posts\/10734\/revisions\/10740"}],"wp:featuredmedia":[{"embeddable":true,"href":"https:\/\/www.welovecycling.com\/es\/wp-json\/wp\/v2\/media\/10738"}],"wp:attachment":[{"href":"https:\/\/www.welovecycling.com\/es\/wp-json\/wp\/v2\/media?parent=10734"}],"wp:term":[{"taxonomy":"category","embeddable":true,"href":"https:\/\/www.welovecycling.com\/es\/wp-json\/wp\/v2\/categories?post=10734"},{"taxonomy":"post_tag","embeddable":true,"href":"https:\/\/www.welovecycling.com\/es\/wp-json\/wp\/v2\/tags?post=10734"},{"taxonomy":"global-categories","embeddable":true,"href":"https:\/\/www.welovecycling.com\/es\/wp-json\/wp\/v2\/global-categories?post=10734"}],"curies":[{"name":"wp","href":"https:\/\/api.w.org\/{rel}","templated":true}]}}