{"id":1071,"date":"2017-07-14T10:26:09","date_gmt":"2017-07-14T08:26:09","guid":{"rendered":"https:\/\/www.welovecycling.com\/es\/?p=1071"},"modified":"2017-07-28T10:22:15","modified_gmt":"2017-07-28T08:22:15","slug":"trofeo-ganador-tour-francia","status":"publish","type":"post","link":"https:\/\/www.welovecycling.com\/es\/2017\/07\/14\/trofeo-ganador-tour-francia\/","title":{"rendered":"As\u00ed es el Trofeo de Ganador del Tour de Francia"},"content":{"rendered":"<div class=\"entry-content\">Hoy vamos a descubrir de cerca una de las piezas m\u00e1s deseadas en el mundo del ciclismo. Quiz\u00e1s hayas pensado que queremos ense\u00f1arte un nuevo modelo de bici, pero no es as\u00ed. Esta vez no se trata de algo para montar, sino para admirar. Aqu\u00ed tienes el dise\u00f1o del Trofeo de Cristal que se llevar\u00e1n durante los pr\u00f3ximos a\u00f1os los ganadores del Tour de Francia en los Campos Eliseos.<br \/>\n<!--more-->https:\/\/www.youtube.com\/watch?v=A979vhv4E-E&amp;feature=youtu.beEl Trofeo de Cristal del Tour de Francia es bello s\u00f3lo con mirarlo y la carrera no estar\u00eda completa sin \u00e9l. Su forma actual se ha visto\u00a0en el podio de ganadores de los Campos El\u00edseos en Par\u00eds desde 2011, cuando sustituy\u00f3 a varios modelos que hab\u00edan ido cambiando en los a\u00f1os anteriores. La forma fluida, tubular, elegante y actual se ha hecho ic\u00f3nica y ha permanecido igual durante los \u00faltimos siete a\u00f1os.<\/p>\n<p>No es ning\u00fan secreto que \u0160koda ha estado colaborando activamente y apoyando al Tour de Francia durante 14 a\u00f1os, adem\u00e1s de otros muchos eventos de ciclismo en todo el mundo.<\/p>\n<p>La raz\u00f3n viene desde las ra\u00edces de la empresa creada por Laurin y Klement &#8211; nombre de sus fundadores &#8211; cuyo primer producto era una bicicleta. Fundada en 1895, tard\u00f3 diez a\u00f1os en fabricar su primer autom\u00f3vil despu\u00e9s de fabricar bicicletas checas de calidad. Y as\u00ed naci\u00f3 \u0160koda.<\/p>\n<p>Para sacar a\u00fan m\u00e1s partido de su herencia checa y ciclista y reforzar su v\u00ednculo con la historia, \u0160koda decidi\u00f3 premiar a los ganadores del Tour con trofeos de originales dise\u00f1os. La figura minimalista se inspir\u00f3 en un neum\u00e1tico de bicicleta, pero el dise\u00f1o cambia cada a\u00f1o y recoge aspectos tantos del pasado como del futuro ciclista.<\/p>\n<p><a href=\"https:\/\/d2p6e6u75xmxt8.cloudfront.net\/6\/2017\/07\/2017_Lasvit-for-Tour-de-France_Glassworks-9.jpg\"><img loading=\"lazy\" decoding=\"async\" class=\"alignnone size-full wp-image-1076\" src=\"https:\/\/d2p6e6u75xmxt8.cloudfront.net\/6\/2017\/07\/2017_Lasvit-for-Tour-de-France_Glassworks-9.jpg\" alt=\"\" width=\"6016\" height=\"4016\" srcset=\"https:\/\/d2p6e6u75xmxt8.cloudfront.net\/6\/2017\/07\/2017_Lasvit-for-Tour-de-France_Glassworks-9.jpg 6016w, https:\/\/d2p6e6u75xmxt8.cloudfront.net\/6\/2017\/07\/2017_Lasvit-for-Tour-de-France_Glassworks-9-300x200.jpg 300w, https:\/\/d2p6e6u75xmxt8.cloudfront.net\/6\/2017\/07\/2017_Lasvit-for-Tour-de-France_Glassworks-9-768x513.jpg 768w, https:\/\/d2p6e6u75xmxt8.cloudfront.net\/6\/2017\/07\/2017_Lasvit-for-Tour-de-France_Glassworks-9-1024x684.jpg 1024w, https:\/\/d2p6e6u75xmxt8.cloudfront.net\/6\/2017\/07\/2017_Lasvit-for-Tour-de-France_Glassworks-9-1920x1282.jpg 1920w, https:\/\/d2p6e6u75xmxt8.cloudfront.net\/6\/2017\/07\/2017_Lasvit-for-Tour-de-France_Glassworks-9-272x182.jpg 272w, https:\/\/d2p6e6u75xmxt8.cloudfront.net\/6\/2017\/07\/2017_Lasvit-for-Tour-de-France_Glassworks-9-1920x1282.jpg 1920w\" sizes=\"auto, (max-width: 6016px) 100vw, 6016px\" \/><\/a><\/p>\n<p>El pasado se simboliza con el cristal y el cubismo checo, hitos que alcanzaron fama mundial, y que evolucionaron fluidamente en el lenguaje de dise\u00f1o actual y la decoraci\u00f3n de \u0160koda, proyectado en l\u00edneas cristalinas y formas m\u00ednimas y cortadas. El resultado, uno de los trofeos m\u00e1s deseados del mundo del deporte.<\/p>\n\n<p>As\u00ed, la persona que posee esta pieza \u00fanica de dise\u00f1o de vidrio no solo es uno de los mejores ciclistas vivos en el mundo, sino que adem\u00e1s tiene una pieza de la historia en la repisa de su chimenea.<\/p>\n<h2><strong><u>Caracter\u00edsticas del Trofeo de Cristal:<\/u><\/strong><\/h2>\n<p>Peso: 4 kg (8,8 libras): aprox. Como un beb\u00e9 koala o una iguana adulta.<\/p>\n<p>Altura: 60 cm (aprox.): Aprox. Como un beb\u00e9 de 4 meses de edad.<\/p>\n<p>Se hace a mano en la Rep\u00fablica Checa por el reconocido taller de vidrio Lasvit.<\/p>\n<p>Los dise\u00f1adores de \u0160koda participan directamente en el resultado final de los trofeos &#8211; este a\u00f1o est\u00e1 inspirado en el dise\u00f1o del salpicadero del primer coche el\u00e9ctrico de la marca, el \u0160koda VISION E.<\/p>\n<p>\u0160koda ha sido patrocinador de la Maillot Verde desde 2015 y ha creado una versi\u00f3n especial del trofeo de vidrio verde para honrar al ganador. Los trofeos al maillot verde en 2015 y 2016 fueron ganados por Peter Sagan.<\/p>\n<p>Siempre hay algunos trofeos &#8220;de recambio&#8221; por si alguno de ellos sufre alguna rotura.<\/p>\n<p>Estos trofeos encarnan los ideales del Tour de Francia: pasi\u00f3n, habilidad, precisi\u00f3n, constancia y emoci\u00f3n.<\/p>\n<\/div>\n","protected":false},"excerpt":{"rendered":"<p>Hoy vamos a descubrir de cerca una de las piezas m\u00e1s deseadas en el mundo del ciclismo. Quiz\u00e1s hayas pensado [&hellip;]<\/p>\n","protected":false},"author":29,"featured_media":1094,"comment_status":"open","ping_status":"open","sticky":false,"template":"","format":"standard","meta":{"footnotes":""},"categories":[7],"tags":[50],"global-categories":[],"class_list":["post-1071","post","type-post","status-publish","format-standard","has-post-thumbnail","hentry","category-carretera","tag-tour-de-france-2017"],"yoast_head":"<!-- This site is optimized with the Yoast SEO Premium plugin v25.3 (Yoast SEO v25.9) - https:\/\/yoast.com\/wordpress\/plugins\/seo\/ -->\n<title>As\u00ed es el Trofeo del Ganador del Tour de Francia<\/title>\n<meta name=\"description\" content=\"As\u00ed es el Trofeo de Ganador del Tour de Francia. Una pieza de cristal checa \u00fanica creada por los dise\u00f1adores de Skoda e inspirada en el ciclismo.\" \/>\n<meta name=\"robots\" content=\"index, follow, max-snippet:-1, max-image-preview:large, max-video-preview:-1\" \/>\n<link rel=\"canonical\" href=\"https:\/\/www.welovecycling.com\/es\/2017\/07\/14\/trofeo-ganador-tour-francia\/\" \/>\n<meta property=\"og:locale\" content=\"es_ES\" \/>\n<meta property=\"og:type\" content=\"article\" \/>\n<meta property=\"og:title\" content=\"As\u00ed es el Trofeo de Ganador del Tour de Francia\" \/>\n<meta property=\"og:description\" content=\"As\u00ed es el Trofeo de Ganador del Tour de Francia. Una pieza de cristal checa \u00fanica creada por los dise\u00f1adores de Skoda e inspirada en el ciclismo.\" \/>\n<meta property=\"og:url\" content=\"https:\/\/www.welovecycling.com\/es\/2017\/07\/14\/trofeo-ganador-tour-francia\/\" \/>\n<meta property=\"og:site_name\" content=\"\u0160koda We Love Cycling - Spain\" \/>\n<meta property=\"article:published_time\" content=\"2017-07-14T08:26:09+00:00\" \/>\n<meta property=\"article:modified_time\" content=\"2017-07-28T08:22:15+00:00\" \/>\n<meta property=\"og:image\" content=\"https:\/\/d2p6e6u75xmxt8.cloudfront.net\/6\/2017\/07\/cover1.jpg\" \/>\n\t<meta property=\"og:image:width\" content=\"1375\" \/>\n\t<meta property=\"og:image:height\" content=\"600\" \/>\n\t<meta property=\"og:image:type\" content=\"image\/jpeg\" \/>\n<meta name=\"author\" content=\"We Love Cycling Spain\" \/>\n<meta name=\"twitter:card\" content=\"summary_large_image\" \/>\n<meta name=\"twitter:label1\" content=\"Written by\" \/>\n\t<meta name=\"twitter:data1\" content=\"Frantiska Blazkova\" \/>\n\t<meta name=\"twitter:label2\" content=\"Est. reading time\" \/>\n\t<meta name=\"twitter:data2\" content=\"3 minutes\" \/>\n<script type=\"application\/ld+json\" class=\"yoast-schema-graph\">{\"@context\":\"https:\/\/schema.org\",\"@graph\":[{\"@type\":\"WebPage\",\"@id\":\"https:\/\/www.welovecycling.com\/es\/2017\/07\/14\/trofeo-ganador-tour-francia\/\",\"url\":\"https:\/\/www.welovecycling.com\/es\/2017\/07\/14\/trofeo-ganador-tour-francia\/\",\"name\":\"As\u00ed es el Trofeo del Ganador del Tour de Francia\",\"isPartOf\":{\"@id\":\"https:\/\/www.welovecycling.com\/es\/#website\"},\"primaryImageOfPage\":{\"@id\":\"https:\/\/www.welovecycling.com\/es\/2017\/07\/14\/trofeo-ganador-tour-francia\/#primaryimage\"},\"image\":{\"@id\":\"https:\/\/www.welovecycling.com\/es\/2017\/07\/14\/trofeo-ganador-tour-francia\/#primaryimage\"},\"thumbnailUrl\":\"https:\/\/d2p6e6u75xmxt8.cloudfront.net\/6\/2017\/07\/cover1.jpg\",\"datePublished\":\"2017-07-14T08:26:09+00:00\",\"dateModified\":\"2017-07-28T08:22:15+00:00\",\"author\":{\"@id\":\"https:\/\/www.welovecycling.com\/es\/#\/schema\/person\/deb61715b5812698ee79fb96f343ccd4\"},\"description\":\"As\u00ed es el Trofeo de Ganador del Tour de Francia. Una pieza de cristal checa \u00fanica creada por los dise\u00f1adores de Skoda e inspirada en el ciclismo.\",\"breadcrumb\":{\"@id\":\"https:\/\/www.welovecycling.com\/es\/2017\/07\/14\/trofeo-ganador-tour-francia\/#breadcrumb\"},\"inLanguage\":\"es-ES\",\"potentialAction\":[{\"@type\":\"ReadAction\",\"target\":[\"https:\/\/www.welovecycling.com\/es\/2017\/07\/14\/trofeo-ganador-tour-francia\/\"]}]},{\"@type\":\"ImageObject\",\"inLanguage\":\"es-ES\",\"@id\":\"https:\/\/www.welovecycling.com\/es\/2017\/07\/14\/trofeo-ganador-tour-francia\/#primaryimage\",\"url\":\"https:\/\/d2p6e6u75xmxt8.cloudfront.net\/6\/2017\/07\/cover1.jpg\",\"contentUrl\":\"https:\/\/d2p6e6u75xmxt8.cloudfront.net\/6\/2017\/07\/cover1.jpg\",\"width\":1375,\"height\":600},{\"@type\":\"BreadcrumbList\",\"@id\":\"https:\/\/www.welovecycling.com\/es\/2017\/07\/14\/trofeo-ganador-tour-francia\/#breadcrumb\",\"itemListElement\":[{\"@type\":\"ListItem\",\"position\":1,\"name\":\"Home\",\"item\":\"https:\/\/www.welovecycling.com\/es\/\"},{\"@type\":\"ListItem\",\"position\":2,\"name\":\"As\u00ed es el Trofeo de Ganador del Tour de Francia\"}]},{\"@type\":\"WebSite\",\"@id\":\"https:\/\/www.welovecycling.com\/es\/#website\",\"url\":\"https:\/\/www.welovecycling.com\/es\/\",\"name\":\"\u0160koda We Love Cycling - Spain\",\"description\":\"\u0160koda WeLoveCycling Spain\",\"potentialAction\":[{\"@type\":\"SearchAction\",\"target\":{\"@type\":\"EntryPoint\",\"urlTemplate\":\"https:\/\/www.welovecycling.com\/es\/?s={search_term_string}\"},\"query-input\":{\"@type\":\"PropertyValueSpecification\",\"valueRequired\":true,\"valueName\":\"search_term_string\"}}],\"inLanguage\":\"es-ES\"},{\"@type\":\"Person\",\"@id\":\"https:\/\/www.welovecycling.com\/es\/#\/schema\/person\/deb61715b5812698ee79fb96f343ccd4\",\"name\":\"We Love Cycling Spain\",\"image\":{\"@type\":\"ImageObject\",\"inLanguage\":\"es-ES\",\"@id\":\"https:\/\/www.welovecycling.com\/es\/#\/schema\/person\/image\/\",\"url\":\"https:\/\/secure.gravatar.com\/avatar\/c824b04e6df0e37a03219d0b6481672889df542894588964102459e46513159c?s=96&d=mm&r=g\",\"contentUrl\":\"https:\/\/secure.gravatar.com\/avatar\/c824b04e6df0e37a03219d0b6481672889df542894588964102459e46513159c?s=96&d=mm&r=g\",\"caption\":\"We Love Cycling Spain\"},\"url\":\"https:\/\/www.welovecycling.com\/es\/author\/amunoz\/\"}]}<\/script>\n<!-- \/ Yoast SEO Premium plugin. -->","yoast_head_json":{"title":"As\u00ed es el Trofeo del Ganador del Tour de Francia","description":"As\u00ed es el Trofeo de Ganador del Tour de Francia. Una pieza de cristal checa \u00fanica creada por los dise\u00f1adores de Skoda e inspirada en el ciclismo.","robots":{"index":"index","follow":"follow","max-snippet":"max-snippet:-1","max-image-preview":"max-image-preview:large","max-video-preview":"max-video-preview:-1"},"canonical":"https:\/\/www.welovecycling.com\/es\/2017\/07\/14\/trofeo-ganador-tour-francia\/","og_locale":"es_ES","og_type":"article","og_title":"As\u00ed es el Trofeo de Ganador del Tour de Francia","og_description":"As\u00ed es el Trofeo de Ganador del Tour de Francia. Una pieza de cristal checa \u00fanica creada por los dise\u00f1adores de Skoda e inspirada en el ciclismo.","og_url":"https:\/\/www.welovecycling.com\/es\/2017\/07\/14\/trofeo-ganador-tour-francia\/","og_site_name":"\u0160koda We Love Cycling - Spain","article_published_time":"2017-07-14T08:26:09+00:00","article_modified_time":"2017-07-28T08:22:15+00:00","og_image":[{"width":1375,"height":600,"url":"https:\/\/d2p6e6u75xmxt8.cloudfront.net\/6\/2017\/07\/cover1.jpg","type":"image\/jpeg"}],"author":"We Love Cycling Spain","twitter_card":"summary_large_image","twitter_misc":{"Written by":"Frantiska Blazkova","Est. reading time":"3 minutes"},"schema":{"@context":"https:\/\/schema.org","@graph":[{"@type":"WebPage","@id":"https:\/\/www.welovecycling.com\/es\/2017\/07\/14\/trofeo-ganador-tour-francia\/","url":"https:\/\/www.welovecycling.com\/es\/2017\/07\/14\/trofeo-ganador-tour-francia\/","name":"As\u00ed es el Trofeo del Ganador del Tour de Francia","isPartOf":{"@id":"https:\/\/www.welovecycling.com\/es\/#website"},"primaryImageOfPage":{"@id":"https:\/\/www.welovecycling.com\/es\/2017\/07\/14\/trofeo-ganador-tour-francia\/#primaryimage"},"image":{"@id":"https:\/\/www.welovecycling.com\/es\/2017\/07\/14\/trofeo-ganador-tour-francia\/#primaryimage"},"thumbnailUrl":"https:\/\/d2p6e6u75xmxt8.cloudfront.net\/6\/2017\/07\/cover1.jpg","datePublished":"2017-07-14T08:26:09+00:00","dateModified":"2017-07-28T08:22:15+00:00","author":{"@id":"https:\/\/www.welovecycling.com\/es\/#\/schema\/person\/deb61715b5812698ee79fb96f343ccd4"},"description":"As\u00ed es el Trofeo de Ganador del Tour de Francia. Una pieza de cristal checa \u00fanica creada por los dise\u00f1adores de Skoda e inspirada en el ciclismo.","breadcrumb":{"@id":"https:\/\/www.welovecycling.com\/es\/2017\/07\/14\/trofeo-ganador-tour-francia\/#breadcrumb"},"inLanguage":"es-ES","potentialAction":[{"@type":"ReadAction","target":["https:\/\/www.welovecycling.com\/es\/2017\/07\/14\/trofeo-ganador-tour-francia\/"]}]},{"@type":"ImageObject","inLanguage":"es-ES","@id":"https:\/\/www.welovecycling.com\/es\/2017\/07\/14\/trofeo-ganador-tour-francia\/#primaryimage","url":"https:\/\/d2p6e6u75xmxt8.cloudfront.net\/6\/2017\/07\/cover1.jpg","contentUrl":"https:\/\/d2p6e6u75xmxt8.cloudfront.net\/6\/2017\/07\/cover1.jpg","width":1375,"height":600},{"@type":"BreadcrumbList","@id":"https:\/\/www.welovecycling.com\/es\/2017\/07\/14\/trofeo-ganador-tour-francia\/#breadcrumb","itemListElement":[{"@type":"ListItem","position":1,"name":"Home","item":"https:\/\/www.welovecycling.com\/es\/"},{"@type":"ListItem","position":2,"name":"As\u00ed es el Trofeo de Ganador del Tour de Francia"}]},{"@type":"WebSite","@id":"https:\/\/www.welovecycling.com\/es\/#website","url":"https:\/\/www.welovecycling.com\/es\/","name":"\u0160koda We Love Cycling - Spain","description":"\u0160koda WeLoveCycling Spain","potentialAction":[{"@type":"SearchAction","target":{"@type":"EntryPoint","urlTemplate":"https:\/\/www.welovecycling.com\/es\/?s={search_term_string}"},"query-input":{"@type":"PropertyValueSpecification","valueRequired":true,"valueName":"search_term_string"}}],"inLanguage":"es-ES"},{"@type":"Person","@id":"https:\/\/www.welovecycling.com\/es\/#\/schema\/person\/deb61715b5812698ee79fb96f343ccd4","name":"We Love Cycling Spain","image":{"@type":"ImageObject","inLanguage":"es-ES","@id":"https:\/\/www.welovecycling.com\/es\/#\/schema\/person\/image\/","url":"https:\/\/secure.gravatar.com\/avatar\/c824b04e6df0e37a03219d0b6481672889df542894588964102459e46513159c?s=96&d=mm&r=g","contentUrl":"https:\/\/secure.gravatar.com\/avatar\/c824b04e6df0e37a03219d0b6481672889df542894588964102459e46513159c?s=96&d=mm&r=g","caption":"We Love Cycling Spain"},"url":"https:\/\/www.welovecycling.com\/es\/author\/amunoz\/"}]}},"_links":{"self":[{"href":"https:\/\/www.welovecycling.com\/es\/wp-json\/wp\/v2\/posts\/1071","targetHints":{"allow":["GET"]}}],"collection":[{"href":"https:\/\/www.welovecycling.com\/es\/wp-json\/wp\/v2\/posts"}],"about":[{"href":"https:\/\/www.welovecycling.com\/es\/wp-json\/wp\/v2\/types\/post"}],"author":[{"embeddable":true,"href":"https:\/\/www.welovecycling.com\/es\/wp-json\/wp\/v2\/users\/29"}],"replies":[{"embeddable":true,"href":"https:\/\/www.welovecycling.com\/es\/wp-json\/wp\/v2\/comments?post=1071"}],"version-history":[{"count":2,"href":"https:\/\/www.welovecycling.com\/es\/wp-json\/wp\/v2\/posts\/1071\/revisions"}],"predecessor-version":[{"id":1139,"href":"https:\/\/www.welovecycling.com\/es\/wp-json\/wp\/v2\/posts\/1071\/revisions\/1139"}],"wp:featuredmedia":[{"embeddable":true,"href":"https:\/\/www.welovecycling.com\/es\/wp-json\/wp\/v2\/media\/1094"}],"wp:attachment":[{"href":"https:\/\/www.welovecycling.com\/es\/wp-json\/wp\/v2\/media?parent=1071"}],"wp:term":[{"taxonomy":"category","embeddable":true,"href":"https:\/\/www.welovecycling.com\/es\/wp-json\/wp\/v2\/categories?post=1071"},{"taxonomy":"post_tag","embeddable":true,"href":"https:\/\/www.welovecycling.com\/es\/wp-json\/wp\/v2\/tags?post=1071"},{"taxonomy":"global-categories","embeddable":true,"href":"https:\/\/www.welovecycling.com\/es\/wp-json\/wp\/v2\/global-categories?post=1071"}],"curies":[{"name":"wp","href":"https:\/\/api.w.org\/{rel}","templated":true}]}}