{"id":1070,"date":"2017-07-16T00:08:34","date_gmt":"2017-07-15T22:08:34","guid":{"rendered":"https:\/\/www.welovecycling.com\/es\/?p=1070"},"modified":"2017-10-02T18:27:14","modified_gmt":"2017-10-02T16:27:14","slug":"skoda-karoq-debuta-tour-francia","status":"publish","type":"post","link":"https:\/\/www.welovecycling.com\/es\/2017\/07\/16\/skoda-karoq-debuta-tour-francia\/","title":{"rendered":"\u0160koda KAROQ Debuta en el Tour de Francia como coche de apoyo"},"content":{"rendered":"<p><strong>En la primera etapa del Tour de Francia, que comenz\u00f3 el 3 de julio, hubo algo que nunca se hab\u00eda visto antes en una l\u00ednea de salida, y llam\u00f3 la atenci\u00f3n.\u00a0No estamos exagerando nada &#8211; este a\u00f1o los nuevos Skoda KAROQ esperaban en la l\u00ednea de salida como veh\u00edculos de apoyo\u00a0\u00a0de tres de los equipos del Tour, adecentados con sus propios colores y logotipos. M\u00e1s concretamente el Dimensi\u00f3n Data de Sud\u00e1frica, el Lotto Jumbo de Holanda y el Lotto Soudal de B\u00e9lgica.\u00a0<\/strong><span id=\"more-140832\"><\/span><!--more--><\/p>\n<p>La misi\u00f3n de veh\u00edculo de apoyo est\u00e1 habitualmente reservada para los Skoda Octavia, ya que muchos equipos se han acostumbrado a utilizarlos, pero este a\u00f1o debutaron en una primera etapa que era extraordinaria no solo en un aspecto, sino en dos. Despu\u00e9s de 30 a\u00f1os, el Tour de Francia volv\u00eda a comenzar en\u00a0Alemania, y m\u00e1s curiosamente, la primera etapa volv\u00eda a ser una contrarreloj individual. La etapa\u00a0llev\u00f3 a los ciclistas\u00a0de Messe D\u00fcsseldorf, a lo largo del Rin a la famosa K\u00f6nigsallee y de nuevo a la Messe. Y como la ciudad de Dusseldorf estaba teniendo su estreno hist\u00f3rico, el \u0160koda KAROQ se uni\u00f3 en su propio debut.<\/p>\n<p><a href=\"https:\/\/d2p6e6u75xmxt8.cloudfront.net\/6\/2017\/07\/170703-SKODA-KAROQ-at-Tour-de-France-2017-01.jpg\"><img loading=\"lazy\" decoding=\"async\" class=\"alignnone size-full wp-image-1080\" src=\"https:\/\/d2p6e6u75xmxt8.cloudfront.net\/6\/2017\/07\/170703-SKODA-KAROQ-at-Tour-de-France-2017-01.jpg\" alt=\"\" width=\"4500\" height=\"3000\" srcset=\"https:\/\/d2p6e6u75xmxt8.cloudfront.net\/6\/2017\/07\/170703-SKODA-KAROQ-at-Tour-de-France-2017-01.jpg 4500w, https:\/\/d2p6e6u75xmxt8.cloudfront.net\/6\/2017\/07\/170703-SKODA-KAROQ-at-Tour-de-France-2017-01-300x200.jpg 300w, https:\/\/d2p6e6u75xmxt8.cloudfront.net\/6\/2017\/07\/170703-SKODA-KAROQ-at-Tour-de-France-2017-01-768x512.jpg 768w, https:\/\/d2p6e6u75xmxt8.cloudfront.net\/6\/2017\/07\/170703-SKODA-KAROQ-at-Tour-de-France-2017-01-1024x683.jpg 1024w, https:\/\/d2p6e6u75xmxt8.cloudfront.net\/6\/2017\/07\/170703-SKODA-KAROQ-at-Tour-de-France-2017-01-1920x1280.jpg 1920w, https:\/\/d2p6e6u75xmxt8.cloudfront.net\/6\/2017\/07\/170703-SKODA-KAROQ-at-Tour-de-France-2017-01-272x182.jpg 272w, https:\/\/d2p6e6u75xmxt8.cloudfront.net\/6\/2017\/07\/170703-SKODA-KAROQ-at-Tour-de-France-2017-01-1920x1280.jpg 1920w\" sizes=\"auto, (max-width: 4500px) 100vw, 4500px\" \/><\/a><\/p>\n<p>Por cierto, la versi\u00f3n Suv del KODIAQ, tambi\u00e9n hizo su debut en el Tour de Francia llevando al pelot\u00f3n el a\u00f1o pasado en los Campos El\u00edseos.<\/p>\n<p>https:\/\/www.instagram.com\/p\/BIPGBtwhn28\/<\/p>\n<p>Este a\u00f1o decenas de miles de espectadores fueron testigos del trabajo del Compact SUV con los ciclistas, proporcionando los equipos toda la ayuda que pueda necesitar durante la contrarreloj de 14 kil\u00f3metros. No s\u00f3lo es KAROQ un espectador, sino que tiene la \u00faltima conectividad y est\u00e1 a la \u00faltima de las tendencias tecnol\u00f3gicas a disposici\u00f3n de los usuarios.<\/p>\n\n<p>Nuestro reportero Chris pas\u00f3 todo un d\u00eda en el Tour con los equipos. Si quieres saber c\u00f3mo fue su experiencia solo tienen que dirigirse al \u0160koda Storyboard y hacer click\u00a0<a href=\"https:\/\/www.skoda-storyboard.com\/cs\/sport\/cyklistika\/skoda-karoq-na-tour-de-france\/\">aqu\u00ed.<\/a><\/p>\n<p>El primer vistazo a este nuevo modelo de \u0160koda es prometedor y el coche est\u00e1 previsto que llegue al mercado a finales de este a\u00f1o.<\/p>\n<p>&nbsp;<\/p>\n","protected":false},"excerpt":{"rendered":"<p>En la primera etapa del Tour de Francia, que comenz\u00f3 el 3 de julio, hubo algo que nunca se hab\u00eda [&hellip;]<\/p>\n","protected":false},"author":29,"featured_media":1088,"comment_status":"open","ping_status":"open","sticky":false,"template":"","format":"standard","meta":{"footnotes":""},"categories":[7],"tags":[50],"global-categories":[],"class_list":["post-1070","post","type-post","status-publish","format-standard","has-post-thumbnail","hentry","category-carretera","tag-tour-de-france-2017"],"yoast_head":"<!-- This site is optimized with the Yoast SEO Premium plugin v25.3 (Yoast SEO v25.9) - https:\/\/yoast.com\/wordpress\/plugins\/seo\/ -->\n<title>\u0160koda KAROQ Debuta en el Tour de Francia como coche de apoyo - \u0160koda We Love Cycling - Spain<\/title>\n<meta name=\"description\" content=\"Los nuevos Skoda KAROQ esperaban en la l\u00ednea de salida como veh\u00edculos de apoyo de tres de los equipos del Tour.\" \/>\n<meta name=\"robots\" content=\"index, follow, max-snippet:-1, max-image-preview:large, max-video-preview:-1\" \/>\n<link rel=\"canonical\" href=\"https:\/\/www.welovecycling.com\/es\/2017\/07\/16\/skoda-karoq-debuta-tour-francia\/\" \/>\n<meta property=\"og:locale\" content=\"es_ES\" \/>\n<meta property=\"og:type\" content=\"article\" \/>\n<meta property=\"og:title\" content=\"\u0160koda KAROQ Debuta en el Tour de Francia como coche de apoyo\" \/>\n<meta property=\"og:description\" content=\"Los nuevos Skoda KAROQ esperaban en la l\u00ednea de salida como veh\u00edculos de apoyo de tres de los equipos del Tour.\" \/>\n<meta property=\"og:url\" content=\"https:\/\/www.welovecycling.com\/es\/2017\/07\/16\/skoda-karoq-debuta-tour-francia\/\" \/>\n<meta property=\"og:site_name\" content=\"\u0160koda We Love Cycling - Spain\" \/>\n<meta property=\"article:published_time\" content=\"2017-07-15T22:08:34+00:00\" \/>\n<meta property=\"article:modified_time\" content=\"2017-10-02T16:27:14+00:00\" \/>\n<meta property=\"og:image\" content=\"https:\/\/d2p6e6u75xmxt8.cloudfront.net\/6\/2017\/07\/cover1-1.jpg\" \/>\n\t<meta property=\"og:image:width\" content=\"1375\" \/>\n\t<meta property=\"og:image:height\" content=\"600\" \/>\n\t<meta property=\"og:image:type\" content=\"image\/jpeg\" \/>\n<meta name=\"author\" content=\"We Love Cycling Spain\" \/>\n<meta name=\"twitter:card\" content=\"summary_large_image\" \/>\n<meta name=\"twitter:label1\" content=\"Written by\" \/>\n\t<meta name=\"twitter:data1\" content=\"Frantiska Blazkova\" \/>\n\t<meta name=\"twitter:label2\" content=\"Est. reading time\" \/>\n\t<meta name=\"twitter:data2\" content=\"2 minutes\" \/>\n<script type=\"application\/ld+json\" class=\"yoast-schema-graph\">{\"@context\":\"https:\/\/schema.org\",\"@graph\":[{\"@type\":\"WebPage\",\"@id\":\"https:\/\/www.welovecycling.com\/es\/2017\/07\/16\/skoda-karoq-debuta-tour-francia\/\",\"url\":\"https:\/\/www.welovecycling.com\/es\/2017\/07\/16\/skoda-karoq-debuta-tour-francia\/\",\"name\":\"\u0160koda KAROQ Debuta en el Tour de Francia como coche de apoyo - \u0160koda We Love Cycling - Spain\",\"isPartOf\":{\"@id\":\"https:\/\/www.welovecycling.com\/es\/#website\"},\"primaryImageOfPage\":{\"@id\":\"https:\/\/www.welovecycling.com\/es\/2017\/07\/16\/skoda-karoq-debuta-tour-francia\/#primaryimage\"},\"image\":{\"@id\":\"https:\/\/www.welovecycling.com\/es\/2017\/07\/16\/skoda-karoq-debuta-tour-francia\/#primaryimage\"},\"thumbnailUrl\":\"https:\/\/d2p6e6u75xmxt8.cloudfront.net\/6\/2017\/07\/cover1-1.jpg\",\"datePublished\":\"2017-07-15T22:08:34+00:00\",\"dateModified\":\"2017-10-02T16:27:14+00:00\",\"author\":{\"@id\":\"https:\/\/www.welovecycling.com\/es\/#\/schema\/person\/deb61715b5812698ee79fb96f343ccd4\"},\"description\":\"Los nuevos Skoda KAROQ esperaban en la l\u00ednea de salida como veh\u00edculos de apoyo de tres de los equipos del Tour.\",\"breadcrumb\":{\"@id\":\"https:\/\/www.welovecycling.com\/es\/2017\/07\/16\/skoda-karoq-debuta-tour-francia\/#breadcrumb\"},\"inLanguage\":\"es-ES\",\"potentialAction\":[{\"@type\":\"ReadAction\",\"target\":[\"https:\/\/www.welovecycling.com\/es\/2017\/07\/16\/skoda-karoq-debuta-tour-francia\/\"]}]},{\"@type\":\"ImageObject\",\"inLanguage\":\"es-ES\",\"@id\":\"https:\/\/www.welovecycling.com\/es\/2017\/07\/16\/skoda-karoq-debuta-tour-francia\/#primaryimage\",\"url\":\"https:\/\/d2p6e6u75xmxt8.cloudfront.net\/6\/2017\/07\/cover1-1.jpg\",\"contentUrl\":\"https:\/\/d2p6e6u75xmxt8.cloudfront.net\/6\/2017\/07\/cover1-1.jpg\",\"width\":1375,\"height\":600},{\"@type\":\"BreadcrumbList\",\"@id\":\"https:\/\/www.welovecycling.com\/es\/2017\/07\/16\/skoda-karoq-debuta-tour-francia\/#breadcrumb\",\"itemListElement\":[{\"@type\":\"ListItem\",\"position\":1,\"name\":\"Home\",\"item\":\"https:\/\/www.welovecycling.com\/es\/\"},{\"@type\":\"ListItem\",\"position\":2,\"name\":\"\u0160koda KAROQ Debuta en el Tour de Francia como coche de apoyo\"}]},{\"@type\":\"WebSite\",\"@id\":\"https:\/\/www.welovecycling.com\/es\/#website\",\"url\":\"https:\/\/www.welovecycling.com\/es\/\",\"name\":\"\u0160koda We Love Cycling - Spain\",\"description\":\"\u0160koda WeLoveCycling Spain\",\"potentialAction\":[{\"@type\":\"SearchAction\",\"target\":{\"@type\":\"EntryPoint\",\"urlTemplate\":\"https:\/\/www.welovecycling.com\/es\/?s={search_term_string}\"},\"query-input\":{\"@type\":\"PropertyValueSpecification\",\"valueRequired\":true,\"valueName\":\"search_term_string\"}}],\"inLanguage\":\"es-ES\"},{\"@type\":\"Person\",\"@id\":\"https:\/\/www.welovecycling.com\/es\/#\/schema\/person\/deb61715b5812698ee79fb96f343ccd4\",\"name\":\"We Love Cycling Spain\",\"image\":{\"@type\":\"ImageObject\",\"inLanguage\":\"es-ES\",\"@id\":\"https:\/\/www.welovecycling.com\/es\/#\/schema\/person\/image\/\",\"url\":\"https:\/\/secure.gravatar.com\/avatar\/c824b04e6df0e37a03219d0b6481672889df542894588964102459e46513159c?s=96&d=mm&r=g\",\"contentUrl\":\"https:\/\/secure.gravatar.com\/avatar\/c824b04e6df0e37a03219d0b6481672889df542894588964102459e46513159c?s=96&d=mm&r=g\",\"caption\":\"We Love Cycling Spain\"},\"url\":\"https:\/\/www.welovecycling.com\/es\/author\/amunoz\/\"}]}<\/script>\n<!-- \/ Yoast SEO Premium plugin. -->","yoast_head_json":{"title":"\u0160koda KAROQ Debuta en el Tour de Francia como coche de apoyo - \u0160koda We Love Cycling - Spain","description":"Los nuevos Skoda KAROQ esperaban en la l\u00ednea de salida como veh\u00edculos de apoyo de tres de los equipos del Tour.","robots":{"index":"index","follow":"follow","max-snippet":"max-snippet:-1","max-image-preview":"max-image-preview:large","max-video-preview":"max-video-preview:-1"},"canonical":"https:\/\/www.welovecycling.com\/es\/2017\/07\/16\/skoda-karoq-debuta-tour-francia\/","og_locale":"es_ES","og_type":"article","og_title":"\u0160koda KAROQ Debuta en el Tour de Francia como coche de apoyo","og_description":"Los nuevos Skoda KAROQ esperaban en la l\u00ednea de salida como veh\u00edculos de apoyo de tres de los equipos del Tour.","og_url":"https:\/\/www.welovecycling.com\/es\/2017\/07\/16\/skoda-karoq-debuta-tour-francia\/","og_site_name":"\u0160koda We Love Cycling - Spain","article_published_time":"2017-07-15T22:08:34+00:00","article_modified_time":"2017-10-02T16:27:14+00:00","og_image":[{"width":1375,"height":600,"url":"https:\/\/d2p6e6u75xmxt8.cloudfront.net\/6\/2017\/07\/cover1-1.jpg","type":"image\/jpeg"}],"author":"We Love Cycling Spain","twitter_card":"summary_large_image","twitter_misc":{"Written by":"Frantiska Blazkova","Est. reading time":"2 minutes"},"schema":{"@context":"https:\/\/schema.org","@graph":[{"@type":"WebPage","@id":"https:\/\/www.welovecycling.com\/es\/2017\/07\/16\/skoda-karoq-debuta-tour-francia\/","url":"https:\/\/www.welovecycling.com\/es\/2017\/07\/16\/skoda-karoq-debuta-tour-francia\/","name":"\u0160koda KAROQ Debuta en el Tour de Francia como coche de apoyo - \u0160koda We Love Cycling - Spain","isPartOf":{"@id":"https:\/\/www.welovecycling.com\/es\/#website"},"primaryImageOfPage":{"@id":"https:\/\/www.welovecycling.com\/es\/2017\/07\/16\/skoda-karoq-debuta-tour-francia\/#primaryimage"},"image":{"@id":"https:\/\/www.welovecycling.com\/es\/2017\/07\/16\/skoda-karoq-debuta-tour-francia\/#primaryimage"},"thumbnailUrl":"https:\/\/d2p6e6u75xmxt8.cloudfront.net\/6\/2017\/07\/cover1-1.jpg","datePublished":"2017-07-15T22:08:34+00:00","dateModified":"2017-10-02T16:27:14+00:00","author":{"@id":"https:\/\/www.welovecycling.com\/es\/#\/schema\/person\/deb61715b5812698ee79fb96f343ccd4"},"description":"Los nuevos Skoda KAROQ esperaban en la l\u00ednea de salida como veh\u00edculos de apoyo de tres de los equipos del Tour.","breadcrumb":{"@id":"https:\/\/www.welovecycling.com\/es\/2017\/07\/16\/skoda-karoq-debuta-tour-francia\/#breadcrumb"},"inLanguage":"es-ES","potentialAction":[{"@type":"ReadAction","target":["https:\/\/www.welovecycling.com\/es\/2017\/07\/16\/skoda-karoq-debuta-tour-francia\/"]}]},{"@type":"ImageObject","inLanguage":"es-ES","@id":"https:\/\/www.welovecycling.com\/es\/2017\/07\/16\/skoda-karoq-debuta-tour-francia\/#primaryimage","url":"https:\/\/d2p6e6u75xmxt8.cloudfront.net\/6\/2017\/07\/cover1-1.jpg","contentUrl":"https:\/\/d2p6e6u75xmxt8.cloudfront.net\/6\/2017\/07\/cover1-1.jpg","width":1375,"height":600},{"@type":"BreadcrumbList","@id":"https:\/\/www.welovecycling.com\/es\/2017\/07\/16\/skoda-karoq-debuta-tour-francia\/#breadcrumb","itemListElement":[{"@type":"ListItem","position":1,"name":"Home","item":"https:\/\/www.welovecycling.com\/es\/"},{"@type":"ListItem","position":2,"name":"\u0160koda KAROQ Debuta en el Tour de Francia como coche de apoyo"}]},{"@type":"WebSite","@id":"https:\/\/www.welovecycling.com\/es\/#website","url":"https:\/\/www.welovecycling.com\/es\/","name":"\u0160koda We Love Cycling - Spain","description":"\u0160koda WeLoveCycling Spain","potentialAction":[{"@type":"SearchAction","target":{"@type":"EntryPoint","urlTemplate":"https:\/\/www.welovecycling.com\/es\/?s={search_term_string}"},"query-input":{"@type":"PropertyValueSpecification","valueRequired":true,"valueName":"search_term_string"}}],"inLanguage":"es-ES"},{"@type":"Person","@id":"https:\/\/www.welovecycling.com\/es\/#\/schema\/person\/deb61715b5812698ee79fb96f343ccd4","name":"We Love Cycling Spain","image":{"@type":"ImageObject","inLanguage":"es-ES","@id":"https:\/\/www.welovecycling.com\/es\/#\/schema\/person\/image\/","url":"https:\/\/secure.gravatar.com\/avatar\/c824b04e6df0e37a03219d0b6481672889df542894588964102459e46513159c?s=96&d=mm&r=g","contentUrl":"https:\/\/secure.gravatar.com\/avatar\/c824b04e6df0e37a03219d0b6481672889df542894588964102459e46513159c?s=96&d=mm&r=g","caption":"We Love Cycling Spain"},"url":"https:\/\/www.welovecycling.com\/es\/author\/amunoz\/"}]}},"_links":{"self":[{"href":"https:\/\/www.welovecycling.com\/es\/wp-json\/wp\/v2\/posts\/1070","targetHints":{"allow":["GET"]}}],"collection":[{"href":"https:\/\/www.welovecycling.com\/es\/wp-json\/wp\/v2\/posts"}],"about":[{"href":"https:\/\/www.welovecycling.com\/es\/wp-json\/wp\/v2\/types\/post"}],"author":[{"embeddable":true,"href":"https:\/\/www.welovecycling.com\/es\/wp-json\/wp\/v2\/users\/29"}],"replies":[{"embeddable":true,"href":"https:\/\/www.welovecycling.com\/es\/wp-json\/wp\/v2\/comments?post=1070"}],"version-history":[{"count":2,"href":"https:\/\/www.welovecycling.com\/es\/wp-json\/wp\/v2\/posts\/1070\/revisions"}],"predecessor-version":[{"id":1518,"href":"https:\/\/www.welovecycling.com\/es\/wp-json\/wp\/v2\/posts\/1070\/revisions\/1518"}],"wp:featuredmedia":[{"embeddable":true,"href":"https:\/\/www.welovecycling.com\/es\/wp-json\/wp\/v2\/media\/1088"}],"wp:attachment":[{"href":"https:\/\/www.welovecycling.com\/es\/wp-json\/wp\/v2\/media?parent=1070"}],"wp:term":[{"taxonomy":"category","embeddable":true,"href":"https:\/\/www.welovecycling.com\/es\/wp-json\/wp\/v2\/categories?post=1070"},{"taxonomy":"post_tag","embeddable":true,"href":"https:\/\/www.welovecycling.com\/es\/wp-json\/wp\/v2\/tags?post=1070"},{"taxonomy":"global-categories","embeddable":true,"href":"https:\/\/www.welovecycling.com\/es\/wp-json\/wp\/v2\/global-categories?post=1070"}],"curies":[{"name":"wp","href":"https:\/\/api.w.org\/{rel}","templated":true}]}}