{"id":10699,"date":"2024-04-08T21:49:53","date_gmt":"2024-04-08T19:49:53","guid":{"rendered":"https:\/\/www.welovecycling.com\/es\/?p=10699"},"modified":"2024-04-08T21:49:53","modified_gmt":"2024-04-08T19:49:53","slug":"van-der-poel-roubaix","status":"publish","type":"post","link":"https:\/\/www.welovecycling.com\/es\/2024\/04\/08\/van-der-poel-roubaix\/","title":{"rendered":"Van der Poel tambi\u00e9n domina la Par\u00eds Roubaix 2024"},"content":{"rendered":"<p><strong>La apuesta m\u00e1s segura en la historia de las apuestas, tan segura como apostar a que el sol saldr\u00e1 ma\u00f1ana, era que Mathieu van der Poel (Alpecin-Deceuninck) ganar\u00eda la Par\u00eds-Roubaix 2024.<\/strong> <strong>Era algo seguro no s\u00f3lo porque es un talento \u00fanico en una generaci\u00f3n, quiz\u00e1s el mejor corredor de cl\u00e1sicas puro de la historia, sino tambi\u00e9n porque los \u00fanicos corredores capaces de batirle en su mejor d\u00eda no estaban en la carrera.<\/strong> <strong>Su archirrival Wout van Aert (Visma- Lease a Bike) est\u00e1 lesionado y Tadej Pogacar se est\u00e1 preparando para el Tour de Francia.<\/strong><\/p>\n<p><!--more--><\/p>\n<p><span>Como dijo el tercer clasificado, Mads Pedersen de Lidl-Trek, despu\u00e9s de la carrera: \u201cMathieu van der Poel fue una liga mejor que el resto de nosotros hoy. Terminar en el podio es casi una victoria\u201d. Pedersen termin\u00f3 a 3 minutos del ganador y fue superado en el segundo lugar por el compa\u00f1ero de equipo de Van der Poel, Jasper Philipsen, en una repetici\u00f3n del <a href=\"https:\/\/www.paris-roubaix.fr\/fr\/classements\">doblete del Alpecin<\/a> en la carrera del a\u00f1o pasado.<\/span><br \/>\n<span>Adem\u00e1s, Van der Poel es el corredor ideal para una carrera como el llamado Infierno del Norte, que exige resistencia y, sobre todo, un manejo superior de la bicicleta, que le aportan sus muchos a\u00f1os practicando ciclocross. Adem\u00e1s, por alguna raz\u00f3n, nunca parece sufrir pinchazos ni otros problemas mec\u00e1nicos, por los que son famosos los terribles <a href=\"https:\/\/www.welovecycling.com\/es\/2023\/04\/12\/guia-de-adoquines-de-la-paris-roubaix\/\">adoquines<\/a> de la Par\u00eds-Roubaix.<\/span><\/p>\n<p><span>Por \u00faltimo, cuenta con un maravilloso equipo que le apoya, y lo demostr\u00f3 una vez m\u00e1s el domingo, controlando gran parte de la carrera, rodando r\u00e1pido para reducir el tama\u00f1o del grupo que le rodeaba, controlando todas las posibles escapadas y, despu\u00e9s de emprender la marcha, su carrera ganadora de 60 km en solitario, manteniendo a raya a posibles grupos perseguidores, con el r\u00e1pido <\/span><span>Gianni Vermeersch pareciendo estar en todas partes a la vez mientras patrullaba y vigilaba la carrera.<\/span><\/p>\n<p><span>Fue una magn\u00edfica colaboraci\u00f3n entre ciclista y equipo, una demostraci\u00f3n perfecta de c\u00f3mo ganar una Cl\u00e1sica tan exigente como la Par\u00eds-Roubaix y, de paso, c\u00f3mo conquistar esos desagradables adoquines. Afortunadamente, estaban mayoritariamente secos y, una vez que Alpecin-Deceuninck redujo el tama\u00f1o del grupo l\u00edder, con 150 km por recorrer en la carrera de 259,7 km, las posibilidades de un accidente masivo que pudiera derribar a Van der Poel se redujeron considerablemente.<\/span><\/p>\n<div class=\"embed-controller-wrapper\">\n<blockquote class=\"twitter-tweet\" data-width=\"500\" data-dnt=\"true\">\n<p lang=\"fr\" dir=\"ltr\"><a href=\"https:\/\/twitter.com\/hashtag\/ParisRoubaix?src=hash&amp;ref_src=twsrc%5Etfw\">#ParisRoubaix<\/a> is unique, and here\u2019s the proof \ud83d\udd25<a href=\"https:\/\/twitter.com\/hashtag\/ParisRoubaix?src=hash&amp;ref_src=twsrc%5Etfw\">#ParisRoubaix<\/a> n\u2019a pas d\u2019\u00e9gal \ud83d\udd25 <a href=\"https:\/\/t.co\/9CEOFcXzth\">pic.twitter.com\/9CEOFcXzth<\/a><\/p>\n<p>&mdash; Paris-Roubaix (@parisroubaix) <a href=\"https:\/\/twitter.com\/parisroubaix\/status\/1777259491970421229?ref_src=twsrc%5Etfw\">April 8, 2024<\/a><\/p><\/blockquote>\n<p><script async data-src=\"https:\/\/platform.twitter.com\/widgets.js\" charset=\"utf-8\"><\/script><\/div>\n<p><span>S\u00ed, hubo algunas ca\u00eddas (hoy en d\u00eda siempre hay algunas ca\u00eddas en una carrera ciclista), pero la mayor\u00eda no fueron graves y ninguna en Arenberg. Por otro lado, hubo una plaga de pinchazos y otros problemas mec\u00e1nicos, con Jasper Philipsen, lugarteniente de van der Poel y plan B del equipo en caso de que un accidente le sucediera al favorito, tambi\u00e9n sufri\u00f3 un pinchazo. Pero el control de la carrera de Alpecin era tal que volvi\u00f3 al grupo l\u00edder pocos minutos despu\u00e9s de recibir una nueva bicicleta del coche del equipo.<\/span><\/p>\n<p><span>En cuanto a la chicane a\u00f1adida al inicio del tramo adoquinado de Arenberg, que caus\u00f3 tanto revuelo: funcion\u00f3 como deb\u00eda. El rodeo hasta esos desagradables adoquines, que inclu\u00eda un giro en U, puede haber parecido antinatural, pero ralentiz\u00f3 a los ciclistas, que en el pasado hab\u00edan pasado esos adoquines a velocidades de 60 km\/h o m\u00e1s.<\/span><\/p>\n<p><span>Eso no impidi\u00f3 que esta iteraci\u00f3n fuera la Par\u00eds-Roubaix m\u00e1s r\u00e1pida jam\u00e1s disputada gracias al viento a favor, con Van der Poel registrando una velocidad promedio de 47,802 km\/h, superando el r\u00e9cord anterior de 46,841 km\/h, establecido por Van der Poel el a\u00f1o pasado. Como indicaci\u00f3n de lo r\u00e1pido que se corri\u00f3 esta carrera, los corredores cubrieron 54,7 km en la primera hora, que es m\u00e1s r\u00e1pido que el r\u00e9cord de una hora de Bradley Wiggins de 54,526 km, establecido el a\u00f1o pasado en la pista (pero desde entonces eclipsado por Filippo Ganna).<\/span><\/p>\n<p><span>La velocidad de la carrera se debi\u00f3 principalmente al fuerte viento de cola y al ritmo de Alpecin-Deceuninck y Lidl-Trek para mantener a raya una escapada. Cuando Alpecin volvi\u00f3 a aumentar la velocidad en el segundo tramo adoquinado, a falta de 150 kil\u00f3metros de carrera, redujo el pelot\u00f3n a un grupo de unos 40 corredores. Entonces era s\u00f3lo cuesti\u00f3n de tiempo que Van der Poel se pusiera su traje de Superman y se fuera volando.<\/span><\/p>\n","protected":false},"excerpt":{"rendered":"<p>La apuesta m\u00e1s segura en la historia de las apuestas, tan segura como apostar a que el sol saldr\u00e1 ma\u00f1ana, [&hellip;]<\/p>\n","protected":false},"author":29,"featured_media":10703,"comment_status":"open","ping_status":"open","sticky":false,"template":"","format":"standard","meta":{"footnotes":""},"categories":[7],"tags":[40],"global-categories":[],"class_list":["post-10699","post","type-post","status-publish","format-standard","has-post-thumbnail","hentry","category-carretera","tag-paris-roubaix"],"yoast_head":"<!-- This site is optimized with the Yoast SEO Premium plugin v25.3 (Yoast SEO v25.9) - https:\/\/yoast.com\/wordpress\/plugins\/seo\/ -->\n<title>Van der Poel tambi\u00e9n domina la Par\u00eds Roubaix 2024 - \u0160koda We Love Cycling - Spain<\/title>\n<meta name=\"description\" content=\"Van der Poel tambi\u00e9n domina la Par\u00eds Roubaix 2024. Era una apuesta segura y no fall\u00f3. En parte por el gran trabajo del Alpecin.\" \/>\n<meta name=\"robots\" content=\"index, follow, max-snippet:-1, max-image-preview:large, max-video-preview:-1\" \/>\n<link rel=\"canonical\" href=\"https:\/\/www.welovecycling.com\/es\/2024\/04\/08\/van-der-poel-roubaix\/\" \/>\n<meta property=\"og:locale\" content=\"es_ES\" \/>\n<meta property=\"og:type\" content=\"article\" \/>\n<meta property=\"og:title\" content=\"Van der Poel tambi\u00e9n domina la Par\u00eds Roubaix 2024\" \/>\n<meta property=\"og:description\" content=\"Van der Poel tambi\u00e9n domina la Par\u00eds Roubaix 2024. Era una apuesta segura y no fall\u00f3. En parte por el gran trabajo del Alpecin.\" \/>\n<meta property=\"og:url\" content=\"https:\/\/www.welovecycling.com\/es\/2024\/04\/08\/van-der-poel-roubaix\/\" \/>\n<meta property=\"og:site_name\" content=\"\u0160koda We Love Cycling - Spain\" \/>\n<meta property=\"article:published_time\" content=\"2024-04-08T19:49:53+00:00\" \/>\n<meta property=\"og:image\" content=\"https:\/\/d2p6e6u75xmxt8.cloudfront.net\/6\/2024\/04\/Van-der-Poel-Paris-Roubaix-profimedia-0863171390-CVR.webp\" \/>\n\t<meta property=\"og:image:width\" content=\"990\" \/>\n\t<meta property=\"og:image:height\" content=\"660\" \/>\n\t<meta property=\"og:image:type\" content=\"image\/webp\" \/>\n<meta name=\"author\" content=\"We Love Cycling Spain\" \/>\n<meta name=\"twitter:card\" content=\"summary_large_image\" \/>\n<meta name=\"twitter:description\" content=\"Van der Poel tambi\u00e9n domina la Par\u00eds Roubaix 2024. Era una apuesta segura y no fall\u00f3. En parte por el gran trabajo del Alpecin.\" \/>\n<meta name=\"twitter:label1\" content=\"Written by\" \/>\n\t<meta name=\"twitter:data1\" content=\"Siegfried Mortkowitz\" \/>\n\t<meta name=\"twitter:label2\" content=\"Est. reading time\" \/>\n\t<meta name=\"twitter:data2\" content=\"4\" \/>\n<script type=\"application\/ld+json\" class=\"yoast-schema-graph\">{\"@context\":\"https:\/\/schema.org\",\"@graph\":[{\"@type\":\"WebPage\",\"@id\":\"https:\/\/www.welovecycling.com\/es\/2024\/04\/08\/van-der-poel-roubaix\/\",\"url\":\"https:\/\/www.welovecycling.com\/es\/2024\/04\/08\/van-der-poel-roubaix\/\",\"name\":\"Van der Poel tambi\u00e9n domina la Par\u00eds Roubaix 2024 - \u0160koda We Love Cycling - Spain\",\"isPartOf\":{\"@id\":\"https:\/\/www.welovecycling.com\/es\/#website\"},\"primaryImageOfPage\":{\"@id\":\"https:\/\/www.welovecycling.com\/es\/2024\/04\/08\/van-der-poel-roubaix\/#primaryimage\"},\"image\":{\"@id\":\"https:\/\/www.welovecycling.com\/es\/2024\/04\/08\/van-der-poel-roubaix\/#primaryimage\"},\"thumbnailUrl\":\"https:\/\/d2p6e6u75xmxt8.cloudfront.net\/6\/2024\/04\/Van-der-Poel-Paris-Roubaix-profimedia-0863171390-CVR.webp\",\"datePublished\":\"2024-04-08T19:49:53+00:00\",\"author\":{\"@id\":\"https:\/\/www.welovecycling.com\/es\/#\/schema\/person\/deb61715b5812698ee79fb96f343ccd4\"},\"description\":\"Van der Poel tambi\u00e9n domina la Par\u00eds Roubaix 2024. Era una apuesta segura y no fall\u00f3. En parte por el gran trabajo del Alpecin.\",\"breadcrumb\":{\"@id\":\"https:\/\/www.welovecycling.com\/es\/2024\/04\/08\/van-der-poel-roubaix\/#breadcrumb\"},\"inLanguage\":\"es-ES\",\"potentialAction\":[{\"@type\":\"ReadAction\",\"target\":[\"https:\/\/www.welovecycling.com\/es\/2024\/04\/08\/van-der-poel-roubaix\/\"]}]},{\"@type\":\"ImageObject\",\"inLanguage\":\"es-ES\",\"@id\":\"https:\/\/www.welovecycling.com\/es\/2024\/04\/08\/van-der-poel-roubaix\/#primaryimage\",\"url\":\"https:\/\/d2p6e6u75xmxt8.cloudfront.net\/6\/2024\/04\/Van-der-Poel-Paris-Roubaix-profimedia-0863171390-CVR.webp\",\"contentUrl\":\"https:\/\/d2p6e6u75xmxt8.cloudfront.net\/6\/2024\/04\/Van-der-Poel-Paris-Roubaix-profimedia-0863171390-CVR.webp\",\"width\":990,\"height\":660,\"caption\":\"Mathieu van der Poel\"},{\"@type\":\"BreadcrumbList\",\"@id\":\"https:\/\/www.welovecycling.com\/es\/2024\/04\/08\/van-der-poel-roubaix\/#breadcrumb\",\"itemListElement\":[{\"@type\":\"ListItem\",\"position\":1,\"name\":\"Home\",\"item\":\"https:\/\/www.welovecycling.com\/es\/\"},{\"@type\":\"ListItem\",\"position\":2,\"name\":\"Van der Poel tambi\u00e9n domina la Par\u00eds Roubaix 2024\"}]},{\"@type\":\"WebSite\",\"@id\":\"https:\/\/www.welovecycling.com\/es\/#website\",\"url\":\"https:\/\/www.welovecycling.com\/es\/\",\"name\":\"\u0160koda We Love Cycling - Spain\",\"description\":\"\u0160koda WeLoveCycling Spain\",\"potentialAction\":[{\"@type\":\"SearchAction\",\"target\":{\"@type\":\"EntryPoint\",\"urlTemplate\":\"https:\/\/www.welovecycling.com\/es\/?s={search_term_string}\"},\"query-input\":{\"@type\":\"PropertyValueSpecification\",\"valueRequired\":true,\"valueName\":\"search_term_string\"}}],\"inLanguage\":\"es-ES\"},{\"@type\":\"Person\",\"@id\":\"https:\/\/www.welovecycling.com\/es\/#\/schema\/person\/deb61715b5812698ee79fb96f343ccd4\",\"name\":\"We Love Cycling Spain\",\"image\":{\"@type\":\"ImageObject\",\"inLanguage\":\"es-ES\",\"@id\":\"https:\/\/www.welovecycling.com\/es\/#\/schema\/person\/image\/\",\"url\":\"https:\/\/secure.gravatar.com\/avatar\/c824b04e6df0e37a03219d0b6481672889df542894588964102459e46513159c?s=96&d=mm&r=g\",\"contentUrl\":\"https:\/\/secure.gravatar.com\/avatar\/c824b04e6df0e37a03219d0b6481672889df542894588964102459e46513159c?s=96&d=mm&r=g\",\"caption\":\"We Love Cycling Spain\"},\"url\":\"https:\/\/www.welovecycling.com\/es\/author\/amunoz\/\"}]}<\/script>\n<!-- \/ Yoast SEO Premium plugin. -->","yoast_head_json":{"title":"Van der Poel tambi\u00e9n domina la Par\u00eds Roubaix 2024 - \u0160koda We Love Cycling - Spain","description":"Van der Poel tambi\u00e9n domina la Par\u00eds Roubaix 2024. Era una apuesta segura y no fall\u00f3. En parte por el gran trabajo del Alpecin.","robots":{"index":"index","follow":"follow","max-snippet":"max-snippet:-1","max-image-preview":"max-image-preview:large","max-video-preview":"max-video-preview:-1"},"canonical":"https:\/\/www.welovecycling.com\/es\/2024\/04\/08\/van-der-poel-roubaix\/","og_locale":"es_ES","og_type":"article","og_title":"Van der Poel tambi\u00e9n domina la Par\u00eds Roubaix 2024","og_description":"Van der Poel tambi\u00e9n domina la Par\u00eds Roubaix 2024. Era una apuesta segura y no fall\u00f3. En parte por el gran trabajo del Alpecin.","og_url":"https:\/\/www.welovecycling.com\/es\/2024\/04\/08\/van-der-poel-roubaix\/","og_site_name":"\u0160koda We Love Cycling - Spain","article_published_time":"2024-04-08T19:49:53+00:00","og_image":[{"width":990,"height":660,"url":"https:\/\/d2p6e6u75xmxt8.cloudfront.net\/6\/2024\/04\/Van-der-Poel-Paris-Roubaix-profimedia-0863171390-CVR.webp","type":"image\/webp"}],"author":"We Love Cycling Spain","twitter_card":"summary_large_image","twitter_description":"Van der Poel tambi\u00e9n domina la Par\u00eds Roubaix 2024. Era una apuesta segura y no fall\u00f3. En parte por el gran trabajo del Alpecin.","twitter_misc":{"Written by":"Siegfried Mortkowitz","Est. reading time":"4"},"schema":{"@context":"https:\/\/schema.org","@graph":[{"@type":"WebPage","@id":"https:\/\/www.welovecycling.com\/es\/2024\/04\/08\/van-der-poel-roubaix\/","url":"https:\/\/www.welovecycling.com\/es\/2024\/04\/08\/van-der-poel-roubaix\/","name":"Van der Poel tambi\u00e9n domina la Par\u00eds Roubaix 2024 - \u0160koda We Love Cycling - Spain","isPartOf":{"@id":"https:\/\/www.welovecycling.com\/es\/#website"},"primaryImageOfPage":{"@id":"https:\/\/www.welovecycling.com\/es\/2024\/04\/08\/van-der-poel-roubaix\/#primaryimage"},"image":{"@id":"https:\/\/www.welovecycling.com\/es\/2024\/04\/08\/van-der-poel-roubaix\/#primaryimage"},"thumbnailUrl":"https:\/\/d2p6e6u75xmxt8.cloudfront.net\/6\/2024\/04\/Van-der-Poel-Paris-Roubaix-profimedia-0863171390-CVR.webp","datePublished":"2024-04-08T19:49:53+00:00","author":{"@id":"https:\/\/www.welovecycling.com\/es\/#\/schema\/person\/deb61715b5812698ee79fb96f343ccd4"},"description":"Van der Poel tambi\u00e9n domina la Par\u00eds Roubaix 2024. Era una apuesta segura y no fall\u00f3. En parte por el gran trabajo del Alpecin.","breadcrumb":{"@id":"https:\/\/www.welovecycling.com\/es\/2024\/04\/08\/van-der-poel-roubaix\/#breadcrumb"},"inLanguage":"es-ES","potentialAction":[{"@type":"ReadAction","target":["https:\/\/www.welovecycling.com\/es\/2024\/04\/08\/van-der-poel-roubaix\/"]}]},{"@type":"ImageObject","inLanguage":"es-ES","@id":"https:\/\/www.welovecycling.com\/es\/2024\/04\/08\/van-der-poel-roubaix\/#primaryimage","url":"https:\/\/d2p6e6u75xmxt8.cloudfront.net\/6\/2024\/04\/Van-der-Poel-Paris-Roubaix-profimedia-0863171390-CVR.webp","contentUrl":"https:\/\/d2p6e6u75xmxt8.cloudfront.net\/6\/2024\/04\/Van-der-Poel-Paris-Roubaix-profimedia-0863171390-CVR.webp","width":990,"height":660,"caption":"Mathieu van der Poel"},{"@type":"BreadcrumbList","@id":"https:\/\/www.welovecycling.com\/es\/2024\/04\/08\/van-der-poel-roubaix\/#breadcrumb","itemListElement":[{"@type":"ListItem","position":1,"name":"Home","item":"https:\/\/www.welovecycling.com\/es\/"},{"@type":"ListItem","position":2,"name":"Van der Poel tambi\u00e9n domina la Par\u00eds Roubaix 2024"}]},{"@type":"WebSite","@id":"https:\/\/www.welovecycling.com\/es\/#website","url":"https:\/\/www.welovecycling.com\/es\/","name":"\u0160koda We Love Cycling - Spain","description":"\u0160koda WeLoveCycling Spain","potentialAction":[{"@type":"SearchAction","target":{"@type":"EntryPoint","urlTemplate":"https:\/\/www.welovecycling.com\/es\/?s={search_term_string}"},"query-input":{"@type":"PropertyValueSpecification","valueRequired":true,"valueName":"search_term_string"}}],"inLanguage":"es-ES"},{"@type":"Person","@id":"https:\/\/www.welovecycling.com\/es\/#\/schema\/person\/deb61715b5812698ee79fb96f343ccd4","name":"We Love Cycling Spain","image":{"@type":"ImageObject","inLanguage":"es-ES","@id":"https:\/\/www.welovecycling.com\/es\/#\/schema\/person\/image\/","url":"https:\/\/secure.gravatar.com\/avatar\/c824b04e6df0e37a03219d0b6481672889df542894588964102459e46513159c?s=96&d=mm&r=g","contentUrl":"https:\/\/secure.gravatar.com\/avatar\/c824b04e6df0e37a03219d0b6481672889df542894588964102459e46513159c?s=96&d=mm&r=g","caption":"We Love Cycling Spain"},"url":"https:\/\/www.welovecycling.com\/es\/author\/amunoz\/"}]}},"_links":{"self":[{"href":"https:\/\/www.welovecycling.com\/es\/wp-json\/wp\/v2\/posts\/10699","targetHints":{"allow":["GET"]}}],"collection":[{"href":"https:\/\/www.welovecycling.com\/es\/wp-json\/wp\/v2\/posts"}],"about":[{"href":"https:\/\/www.welovecycling.com\/es\/wp-json\/wp\/v2\/types\/post"}],"author":[{"embeddable":true,"href":"https:\/\/www.welovecycling.com\/es\/wp-json\/wp\/v2\/users\/29"}],"replies":[{"embeddable":true,"href":"https:\/\/www.welovecycling.com\/es\/wp-json\/wp\/v2\/comments?post=10699"}],"version-history":[{"count":1,"href":"https:\/\/www.welovecycling.com\/es\/wp-json\/wp\/v2\/posts\/10699\/revisions"}],"predecessor-version":[{"id":10704,"href":"https:\/\/www.welovecycling.com\/es\/wp-json\/wp\/v2\/posts\/10699\/revisions\/10704"}],"wp:featuredmedia":[{"embeddable":true,"href":"https:\/\/www.welovecycling.com\/es\/wp-json\/wp\/v2\/media\/10703"}],"wp:attachment":[{"href":"https:\/\/www.welovecycling.com\/es\/wp-json\/wp\/v2\/media?parent=10699"}],"wp:term":[{"taxonomy":"category","embeddable":true,"href":"https:\/\/www.welovecycling.com\/es\/wp-json\/wp\/v2\/categories?post=10699"},{"taxonomy":"post_tag","embeddable":true,"href":"https:\/\/www.welovecycling.com\/es\/wp-json\/wp\/v2\/tags?post=10699"},{"taxonomy":"global-categories","embeddable":true,"href":"https:\/\/www.welovecycling.com\/es\/wp-json\/wp\/v2\/global-categories?post=10699"}],"curies":[{"name":"wp","href":"https:\/\/api.w.org\/{rel}","templated":true}]}}