{"id":10689,"date":"2024-04-07T19:47:13","date_gmt":"2024-04-07T17:47:13","guid":{"rendered":"https:\/\/www.welovecycling.com\/es\/?p=10689"},"modified":"2024-04-07T19:47:13","modified_gmt":"2024-04-07T17:47:13","slug":"juan-ayuso","status":"publish","type":"post","link":"https:\/\/www.welovecycling.com\/es\/2024\/04\/07\/juan-ayuso\/","title":{"rendered":"Juan Ayuso gobierna en el caos"},"content":{"rendered":"<p style=\"font-weight: 400;\"><strong>La Itzulia no transcurri\u00f3 seg\u00fan el gui\u00f3n previsto. \u00daltimamente, cuando Vingegaard, Roglic\u00a0 y Evenepoel est\u00e1n presentes en una vuelta por etapas el resultado suele ser previsible. Alguno de los tres se lleva el triunfo. La Itzulia 2024 fue diferente y puede cambiar el curso de la temporada. Se impuso Juan Ayuso seguido por Carlos Rodr\u00edguez y Matias Skjelmose. Ninguno en las quinielas. Los tres rodaron por los suelos en diferentes etapas, pero ninguno en la tremenda ca\u00edda de la cuarta etapa, que dej\u00f3 a los tres favoritos fuera de combate.<\/strong><\/p>\n<p><!--more--><\/p>\n<p style=\"font-weight: 400;\">La cuarta etapa acabo siendo decisiva para el devenir de la Itzulia. Hasta entonces ya hab\u00eda sido una carrera accidentada. Roglic, que se llev\u00f3 el liderato el la crono del primer d\u00eda ya se hab\u00eda ca\u00eddo en la jornada anterior. La bajada de la segunda etapa mojada camino de Camb\u00f3 fue m\u00e1s peligrosa de lo normal. El tercer d\u00eda Carlos Rodr\u00edguez tambi\u00e9n luc\u00eda heridas de guerra en la mano. Bajadas r\u00e1pidas, carreteras estrechas y pelot\u00f3n lanzado. Hasta la jornada de Legutio hab\u00edan ganado<a href=\"https:\/\/www.welovecycling.com\/es\/2023\/03\/29\/roglic-vs-evenepoel-una-rivalidad-que-solo-acaba-de-empezar\/\"> Roglic<\/a> en la crono y Paul Lapeira y Quinten Hermans en dos sprints reducidos y en ligera subida.<\/p>\n<p>Quedaban 30 kil\u00f3metros para la meta del cuarto d\u00eda en Legutio cuando el pelot\u00f3n bajaba Olaeta en busca de los seis fugados. Carretera estrecha, botosa y todos los favoritos delante por si acaso pasaba algo. Patinazo de <b data-testid=\"body-text-bold\">Natnael Tesfazion, del Lidl Trek, en una curva cerrada a derechas y todos en cadena al suelo.\u00a0<\/b>M\u00e1s de 30 ciclistas en la cuneta. Caos, ambulancias y un parte m\u00e9dico que dejaba fuera a Vingeegard con fractura de clav\u00edcula y costillas, Evenepoel, tambi\u00e9n con rotura de clav\u00edcula y esc\u00e1pula y a Roglic con m\u00faltiples contusiones y en el coche de equipo. La carrera neutralizada por falta de ambulancias (solo disputaron los seis escapados) y a los tres m\u00e1ximos favoritos fuera de competici\u00f3n. Por el hospital tambi\u00e9n pasaron Jay Vine con fracturas cervicales sin da\u00f1o neurol\u00f3gico, Steff Cras con neumotorax y varias costillas fracturadas y Sean Quinn con el estern\u00f3n fracturado entre m\u00faltiples abrasiones.<\/p>\n<blockquote class=\"twitter-tweet\">\n<p dir=\"ltr\" lang=\"es\">\ud83d\udcfd \ud835\udc12\ud835\udc04\ud835\udc02\ud835\udc14\ud835\udc04\ud835\udc0d\ud835\udc02\ud835\udc08\ud835\udc00 \ud835\udc02\ud835\udc0e\ud835\udc0c\ud835\udc0f\ud835\udc0b\ud835\udc04\ud835\udc13\ud835\udc00 \ud83d\udcfd<\/p>\n<p>\ud83d\udca5 As\u00ed fue la m\u00faltiple y aparatosa ca\u00edda que ha puesto en jaque la cuarta etapa de la <a href=\"https:\/\/twitter.com\/ehitzulia?ref_src=twsrc%5Etfw\">@ehitzulia<\/a> <a href=\"https:\/\/twitter.com\/hashtag\/itzulia2024?src=hash&amp;ref_src=twsrc%5Etfw\">#itzulia2024<\/a> <a href=\"https:\/\/t.co\/5xSZNUMZUs\">https:\/\/t.co\/5xSZNUMZUs<\/a><\/p>\n<p>\u2014 Eurosport.es (@Eurosport_ES) <a href=\"https:\/\/twitter.com\/Eurosport_ES\/status\/1775903359918055765?ref_src=twsrc%5Etfw\">April 4, 2024<\/a><\/p><\/blockquote>\n<p><script async src=\"https:\/\/platform.twitter.com\/widgets.js\" charset=\"utf-8\"><\/script><br \/>\nLa carrera ya no volvi\u00f3 a ser la misma. Y m\u00e1s cuando en la quinta etapa tambi\u00e9n tuvo que retirar Mikel Landa, otro de los favoritos, con la clav\u00edcula rota despu\u00e9s de caerse camino de Urkiola, a pocos kil\u00f3metros de su casa. Ese d\u00eda gan\u00f3 Romain Gregoire en la foto finish, en el tercer sprint reducido en cuesta.<\/p>\n<h2><strong>Arrate siempre\u00a0<\/strong><\/h2>\n<p style=\"font-weight: 400;\">La \u00faltima etapa de la Itzulia 2024 estaba programada para el espect\u00e1culo. Sobre todo si la clasificaci\u00f3n andaba en pocos segundos y hab\u00eda equipos dispuestos a jugara ciclistas. Solo 140 kil\u00f3metros con salida y llegada en <a href=\"https:\/\/itzulia.eus\/etapas\/eibar-eibar-2024\/\">Eibar<\/a> y siete puertos de monta\u00f1a. Entre ellos Krabelin (Arrate) en mitad de recorrido y el dur\u00edsimo Ixua a solo 30 de meta.<\/p>\n<p>El l\u00edder era el dan\u00e9s Skjelmose, por lo que ten\u00eda a todo el Lidl Trek para defender su exigua renta de pocos segundos con respecto a Ayuso. El gran problema es que al UAE de Matxin le encanta jugar a reventar la carrera y tiene corredores para eso. Arrieta, Bax y Soler, que lleg\u00f3 a ser l\u00edder virtual, se encargaron de preparar el terreno para <strong>Del Toro y Ayuso.<\/strong> <strong>El valenciano arranc\u00f3 en Ixua<\/strong> y se llev\u00f3 con \u00e9l a Carlos Rodr\u00edguez, igual que hac\u00edan cuando ambos se pegaban por ganar las carreras j\u00fanior en Espa\u00f1a. Skjelmose perdi\u00f3 comba, pero encontr\u00f3 a Oscar Onley (DSM) para echarle una mano y restar la ayuda de Soler, que segu\u00eda escapado, a su compa\u00f1ero Ayuso. Enganch\u00f3 el dan\u00e9s del Lidl Trek en la bajada, pero ya hab\u00eda quemado sus naves.<\/p>\n<p>Ayuso y Carlos Rodr\u00edguez volvieron a acelerar en Urkaegi, un tercera que era la \u00faltima subida de la Itzulia 2024, Se marcharon solos y se entendieron a la perfecci\u00f3n. Para el valenciano la general y para el de Almu\u00f1ecar la etapa. Doblete espa\u00f1ol y primera victoria de un ciclista de nuestro pa\u00eds en una vuelta por etapas World Tour desde que hace siete a\u00f1os venci\u00f3 Ion Izagirre en esta misma Itzulia.<\/p>\n<p>La Itzulia marcar\u00e1 la temporada 2024. El Visma anunci\u00f3 que Vingegaard es duda para el Tour y tendr\u00e1 que pasar unos d\u00edas en el Hospital. Remco tambi\u00e9n llegar\u00e1 corto al Tour y se perder\u00e1 la Lieja Bastogne Lieja, donde se iba a medir a Pogacar. Landa, su gregario en el Tour, debe esperar resultados de una fractura de costillas. De los favoritos el mejor librado fue Roglic, que a\u00fan as\u00ed se pasar\u00e1 una semana vendado y sin poder entrenar. Ahora toca a Visma, que tambi\u00e9n perdi\u00f3 hace unos dias a Van Aert, y Soudal replantear todo lo que queda de temporada y a Bora reeleborar calendarios y preparaci\u00f3n para Primoz Roglic.<\/p>\n<p><img loading=\"lazy\" decoding=\"async\" class=\"alignnone size-extra-large\" src=\"https:\/\/itzulia.eus\/wp-content\/uploads\/2024\/04\/IMG_2576-1.jpg\" width=\"1495\" height=\"997\" \/><\/p>\n<p style=\"font-weight: 400;\">\n","protected":false},"excerpt":{"rendered":"<p>La Itzulia no transcurri\u00f3 seg\u00fan el gui\u00f3n previsto. \u00daltimamente, cuando Vingegaard, Roglic\u00a0 y Evenepoel est\u00e1n presentes en una vuelta por [&hellip;]<\/p>\n","protected":false},"author":29,"featured_media":10696,"comment_status":"open","ping_status":"open","sticky":false,"template":"","format":"standard","meta":{"footnotes":""},"categories":[7],"tags":[],"global-categories":[],"class_list":["post-10689","post","type-post","status-publish","format-standard","has-post-thumbnail","hentry","category-carretera"],"yoast_head":"<!-- This site is optimized with the Yoast SEO Premium plugin v25.3 (Yoast SEO v25.9) - https:\/\/yoast.com\/wordpress\/plugins\/seo\/ -->\n<title>Juan Ayuso gobierna en el caos - Itzulia 2024<\/title>\n<meta name=\"description\" content=\"Juan Ayuso gobierna en el caos. El valenciano super\u00f3 a Carlos Rodr\u00edguez en una carrera marcada por las ca\u00eddas de Vingegaard, Roglic y Remco.\" \/>\n<meta name=\"robots\" content=\"index, follow, max-snippet:-1, max-image-preview:large, max-video-preview:-1\" \/>\n<link rel=\"canonical\" href=\"https:\/\/www.welovecycling.com\/es\/2024\/04\/07\/juan-ayuso\/\" \/>\n<meta property=\"og:locale\" content=\"es_ES\" \/>\n<meta property=\"og:type\" content=\"article\" \/>\n<meta property=\"og:title\" content=\"Juan Ayuso gobierna en el caos\" \/>\n<meta property=\"og:description\" content=\"Juan Ayuso gobierna en el caos. El valenciano super\u00f3 a Carlos Rodr\u00edguez en una carrera marcada por las ca\u00eddas de Vingegaard, Roglic y Remco.\" \/>\n<meta property=\"og:url\" content=\"https:\/\/www.welovecycling.com\/es\/2024\/04\/07\/juan-ayuso\/\" \/>\n<meta property=\"og:site_name\" content=\"\u0160koda We Love Cycling - Spain\" \/>\n<meta property=\"article:published_time\" content=\"2024-04-07T17:47:13+00:00\" \/>\n<meta property=\"og:image\" content=\"https:\/\/d2p6e6u75xmxt8.cloudfront.net\/6\/2024\/04\/ayuso_carlos.webp\" \/>\n\t<meta property=\"og:image:width\" content=\"1280\" \/>\n\t<meta property=\"og:image:height\" content=\"853\" \/>\n\t<meta property=\"og:image:type\" content=\"image\/webp\" \/>\n<meta name=\"author\" content=\"We Love Cycling Spain\" \/>\n<meta name=\"twitter:card\" content=\"summary_large_image\" \/>\n<meta name=\"twitter:description\" content=\"Juan Ayuso gobierna en el caos. El valenciano super\u00f3 a Carlos Rodr\u00edguez en una carrera marcada por las ca\u00eddas de Vingegaard, Roglic y Remco.\" \/>\n<meta name=\"twitter:label1\" content=\"Written by\" \/>\n\t<meta name=\"twitter:data1\" content=\"Luis Ortega\" \/>\n\t<meta name=\"twitter:label2\" content=\"Est. reading time\" \/>\n\t<meta name=\"twitter:data2\" content=\"3\" \/>\n<script type=\"application\/ld+json\" class=\"yoast-schema-graph\">{\"@context\":\"https:\/\/schema.org\",\"@graph\":[{\"@type\":\"WebPage\",\"@id\":\"https:\/\/www.welovecycling.com\/es\/2024\/04\/07\/juan-ayuso\/\",\"url\":\"https:\/\/www.welovecycling.com\/es\/2024\/04\/07\/juan-ayuso\/\",\"name\":\"Juan Ayuso gobierna en el caos - Itzulia 2024\",\"isPartOf\":{\"@id\":\"https:\/\/www.welovecycling.com\/es\/#website\"},\"primaryImageOfPage\":{\"@id\":\"https:\/\/www.welovecycling.com\/es\/2024\/04\/07\/juan-ayuso\/#primaryimage\"},\"image\":{\"@id\":\"https:\/\/www.welovecycling.com\/es\/2024\/04\/07\/juan-ayuso\/#primaryimage\"},\"thumbnailUrl\":\"https:\/\/d2p6e6u75xmxt8.cloudfront.net\/6\/2024\/04\/ayuso_carlos.webp\",\"datePublished\":\"2024-04-07T17:47:13+00:00\",\"author\":{\"@id\":\"https:\/\/www.welovecycling.com\/es\/#\/schema\/person\/deb61715b5812698ee79fb96f343ccd4\"},\"description\":\"Juan Ayuso gobierna en el caos. El valenciano super\u00f3 a Carlos Rodr\u00edguez en una carrera marcada por las ca\u00eddas de Vingegaard, Roglic y Remco.\",\"breadcrumb\":{\"@id\":\"https:\/\/www.welovecycling.com\/es\/2024\/04\/07\/juan-ayuso\/#breadcrumb\"},\"inLanguage\":\"es-ES\",\"potentialAction\":[{\"@type\":\"ReadAction\",\"target\":[\"https:\/\/www.welovecycling.com\/es\/2024\/04\/07\/juan-ayuso\/\"]}]},{\"@type\":\"ImageObject\",\"inLanguage\":\"es-ES\",\"@id\":\"https:\/\/www.welovecycling.com\/es\/2024\/04\/07\/juan-ayuso\/#primaryimage\",\"url\":\"https:\/\/d2p6e6u75xmxt8.cloudfront.net\/6\/2024\/04\/ayuso_carlos.webp\",\"contentUrl\":\"https:\/\/d2p6e6u75xmxt8.cloudfront.net\/6\/2024\/04\/ayuso_carlos.webp\",\"width\":1280,\"height\":853},{\"@type\":\"BreadcrumbList\",\"@id\":\"https:\/\/www.welovecycling.com\/es\/2024\/04\/07\/juan-ayuso\/#breadcrumb\",\"itemListElement\":[{\"@type\":\"ListItem\",\"position\":1,\"name\":\"Home\",\"item\":\"https:\/\/www.welovecycling.com\/es\/\"},{\"@type\":\"ListItem\",\"position\":2,\"name\":\"Juan Ayuso gobierna en el caos\"}]},{\"@type\":\"WebSite\",\"@id\":\"https:\/\/www.welovecycling.com\/es\/#website\",\"url\":\"https:\/\/www.welovecycling.com\/es\/\",\"name\":\"\u0160koda We Love Cycling - Spain\",\"description\":\"\u0160koda WeLoveCycling Spain\",\"potentialAction\":[{\"@type\":\"SearchAction\",\"target\":{\"@type\":\"EntryPoint\",\"urlTemplate\":\"https:\/\/www.welovecycling.com\/es\/?s={search_term_string}\"},\"query-input\":{\"@type\":\"PropertyValueSpecification\",\"valueRequired\":true,\"valueName\":\"search_term_string\"}}],\"inLanguage\":\"es-ES\"},{\"@type\":\"Person\",\"@id\":\"https:\/\/www.welovecycling.com\/es\/#\/schema\/person\/deb61715b5812698ee79fb96f343ccd4\",\"name\":\"We Love Cycling Spain\",\"image\":{\"@type\":\"ImageObject\",\"inLanguage\":\"es-ES\",\"@id\":\"https:\/\/www.welovecycling.com\/es\/#\/schema\/person\/image\/\",\"url\":\"https:\/\/secure.gravatar.com\/avatar\/c824b04e6df0e37a03219d0b6481672889df542894588964102459e46513159c?s=96&d=mm&r=g\",\"contentUrl\":\"https:\/\/secure.gravatar.com\/avatar\/c824b04e6df0e37a03219d0b6481672889df542894588964102459e46513159c?s=96&d=mm&r=g\",\"caption\":\"We Love Cycling Spain\"},\"url\":\"https:\/\/www.welovecycling.com\/es\/author\/amunoz\/\"}]}<\/script>\n<!-- \/ Yoast SEO Premium plugin. -->","yoast_head_json":{"title":"Juan Ayuso gobierna en el caos - Itzulia 2024","description":"Juan Ayuso gobierna en el caos. El valenciano super\u00f3 a Carlos Rodr\u00edguez en una carrera marcada por las ca\u00eddas de Vingegaard, Roglic y Remco.","robots":{"index":"index","follow":"follow","max-snippet":"max-snippet:-1","max-image-preview":"max-image-preview:large","max-video-preview":"max-video-preview:-1"},"canonical":"https:\/\/www.welovecycling.com\/es\/2024\/04\/07\/juan-ayuso\/","og_locale":"es_ES","og_type":"article","og_title":"Juan Ayuso gobierna en el caos","og_description":"Juan Ayuso gobierna en el caos. El valenciano super\u00f3 a Carlos Rodr\u00edguez en una carrera marcada por las ca\u00eddas de Vingegaard, Roglic y Remco.","og_url":"https:\/\/www.welovecycling.com\/es\/2024\/04\/07\/juan-ayuso\/","og_site_name":"\u0160koda We Love Cycling - Spain","article_published_time":"2024-04-07T17:47:13+00:00","og_image":[{"width":1280,"height":853,"url":"https:\/\/d2p6e6u75xmxt8.cloudfront.net\/6\/2024\/04\/ayuso_carlos.webp","type":"image\/webp"}],"author":"We Love Cycling Spain","twitter_card":"summary_large_image","twitter_description":"Juan Ayuso gobierna en el caos. El valenciano super\u00f3 a Carlos Rodr\u00edguez en una carrera marcada por las ca\u00eddas de Vingegaard, Roglic y Remco.","twitter_misc":{"Written by":"Luis Ortega","Est. reading time":"3"},"schema":{"@context":"https:\/\/schema.org","@graph":[{"@type":"WebPage","@id":"https:\/\/www.welovecycling.com\/es\/2024\/04\/07\/juan-ayuso\/","url":"https:\/\/www.welovecycling.com\/es\/2024\/04\/07\/juan-ayuso\/","name":"Juan Ayuso gobierna en el caos - Itzulia 2024","isPartOf":{"@id":"https:\/\/www.welovecycling.com\/es\/#website"},"primaryImageOfPage":{"@id":"https:\/\/www.welovecycling.com\/es\/2024\/04\/07\/juan-ayuso\/#primaryimage"},"image":{"@id":"https:\/\/www.welovecycling.com\/es\/2024\/04\/07\/juan-ayuso\/#primaryimage"},"thumbnailUrl":"https:\/\/d2p6e6u75xmxt8.cloudfront.net\/6\/2024\/04\/ayuso_carlos.webp","datePublished":"2024-04-07T17:47:13+00:00","author":{"@id":"https:\/\/www.welovecycling.com\/es\/#\/schema\/person\/deb61715b5812698ee79fb96f343ccd4"},"description":"Juan Ayuso gobierna en el caos. El valenciano super\u00f3 a Carlos Rodr\u00edguez en una carrera marcada por las ca\u00eddas de Vingegaard, Roglic y Remco.","breadcrumb":{"@id":"https:\/\/www.welovecycling.com\/es\/2024\/04\/07\/juan-ayuso\/#breadcrumb"},"inLanguage":"es-ES","potentialAction":[{"@type":"ReadAction","target":["https:\/\/www.welovecycling.com\/es\/2024\/04\/07\/juan-ayuso\/"]}]},{"@type":"ImageObject","inLanguage":"es-ES","@id":"https:\/\/www.welovecycling.com\/es\/2024\/04\/07\/juan-ayuso\/#primaryimage","url":"https:\/\/d2p6e6u75xmxt8.cloudfront.net\/6\/2024\/04\/ayuso_carlos.webp","contentUrl":"https:\/\/d2p6e6u75xmxt8.cloudfront.net\/6\/2024\/04\/ayuso_carlos.webp","width":1280,"height":853},{"@type":"BreadcrumbList","@id":"https:\/\/www.welovecycling.com\/es\/2024\/04\/07\/juan-ayuso\/#breadcrumb","itemListElement":[{"@type":"ListItem","position":1,"name":"Home","item":"https:\/\/www.welovecycling.com\/es\/"},{"@type":"ListItem","position":2,"name":"Juan Ayuso gobierna en el caos"}]},{"@type":"WebSite","@id":"https:\/\/www.welovecycling.com\/es\/#website","url":"https:\/\/www.welovecycling.com\/es\/","name":"\u0160koda We Love Cycling - Spain","description":"\u0160koda WeLoveCycling Spain","potentialAction":[{"@type":"SearchAction","target":{"@type":"EntryPoint","urlTemplate":"https:\/\/www.welovecycling.com\/es\/?s={search_term_string}"},"query-input":{"@type":"PropertyValueSpecification","valueRequired":true,"valueName":"search_term_string"}}],"inLanguage":"es-ES"},{"@type":"Person","@id":"https:\/\/www.welovecycling.com\/es\/#\/schema\/person\/deb61715b5812698ee79fb96f343ccd4","name":"We Love Cycling Spain","image":{"@type":"ImageObject","inLanguage":"es-ES","@id":"https:\/\/www.welovecycling.com\/es\/#\/schema\/person\/image\/","url":"https:\/\/secure.gravatar.com\/avatar\/c824b04e6df0e37a03219d0b6481672889df542894588964102459e46513159c?s=96&d=mm&r=g","contentUrl":"https:\/\/secure.gravatar.com\/avatar\/c824b04e6df0e37a03219d0b6481672889df542894588964102459e46513159c?s=96&d=mm&r=g","caption":"We Love Cycling Spain"},"url":"https:\/\/www.welovecycling.com\/es\/author\/amunoz\/"}]}},"_links":{"self":[{"href":"https:\/\/www.welovecycling.com\/es\/wp-json\/wp\/v2\/posts\/10689","targetHints":{"allow":["GET"]}}],"collection":[{"href":"https:\/\/www.welovecycling.com\/es\/wp-json\/wp\/v2\/posts"}],"about":[{"href":"https:\/\/www.welovecycling.com\/es\/wp-json\/wp\/v2\/types\/post"}],"author":[{"embeddable":true,"href":"https:\/\/www.welovecycling.com\/es\/wp-json\/wp\/v2\/users\/29"}],"replies":[{"embeddable":true,"href":"https:\/\/www.welovecycling.com\/es\/wp-json\/wp\/v2\/comments?post=10689"}],"version-history":[{"count":3,"href":"https:\/\/www.welovecycling.com\/es\/wp-json\/wp\/v2\/posts\/10689\/revisions"}],"predecessor-version":[{"id":10697,"href":"https:\/\/www.welovecycling.com\/es\/wp-json\/wp\/v2\/posts\/10689\/revisions\/10697"}],"wp:featuredmedia":[{"embeddable":true,"href":"https:\/\/www.welovecycling.com\/es\/wp-json\/wp\/v2\/media\/10696"}],"wp:attachment":[{"href":"https:\/\/www.welovecycling.com\/es\/wp-json\/wp\/v2\/media?parent=10689"}],"wp:term":[{"taxonomy":"category","embeddable":true,"href":"https:\/\/www.welovecycling.com\/es\/wp-json\/wp\/v2\/categories?post=10689"},{"taxonomy":"post_tag","embeddable":true,"href":"https:\/\/www.welovecycling.com\/es\/wp-json\/wp\/v2\/tags?post=10689"},{"taxonomy":"global-categories","embeddable":true,"href":"https:\/\/www.welovecycling.com\/es\/wp-json\/wp\/v2\/global-categories?post=10689"}],"curies":[{"name":"wp","href":"https:\/\/api.w.org\/{rel}","templated":true}]}}