{"id":10678,"date":"2024-03-28T11:44:31","date_gmt":"2024-03-28T09:44:31","guid":{"rendered":"https:\/\/www.welovecycling.com\/es\/?p=10678"},"modified":"2024-03-26T11:57:33","modified_gmt":"2024-03-26T09:57:33","slug":"cardio-o-fuerza-que-es-lo-mejor-para-la-salud","status":"publish","type":"post","link":"https:\/\/www.welovecycling.com\/es\/2024\/03\/28\/cardio-o-fuerza-que-es-lo-mejor-para-la-salud\/","title":{"rendered":"Cardio o fuerza \u00bfQu\u00e9 es lo mejor para la salud?"},"content":{"rendered":"<p style=\"font-weight: 400;\"><strong>Sabemos que el ejercicio ayuda a reducir el riesgo de desarrollar enfermedades cardiovasculares. Pero \u00bfcu\u00e1l es la mejor manera de combinar el entrenamiento de fuerza y el aer\u00f3bico para obtener el m\u00e1ximo beneficio? Los investigadores decidieron averiguarlo en uno de los mayores ensayos de ejercicio realizados hasta la fecha.<\/strong><\/p>\n<p><!--more--><\/p>\n<h2><strong>Uno de los estudios m\u00e1s largos<\/strong><\/h2>\n<p style=\"font-weight: 400;\"><a href=\"https:\/\/academic.oup.com\/eurheartj\/advance-article\/doi\/10.1093\/eurheartj\/ehad827\/7513891\">Los investigadores de la Universidad Estatal de Iowa<\/a> incluyeron a 406 participantes obesos o con sobrepeso (de 35 a 70 a\u00f1os) con presi\u00f3n arterial elevada en un ensayo de ejercicio controlado aleatorizado de un a\u00f1o de duraci\u00f3n. Los participantes se dividieron en cuatro grupos.<\/p>\n<p><strong>Sin ejercicio:<\/strong> Estos participantes no hicieron ejercicio y sirvieron como grupo de control<\/p>\n<p><strong>S\u00f3lo resistencia:<\/strong> sesi\u00f3n de entrenamiento de resistencia de 1 hora en m\u00e1quinas de levantamiento de pesas, 3 veces por semana<\/p>\n<p><strong>S\u00f3lo ejercicio aer\u00f3bico:<\/strong> sesi\u00f3n de intensidad aer\u00f3bica de 1 hora en cinta de correr o<a href=\"https:\/\/www.welovecycling.com\/wide\/2021\/12\/02\/the-best-smart-indoor-trainers-for-2022\/\"> bicicleta est\u00e1tica<\/a>, 3 veces por semana.<\/p>\n<p><strong>Ejercicio combinado:<\/strong> 1 hora dividida en entrenamiento de resistencia y aer\u00f3bico, 3 veces por semana.<\/p>\n<p style=\"font-weight: 400;\">Al grupo de resistencia se le prescribieron 3 series de 8-16 repeticiones al 50%-80% de la fuerza m\u00e1xima en 12 m\u00e1quinas de levantamiento de pesas (press de piernas, curl de isquiotibiales, extensi\u00f3n de cu\u00e1driceps, abducci\u00f3n de cadera, press de pecho, pulldown de dorsales, press de hombros, curl de b\u00edceps, extensi\u00f3n de tr\u00edceps, crunch abdominal, extensi\u00f3n de espalda baja y rotaci\u00f3n de torso) con 1 minuto de descanso entre ellas. Al grupo aer\u00f3bico se le prescribi\u00f3 ejercicio al 50%-80% de su reserva de frecuencia cardiaca, calculada como [(frecuencia cardiaca m\u00e1xima &#8211; frecuencia cardiaca en reposo) \u00d7 %intensidad] + frecuencia cardiaca en reposo, utilizando cintas de correr, bicicletas est\u00e1ticas y m\u00e1quinas el\u00edpticas.<\/p>\n<figure id=\"attachment_10679\" aria-describedby=\"caption-attachment-10679\" style=\"width: 990px\" class=\"wp-caption alignnone\"><a href=\"https:\/\/d2p6e6u75xmxt8.cloudfront.net\/6\/2024\/03\/Weight-Lifting-profimedia-0856509804-CVR.webp\"><img loading=\"lazy\" decoding=\"async\" class=\"wp-image-10679 size-full\" src=\"https:\/\/d2p6e6u75xmxt8.cloudfront.net\/6\/2024\/03\/Weight-Lifting-profimedia-0856509804-CVR.webp\" alt=\"Weight Lifting\" width=\"990\" height=\"660\" srcset=\"https:\/\/d2p6e6u75xmxt8.cloudfront.net\/6\/2024\/03\/Weight-Lifting-profimedia-0856509804-CVR.webp 990w, https:\/\/d2p6e6u75xmxt8.cloudfront.net\/6\/2024\/03\/Weight-Lifting-profimedia-0856509804-CVR-300x200.webp 300w, https:\/\/d2p6e6u75xmxt8.cloudfront.net\/6\/2024\/03\/Weight-Lifting-profimedia-0856509804-CVR-768x512.webp 768w, https:\/\/d2p6e6u75xmxt8.cloudfront.net\/6\/2024\/03\/Weight-Lifting-profimedia-0856509804-CVR-400x267.webp 400w, https:\/\/d2p6e6u75xmxt8.cloudfront.net\/6\/2024\/03\/Weight-Lifting-profimedia-0856509804-CVR-272x182.webp 272w\" sizes=\"auto, (max-width: 990px) 100vw, 990px\" \/><\/a><figcaption id=\"caption-attachment-10679\" class=\"wp-caption-text\">El ejercicio aer\u00f3bico y combinado es lo mejor para la salud cardiovascular \u00a9 Profimedia<\/figcaption><\/figure>\n<p style=\"font-weight: 400;\">Los investigadores tambi\u00e9n recopilaron datos sobre la actividad f\u00edsica y la dieta fuera del laboratorio durante el ensayo. Todos los participantes, incluidos los del grupo sin ejercicio, llevaban pod\u00f3metros para medir los pasos diarios. Se reun\u00edan cada 3 meses con dietistas titulados para recibir formaci\u00f3n sobre los &#8220;Enfoques diet\u00e9ticos para detener la hipertensi\u00f3n&#8221;. Tambi\u00e9n se les pidi\u00f3 que registraran lo que hab\u00edan consumido con una herramienta de evaluaci\u00f3n diet\u00e9tica en l\u00ednea.<\/p>\n<h2><strong>El ejercicio aer\u00f3bico combinado es lo mejor para la salud<\/strong><\/h2>\n<p>Al principio, a los 6 meses y al final del ensayo, los investigadores midieron la tensi\u00f3n arterial, el colesterol LDL, la glucosa en ayunas y el porcentaje de grasa corporal de cada participante para evaluar su riesgo de enfermedad cardiovascular. Esto es lo que descubrieron<\/p>\n<p>El<strong> porcentaje de grasa corporal disminuy\u00f3<\/strong> significativamente en los tres grupos de ejercicio, pero no en el grupo de control.<\/p>\n<p>La <strong>presi\u00f3n arterial se redujo en todos los grupos a lo largo del ensayo<\/strong>, pero los grupos aer\u00f3bico y combinado la redujeron 3 y 4 veces m\u00e1s, respectivamente, que el grupo de control o el de resistencia.<\/p>\n<p>El <strong>colesterol LDL aument\u00f3 en el grupo de control<\/strong>, se redujo ligeramente en el grupo de resistencia y disminuy\u00f3 significativamente en los grupos aer\u00f3bico y combinado.<\/p>\n<p>El <strong>riesgo general de enfermedad cardiovascular se redujo significativamente en los grupos aer\u00f3bico y combinado<\/strong>, s\u00f3lo ligeramente en el grupo de resistencia y casi nada en el grupo de control.<\/p>\n<p>&#8220;Si est\u00e1 aburrido del ejercicio aer\u00f3bico y quiere variar, o tiene dolor en las articulaciones que le dificulta correr largas distancias, nuestro estudio demuestra que puede sustituir la mitad de su entrenamiento aer\u00f3bico por entrenamiento de fuerza para obtener los mismos beneficios cardiovasculares. El entrenamiento combinado tambi\u00e9n ofrece otros beneficios \u00fanicos para la salud, como la mejora de los m\u00fasculos&#8221;, afirma Duck-chul Lee, autor principal y profesor de kinesiolog\u00eda de la Universidad Estatal de Iowa.<\/p>\n","protected":false},"excerpt":{"rendered":"<p>Sabemos que el ejercicio ayuda a reducir el riesgo de desarrollar enfermedades cardiovasculares. Pero \u00bfcu\u00e1l es la mejor manera de [&hellip;]<\/p>\n","protected":false},"author":29,"featured_media":8598,"comment_status":"open","ping_status":"open","sticky":false,"template":"","format":"standard","meta":{"footnotes":""},"categories":[7,8,9],"tags":[],"global-categories":[],"class_list":["post-10678","post","type-post","status-publish","format-standard","has-post-thumbnail","hentry","category-carretera","category-life-style","category-mtb-aventura"],"yoast_head":"<!-- This site is optimized with the Yoast SEO Premium plugin v25.3 (Yoast SEO v25.9) - https:\/\/yoast.com\/wordpress\/plugins\/seo\/ -->\n<title>Cardio o fuerza \u00bfQu\u00e9 es lo mejor para la salud?<\/title>\n<meta name=\"description\" content=\"Cardio o fuerza \u00bfQu\u00e9 es lo mejor para la salud? En realidad un estudio dice que el ejercicio de ambas disciplinas combinadas es lo mejor.\" \/>\n<meta name=\"robots\" content=\"index, follow, max-snippet:-1, max-image-preview:large, max-video-preview:-1\" \/>\n<link rel=\"canonical\" href=\"https:\/\/www.welovecycling.com\/es\/2024\/03\/28\/cardio-o-fuerza-que-es-lo-mejor-para-la-salud\/\" \/>\n<meta property=\"og:locale\" content=\"es_ES\" \/>\n<meta property=\"og:type\" content=\"article\" \/>\n<meta property=\"og:title\" content=\"Cardio o fuerza \u00bfQu\u00e9 es lo mejor para la salud?\" \/>\n<meta property=\"og:description\" content=\"Cardio o fuerza \u00bfQu\u00e9 es lo mejor para la salud? En realidad un estudio dice que el ejercicio de ambas disciplinas combinadas es lo mejor.\" \/>\n<meta property=\"og:url\" content=\"https:\/\/www.welovecycling.com\/es\/2024\/03\/28\/cardio-o-fuerza-que-es-lo-mejor-para-la-salud\/\" \/>\n<meta property=\"og:site_name\" content=\"\u0160koda We Love Cycling - Spain\" \/>\n<meta property=\"article:published_time\" content=\"2024-03-28T09:44:31+00:00\" \/>\n<meta property=\"og:image\" content=\"https:\/\/d2p6e6u75xmxt8.cloudfront.net\/6\/2022\/02\/Indoor-Cycling-profimedia-0606415075-CVR.jpg\" \/>\n\t<meta property=\"og:image:width\" content=\"1366\" \/>\n\t<meta property=\"og:image:height\" content=\"600\" \/>\n\t<meta property=\"og:image:type\" content=\"image\/jpeg\" \/>\n<meta name=\"author\" content=\"We Love Cycling Spain\" \/>\n<meta name=\"twitter:card\" content=\"summary_large_image\" \/>\n<meta name=\"twitter:description\" content=\"Cardio o fuerza \u00bfQu\u00e9 es lo mejor para la salud? En realidad un estudio dice que el ejercicio de ambas disciplinas combinadas es lo mejor.\" \/>\n<meta name=\"twitter:label1\" content=\"Written by\" \/>\n\t<meta name=\"twitter:data1\" content=\"Jiri Kaloc\" \/>\n\t<meta name=\"twitter:label2\" content=\"Est. reading time\" \/>\n\t<meta name=\"twitter:data2\" content=\"3\" \/>\n<script type=\"application\/ld+json\" class=\"yoast-schema-graph\">{\"@context\":\"https:\/\/schema.org\",\"@graph\":[{\"@type\":\"WebPage\",\"@id\":\"https:\/\/www.welovecycling.com\/es\/2024\/03\/28\/cardio-o-fuerza-que-es-lo-mejor-para-la-salud\/\",\"url\":\"https:\/\/www.welovecycling.com\/es\/2024\/03\/28\/cardio-o-fuerza-que-es-lo-mejor-para-la-salud\/\",\"name\":\"Cardio o fuerza \u00bfQu\u00e9 es lo mejor para la salud?\",\"isPartOf\":{\"@id\":\"https:\/\/www.welovecycling.com\/es\/#website\"},\"primaryImageOfPage\":{\"@id\":\"https:\/\/www.welovecycling.com\/es\/2024\/03\/28\/cardio-o-fuerza-que-es-lo-mejor-para-la-salud\/#primaryimage\"},\"image\":{\"@id\":\"https:\/\/www.welovecycling.com\/es\/2024\/03\/28\/cardio-o-fuerza-que-es-lo-mejor-para-la-salud\/#primaryimage\"},\"thumbnailUrl\":\"https:\/\/d2p6e6u75xmxt8.cloudfront.net\/6\/2022\/02\/Indoor-Cycling-profimedia-0606415075-CVR.jpg\",\"datePublished\":\"2024-03-28T09:44:31+00:00\",\"author\":{\"@id\":\"https:\/\/www.welovecycling.com\/es\/#\/schema\/person\/deb61715b5812698ee79fb96f343ccd4\"},\"description\":\"Cardio o fuerza \u00bfQu\u00e9 es lo mejor para la salud? En realidad un estudio dice que el ejercicio de ambas disciplinas combinadas es lo mejor.\",\"breadcrumb\":{\"@id\":\"https:\/\/www.welovecycling.com\/es\/2024\/03\/28\/cardio-o-fuerza-que-es-lo-mejor-para-la-salud\/#breadcrumb\"},\"inLanguage\":\"es-ES\",\"potentialAction\":[{\"@type\":\"ReadAction\",\"target\":[\"https:\/\/www.welovecycling.com\/es\/2024\/03\/28\/cardio-o-fuerza-que-es-lo-mejor-para-la-salud\/\"]}]},{\"@type\":\"ImageObject\",\"inLanguage\":\"es-ES\",\"@id\":\"https:\/\/www.welovecycling.com\/es\/2024\/03\/28\/cardio-o-fuerza-que-es-lo-mejor-para-la-salud\/#primaryimage\",\"url\":\"https:\/\/d2p6e6u75xmxt8.cloudfront.net\/6\/2022\/02\/Indoor-Cycling-profimedia-0606415075-CVR.jpg\",\"contentUrl\":\"https:\/\/d2p6e6u75xmxt8.cloudfront.net\/6\/2022\/02\/Indoor-Cycling-profimedia-0606415075-CVR.jpg\",\"width\":1366,\"height\":600,\"caption\":\"Indoor cycling\"},{\"@type\":\"BreadcrumbList\",\"@id\":\"https:\/\/www.welovecycling.com\/es\/2024\/03\/28\/cardio-o-fuerza-que-es-lo-mejor-para-la-salud\/#breadcrumb\",\"itemListElement\":[{\"@type\":\"ListItem\",\"position\":1,\"name\":\"Home\",\"item\":\"https:\/\/www.welovecycling.com\/es\/\"},{\"@type\":\"ListItem\",\"position\":2,\"name\":\"Cardio o fuerza \u00bfQu\u00e9 es lo mejor para la salud?\"}]},{\"@type\":\"WebSite\",\"@id\":\"https:\/\/www.welovecycling.com\/es\/#website\",\"url\":\"https:\/\/www.welovecycling.com\/es\/\",\"name\":\"\u0160koda We Love Cycling - Spain\",\"description\":\"\u0160koda WeLoveCycling Spain\",\"potentialAction\":[{\"@type\":\"SearchAction\",\"target\":{\"@type\":\"EntryPoint\",\"urlTemplate\":\"https:\/\/www.welovecycling.com\/es\/?s={search_term_string}\"},\"query-input\":{\"@type\":\"PropertyValueSpecification\",\"valueRequired\":true,\"valueName\":\"search_term_string\"}}],\"inLanguage\":\"es-ES\"},{\"@type\":\"Person\",\"@id\":\"https:\/\/www.welovecycling.com\/es\/#\/schema\/person\/deb61715b5812698ee79fb96f343ccd4\",\"name\":\"We Love Cycling Spain\",\"image\":{\"@type\":\"ImageObject\",\"inLanguage\":\"es-ES\",\"@id\":\"https:\/\/www.welovecycling.com\/es\/#\/schema\/person\/image\/\",\"url\":\"https:\/\/secure.gravatar.com\/avatar\/c824b04e6df0e37a03219d0b6481672889df542894588964102459e46513159c?s=96&d=mm&r=g\",\"contentUrl\":\"https:\/\/secure.gravatar.com\/avatar\/c824b04e6df0e37a03219d0b6481672889df542894588964102459e46513159c?s=96&d=mm&r=g\",\"caption\":\"We Love Cycling Spain\"},\"url\":\"https:\/\/www.welovecycling.com\/es\/author\/amunoz\/\"}]}<\/script>\n<!-- \/ Yoast SEO Premium plugin. -->","yoast_head_json":{"title":"Cardio o fuerza \u00bfQu\u00e9 es lo mejor para la salud?","description":"Cardio o fuerza \u00bfQu\u00e9 es lo mejor para la salud? En realidad un estudio dice que el ejercicio de ambas disciplinas combinadas es lo mejor.","robots":{"index":"index","follow":"follow","max-snippet":"max-snippet:-1","max-image-preview":"max-image-preview:large","max-video-preview":"max-video-preview:-1"},"canonical":"https:\/\/www.welovecycling.com\/es\/2024\/03\/28\/cardio-o-fuerza-que-es-lo-mejor-para-la-salud\/","og_locale":"es_ES","og_type":"article","og_title":"Cardio o fuerza \u00bfQu\u00e9 es lo mejor para la salud?","og_description":"Cardio o fuerza \u00bfQu\u00e9 es lo mejor para la salud? En realidad un estudio dice que el ejercicio de ambas disciplinas combinadas es lo mejor.","og_url":"https:\/\/www.welovecycling.com\/es\/2024\/03\/28\/cardio-o-fuerza-que-es-lo-mejor-para-la-salud\/","og_site_name":"\u0160koda We Love Cycling - Spain","article_published_time":"2024-03-28T09:44:31+00:00","og_image":[{"width":1366,"height":600,"url":"https:\/\/d2p6e6u75xmxt8.cloudfront.net\/6\/2022\/02\/Indoor-Cycling-profimedia-0606415075-CVR.jpg","type":"image\/jpeg"}],"author":"We Love Cycling Spain","twitter_card":"summary_large_image","twitter_description":"Cardio o fuerza \u00bfQu\u00e9 es lo mejor para la salud? En realidad un estudio dice que el ejercicio de ambas disciplinas combinadas es lo mejor.","twitter_misc":{"Written by":"Jiri Kaloc","Est. reading time":"3"},"schema":{"@context":"https:\/\/schema.org","@graph":[{"@type":"WebPage","@id":"https:\/\/www.welovecycling.com\/es\/2024\/03\/28\/cardio-o-fuerza-que-es-lo-mejor-para-la-salud\/","url":"https:\/\/www.welovecycling.com\/es\/2024\/03\/28\/cardio-o-fuerza-que-es-lo-mejor-para-la-salud\/","name":"Cardio o fuerza \u00bfQu\u00e9 es lo mejor para la salud?","isPartOf":{"@id":"https:\/\/www.welovecycling.com\/es\/#website"},"primaryImageOfPage":{"@id":"https:\/\/www.welovecycling.com\/es\/2024\/03\/28\/cardio-o-fuerza-que-es-lo-mejor-para-la-salud\/#primaryimage"},"image":{"@id":"https:\/\/www.welovecycling.com\/es\/2024\/03\/28\/cardio-o-fuerza-que-es-lo-mejor-para-la-salud\/#primaryimage"},"thumbnailUrl":"https:\/\/d2p6e6u75xmxt8.cloudfront.net\/6\/2022\/02\/Indoor-Cycling-profimedia-0606415075-CVR.jpg","datePublished":"2024-03-28T09:44:31+00:00","author":{"@id":"https:\/\/www.welovecycling.com\/es\/#\/schema\/person\/deb61715b5812698ee79fb96f343ccd4"},"description":"Cardio o fuerza \u00bfQu\u00e9 es lo mejor para la salud? En realidad un estudio dice que el ejercicio de ambas disciplinas combinadas es lo mejor.","breadcrumb":{"@id":"https:\/\/www.welovecycling.com\/es\/2024\/03\/28\/cardio-o-fuerza-que-es-lo-mejor-para-la-salud\/#breadcrumb"},"inLanguage":"es-ES","potentialAction":[{"@type":"ReadAction","target":["https:\/\/www.welovecycling.com\/es\/2024\/03\/28\/cardio-o-fuerza-que-es-lo-mejor-para-la-salud\/"]}]},{"@type":"ImageObject","inLanguage":"es-ES","@id":"https:\/\/www.welovecycling.com\/es\/2024\/03\/28\/cardio-o-fuerza-que-es-lo-mejor-para-la-salud\/#primaryimage","url":"https:\/\/d2p6e6u75xmxt8.cloudfront.net\/6\/2022\/02\/Indoor-Cycling-profimedia-0606415075-CVR.jpg","contentUrl":"https:\/\/d2p6e6u75xmxt8.cloudfront.net\/6\/2022\/02\/Indoor-Cycling-profimedia-0606415075-CVR.jpg","width":1366,"height":600,"caption":"Indoor cycling"},{"@type":"BreadcrumbList","@id":"https:\/\/www.welovecycling.com\/es\/2024\/03\/28\/cardio-o-fuerza-que-es-lo-mejor-para-la-salud\/#breadcrumb","itemListElement":[{"@type":"ListItem","position":1,"name":"Home","item":"https:\/\/www.welovecycling.com\/es\/"},{"@type":"ListItem","position":2,"name":"Cardio o fuerza \u00bfQu\u00e9 es lo mejor para la salud?"}]},{"@type":"WebSite","@id":"https:\/\/www.welovecycling.com\/es\/#website","url":"https:\/\/www.welovecycling.com\/es\/","name":"\u0160koda We Love Cycling - Spain","description":"\u0160koda WeLoveCycling Spain","potentialAction":[{"@type":"SearchAction","target":{"@type":"EntryPoint","urlTemplate":"https:\/\/www.welovecycling.com\/es\/?s={search_term_string}"},"query-input":{"@type":"PropertyValueSpecification","valueRequired":true,"valueName":"search_term_string"}}],"inLanguage":"es-ES"},{"@type":"Person","@id":"https:\/\/www.welovecycling.com\/es\/#\/schema\/person\/deb61715b5812698ee79fb96f343ccd4","name":"We Love Cycling Spain","image":{"@type":"ImageObject","inLanguage":"es-ES","@id":"https:\/\/www.welovecycling.com\/es\/#\/schema\/person\/image\/","url":"https:\/\/secure.gravatar.com\/avatar\/c824b04e6df0e37a03219d0b6481672889df542894588964102459e46513159c?s=96&d=mm&r=g","contentUrl":"https:\/\/secure.gravatar.com\/avatar\/c824b04e6df0e37a03219d0b6481672889df542894588964102459e46513159c?s=96&d=mm&r=g","caption":"We Love Cycling Spain"},"url":"https:\/\/www.welovecycling.com\/es\/author\/amunoz\/"}]}},"_links":{"self":[{"href":"https:\/\/www.welovecycling.com\/es\/wp-json\/wp\/v2\/posts\/10678","targetHints":{"allow":["GET"]}}],"collection":[{"href":"https:\/\/www.welovecycling.com\/es\/wp-json\/wp\/v2\/posts"}],"about":[{"href":"https:\/\/www.welovecycling.com\/es\/wp-json\/wp\/v2\/types\/post"}],"author":[{"embeddable":true,"href":"https:\/\/www.welovecycling.com\/es\/wp-json\/wp\/v2\/users\/29"}],"replies":[{"embeddable":true,"href":"https:\/\/www.welovecycling.com\/es\/wp-json\/wp\/v2\/comments?post=10678"}],"version-history":[{"count":3,"href":"https:\/\/www.welovecycling.com\/es\/wp-json\/wp\/v2\/posts\/10678\/revisions"}],"predecessor-version":[{"id":10684,"href":"https:\/\/www.welovecycling.com\/es\/wp-json\/wp\/v2\/posts\/10678\/revisions\/10684"}],"wp:featuredmedia":[{"embeddable":true,"href":"https:\/\/www.welovecycling.com\/es\/wp-json\/wp\/v2\/media\/8598"}],"wp:attachment":[{"href":"https:\/\/www.welovecycling.com\/es\/wp-json\/wp\/v2\/media?parent=10678"}],"wp:term":[{"taxonomy":"category","embeddable":true,"href":"https:\/\/www.welovecycling.com\/es\/wp-json\/wp\/v2\/categories?post=10678"},{"taxonomy":"post_tag","embeddable":true,"href":"https:\/\/www.welovecycling.com\/es\/wp-json\/wp\/v2\/tags?post=10678"},{"taxonomy":"global-categories","embeddable":true,"href":"https:\/\/www.welovecycling.com\/es\/wp-json\/wp\/v2\/global-categories?post=10678"}],"curies":[{"name":"wp","href":"https:\/\/api.w.org\/{rel}","templated":true}]}}