{"id":10677,"date":"2024-03-26T16:40:02","date_gmt":"2024-03-26T14:40:02","guid":{"rendered":"https:\/\/www.welovecycling.com\/es\/?p=10677"},"modified":"2024-03-25T17:01:16","modified_gmt":"2024-03-25T15:01:16","slug":"ferias-ciclismo","status":"publish","type":"post","link":"https:\/\/www.welovecycling.com\/es\/2024\/03\/26\/ferias-ciclismo\/","title":{"rendered":"Cinco ferias de ciclismo que visitar en 2024"},"content":{"rendered":"<p style=\"font-weight: 400;\"><strong>No hay nada mejor que montar en bicicleta. De eso no hay duda. Sin embargo, lo segundo es estar rodeado de bicicletas, echar un vistazo a los mejores productos del sector y conseguir ofertas excepcionales mientras disfrutas de tu pasatiempo favorito. No hay mejor manera de mezclarse con los l\u00edderes del sector y satisfacer tus deseos ciclistas que visitar una ferias de ciclismo. Hay muchas a lo largo del a\u00f1o, algunos locales y otros internacionales. Sin embargo, las cinco que vamos a mencionar\u00a0 re\u00fanen a la creme de la creme del mundo del ciclismo y son una aut\u00e9ntica visita obligada si est\u00e1s interesado en encontrar la mejor soluci\u00f3n.<\/strong><\/p>\n<p><!--more--><\/p>\n<h2><strong>E-Bike Days<\/strong><\/h2>\n<p>Nuestra primera parada es M\u00fanich, donde los d\u00edas 26 y 28 de abril se celebrar\u00e1n los <a href=\"https:\/\/ebikedays.de\/en\/\">E-Bike Days<\/a> anuales. Desde la pandemia, las e-bikes se han convertido en una tendencia en constante crecimiento que merece la atenci\u00f3n de todo ciclista. Incluso si eres pesimista sobre la idea de llevar un motor en tu bici, deber\u00edas darle una oportunidad a este festival. El lugar de celebraci\u00f3n ser\u00e1 el Olympiapark, el sitio perfecto para cambiar de opini\u00f3n con una prueba r\u00e1pida.<\/p>\n<p>Durante los tres d\u00edas que dura el evento, tendr\u00e1s la oportunidad de aprender por qu\u00e9 las bicicletas el\u00e9ctricas no son tan malas como las pintan. Adem\u00e1s, tendr\u00e1s la oportunidad de informarte, ver e incluso montar en e-bikes que nadie adivinar\u00eda que tienen motor. El festival reunir\u00e1 a m\u00e1s de 150 l\u00edderes de la industria de las e-bikes que mostrar\u00e1n lo mejor de sus colecciones. Adem\u00e1s, podr\u00e1s disfrutar de varias entrevistas, presentaciones y una sesi\u00f3n gratuita de t\u00e9cnicas de conducci\u00f3n de bicicletas el\u00e9ctricas.<\/p>\n<p>Si visitas M\u00fanich a finales de abril, no se pierda el festival E-Bike Days.<\/p>\n<h2><strong>CYCLE WEEK<\/strong><\/h2>\n<blockquote class=\"instagram-media\" style=\"background: #FFF; border: 0; border-radius: 3px; box-shadow: 0 0 1px 0 rgba(0,0,0,0.5),0 1px 10px 0 rgba(0,0,0,0.15); margin: 1px; max-width: 540px; min-width: 326px; padding: 0; width: calc(100% - 2px);\" data-instgrm-permalink=\"https:\/\/www.instagram.com\/reel\/C4WD3vtqO-o\/?utm_source=ig_embed&amp;utm_campaign=loading\" data-instgrm-version=\"14\">\n<div style=\"padding: 16px;\">\n<p>&nbsp;<\/p>\n<div style=\"display: flex; flex-direction: row; align-items: center;\">\n<div style=\"background-color: #f4f4f4; border-radius: 50%; flex-grow: 0; height: 40px; margin-right: 14px; width: 40px;\"><\/div>\n<div style=\"display: flex; flex-direction: column; flex-grow: 1; justify-content: center;\">\n<div style=\"background-color: #f4f4f4; border-radius: 4px; flex-grow: 0; height: 14px; margin-bottom: 6px; width: 100px;\"><\/div>\n<div style=\"background-color: #f4f4f4; border-radius: 4px; flex-grow: 0; height: 14px; width: 60px;\"><\/div>\n<\/div>\n<\/div>\n<div style=\"padding: 19% 0;\"><\/div>\n<div style=\"display: block; height: 50px; margin: 0 auto 12px; width: 50px;\"><\/div>\n<div style=\"padding-top: 8px;\">\n<div style=\"color: #3897f0; font-family: Arial,sans-serif; font-size: 14px; font-style: normal; font-weight: 550; line-height: 18px;\">Zobrazit p\u0159\u00edsp\u011bvek na Instagramu<\/div>\n<\/div>\n<div style=\"padding: 12.5% 0;\"><\/div>\n<div style=\"display: flex; flex-direction: row; margin-bottom: 14px; align-items: center;\">\n<div>\n<div style=\"background-color: #f4f4f4; border-radius: 50%; height: 12.5px; width: 12.5px; transform: translateX(0px) translateY(7px);\"><\/div>\n<div style=\"background-color: #f4f4f4; height: 12.5px; transform: rotate(-45deg) translateX(3px) translateY(1px); width: 12.5px; flex-grow: 0; margin-right: 14px; margin-left: 2px;\"><\/div>\n<div style=\"background-color: #f4f4f4; border-radius: 50%; height: 12.5px; width: 12.5px; transform: translateX(9px) translateY(-18px);\"><\/div>\n<\/div>\n<div style=\"margin-left: 8px;\">\n<div style=\"background-color: #f4f4f4; border-radius: 50%; flex-grow: 0; height: 20px; width: 20px;\"><\/div>\n<div style=\"width: 0; height: 0; border-top: 2px solid transparent; border-left: 6px solid #f4f4f4; border-bottom: 2px solid transparent; transform: translateX(16px) translateY(-4px) rotate(30deg);\"><\/div>\n<\/div>\n<div style=\"margin-left: auto;\">\n<div style=\"width: 0px; border-top: 8px solid #F4F4F4; border-right: 8px solid transparent; transform: translateY(16px);\"><\/div>\n<div style=\"background-color: #f4f4f4; flex-grow: 0; height: 12px; width: 16px; transform: translateY(-4px);\"><\/div>\n<div style=\"width: 0; height: 0; border-top: 8px solid #F4F4F4; border-left: 8px solid transparent; transform: translateY(-4px) translateX(8px);\"><\/div>\n<\/div>\n<\/div>\n<div style=\"display: flex; flex-direction: column; flex-grow: 1; justify-content: center; margin-bottom: 24px;\">\n<div style=\"background-color: #f4f4f4; border-radius: 4px; flex-grow: 0; height: 14px; margin-bottom: 6px; width: 224px;\"><\/div>\n<div style=\"background-color: #f4f4f4; border-radius: 4px; flex-grow: 0; height: 14px; width: 144px;\"><\/div>\n<\/div>\n<p>&nbsp;<\/p>\n<p style=\"color: #c9c8cd; font-family: Arial,sans-serif; font-size: 14px; line-height: 17px; margin-bottom: 0; margin-top: 8px; overflow: hidden; padding: 8px 0 7px; text-align: center; text-overflow: ellipsis; white-space: nowrap;\"><a style=\"color: #c9c8cd; font-family: Arial,sans-serif; font-size: 14px; font-style: normal; font-weight: normal; line-height: 17px; text-decoration: none;\" href=\"https:\/\/www.instagram.com\/reel\/C4WD3vtqO-o\/?utm_source=ig_embed&amp;utm_campaign=loading\" target=\"_blank\" rel=\"noopener\">P\u0159\u00edsp\u011bvek sd\u00edlen\u00fd CYCLE WEEK (@cycle_week)<\/a><\/p>\n<\/div>\n<\/blockquote>\n<p><script async src=\"\/\/www.instagram.com\/embed.js\"><\/script><\/p>\n<p style=\"font-weight: 400;\">\n<p>Puede que la <a href=\"https:\/\/cycleweek.ch\/en\">Cycle Week<\/a> empezara como un festival nacional de la bicicleta, pero hoy en d\u00eda re\u00fane sin duda a la comunidad ciclista internacional y no s\u00f3lo a los entusiastas locales. No es de extra\u00f1ar que este acontecimiento dure 4 d\u00edas enteros.<\/p>\n<p>La Cycle Week es la mayor exposici\u00f3n de bicicletas de Suiza, y este a\u00f1o se celebrar\u00e1 entre el 23 y el 26 de mayo cerca de Z\u00farich. Durante el evento, los visitantes disfrutar\u00e1n de un gran n\u00famero de atracciones, demostraciones y presentaciones. Los ciclistas disfrutar\u00e1n de m\u00e1s de 150 talleres, concursos internacionales y espect\u00e1culos. Por supuesto, \u00bfqu\u00e9 ser\u00eda de un festival ciclista sin pruebas de bicis?<\/p>\n<p>Este a\u00f1o, los organizadores han ido un paso m\u00e1s all\u00e1 y, por primera vez, habr\u00e1 un evento dedicado al bikepacking. Es muy apropiado para el pr\u00edstino entorno alpino.<\/p>\n<p>Los talleres son sin duda el plato fuerte de este festival. Si viene con toda la familia, no te preocupes. Habr\u00e1 talleres para ni\u00f1os que no s\u00f3lo te proporcionar\u00e1n tiempo libre, sino que tambi\u00e9n les ense\u00f1ar\u00e1n a montar de forma segura y responsable. Durante este tiempo, puedes apuntarte a uno de las docenas de talleres para adultos que mejorar\u00e1n tu estilo de pilotaje. Tambi\u00e9n puedes aprender habilidades cruciales como ense\u00f1ar a montar a tu hijo o convertirte en gu\u00eda ciclista. Hay literalmente un taller para cada gusto y necesidad.<\/p>\n<p>As\u00ed que \u00fanete a la diversi\u00f3n a finales de mayo y disfruta de este encuentro masivo de ciclistas que inevitablemente te dar\u00e1 una nueva perspectiva de la conducci\u00f3n.<\/p>\n<h2><strong>EuroBike<\/strong><\/h2>\n<p>En julio, la temporada ciclista est\u00e1 en pleno apogeo. El Tour de Francia es la referencia y a pesar de la Eurocopa 2024 de la UEFA y los pr\u00f3ximos Juegos Ol\u00edmpicos, el ciclismo todav\u00eda tiene una presencia notable en Europa. El festival <a href=\"https:\/\/eurobike.com\/frankfurt\/en.html\">EuroBike<\/a> sin duda contribuye a esta tendencia y ofrece un refugio seguro para aquellos que quieran diversificar su pasatiempo y dejar de ver a hombres sudorosos pateando una pelota. Pero EuroBike es mucho m\u00e1s que eso. Del 3 al 7 de julio, Frankfurt am Main acoger\u00e1 la 32\u00aa edici\u00f3n del festival ciclista m\u00e1s importante de Europa. Los primeros tres d\u00edas estar\u00e1n orientados a la industria y resultar\u00e1n bastante aburridos para el ciclista habitual.<\/p>\n<p>Todo ser\u00e1 charla corporativa, alianzas y acuerdos. Los d\u00edas 6 y 7 de julio, sin embargo, ofrecer\u00e1n un programa verdaderamente inspirador para el p\u00fablico en general. Incluir\u00e1 varias carreras y competiciones, maravillosos espect\u00e1culos y pr\u00e1cticos talleres. Naturalmente, podr\u00e1s probar tantas bicicletas como puedas, junto con algunos productos innovadores y varios productos relacionados con el ciclismo.<\/p>\n<p>EuroBike es uno de los pocos festivales que re\u00fane a todos los ciclistas en un solo lugar. Si eres un practicante de BMX, MTB, roadie o amante de las bicicletas el\u00e9ctricas, habr\u00e1 algo para ti. Entonces, si planeas visitar solo un festival de bicicletas este a\u00f1o, EuroBike definitivamente deber\u00eda estar en la parte superior de tu lista.<\/p>\n<h2><strong>Italian Bike Festival<\/strong><\/h2>\n<blockquote class=\"instagram-media\" style=\"background: #FFF; border: 0; border-radius: 3px; box-shadow: 0 0 1px 0 rgba(0,0,0,0.5),0 1px 10px 0 rgba(0,0,0,0.15); margin: 1px; max-width: 540px; min-width: 326px; padding: 0; width: calc(100% - 2px);\" data-instgrm-permalink=\"https:\/\/www.instagram.com\/p\/CyvxxVPsl_f\/?utm_source=ig_embed&amp;utm_campaign=loading\" data-instgrm-version=\"14\">\n<div style=\"padding: 16px;\">\n<p>&nbsp;<\/p>\n<div style=\"display: flex; flex-direction: row; align-items: center;\">\n<div style=\"background-color: #f4f4f4; border-radius: 50%; flex-grow: 0; height: 40px; margin-right: 14px; width: 40px;\"><\/div>\n<div style=\"display: flex; flex-direction: column; flex-grow: 1; justify-content: center;\">\n<div style=\"background-color: #f4f4f4; border-radius: 4px; flex-grow: 0; height: 14px; margin-bottom: 6px; width: 100px;\"><\/div>\n<div style=\"background-color: #f4f4f4; border-radius: 4px; flex-grow: 0; height: 14px; width: 60px;\"><\/div>\n<\/div>\n<\/div>\n<div style=\"padding: 19% 0;\"><\/div>\n<div style=\"display: block; height: 50px; margin: 0 auto 12px; width: 50px;\"><\/div>\n<div style=\"padding-top: 8px;\">\n<div style=\"color: #3897f0; font-family: Arial,sans-serif; font-size: 14px; font-style: normal; font-weight: 550; line-height: 18px;\">Zobrazit p\u0159\u00edsp\u011bvek na Instagramu<\/div>\n<\/div>\n<div style=\"padding: 12.5% 0;\"><\/div>\n<div style=\"display: flex; flex-direction: row; margin-bottom: 14px; align-items: center;\">\n<div>\n<div style=\"background-color: #f4f4f4; border-radius: 50%; height: 12.5px; width: 12.5px; transform: translateX(0px) translateY(7px);\"><\/div>\n<div style=\"background-color: #f4f4f4; height: 12.5px; transform: rotate(-45deg) translateX(3px) translateY(1px); width: 12.5px; flex-grow: 0; margin-right: 14px; margin-left: 2px;\"><\/div>\n<div style=\"background-color: #f4f4f4; border-radius: 50%; height: 12.5px; width: 12.5px; transform: translateX(9px) translateY(-18px);\"><\/div>\n<\/div>\n<div style=\"margin-left: 8px;\">\n<div style=\"background-color: #f4f4f4; border-radius: 50%; flex-grow: 0; height: 20px; width: 20px;\"><\/div>\n<div style=\"width: 0; height: 0; border-top: 2px solid transparent; border-left: 6px solid #f4f4f4; border-bottom: 2px solid transparent; transform: translateX(16px) translateY(-4px) rotate(30deg);\"><\/div>\n<\/div>\n<div style=\"margin-left: auto;\">\n<div style=\"width: 0px; border-top: 8px solid #F4F4F4; border-right: 8px solid transparent; transform: translateY(16px);\"><\/div>\n<div style=\"background-color: #f4f4f4; flex-grow: 0; height: 12px; width: 16px; transform: translateY(-4px);\"><\/div>\n<div style=\"width: 0; height: 0; border-top: 8px solid #F4F4F4; border-left: 8px solid transparent; transform: translateY(-4px) translateX(8px);\"><\/div>\n<\/div>\n<\/div>\n<div style=\"display: flex; flex-direction: column; flex-grow: 1; justify-content: center; margin-bottom: 24px;\">\n<div style=\"background-color: #f4f4f4; border-radius: 4px; flex-grow: 0; height: 14px; margin-bottom: 6px; width: 224px;\"><\/div>\n<div style=\"background-color: #f4f4f4; border-radius: 4px; flex-grow: 0; height: 14px; width: 144px;\"><\/div>\n<\/div>\n<p>&nbsp;<\/p>\n<p style=\"color: #c9c8cd; font-family: Arial,sans-serif; font-size: 14px; line-height: 17px; margin-bottom: 0; margin-top: 8px; overflow: hidden; padding: 8px 0 7px; text-align: center; text-overflow: ellipsis; white-space: nowrap;\"><a style=\"color: #c9c8cd; font-family: Arial,sans-serif; font-size: 14px; font-style: normal; font-weight: normal; line-height: 17px; text-decoration: none;\" href=\"https:\/\/www.instagram.com\/p\/CyvxxVPsl_f\/?utm_source=ig_embed&amp;utm_campaign=loading\" target=\"_blank\" rel=\"noopener\">P\u0159\u00edsp\u011bvek sd\u00edlen\u00fd IBF (@italianbikefestival)<\/a><\/p>\n<\/div>\n<\/blockquote>\n<p><script async src=\"\/\/www.instagram.com\/embed.js\"><\/script><\/p>\n<p>Italia tiene una larga tradici\u00f3n ciclista, por lo que no sorprende que una de las ferias de ciclismo europeos m\u00e1s grandes y queridos se celebre precisamente all\u00ed. M\u00e1s de 500 marcas participar\u00e1n en la edici\u00f3n de este a\u00f1o del <a href=\"https:\/\/italianbikefestival.net\/\">Italian Bike Festival,<\/a> que tendr\u00e1 lugar entre el 13 y el 15 de septiembre en el Misano World Circuit, cerca de Rimini. Este es el lugar perfecto para que cualquier amante de la bicicleta descubra las \u00faltimas innovaciones en su respectiva disciplina directamente desde la fuente. Ahora puedes probar una bicicleta nueva en casi cualquier festival, pero s\u00f3lo aqu\u00ed puedes recorrer un circuito de clase mundial. Adem\u00e1s, hay una pista todoterreno especial para los entusiastas del MTB y el ciclocross.<\/p>\n<p>Por supuesto, habr\u00e1 muchas charlas, entrevistas, presentaciones, talleres y espect\u00e1culos. Junto con ellos, podr\u00e1s disfrutar de una pista de bombeo, socializar con varios atletas y unirte a algunas competencias amistosas. Sin embargo, la crema de la crema son las carreras ciclistas de La Gialla. Hay una carrera para todos. Si eres un roadie, prep\u00e1rate para disfrutar del Misano World Circuit o del Tipo Pista. Incluso puedes participar en una carrera familiar, incluidos tu pareja y tus hijos. Si sus hijos quieren independencia, pueden intentar llevarse el Trofeo Junior. Por supuesto, los ciclistas de MTB no quedan olvidados: el XC Eliminator les har\u00e1 hervir la sangre como ning\u00fan otro evento del festival.<\/p>\n<p>&nbsp;<\/p>\n<h2><strong>Sea Otter Europe<\/strong><\/h2>\n<p>Finalmente nos ponemos rumbo a Espa\u00f1a. <a href=\"https:\/\/www.seaottereurope.com\/\">Sea Otter<\/a> es un invento estadounidense pero Espa\u00f1a obtuvo los derechos para recrearlo para los ciclistas europeos. Es, con diferencia, uno de los festivales ciclistas de mayor \u00e9xito a nivel mundial, con m\u00e1s de 64.000 visitantes el a\u00f1o pasado.<\/p>\n<p>Este a\u00f1o, la feria de ciclismo Sea Otter promete ser a\u00fan m\u00e1s grandioso. El festival se celebrar\u00e1 en Girona\u2014Costa Brava entre el 20 y el 22 de septiembre. Este festival est\u00e1 enfocado a las competiciones. Amplios eventos amateurs y semiprofesionales cuentan con m\u00e1s de 5.000 participantes cada a\u00f1o. En 2024, los organizadores prev\u00e9n al menos 10 carreras distintas para dar cabida a todos los ciclistas, independientemente de sus preferencias.<\/p>\n<p>Adem\u00e1s, el \u00e1rea de exposici\u00f3n es fascinante, con m\u00e1s de 400 marcas exhibiendo sus productos y encontrando nuevos amigos en el mundo del ciclismo. Al igual que otros festivales, los participantes podr\u00e1n disfrutar de m\u00faltiples paneles y de un programa de espect\u00e1culos divertido y entretenido. Adem\u00e1s, hay circuitos de demostraci\u00f3n de \u00faltima generaci\u00f3n para paseos o pruebas de bicicletas.<\/p>\n<p>As\u00ed que, si no pudiste ver los festivales anteriores, Sea Otter es m\u00e1s que un precio de conciliaci\u00f3n. Es una experiencia \u00fanica que merece un cambio de horario y unas vacaciones anuales.<\/p>\n<h2><strong>Te vemos all\u00ed<\/strong><\/h2>\n<p style=\"font-weight: 400;\">Ahora ya sabes d\u00f3nde pasar tus vacaciones. S\u00ed, andar en bicicleta es fant\u00e1stico y participar en carreras semiprofesionales y amateurs por toda Europa es una idea excelente. A\u00fan as\u00ed, vale la pena tomarse un fin de semana para ver lo que est\u00e1n haciendo los l\u00edderes de nuestra querida industria. Especialmente si te unes a una de estas cinco ferias. As\u00ed que nos vemos all\u00ed.<\/p>\n","protected":false},"excerpt":{"rendered":"<p>No hay nada mejor que montar en bicicleta. De eso no hay duda. Sin embargo, lo segundo es estar rodeado [&hellip;]<\/p>\n","protected":false},"author":29,"featured_media":10680,"comment_status":"open","ping_status":"open","sticky":false,"template":"","format":"standard","meta":{"footnotes":""},"categories":[7,9],"tags":[2294],"global-categories":[],"class_list":["post-10677","post","type-post","status-publish","format-standard","has-post-thumbnail","hentry","category-carretera","category-mtb-aventura","tag-ferias-de-ciclismo"],"yoast_head":"<!-- This site is optimized with the Yoast SEO Premium plugin v25.3 (Yoast SEO v25.9) - https:\/\/yoast.com\/wordpress\/plugins\/seo\/ -->\n<title>Cinco ferias de ciclismo que visitar en 2024 - \u0160koda We Love Cycling - Spain<\/title>\n<meta name=\"description\" content=\"Cinco ferias de ciclismo que visitar en 2024. Desde Eurobike a la See Otter pasando por las ferias de Italia o Suiza.\" \/>\n<meta name=\"robots\" content=\"index, follow, max-snippet:-1, max-image-preview:large, max-video-preview:-1\" \/>\n<link rel=\"canonical\" href=\"https:\/\/www.welovecycling.com\/es\/2024\/03\/26\/ferias-ciclismo\/\" \/>\n<meta property=\"og:locale\" content=\"es_ES\" \/>\n<meta property=\"og:type\" content=\"article\" \/>\n<meta property=\"og:title\" content=\"Cinco ferias de ciclismo que visitar en 2024\" \/>\n<meta property=\"og:description\" content=\"Cinco ferias de ciclismo que visitar en 2024. Desde Eurobike a la See Otter pasando por las ferias de Italia o Suiza.\" \/>\n<meta property=\"og:url\" content=\"https:\/\/www.welovecycling.com\/es\/2024\/03\/26\/ferias-ciclismo\/\" \/>\n<meta property=\"og:site_name\" content=\"\u0160koda We Love Cycling - Spain\" \/>\n<meta property=\"article:published_time\" content=\"2024-03-26T14:40:02+00:00\" \/>\n<meta property=\"og:image\" content=\"https:\/\/d2p6e6u75xmxt8.cloudfront.net\/6\/2024\/03\/Eurobike-BMX-profimedia-0707526407-CVR.webp\" \/>\n\t<meta property=\"og:image:width\" content=\"990\" \/>\n\t<meta property=\"og:image:height\" content=\"660\" \/>\n\t<meta property=\"og:image:type\" content=\"image\/webp\" \/>\n<meta name=\"author\" content=\"We Love Cycling Spain\" \/>\n<meta name=\"twitter:card\" content=\"summary_large_image\" \/>\n<meta name=\"twitter:description\" content=\"Cinco ferias de ciclismo que visitar en 2024. Desde Eurobike a la See Otter pasando por las ferias de Italia o Suiza.\" \/>\n<meta name=\"twitter:label1\" content=\"Written by\" \/>\n\t<meta name=\"twitter:data1\" content=\"Martin Atanasov\" \/>\n\t<meta name=\"twitter:label2\" content=\"Est. reading time\" \/>\n\t<meta name=\"twitter:data2\" content=\"4\" \/>\n<script type=\"application\/ld+json\" class=\"yoast-schema-graph\">{\"@context\":\"https:\/\/schema.org\",\"@graph\":[{\"@type\":\"WebPage\",\"@id\":\"https:\/\/www.welovecycling.com\/es\/2024\/03\/26\/ferias-ciclismo\/\",\"url\":\"https:\/\/www.welovecycling.com\/es\/2024\/03\/26\/ferias-ciclismo\/\",\"name\":\"Cinco ferias de ciclismo que visitar en 2024 - \u0160koda We Love Cycling - Spain\",\"isPartOf\":{\"@id\":\"https:\/\/www.welovecycling.com\/es\/#website\"},\"primaryImageOfPage\":{\"@id\":\"https:\/\/www.welovecycling.com\/es\/2024\/03\/26\/ferias-ciclismo\/#primaryimage\"},\"image\":{\"@id\":\"https:\/\/www.welovecycling.com\/es\/2024\/03\/26\/ferias-ciclismo\/#primaryimage\"},\"thumbnailUrl\":\"https:\/\/d2p6e6u75xmxt8.cloudfront.net\/6\/2024\/03\/Eurobike-BMX-profimedia-0707526407-CVR.webp\",\"datePublished\":\"2024-03-26T14:40:02+00:00\",\"author\":{\"@id\":\"https:\/\/www.welovecycling.com\/es\/#\/schema\/person\/deb61715b5812698ee79fb96f343ccd4\"},\"description\":\"Cinco ferias de ciclismo que visitar en 2024. Desde Eurobike a la See Otter pasando por las ferias de Italia o Suiza.\",\"breadcrumb\":{\"@id\":\"https:\/\/www.welovecycling.com\/es\/2024\/03\/26\/ferias-ciclismo\/#breadcrumb\"},\"inLanguage\":\"es-ES\",\"potentialAction\":[{\"@type\":\"ReadAction\",\"target\":[\"https:\/\/www.welovecycling.com\/es\/2024\/03\/26\/ferias-ciclismo\/\"]}]},{\"@type\":\"ImageObject\",\"inLanguage\":\"es-ES\",\"@id\":\"https:\/\/www.welovecycling.com\/es\/2024\/03\/26\/ferias-ciclismo\/#primaryimage\",\"url\":\"https:\/\/d2p6e6u75xmxt8.cloudfront.net\/6\/2024\/03\/Eurobike-BMX-profimedia-0707526407-CVR.webp\",\"contentUrl\":\"https:\/\/d2p6e6u75xmxt8.cloudfront.net\/6\/2024\/03\/Eurobike-BMX-profimedia-0707526407-CVR.webp\",\"width\":990,\"height\":660,\"caption\":\"EuroBike\"},{\"@type\":\"BreadcrumbList\",\"@id\":\"https:\/\/www.welovecycling.com\/es\/2024\/03\/26\/ferias-ciclismo\/#breadcrumb\",\"itemListElement\":[{\"@type\":\"ListItem\",\"position\":1,\"name\":\"Home\",\"item\":\"https:\/\/www.welovecycling.com\/es\/\"},{\"@type\":\"ListItem\",\"position\":2,\"name\":\"Cinco ferias de ciclismo que visitar en 2024\"}]},{\"@type\":\"WebSite\",\"@id\":\"https:\/\/www.welovecycling.com\/es\/#website\",\"url\":\"https:\/\/www.welovecycling.com\/es\/\",\"name\":\"\u0160koda We Love Cycling - Spain\",\"description\":\"\u0160koda WeLoveCycling Spain\",\"potentialAction\":[{\"@type\":\"SearchAction\",\"target\":{\"@type\":\"EntryPoint\",\"urlTemplate\":\"https:\/\/www.welovecycling.com\/es\/?s={search_term_string}\"},\"query-input\":{\"@type\":\"PropertyValueSpecification\",\"valueRequired\":true,\"valueName\":\"search_term_string\"}}],\"inLanguage\":\"es-ES\"},{\"@type\":\"Person\",\"@id\":\"https:\/\/www.welovecycling.com\/es\/#\/schema\/person\/deb61715b5812698ee79fb96f343ccd4\",\"name\":\"We Love Cycling Spain\",\"image\":{\"@type\":\"ImageObject\",\"inLanguage\":\"es-ES\",\"@id\":\"https:\/\/www.welovecycling.com\/es\/#\/schema\/person\/image\/\",\"url\":\"https:\/\/secure.gravatar.com\/avatar\/c824b04e6df0e37a03219d0b6481672889df542894588964102459e46513159c?s=96&d=mm&r=g\",\"contentUrl\":\"https:\/\/secure.gravatar.com\/avatar\/c824b04e6df0e37a03219d0b6481672889df542894588964102459e46513159c?s=96&d=mm&r=g\",\"caption\":\"We Love Cycling Spain\"},\"url\":\"https:\/\/www.welovecycling.com\/es\/author\/amunoz\/\"}]}<\/script>\n<!-- \/ Yoast SEO Premium plugin. -->","yoast_head_json":{"title":"Cinco ferias de ciclismo que visitar en 2024 - \u0160koda We Love Cycling - Spain","description":"Cinco ferias de ciclismo que visitar en 2024. Desde Eurobike a la See Otter pasando por las ferias de Italia o Suiza.","robots":{"index":"index","follow":"follow","max-snippet":"max-snippet:-1","max-image-preview":"max-image-preview:large","max-video-preview":"max-video-preview:-1"},"canonical":"https:\/\/www.welovecycling.com\/es\/2024\/03\/26\/ferias-ciclismo\/","og_locale":"es_ES","og_type":"article","og_title":"Cinco ferias de ciclismo que visitar en 2024","og_description":"Cinco ferias de ciclismo que visitar en 2024. Desde Eurobike a la See Otter pasando por las ferias de Italia o Suiza.","og_url":"https:\/\/www.welovecycling.com\/es\/2024\/03\/26\/ferias-ciclismo\/","og_site_name":"\u0160koda We Love Cycling - Spain","article_published_time":"2024-03-26T14:40:02+00:00","og_image":[{"width":990,"height":660,"url":"https:\/\/d2p6e6u75xmxt8.cloudfront.net\/6\/2024\/03\/Eurobike-BMX-profimedia-0707526407-CVR.webp","type":"image\/webp"}],"author":"We Love Cycling Spain","twitter_card":"summary_large_image","twitter_description":"Cinco ferias de ciclismo que visitar en 2024. Desde Eurobike a la See Otter pasando por las ferias de Italia o Suiza.","twitter_misc":{"Written by":"Martin Atanasov","Est. reading time":"4"},"schema":{"@context":"https:\/\/schema.org","@graph":[{"@type":"WebPage","@id":"https:\/\/www.welovecycling.com\/es\/2024\/03\/26\/ferias-ciclismo\/","url":"https:\/\/www.welovecycling.com\/es\/2024\/03\/26\/ferias-ciclismo\/","name":"Cinco ferias de ciclismo que visitar en 2024 - \u0160koda We Love Cycling - Spain","isPartOf":{"@id":"https:\/\/www.welovecycling.com\/es\/#website"},"primaryImageOfPage":{"@id":"https:\/\/www.welovecycling.com\/es\/2024\/03\/26\/ferias-ciclismo\/#primaryimage"},"image":{"@id":"https:\/\/www.welovecycling.com\/es\/2024\/03\/26\/ferias-ciclismo\/#primaryimage"},"thumbnailUrl":"https:\/\/d2p6e6u75xmxt8.cloudfront.net\/6\/2024\/03\/Eurobike-BMX-profimedia-0707526407-CVR.webp","datePublished":"2024-03-26T14:40:02+00:00","author":{"@id":"https:\/\/www.welovecycling.com\/es\/#\/schema\/person\/deb61715b5812698ee79fb96f343ccd4"},"description":"Cinco ferias de ciclismo que visitar en 2024. Desde Eurobike a la See Otter pasando por las ferias de Italia o Suiza.","breadcrumb":{"@id":"https:\/\/www.welovecycling.com\/es\/2024\/03\/26\/ferias-ciclismo\/#breadcrumb"},"inLanguage":"es-ES","potentialAction":[{"@type":"ReadAction","target":["https:\/\/www.welovecycling.com\/es\/2024\/03\/26\/ferias-ciclismo\/"]}]},{"@type":"ImageObject","inLanguage":"es-ES","@id":"https:\/\/www.welovecycling.com\/es\/2024\/03\/26\/ferias-ciclismo\/#primaryimage","url":"https:\/\/d2p6e6u75xmxt8.cloudfront.net\/6\/2024\/03\/Eurobike-BMX-profimedia-0707526407-CVR.webp","contentUrl":"https:\/\/d2p6e6u75xmxt8.cloudfront.net\/6\/2024\/03\/Eurobike-BMX-profimedia-0707526407-CVR.webp","width":990,"height":660,"caption":"EuroBike"},{"@type":"BreadcrumbList","@id":"https:\/\/www.welovecycling.com\/es\/2024\/03\/26\/ferias-ciclismo\/#breadcrumb","itemListElement":[{"@type":"ListItem","position":1,"name":"Home","item":"https:\/\/www.welovecycling.com\/es\/"},{"@type":"ListItem","position":2,"name":"Cinco ferias de ciclismo que visitar en 2024"}]},{"@type":"WebSite","@id":"https:\/\/www.welovecycling.com\/es\/#website","url":"https:\/\/www.welovecycling.com\/es\/","name":"\u0160koda We Love Cycling - Spain","description":"\u0160koda WeLoveCycling Spain","potentialAction":[{"@type":"SearchAction","target":{"@type":"EntryPoint","urlTemplate":"https:\/\/www.welovecycling.com\/es\/?s={search_term_string}"},"query-input":{"@type":"PropertyValueSpecification","valueRequired":true,"valueName":"search_term_string"}}],"inLanguage":"es-ES"},{"@type":"Person","@id":"https:\/\/www.welovecycling.com\/es\/#\/schema\/person\/deb61715b5812698ee79fb96f343ccd4","name":"We Love Cycling Spain","image":{"@type":"ImageObject","inLanguage":"es-ES","@id":"https:\/\/www.welovecycling.com\/es\/#\/schema\/person\/image\/","url":"https:\/\/secure.gravatar.com\/avatar\/c824b04e6df0e37a03219d0b6481672889df542894588964102459e46513159c?s=96&d=mm&r=g","contentUrl":"https:\/\/secure.gravatar.com\/avatar\/c824b04e6df0e37a03219d0b6481672889df542894588964102459e46513159c?s=96&d=mm&r=g","caption":"We Love Cycling Spain"},"url":"https:\/\/www.welovecycling.com\/es\/author\/amunoz\/"}]}},"_links":{"self":[{"href":"https:\/\/www.welovecycling.com\/es\/wp-json\/wp\/v2\/posts\/10677","targetHints":{"allow":["GET"]}}],"collection":[{"href":"https:\/\/www.welovecycling.com\/es\/wp-json\/wp\/v2\/posts"}],"about":[{"href":"https:\/\/www.welovecycling.com\/es\/wp-json\/wp\/v2\/types\/post"}],"author":[{"embeddable":true,"href":"https:\/\/www.welovecycling.com\/es\/wp-json\/wp\/v2\/users\/29"}],"replies":[{"embeddable":true,"href":"https:\/\/www.welovecycling.com\/es\/wp-json\/wp\/v2\/comments?post=10677"}],"version-history":[{"count":1,"href":"https:\/\/www.welovecycling.com\/es\/wp-json\/wp\/v2\/posts\/10677\/revisions"}],"predecessor-version":[{"id":10682,"href":"https:\/\/www.welovecycling.com\/es\/wp-json\/wp\/v2\/posts\/10677\/revisions\/10682"}],"wp:featuredmedia":[{"embeddable":true,"href":"https:\/\/www.welovecycling.com\/es\/wp-json\/wp\/v2\/media\/10680"}],"wp:attachment":[{"href":"https:\/\/www.welovecycling.com\/es\/wp-json\/wp\/v2\/media?parent=10677"}],"wp:term":[{"taxonomy":"category","embeddable":true,"href":"https:\/\/www.welovecycling.com\/es\/wp-json\/wp\/v2\/categories?post=10677"},{"taxonomy":"post_tag","embeddable":true,"href":"https:\/\/www.welovecycling.com\/es\/wp-json\/wp\/v2\/tags?post=10677"},{"taxonomy":"global-categories","embeddable":true,"href":"https:\/\/www.welovecycling.com\/es\/wp-json\/wp\/v2\/global-categories?post=10677"}],"curies":[{"name":"wp","href":"https:\/\/api.w.org\/{rel}","templated":true}]}}