{"id":10672,"date":"2024-03-25T11:59:38","date_gmt":"2024-03-25T09:59:38","guid":{"rendered":"https:\/\/www.welovecycling.com\/es\/?p=10672"},"modified":"2024-03-25T11:59:38","modified_gmt":"2024-03-25T09:59:38","slug":"pogacar-acrecienta-su-leyenda-en-la-volta-2024","status":"publish","type":"post","link":"https:\/\/www.welovecycling.com\/es\/2024\/03\/25\/pogacar-acrecienta-su-leyenda-en-la-volta-2024\/","title":{"rendered":"Pogacar acrecienta su leyenda en la Volta 2024"},"content":{"rendered":"<p style=\"font-weight: 400;\"><strong> Con Tadej Pogacar los n\u00fameros son sencillos. Desde que se visti\u00f3 de amarillo en Par\u00eds en 2020, cada vez que se pone un dorsal en una vuelta por etapas acaba ganando. Solo se escapan a su poder los Tour de 2022 y 2023, en los que sucumbi\u00f3 a Vingegaard y todo el Jumbo. El resto, victorias, pero ninguna tan apabullante como La Volta 2024, donde no ha tenido rival.<br \/>\n<!--more--><\/strong>La organizaci\u00f3n de La Volta program\u00f3 un recorrido <a href=\"https:\/\/www.welovecycling.com\/es\/2024\/03\/17\/volta-2024\/\">duro, complicado y monta\u00f1oso.<\/a> De las siete etapas, tres acababan en alto, m\u00e1s que ninguna otra vuelta de una semana del World Tour, y otras dos, la primera en Saint Feliu y la \u00faltima en Montjuic, con llegada picando hacia arriba despu\u00e9s de un puerto de monta\u00f1a cercano. El resultado, <strong>tres victorias de Pogacar cada d\u00eda de alta monta\u00f1a, una m\u00e1s en Montjuic<\/strong> y un segundo puesto en la jornada inicial porque el australiano Schultz se adelant\u00f3 al sprint y al esloveno le faltaron cent\u00edmetros y d\u00e9cimas de segundo para superarle. Solo las dos etapas puras al sprint acabaron lejos de la voracidad del ciclista esloveno.<\/p>\n<p>Los de Pogacar son n\u00fameros y exhibiciones propias de Hinault o <a href=\"https:\/\/www.welovecycling.com\/es\/2023\/07\/10\/puy-de-dome\/\">Merckx<\/a>. El franc\u00e9s gan\u00f3 cinco Tours, pero se empe\u00f1\u00f3 en llevarse tambi\u00e9n la carrera que m\u00e1s odiaba, la<a href=\"https:\/\/www.welovecycling.com\/es\/2017\/05\/19\/infierno-del-norte-10-imagenes-antiguas-espectaculares-la-paris-roubaix\/\"> Par\u00eds Roubaix<\/a>, y no par\u00f3 hasta levantar los brazos en el Vel\u00f3dromo. Triunfo y castigo a los adoquines, a los que jam\u00e1s volvi\u00f3. Lo suyo fue el triunfo de la rabia. A Eddy Merckx no le gustaba perder. Su ego se lo impon\u00eda. Por eso un 31 de diciembre era capaz de irse a disputar un Criterium para ser el ciclista con m\u00e1s victorias en esta temporada. Hinault acab\u00f3 discutiendo con medio pelot\u00f3n, peg\u00e1ndose con unos agricultores huelguistas y enfrentando en carrera a Fignon y Lemond cuando era compa\u00f1ero de ambos. Oca\u00f1a no pod\u00eda ver a Merckx ni en pintura y el belga tampoco era bien recibido entre los ciclistas flamencos, que nunca le perdonaron irse al lado val\u00f3n.<\/p>\n<blockquote class=\"instagram-media\" style=\"background: #FFF; border: 0; border-radius: 3px; box-shadow: 0 0 1px 0 rgba(0,0,0,0.5),0 1px 10px 0 rgba(0,0,0,0.15); margin: 1px; max-width: 540px; min-width: 326px; padding: 0; width: calc(100% - 2px);\" data-instgrm-captioned=\"\" data-instgrm-permalink=\"https:\/\/www.instagram.com\/p\/C452ePoMGEX\/?utm_source=ig_embed&amp;utm_campaign=loading\" data-instgrm-version=\"14\">\n<div style=\"padding: 16px;\">\n<p>&nbsp;<\/p>\n<div style=\"display: flex; flex-direction: row; align-items: center;\">\n<div style=\"background-color: #f4f4f4; border-radius: 50%; flex-grow: 0; height: 40px; margin-right: 14px; width: 40px;\"><\/div>\n<div style=\"display: flex; flex-direction: column; flex-grow: 1; justify-content: center;\">\n<div style=\"background-color: #f4f4f4; border-radius: 4px; flex-grow: 0; height: 14px; margin-bottom: 6px; width: 100px;\"><\/div>\n<div style=\"background-color: #f4f4f4; border-radius: 4px; flex-grow: 0; height: 14px; width: 60px;\"><\/div>\n<\/div>\n<\/div>\n<div style=\"padding: 19% 0;\"><\/div>\n<div style=\"display: block; height: 50px; margin: 0 auto 12px; width: 50px;\"><\/div>\n<div style=\"padding-top: 8px;\">\n<div style=\"color: #3897f0; font-family: Arial,sans-serif; font-size: 14px; font-style: normal; font-weight: 550; line-height: 18px;\">Ver esta publicaci\u00f3n en Instagram<\/div>\n<\/div>\n<div style=\"padding: 12.5% 0;\"><\/div>\n<div style=\"display: flex; flex-direction: row; margin-bottom: 14px; align-items: center;\">\n<div>\n<div style=\"background-color: #f4f4f4; border-radius: 50%; height: 12.5px; width: 12.5px; transform: translateX(0px) translateY(7px);\"><\/div>\n<div style=\"background-color: #f4f4f4; height: 12.5px; transform: rotate(-45deg) translateX(3px) translateY(1px); width: 12.5px; flex-grow: 0; margin-right: 14px; margin-left: 2px;\"><\/div>\n<div style=\"background-color: #f4f4f4; border-radius: 50%; height: 12.5px; width: 12.5px; transform: translateX(9px) translateY(-18px);\"><\/div>\n<\/div>\n<div style=\"margin-left: 8px;\">\n<div style=\"background-color: #f4f4f4; border-radius: 50%; flex-grow: 0; height: 20px; width: 20px;\"><\/div>\n<div style=\"width: 0; height: 0; border-top: 2px solid transparent; border-left: 6px solid #f4f4f4; border-bottom: 2px solid transparent; transform: translateX(16px) translateY(-4px) rotate(30deg);\"><\/div>\n<\/div>\n<div style=\"margin-left: auto;\">\n<div style=\"width: 0px; border-top: 8px solid #F4F4F4; border-right: 8px solid transparent; transform: translateY(16px);\"><\/div>\n<div style=\"background-color: #f4f4f4; flex-grow: 0; height: 12px; width: 16px; transform: translateY(-4px);\"><\/div>\n<div style=\"width: 0; height: 0; border-top: 8px solid #F4F4F4; border-left: 8px solid transparent; transform: translateY(-4px) translateX(8px);\"><\/div>\n<\/div>\n<\/div>\n<div style=\"display: flex; flex-direction: column; flex-grow: 1; justify-content: center; margin-bottom: 24px;\">\n<div style=\"background-color: #f4f4f4; border-radius: 4px; flex-grow: 0; height: 14px; margin-bottom: 6px; width: 224px;\"><\/div>\n<div style=\"background-color: #f4f4f4; border-radius: 4px; flex-grow: 0; height: 14px; width: 144px;\"><\/div>\n<\/div>\n<p>&nbsp;<\/p>\n<p style=\"color: #c9c8cd; font-family: Arial,sans-serif; font-size: 14px; line-height: 17px; margin-bottom: 0; margin-top: 8px; overflow: hidden; padding: 8px 0 7px; text-align: center; text-overflow: ellipsis; white-space: nowrap;\"><a style=\"color: #c9c8cd; font-family: Arial,sans-serif; font-size: 14px; font-style: normal; font-weight: normal; line-height: 17px; text-decoration: none;\" href=\"https:\/\/www.instagram.com\/p\/C452ePoMGEX\/?utm_source=ig_embed&amp;utm_campaign=loading\" target=\"_blank\" rel=\"noopener\">Una publicaci\u00f3n compartida de Tadej Pogac\u030car (@tadejpogacar)<\/a><\/p>\n<\/div>\n<\/blockquote>\n<p><script async src=\"\/\/www.instagram.com\/embed.js\"><\/script><\/p>\n<p><strong>Lo de Tadej Pogacar es diferente. Vence, sonr\u00ede a la c\u00e1mara y sus rivales aceptan<\/strong> que es tan superior que solo pueden rendirse al talento del esloveno. Tampoco se enfada cuando pierde. Es capaz de hacerse un selfie sonriendo con Philippsen y Matthews en el podio de San Remo despu\u00e9s de acabar tercero siendo el ciclista m\u00e1s fuerte de carrera. Tambi\u00e9n ha demostrado ser humano. Vingegaard le super\u00f3 en el Tour de 2022 y 2023 y el tercer Tour sigue siendo asignatura pendiente. Igual que San Remo, con tres ocasiones perdidas. O el Mundial, ya que todav\u00eda no se ha vestido de arcoiris.<\/p>\n<p><strong>SIN RIVAL<\/strong><\/p>\n<p>El domingo previo a <strong>La Volta Tadej Pogacar era el m\u00e1ximo favorito<\/strong>. El lunes, despu\u00e9s de que todo el mundo supiera que hab\u00eda llegado por la ma\u00f1ana en avi\u00f3n a Barcelona y se hab\u00eda ido en bici a la salida de Sant Feli\u00fa (150 kil\u00f3metros extra), pues tambi\u00e9n. Lo corrobor\u00f3 unas horas despu\u00e9s siendo segundo en el sprint de meta.<\/p>\n<p>El martes, entre la niebla de Port Ain\u00e9, arranc\u00f3 a seis kil\u00f3metros de la cima. No hab\u00eda televisi\u00f3n en directo, afectada por las inclemencias del tiempo, pero no hizo falta para saber que ese ataque era definitivo. Por detr\u00e1s, a m\u00e1s de un minuto, Mikel Landa y Vlasov solo pelearon por el segundo puesto. Igual que un mes antes cuando el esloveno arranc\u00f3 en Strade Bianche a falta de 80 kil\u00f3metros.<\/p>\n<blockquote class=\"twitter-tweet\">\n<p dir=\"ltr\" lang=\"en\">Tremendous ride on this brutal mountain stage of <a href=\"https:\/\/twitter.com\/MikelLandaMeana?ref_src=twsrc%5Etfw\">@MikelLandaMeana<\/a>, who finishes third for another top-three at the <a href=\"https:\/\/twitter.com\/hashtag\/VoltaCatalunya103?src=hash&amp;ref_src=twsrc%5Etfw\">#VoltaCatalunya103<\/a>, cementing his place on the overall podium of the race.<\/p>\n<p>Photo: <a href=\"https:\/\/twitter.com\/GettySport?ref_src=twsrc%5Etfw\">@GettySport<\/a> <a href=\"https:\/\/t.co\/YAPrgTrhiL\">pic.twitter.com\/YAPrgTrhiL<\/a><\/p>\n<p>\u2014 Soudal Quick-Step Pro Cycling Team (@soudalquickstep) <a href=\"https:\/\/twitter.com\/soudalquickstep\/status\/1771566539197620364?ref_src=twsrc%5Etfw\">March 23, 2024<\/a><\/p><\/blockquote>\n<p><script async src=\"https:\/\/platform.twitter.com\/widgets.js\" charset=\"utf-8\"><\/script><br \/>\nEl mi\u00e9rcoles fue <a href=\"https:\/\/www.marca.com\/ciclismo\/2024\/03\/25\/6600a7cee2704e02b88b4588.html\">Mikel Landa el que puso al Soudal<\/a> a lanzar la carrera. En Vallter 2000 atac\u00f3 el alav\u00e9s a falta de seis kil\u00f3metros. Solo fue una lanzadera para Pogacar que se volvi\u00f3 a ir en solitario y levantar los brazos en meta. Esta vez Landa lleg\u00f3 solo y a menos de un minuto.<br \/>\nGeneral resuelta, dos etapas al sprint con el control del UAE y a la espera de la etapa del s\u00e1bado, con 4.000 metros de desnivel por el Bergued\u00e1 con el temido Pradell.<\/p>\n<p>El guion fue similar. Ritmo de carrera alto del UAE, que en las rampas imposibles de Pradell ya dejaba fuera de combate al Visma de Kuss y Uitjdebroecks. El primero ser\u00e1 gregario de Vingegaard en el Tour y el segundo el hombre de las generales para el Giro, si Van Aert le da la ven\u00eda. Pese a que engancharon en la bajada, solo hizo falta un primera &#8216;light&#8217;, el Alto de San Isidre, para que Pogacar arrancase a 30 de meta. Le aguant\u00f3 un par de kil\u00f3metros Landa, pero nada m\u00e1s. El esloveno se march\u00f3 solo y 30 kil\u00f3metros despu\u00e9s, en el Santuario de Queralt. <a href=\"https:\/\/www.voltacatalunya.cat\/es\/clasificaciones\/etapa-6\">Volvi\u00f3 a ganar<\/a>. Un espect\u00e1culo. Con la general resuelta, pod\u00eda haber seguido la t\u00e1ctica Team Sky, aguantar al m\u00e1ximo de gregarios posibles hasta que restasen dos kil\u00f3metros y asegurar el triunfo. Pero su ciclismo no entiende de conservadurismos, por eso ya ha ganado el Tour de Flandes, la Lieja y el Giro de Lombardia y no se detendr\u00e1 hasta sumar los dos Monumentos que le restan, San Remo y Roubaix.<\/p>\n<p><iframe loading=\"lazy\" title=\"YouTube video player\" src=\"https:\/\/www.youtube-nocookie.com\/embed\/d-fqkh_QDJI?si=SAZINO7oYycb004c\" width=\"560\" height=\"315\" frameborder=\"0\" allowfullscreen=\"allowfullscreen\"><\/iframe><\/p>\n<p>Ahora mismo la pelea de Pogacar es contra la historia, no frente a sus rivales. Por eso Landa estaba contento en el podio de Montjuic. Hab\u00eda recuperado las sensaciones de 2015, cuando superaba a Alberto Contador en la alta monta\u00f1a. Mueve los mismos vatios. Incluso alguno m\u00e1s. Pero solo le da para ser el primero detr\u00e1s del esloveno. Eso s\u00ed, con mucha diferencia sobre el resto. Porque si Pogacar le ha sacado 3:40 a Landa en una semana, el alav\u00e9s le ha metido 1:20 a Egan Bernal, que ve brotes verdes despu\u00e9s de su accidente en 2022, Y m\u00e1s de dos minutos a Vlasov y Enric M\u00e1s. Sin el esloveno habr\u00eda sido una exhibici\u00f3n de Mikel Landa y ya alguno apuntar\u00eda a sus opciones de amarillo en Par\u00eds. Pero esa parcela ahora mismo solo est\u00e1 reservada para Pogacar y Vingegaard, que en la distancia se retan para el mes de julio.<\/p>\n","protected":false},"excerpt":{"rendered":"<p>Con Tadej Pogacar los n\u00fameros son sencillos. Desde que se visti\u00f3 de amarillo en Par\u00eds en 2020, cada vez que [&hellip;]<\/p>\n","protected":false},"author":29,"featured_media":10675,"comment_status":"open","ping_status":"open","sticky":false,"template":"","format":"standard","meta":{"footnotes":""},"categories":[7],"tags":[1219,2292],"global-categories":[1164],"class_list":["post-10672","post","type-post","status-publish","format-standard","has-post-thumbnail","hentry","category-carretera","tag-pogacar","tag-volta-2024","global-categories-cycling"],"yoast_head":"<!-- This site is optimized with the Yoast SEO Premium plugin v25.3 (Yoast SEO v25.9) - https:\/\/yoast.com\/wordpress\/plugins\/seo\/ -->\n<title>Pogacar acrecienta su leyenda en la Volta 2024 - \u0160koda We Love Cycling - Spain<\/title>\n<meta name=\"description\" content=\"Pogacar acrecienta su leyenda en la Volta 2024. Gan\u00f3 cuatro de las siete etapas y arras\u00f3 en la clasificaci\u00f3n general. Landa, segundo.\" \/>\n<meta name=\"robots\" content=\"index, follow, max-snippet:-1, max-image-preview:large, max-video-preview:-1\" \/>\n<link rel=\"canonical\" href=\"https:\/\/www.welovecycling.com\/es\/2024\/03\/25\/pogacar-acrecienta-su-leyenda-en-la-volta-2024\/\" \/>\n<meta property=\"og:locale\" content=\"es_ES\" \/>\n<meta property=\"og:type\" content=\"article\" \/>\n<meta property=\"og:title\" content=\"Pogacar acrecienta su leyenda en la Volta 2024\" \/>\n<meta property=\"og:description\" content=\"Pogacar acrecienta su leyenda en la Volta 2024. Gan\u00f3 cuatro de las siete etapas y arras\u00f3 en la clasificaci\u00f3n general. Landa, segundo.\" \/>\n<meta property=\"og:url\" content=\"https:\/\/www.welovecycling.com\/es\/2024\/03\/25\/pogacar-acrecienta-su-leyenda-en-la-volta-2024\/\" \/>\n<meta property=\"og:site_name\" content=\"\u0160koda We Love Cycling - Spain\" \/>\n<meta property=\"article:published_time\" content=\"2024-03-25T09:59:38+00:00\" \/>\n<meta property=\"og:image\" content=\"https:\/\/d2p6e6u75xmxt8.cloudfront.net\/6\/2024\/03\/pogacar_volta.webp\" \/>\n\t<meta property=\"og:image:width\" content=\"2048\" \/>\n\t<meta property=\"og:image:height\" content=\"1365\" \/>\n\t<meta property=\"og:image:type\" content=\"image\/webp\" \/>\n<meta name=\"author\" content=\"We Love Cycling Spain\" \/>\n<meta name=\"twitter:card\" content=\"summary_large_image\" \/>\n<meta name=\"twitter:description\" content=\"Pogacar acrecienta su leyenda en la Volta 2024. Gan\u00f3 cuatro de las siete etapas y arras\u00f3 en la clasificaci\u00f3n general. Landa, segundo.\" \/>\n<meta name=\"twitter:label1\" content=\"Written by\" \/>\n\t<meta name=\"twitter:data1\" content=\"Luis Ortega @ciclored\" \/>\n\t<meta name=\"twitter:label2\" content=\"Est. reading time\" \/>\n\t<meta name=\"twitter:data2\" content=\"5 minutes\" \/>\n<script type=\"application\/ld+json\" class=\"yoast-schema-graph\">{\"@context\":\"https:\/\/schema.org\",\"@graph\":[{\"@type\":\"WebPage\",\"@id\":\"https:\/\/www.welovecycling.com\/es\/2024\/03\/25\/pogacar-acrecienta-su-leyenda-en-la-volta-2024\/\",\"url\":\"https:\/\/www.welovecycling.com\/es\/2024\/03\/25\/pogacar-acrecienta-su-leyenda-en-la-volta-2024\/\",\"name\":\"Pogacar acrecienta su leyenda en la Volta 2024 - \u0160koda We Love Cycling - Spain\",\"isPartOf\":{\"@id\":\"https:\/\/www.welovecycling.com\/es\/#website\"},\"primaryImageOfPage\":{\"@id\":\"https:\/\/www.welovecycling.com\/es\/2024\/03\/25\/pogacar-acrecienta-su-leyenda-en-la-volta-2024\/#primaryimage\"},\"image\":{\"@id\":\"https:\/\/www.welovecycling.com\/es\/2024\/03\/25\/pogacar-acrecienta-su-leyenda-en-la-volta-2024\/#primaryimage\"},\"thumbnailUrl\":\"https:\/\/d2p6e6u75xmxt8.cloudfront.net\/6\/2024\/03\/pogacar_volta.webp\",\"datePublished\":\"2024-03-25T09:59:38+00:00\",\"author\":{\"@id\":\"https:\/\/www.welovecycling.com\/es\/#\/schema\/person\/deb61715b5812698ee79fb96f343ccd4\"},\"description\":\"Pogacar acrecienta su leyenda en la Volta 2024. Gan\u00f3 cuatro de las siete etapas y arras\u00f3 en la clasificaci\u00f3n general. Landa, segundo.\",\"breadcrumb\":{\"@id\":\"https:\/\/www.welovecycling.com\/es\/2024\/03\/25\/pogacar-acrecienta-su-leyenda-en-la-volta-2024\/#breadcrumb\"},\"inLanguage\":\"es-ES\",\"potentialAction\":[{\"@type\":\"ReadAction\",\"target\":[\"https:\/\/www.welovecycling.com\/es\/2024\/03\/25\/pogacar-acrecienta-su-leyenda-en-la-volta-2024\/\"]}]},{\"@type\":\"ImageObject\",\"inLanguage\":\"es-ES\",\"@id\":\"https:\/\/www.welovecycling.com\/es\/2024\/03\/25\/pogacar-acrecienta-su-leyenda-en-la-volta-2024\/#primaryimage\",\"url\":\"https:\/\/d2p6e6u75xmxt8.cloudfront.net\/6\/2024\/03\/pogacar_volta.webp\",\"contentUrl\":\"https:\/\/d2p6e6u75xmxt8.cloudfront.net\/6\/2024\/03\/pogacar_volta.webp\",\"width\":2048,\"height\":1365},{\"@type\":\"BreadcrumbList\",\"@id\":\"https:\/\/www.welovecycling.com\/es\/2024\/03\/25\/pogacar-acrecienta-su-leyenda-en-la-volta-2024\/#breadcrumb\",\"itemListElement\":[{\"@type\":\"ListItem\",\"position\":1,\"name\":\"Home\",\"item\":\"https:\/\/www.welovecycling.com\/es\/\"},{\"@type\":\"ListItem\",\"position\":2,\"name\":\"Pogacar acrecienta su leyenda en la Volta 2024\"}]},{\"@type\":\"WebSite\",\"@id\":\"https:\/\/www.welovecycling.com\/es\/#website\",\"url\":\"https:\/\/www.welovecycling.com\/es\/\",\"name\":\"\u0160koda We Love Cycling - Spain\",\"description\":\"\u0160koda WeLoveCycling Spain\",\"potentialAction\":[{\"@type\":\"SearchAction\",\"target\":{\"@type\":\"EntryPoint\",\"urlTemplate\":\"https:\/\/www.welovecycling.com\/es\/?s={search_term_string}\"},\"query-input\":{\"@type\":\"PropertyValueSpecification\",\"valueRequired\":true,\"valueName\":\"search_term_string\"}}],\"inLanguage\":\"es-ES\"},{\"@type\":\"Person\",\"@id\":\"https:\/\/www.welovecycling.com\/es\/#\/schema\/person\/deb61715b5812698ee79fb96f343ccd4\",\"name\":\"We Love Cycling Spain\",\"image\":{\"@type\":\"ImageObject\",\"inLanguage\":\"es-ES\",\"@id\":\"https:\/\/www.welovecycling.com\/es\/#\/schema\/person\/image\/\",\"url\":\"https:\/\/secure.gravatar.com\/avatar\/c824b04e6df0e37a03219d0b6481672889df542894588964102459e46513159c?s=96&d=mm&r=g\",\"contentUrl\":\"https:\/\/secure.gravatar.com\/avatar\/c824b04e6df0e37a03219d0b6481672889df542894588964102459e46513159c?s=96&d=mm&r=g\",\"caption\":\"We Love Cycling Spain\"},\"url\":\"https:\/\/www.welovecycling.com\/es\/author\/amunoz\/\"}]}<\/script>\n<!-- \/ Yoast SEO Premium plugin. -->","yoast_head_json":{"title":"Pogacar acrecienta su leyenda en la Volta 2024 - \u0160koda We Love Cycling - Spain","description":"Pogacar acrecienta su leyenda en la Volta 2024. Gan\u00f3 cuatro de las siete etapas y arras\u00f3 en la clasificaci\u00f3n general. Landa, segundo.","robots":{"index":"index","follow":"follow","max-snippet":"max-snippet:-1","max-image-preview":"max-image-preview:large","max-video-preview":"max-video-preview:-1"},"canonical":"https:\/\/www.welovecycling.com\/es\/2024\/03\/25\/pogacar-acrecienta-su-leyenda-en-la-volta-2024\/","og_locale":"es_ES","og_type":"article","og_title":"Pogacar acrecienta su leyenda en la Volta 2024","og_description":"Pogacar acrecienta su leyenda en la Volta 2024. Gan\u00f3 cuatro de las siete etapas y arras\u00f3 en la clasificaci\u00f3n general. Landa, segundo.","og_url":"https:\/\/www.welovecycling.com\/es\/2024\/03\/25\/pogacar-acrecienta-su-leyenda-en-la-volta-2024\/","og_site_name":"\u0160koda We Love Cycling - Spain","article_published_time":"2024-03-25T09:59:38+00:00","og_image":[{"width":2048,"height":1365,"url":"https:\/\/d2p6e6u75xmxt8.cloudfront.net\/6\/2024\/03\/pogacar_volta.webp","type":"image\/webp"}],"author":"We Love Cycling Spain","twitter_card":"summary_large_image","twitter_description":"Pogacar acrecienta su leyenda en la Volta 2024. Gan\u00f3 cuatro de las siete etapas y arras\u00f3 en la clasificaci\u00f3n general. Landa, segundo.","twitter_misc":{"Written by":"Luis Ortega @ciclored","Est. reading time":"5 minutes"},"schema":{"@context":"https:\/\/schema.org","@graph":[{"@type":"WebPage","@id":"https:\/\/www.welovecycling.com\/es\/2024\/03\/25\/pogacar-acrecienta-su-leyenda-en-la-volta-2024\/","url":"https:\/\/www.welovecycling.com\/es\/2024\/03\/25\/pogacar-acrecienta-su-leyenda-en-la-volta-2024\/","name":"Pogacar acrecienta su leyenda en la Volta 2024 - \u0160koda We Love Cycling - Spain","isPartOf":{"@id":"https:\/\/www.welovecycling.com\/es\/#website"},"primaryImageOfPage":{"@id":"https:\/\/www.welovecycling.com\/es\/2024\/03\/25\/pogacar-acrecienta-su-leyenda-en-la-volta-2024\/#primaryimage"},"image":{"@id":"https:\/\/www.welovecycling.com\/es\/2024\/03\/25\/pogacar-acrecienta-su-leyenda-en-la-volta-2024\/#primaryimage"},"thumbnailUrl":"https:\/\/d2p6e6u75xmxt8.cloudfront.net\/6\/2024\/03\/pogacar_volta.webp","datePublished":"2024-03-25T09:59:38+00:00","author":{"@id":"https:\/\/www.welovecycling.com\/es\/#\/schema\/person\/deb61715b5812698ee79fb96f343ccd4"},"description":"Pogacar acrecienta su leyenda en la Volta 2024. Gan\u00f3 cuatro de las siete etapas y arras\u00f3 en la clasificaci\u00f3n general. Landa, segundo.","breadcrumb":{"@id":"https:\/\/www.welovecycling.com\/es\/2024\/03\/25\/pogacar-acrecienta-su-leyenda-en-la-volta-2024\/#breadcrumb"},"inLanguage":"es-ES","potentialAction":[{"@type":"ReadAction","target":["https:\/\/www.welovecycling.com\/es\/2024\/03\/25\/pogacar-acrecienta-su-leyenda-en-la-volta-2024\/"]}]},{"@type":"ImageObject","inLanguage":"es-ES","@id":"https:\/\/www.welovecycling.com\/es\/2024\/03\/25\/pogacar-acrecienta-su-leyenda-en-la-volta-2024\/#primaryimage","url":"https:\/\/d2p6e6u75xmxt8.cloudfront.net\/6\/2024\/03\/pogacar_volta.webp","contentUrl":"https:\/\/d2p6e6u75xmxt8.cloudfront.net\/6\/2024\/03\/pogacar_volta.webp","width":2048,"height":1365},{"@type":"BreadcrumbList","@id":"https:\/\/www.welovecycling.com\/es\/2024\/03\/25\/pogacar-acrecienta-su-leyenda-en-la-volta-2024\/#breadcrumb","itemListElement":[{"@type":"ListItem","position":1,"name":"Home","item":"https:\/\/www.welovecycling.com\/es\/"},{"@type":"ListItem","position":2,"name":"Pogacar acrecienta su leyenda en la Volta 2024"}]},{"@type":"WebSite","@id":"https:\/\/www.welovecycling.com\/es\/#website","url":"https:\/\/www.welovecycling.com\/es\/","name":"\u0160koda We Love Cycling - Spain","description":"\u0160koda WeLoveCycling Spain","potentialAction":[{"@type":"SearchAction","target":{"@type":"EntryPoint","urlTemplate":"https:\/\/www.welovecycling.com\/es\/?s={search_term_string}"},"query-input":{"@type":"PropertyValueSpecification","valueRequired":true,"valueName":"search_term_string"}}],"inLanguage":"es-ES"},{"@type":"Person","@id":"https:\/\/www.welovecycling.com\/es\/#\/schema\/person\/deb61715b5812698ee79fb96f343ccd4","name":"We Love Cycling Spain","image":{"@type":"ImageObject","inLanguage":"es-ES","@id":"https:\/\/www.welovecycling.com\/es\/#\/schema\/person\/image\/","url":"https:\/\/secure.gravatar.com\/avatar\/c824b04e6df0e37a03219d0b6481672889df542894588964102459e46513159c?s=96&d=mm&r=g","contentUrl":"https:\/\/secure.gravatar.com\/avatar\/c824b04e6df0e37a03219d0b6481672889df542894588964102459e46513159c?s=96&d=mm&r=g","caption":"We Love Cycling Spain"},"url":"https:\/\/www.welovecycling.com\/es\/author\/amunoz\/"}]}},"_links":{"self":[{"href":"https:\/\/www.welovecycling.com\/es\/wp-json\/wp\/v2\/posts\/10672","targetHints":{"allow":["GET"]}}],"collection":[{"href":"https:\/\/www.welovecycling.com\/es\/wp-json\/wp\/v2\/posts"}],"about":[{"href":"https:\/\/www.welovecycling.com\/es\/wp-json\/wp\/v2\/types\/post"}],"author":[{"embeddable":true,"href":"https:\/\/www.welovecycling.com\/es\/wp-json\/wp\/v2\/users\/29"}],"replies":[{"embeddable":true,"href":"https:\/\/www.welovecycling.com\/es\/wp-json\/wp\/v2\/comments?post=10672"}],"version-history":[{"count":2,"href":"https:\/\/www.welovecycling.com\/es\/wp-json\/wp\/v2\/posts\/10672\/revisions"}],"predecessor-version":[{"id":10676,"href":"https:\/\/www.welovecycling.com\/es\/wp-json\/wp\/v2\/posts\/10672\/revisions\/10676"}],"wp:featuredmedia":[{"embeddable":true,"href":"https:\/\/www.welovecycling.com\/es\/wp-json\/wp\/v2\/media\/10675"}],"wp:attachment":[{"href":"https:\/\/www.welovecycling.com\/es\/wp-json\/wp\/v2\/media?parent=10672"}],"wp:term":[{"taxonomy":"category","embeddable":true,"href":"https:\/\/www.welovecycling.com\/es\/wp-json\/wp\/v2\/categories?post=10672"},{"taxonomy":"post_tag","embeddable":true,"href":"https:\/\/www.welovecycling.com\/es\/wp-json\/wp\/v2\/tags?post=10672"},{"taxonomy":"global-categories","embeddable":true,"href":"https:\/\/www.welovecycling.com\/es\/wp-json\/wp\/v2\/global-categories?post=10672"}],"curies":[{"name":"wp","href":"https:\/\/api.w.org\/{rel}","templated":true}]}}