{"id":10667,"date":"2024-03-21T12:01:45","date_gmt":"2024-03-21T10:01:45","guid":{"rendered":"https:\/\/www.welovecycling.com\/es\/?p=10667"},"modified":"2024-03-21T12:01:45","modified_gmt":"2024-03-21T10:01:45","slug":"el-mundial-de-gravel-2024-aterriza-en-flandes-recorridos","status":"publish","type":"post","link":"https:\/\/www.welovecycling.com\/es\/2024\/03\/21\/el-mundial-de-gravel-2024-aterriza-en-flandes-recorridos\/","title":{"rendered":"El Mundial de Gravel 2024 aterriza en Flandes &#8211; Recorridos"},"content":{"rendered":"<p style=\"font-weight: 400;\"><strong>Flandes, la regi\u00f3n m\u00e1s ciclistas del mundo, ser\u00e1 el escenario del Mundial de Gravel 2024, que llega a su tercera edici\u00f3n convertido ya en un espect\u00e1culo con color propio. La cita para todas las categor\u00edas ser\u00e1 el s\u00e1bado 5 y el domingo 6 de octubre. Aunque ya se conoc\u00edan las sedes. Inicio en Halle y meta en Lovaina (la misma ciudad que acogi\u00f3 los Mundiales de Fondo en Carretera en 2022), la organizaci\u00f3n ha facilitado el recorrido de la carrera elite, que une tierra, colinas y varios tramos de adoquines t\u00edpicos de la zona. Casi todo por el interior del Parque Nacional Brabantse Wouden.<\/strong><!--more--><\/p>\n<p>Los Mundiales se trasladan desde el <a href=\"https:\/\/www.welovecycling.com\/es\/2023\/10\/16\/mundial-gravel\/\">Veneto (Italia)<\/a> a Flandes para su tercera edici\u00f3n.\u00a0 El s\u00e1bado 5 de octubre las mujeres \u00e9lite competir\u00e1n por el maillot arco\u00edris y el domingo 6 de octubre competir\u00e1n los hombres \u00e9lite.\u00a0Ambos d\u00edas tambi\u00e9n se disputar\u00e1 el t\u00edtulo mundial UCI en distintas categor\u00edas de edad e incluso una <strong>versi\u00f3n no competitiva para que cualquiera pueda rodar. En todas las carreras \u0160koda estar\u00e1 presente como veh\u00edculo oficial<\/strong><\/p>\n<p>La salida de todas las carreras es en Halle, la meta en Lovaina, Dependiendo de la categor\u00eda, los corredores disputar\u00e1n al final una o dos rondas locales en Lovaina.\u00a0El recorrido de \u00e9lite femenino tiene 133 km, el de \u00e9lite masculino 179 km. Todav\u00eda no hay lista de participantes, pero suelen acudir los <strong>Van Aert, Van der Poel, Pidcock, Mohoric, Niewiadoma, Vollering y compa\u00f1\u00eda, adem\u00e1s de ilustres veteranos como Alejandro Valverde.<\/p>\n<p><a href=\"https:\/\/d2p6e6u75xmxt8.cloudfront.net\/6\/2024\/03\/Mundial_Gravel_Flandes.webp\"><img loading=\"lazy\" decoding=\"async\" class=\"aligncenter size-large wp-image-10669\" src=\"https:\/\/d2p6e6u75xmxt8.cloudfront.net\/6\/2024\/03\/Mundial_Gravel_Flandes-1024x536.webp\" alt=\"\" width=\"1024\" height=\"536\" srcset=\"https:\/\/d2p6e6u75xmxt8.cloudfront.net\/6\/2024\/03\/Mundial_Gravel_Flandes-1024x536.webp 1024w, https:\/\/d2p6e6u75xmxt8.cloudfront.net\/6\/2024\/03\/Mundial_Gravel_Flandes-300x157.webp 300w, https:\/\/d2p6e6u75xmxt8.cloudfront.net\/6\/2024\/03\/Mundial_Gravel_Flandes-768x402.webp 768w, https:\/\/d2p6e6u75xmxt8.cloudfront.net\/6\/2024\/03\/Mundial_Gravel_Flandes-1536x803.webp 1536w, https:\/\/d2p6e6u75xmxt8.cloudfront.net\/6\/2024\/03\/Mundial_Gravel_Flandes-400x209.webp 400w, https:\/\/d2p6e6u75xmxt8.cloudfront.net\/6\/2024\/03\/Mundial_Gravel_Flandes.webp 1568w\" sizes=\"auto, (max-width: 1024px) 100vw, 1024px\" \/><\/a><br \/>\n<\/strong><\/p>\n<p>El recorrido muestra paralelismos con el Campeonato de Europa y BK gravel que tambi\u00e9n tuvo lugar el a\u00f1o pasado en la provincia de Brabante Flamenco, con Oud-Heverlee como epicentro.\u00a0Esta zona es un aut\u00e9ntico para\u00edso para los amantes de los caminos de ripio sin asfaltar, los \u00e1rboles monumentales y las fuertes pendientes en caminos hundidos que se adentran en el paisaje.\u00a0Los Brabantse Wouden est\u00e1n reconocidos oficialmente como parque nacional desde 2023.<\/p>\n<p>Sin demasiadas zonas t\u00e9cnicas ni bajadas complicadas, el Mundial de Gravel 2024 <strong>tendr\u00e1 mucho pisteo, senderos entre \u00e1rboles y varios tramos de adoquines, que con la bici de gravel son menos dificultosos que con la de carretera.<\/strong> El gran problema ser\u00e1 el barro porque Lovaina es una regi\u00f3n lluviosa y el mes de octubre es propicio para las primeras lluvias del oto\u00f1o. Con terreno mojado se a\u00f1ade dificultad extra porque se hace resbaladizo y se acumula barro en la ruedas.<\/p>\n<p>El recorrido, casi en su totalidad, ya est\u00e1 publicado en la p\u00e1gina web de la organizaci\u00f3n, as\u00ed que cualquiera que quiera salir con su bicicleta de gravel o de monta\u00f1a ahora puede <a href=\"https:\/\/www.komoot.com\/nl-nl\/tour\/1030236186\/zoom?share_token=ac1eZR4Ok69w2benAcCvw8eJDULkpAKzxLqnhpmb0UDdxPp5hD\" target=\"_blank\" rel=\"noopener\">descargar una versi\u00f3n tur\u00edstica\/exploratoria del recorrido del Campeonato Mundial UCI (archivo GPX) de forma gratuita<\/a>\u00a0.\u00a0Esta es 97% igual a la ruta oficial de la Copa del Mundo, pero no contiene dominios privados, calles de sentido \u00fanico ni reservas naturales sensibles.<\/p>\n<p><strong>CLASIFICACI\u00d3N PARA EL CAMPEONATO MUNDIAL DE GRAVEL UCI<\/strong><\/p>\n<p>Los Mundiales de Gravel no solo est\u00e1n abiertos a ciclistas profesionales, sino que cualquiera con Licencia UCI Master se puede clasificar.<\/p>\n<p>Tienes dos opciones. Por un lado haciendo un buen papel en el Campeonato de Espa\u00f1a de Gravel o en uno de los m\u00e1s de 25 eventos de las <a href=\"https:\/\/ucigravelworldseries.com\/en\/calendar\/\">Trek UCI Gravel World Series.<\/a><\/p>\n<p>Las hay por todo el mundo. En Espa\u00f1a tienes <a href=\"https:\/\/ucigravelworldseries.com\/en\/berja\/\">La Indomable<\/a>, el s\u00e1bado 20 de abril en Berja,\u00a0 y <a href=\"https:\/\/ucigravelworldseries.com\/en\/girona\/\">La See Otter Girona<\/a>, el s\u00e1bado 21 de septiembre.<br \/>\n<a href=\"https:\/\/d2p6e6u75xmxt8.cloudfront.net\/6\/2024\/03\/Mundial_gravel_24_2.webp\"><img loading=\"lazy\" decoding=\"async\" class=\"aligncenter size-large wp-image-10670\" src=\"https:\/\/d2p6e6u75xmxt8.cloudfront.net\/6\/2024\/03\/Mundial_gravel_24_2-1024x683.webp\" alt=\"\" width=\"1024\" height=\"683\" srcset=\"https:\/\/d2p6e6u75xmxt8.cloudfront.net\/6\/2024\/03\/Mundial_gravel_24_2-1024x683.webp 1024w, https:\/\/d2p6e6u75xmxt8.cloudfront.net\/6\/2024\/03\/Mundial_gravel_24_2-300x200.webp 300w, https:\/\/d2p6e6u75xmxt8.cloudfront.net\/6\/2024\/03\/Mundial_gravel_24_2-768x512.webp 768w, https:\/\/d2p6e6u75xmxt8.cloudfront.net\/6\/2024\/03\/Mundial_gravel_24_2-1536x1024.webp 1536w, https:\/\/d2p6e6u75xmxt8.cloudfront.net\/6\/2024\/03\/Mundial_gravel_24_2-1920x1280.webp 1920w, https:\/\/d2p6e6u75xmxt8.cloudfront.net\/6\/2024\/03\/Mundial_gravel_24_2-400x267.webp 400w, https:\/\/d2p6e6u75xmxt8.cloudfront.net\/6\/2024\/03\/Mundial_gravel_24_2-272x182.webp 272w, https:\/\/d2p6e6u75xmxt8.cloudfront.net\/6\/2024\/03\/Mundial_gravel_24_2.webp 2048w, https:\/\/d2p6e6u75xmxt8.cloudfront.net\/6\/2024\/03\/Mundial_gravel_24_2-1920x1280.webp 1920w\" sizes=\"auto, (max-width: 1024px) 100vw, 1024px\" \/><\/a><\/p>\n<p><strong>CICLOTURISTA DEL MUNDIAL DE GRAVEL<\/strong><\/p>\n<p>Cualquiera que no pueda conseguir una entrada para el Campeonato Mundial\u00a0 Gravel 2024 o que no tenga ambiciones competitivas, pero le guste empaparse del ambiente del gravel podr\u00e1 participar en la <strong>versi\u00f3n cicloturista domingo 6 de octubre<\/strong>. Antes de que los hombres de \u00e9lite comiencen su carrera, puedes explorar el circuito local de Lovaina en un recorrido puramente divertido. Abierto a todas las edades y sin restricciones.<\/p>\n<p><strong>EL AMBIENTE CICLISTA DE FLANDES<\/strong><\/p>\n<p>Y como en cualquier carrera que se disputa en Flandes, desde el ciclocross de invierno al Tour de Flandes o un criterium de agosto, lo que no va a faltar es la fiesta y el ambiente ciclista. As\u00ed los explicaba <strong>Christophe Impens, jefe de ciclismo de Golazo, organizador del evento.<\/strong><\/p>\n<p>\u201cTambi\u00e9n habr\u00e1 <strong>zonas de fans oficiales en Halle y Lovaina los d\u00edas 5 y 6 de octubre<\/strong>\u201d, revela Impens. \u201cLos aficionados podr\u00e1n seguir en directo en pantalla gigante el Campeonato Mundial Bolero UCI 2024, con cerveza incluida. En medio de la Fan Zone de Lovaina se celebrar\u00e1 una Gravel Expo con los \u00faltimos productos y bicicletas para gravel del mercado. Adem\u00e1s, se desarrollar\u00e1n varias zonas de observaci\u00f3n a lo largo de la ruta en colaboraci\u00f3n con los distintos municipios de la ruta. La intenci\u00f3n es centralizar a los espectadores tanto como sea posible en los mejores lugares para ver a los corredores, con la menor carga posible para Brabantse Wouden\u201d.<\/p>\n","protected":false},"excerpt":{"rendered":"<p>Flandes, la regi\u00f3n m\u00e1s ciclistas del mundo, ser\u00e1 el escenario del Mundial de Gravel 2024, que llega a su tercera [&hellip;]<\/p>\n","protected":false},"author":29,"featured_media":10668,"comment_status":"open","ping_status":"open","sticky":false,"template":"","format":"standard","meta":{"footnotes":""},"categories":[7,9],"tags":[2266],"global-categories":[1164],"class_list":["post-10667","post","type-post","status-publish","format-standard","has-post-thumbnail","hentry","category-carretera","category-mtb-aventura","tag-mundial-gravel","global-categories-cycling"],"yoast_head":"<!-- This site is optimized with the Yoast SEO Premium plugin v25.3 (Yoast SEO v25.9) - https:\/\/yoast.com\/wordpress\/plugins\/seo\/ -->\n<title>El Mundial de Gravel 2024 aterriza en Flandes - Recorridos - \u0160koda We Love Cycling - Spain<\/title>\n<meta name=\"description\" content=\"El Mundial de Gravel 2024 aterriza en Flandes. Ya se conocen los recorridos del Mundial de Gravel que en octubre se disputa en Flandes.\" \/>\n<meta name=\"robots\" content=\"index, follow, max-snippet:-1, max-image-preview:large, max-video-preview:-1\" \/>\n<link rel=\"canonical\" href=\"https:\/\/www.welovecycling.com\/es\/2024\/03\/21\/el-mundial-de-gravel-2024-aterriza-en-flandes-recorridos\/\" \/>\n<meta property=\"og:locale\" content=\"es_ES\" \/>\n<meta property=\"og:type\" content=\"article\" \/>\n<meta property=\"og:title\" content=\"El Mundial de Gravel 2024 aterriza en Flandes - Recorridos\" \/>\n<meta property=\"og:description\" content=\"El Mundial de Gravel 2024 aterriza en Flandes. Ya se conocen los recorridos del Mundial de Gravel que en octubre se disputa en Flandes.\" \/>\n<meta property=\"og:url\" content=\"https:\/\/www.welovecycling.com\/es\/2024\/03\/21\/el-mundial-de-gravel-2024-aterriza-en-flandes-recorridos\/\" \/>\n<meta property=\"og:site_name\" content=\"\u0160koda We Love Cycling - Spain\" \/>\n<meta property=\"article:published_time\" content=\"2024-03-21T10:01:45+00:00\" \/>\n<meta property=\"og:image\" content=\"https:\/\/d2p6e6u75xmxt8.cloudfront.net\/6\/2024\/03\/mundial_gravel_fem.webp\" \/>\n\t<meta property=\"og:image:width\" content=\"1980\" \/>\n\t<meta property=\"og:image:height\" content=\"1320\" \/>\n\t<meta property=\"og:image:type\" content=\"image\/webp\" \/>\n<meta name=\"author\" content=\"We Love Cycling Spain\" \/>\n<meta name=\"twitter:card\" content=\"summary_large_image\" \/>\n<meta name=\"twitter:description\" content=\"El Mundial de Gravel 2024 aterriza en Flandes. Ya se conocen los recorridos del Mundial de Gravel que en octubre se disputa en Flandes.\" \/>\n<meta name=\"twitter:label1\" content=\"Written by\" \/>\n\t<meta name=\"twitter:data1\" content=\"Luis Ortega @ciclored\" \/>\n\t<meta name=\"twitter:label2\" content=\"Est. reading time\" \/>\n\t<meta name=\"twitter:data2\" content=\"4 minutes\" \/>\n<script type=\"application\/ld+json\" class=\"yoast-schema-graph\">{\"@context\":\"https:\/\/schema.org\",\"@graph\":[{\"@type\":\"WebPage\",\"@id\":\"https:\/\/www.welovecycling.com\/es\/2024\/03\/21\/el-mundial-de-gravel-2024-aterriza-en-flandes-recorridos\/\",\"url\":\"https:\/\/www.welovecycling.com\/es\/2024\/03\/21\/el-mundial-de-gravel-2024-aterriza-en-flandes-recorridos\/\",\"name\":\"El Mundial de Gravel 2024 aterriza en Flandes - Recorridos - \u0160koda We Love Cycling - Spain\",\"isPartOf\":{\"@id\":\"https:\/\/www.welovecycling.com\/es\/#website\"},\"primaryImageOfPage\":{\"@id\":\"https:\/\/www.welovecycling.com\/es\/2024\/03\/21\/el-mundial-de-gravel-2024-aterriza-en-flandes-recorridos\/#primaryimage\"},\"image\":{\"@id\":\"https:\/\/www.welovecycling.com\/es\/2024\/03\/21\/el-mundial-de-gravel-2024-aterriza-en-flandes-recorridos\/#primaryimage\"},\"thumbnailUrl\":\"https:\/\/d2p6e6u75xmxt8.cloudfront.net\/6\/2024\/03\/mundial_gravel_fem.webp\",\"datePublished\":\"2024-03-21T10:01:45+00:00\",\"author\":{\"@id\":\"https:\/\/www.welovecycling.com\/es\/#\/schema\/person\/deb61715b5812698ee79fb96f343ccd4\"},\"description\":\"El Mundial de Gravel 2024 aterriza en Flandes. Ya se conocen los recorridos del Mundial de Gravel que en octubre se disputa en Flandes.\",\"breadcrumb\":{\"@id\":\"https:\/\/www.welovecycling.com\/es\/2024\/03\/21\/el-mundial-de-gravel-2024-aterriza-en-flandes-recorridos\/#breadcrumb\"},\"inLanguage\":\"es-ES\",\"potentialAction\":[{\"@type\":\"ReadAction\",\"target\":[\"https:\/\/www.welovecycling.com\/es\/2024\/03\/21\/el-mundial-de-gravel-2024-aterriza-en-flandes-recorridos\/\"]}]},{\"@type\":\"ImageObject\",\"inLanguage\":\"es-ES\",\"@id\":\"https:\/\/www.welovecycling.com\/es\/2024\/03\/21\/el-mundial-de-gravel-2024-aterriza-en-flandes-recorridos\/#primaryimage\",\"url\":\"https:\/\/d2p6e6u75xmxt8.cloudfront.net\/6\/2024\/03\/mundial_gravel_fem.webp\",\"contentUrl\":\"https:\/\/d2p6e6u75xmxt8.cloudfront.net\/6\/2024\/03\/mundial_gravel_fem.webp\",\"width\":1980,\"height\":1320},{\"@type\":\"BreadcrumbList\",\"@id\":\"https:\/\/www.welovecycling.com\/es\/2024\/03\/21\/el-mundial-de-gravel-2024-aterriza-en-flandes-recorridos\/#breadcrumb\",\"itemListElement\":[{\"@type\":\"ListItem\",\"position\":1,\"name\":\"Home\",\"item\":\"https:\/\/www.welovecycling.com\/es\/\"},{\"@type\":\"ListItem\",\"position\":2,\"name\":\"El Mundial de Gravel 2024 aterriza en Flandes &#8211; Recorridos\"}]},{\"@type\":\"WebSite\",\"@id\":\"https:\/\/www.welovecycling.com\/es\/#website\",\"url\":\"https:\/\/www.welovecycling.com\/es\/\",\"name\":\"\u0160koda We Love Cycling - Spain\",\"description\":\"\u0160koda WeLoveCycling Spain\",\"potentialAction\":[{\"@type\":\"SearchAction\",\"target\":{\"@type\":\"EntryPoint\",\"urlTemplate\":\"https:\/\/www.welovecycling.com\/es\/?s={search_term_string}\"},\"query-input\":{\"@type\":\"PropertyValueSpecification\",\"valueRequired\":true,\"valueName\":\"search_term_string\"}}],\"inLanguage\":\"es-ES\"},{\"@type\":\"Person\",\"@id\":\"https:\/\/www.welovecycling.com\/es\/#\/schema\/person\/deb61715b5812698ee79fb96f343ccd4\",\"name\":\"We Love Cycling Spain\",\"image\":{\"@type\":\"ImageObject\",\"inLanguage\":\"es-ES\",\"@id\":\"https:\/\/www.welovecycling.com\/es\/#\/schema\/person\/image\/\",\"url\":\"https:\/\/secure.gravatar.com\/avatar\/c824b04e6df0e37a03219d0b6481672889df542894588964102459e46513159c?s=96&d=mm&r=g\",\"contentUrl\":\"https:\/\/secure.gravatar.com\/avatar\/c824b04e6df0e37a03219d0b6481672889df542894588964102459e46513159c?s=96&d=mm&r=g\",\"caption\":\"We Love Cycling Spain\"},\"url\":\"https:\/\/www.welovecycling.com\/es\/author\/amunoz\/\"}]}<\/script>\n<!-- \/ Yoast SEO Premium plugin. -->","yoast_head_json":{"title":"El Mundial de Gravel 2024 aterriza en Flandes - Recorridos - \u0160koda We Love Cycling - Spain","description":"El Mundial de Gravel 2024 aterriza en Flandes. Ya se conocen los recorridos del Mundial de Gravel que en octubre se disputa en Flandes.","robots":{"index":"index","follow":"follow","max-snippet":"max-snippet:-1","max-image-preview":"max-image-preview:large","max-video-preview":"max-video-preview:-1"},"canonical":"https:\/\/www.welovecycling.com\/es\/2024\/03\/21\/el-mundial-de-gravel-2024-aterriza-en-flandes-recorridos\/","og_locale":"es_ES","og_type":"article","og_title":"El Mundial de Gravel 2024 aterriza en Flandes - Recorridos","og_description":"El Mundial de Gravel 2024 aterriza en Flandes. Ya se conocen los recorridos del Mundial de Gravel que en octubre se disputa en Flandes.","og_url":"https:\/\/www.welovecycling.com\/es\/2024\/03\/21\/el-mundial-de-gravel-2024-aterriza-en-flandes-recorridos\/","og_site_name":"\u0160koda We Love Cycling - Spain","article_published_time":"2024-03-21T10:01:45+00:00","og_image":[{"width":1980,"height":1320,"url":"https:\/\/d2p6e6u75xmxt8.cloudfront.net\/6\/2024\/03\/mundial_gravel_fem.webp","type":"image\/webp"}],"author":"We Love Cycling Spain","twitter_card":"summary_large_image","twitter_description":"El Mundial de Gravel 2024 aterriza en Flandes. Ya se conocen los recorridos del Mundial de Gravel que en octubre se disputa en Flandes.","twitter_misc":{"Written by":"Luis Ortega @ciclored","Est. reading time":"4 minutes"},"schema":{"@context":"https:\/\/schema.org","@graph":[{"@type":"WebPage","@id":"https:\/\/www.welovecycling.com\/es\/2024\/03\/21\/el-mundial-de-gravel-2024-aterriza-en-flandes-recorridos\/","url":"https:\/\/www.welovecycling.com\/es\/2024\/03\/21\/el-mundial-de-gravel-2024-aterriza-en-flandes-recorridos\/","name":"El Mundial de Gravel 2024 aterriza en Flandes - Recorridos - \u0160koda We Love Cycling - Spain","isPartOf":{"@id":"https:\/\/www.welovecycling.com\/es\/#website"},"primaryImageOfPage":{"@id":"https:\/\/www.welovecycling.com\/es\/2024\/03\/21\/el-mundial-de-gravel-2024-aterriza-en-flandes-recorridos\/#primaryimage"},"image":{"@id":"https:\/\/www.welovecycling.com\/es\/2024\/03\/21\/el-mundial-de-gravel-2024-aterriza-en-flandes-recorridos\/#primaryimage"},"thumbnailUrl":"https:\/\/d2p6e6u75xmxt8.cloudfront.net\/6\/2024\/03\/mundial_gravel_fem.webp","datePublished":"2024-03-21T10:01:45+00:00","author":{"@id":"https:\/\/www.welovecycling.com\/es\/#\/schema\/person\/deb61715b5812698ee79fb96f343ccd4"},"description":"El Mundial de Gravel 2024 aterriza en Flandes. Ya se conocen los recorridos del Mundial de Gravel que en octubre se disputa en Flandes.","breadcrumb":{"@id":"https:\/\/www.welovecycling.com\/es\/2024\/03\/21\/el-mundial-de-gravel-2024-aterriza-en-flandes-recorridos\/#breadcrumb"},"inLanguage":"es-ES","potentialAction":[{"@type":"ReadAction","target":["https:\/\/www.welovecycling.com\/es\/2024\/03\/21\/el-mundial-de-gravel-2024-aterriza-en-flandes-recorridos\/"]}]},{"@type":"ImageObject","inLanguage":"es-ES","@id":"https:\/\/www.welovecycling.com\/es\/2024\/03\/21\/el-mundial-de-gravel-2024-aterriza-en-flandes-recorridos\/#primaryimage","url":"https:\/\/d2p6e6u75xmxt8.cloudfront.net\/6\/2024\/03\/mundial_gravel_fem.webp","contentUrl":"https:\/\/d2p6e6u75xmxt8.cloudfront.net\/6\/2024\/03\/mundial_gravel_fem.webp","width":1980,"height":1320},{"@type":"BreadcrumbList","@id":"https:\/\/www.welovecycling.com\/es\/2024\/03\/21\/el-mundial-de-gravel-2024-aterriza-en-flandes-recorridos\/#breadcrumb","itemListElement":[{"@type":"ListItem","position":1,"name":"Home","item":"https:\/\/www.welovecycling.com\/es\/"},{"@type":"ListItem","position":2,"name":"El Mundial de Gravel 2024 aterriza en Flandes &#8211; Recorridos"}]},{"@type":"WebSite","@id":"https:\/\/www.welovecycling.com\/es\/#website","url":"https:\/\/www.welovecycling.com\/es\/","name":"\u0160koda We Love Cycling - Spain","description":"\u0160koda WeLoveCycling Spain","potentialAction":[{"@type":"SearchAction","target":{"@type":"EntryPoint","urlTemplate":"https:\/\/www.welovecycling.com\/es\/?s={search_term_string}"},"query-input":{"@type":"PropertyValueSpecification","valueRequired":true,"valueName":"search_term_string"}}],"inLanguage":"es-ES"},{"@type":"Person","@id":"https:\/\/www.welovecycling.com\/es\/#\/schema\/person\/deb61715b5812698ee79fb96f343ccd4","name":"We Love Cycling Spain","image":{"@type":"ImageObject","inLanguage":"es-ES","@id":"https:\/\/www.welovecycling.com\/es\/#\/schema\/person\/image\/","url":"https:\/\/secure.gravatar.com\/avatar\/c824b04e6df0e37a03219d0b6481672889df542894588964102459e46513159c?s=96&d=mm&r=g","contentUrl":"https:\/\/secure.gravatar.com\/avatar\/c824b04e6df0e37a03219d0b6481672889df542894588964102459e46513159c?s=96&d=mm&r=g","caption":"We Love Cycling Spain"},"url":"https:\/\/www.welovecycling.com\/es\/author\/amunoz\/"}]}},"_links":{"self":[{"href":"https:\/\/www.welovecycling.com\/es\/wp-json\/wp\/v2\/posts\/10667","targetHints":{"allow":["GET"]}}],"collection":[{"href":"https:\/\/www.welovecycling.com\/es\/wp-json\/wp\/v2\/posts"}],"about":[{"href":"https:\/\/www.welovecycling.com\/es\/wp-json\/wp\/v2\/types\/post"}],"author":[{"embeddable":true,"href":"https:\/\/www.welovecycling.com\/es\/wp-json\/wp\/v2\/users\/29"}],"replies":[{"embeddable":true,"href":"https:\/\/www.welovecycling.com\/es\/wp-json\/wp\/v2\/comments?post=10667"}],"version-history":[{"count":1,"href":"https:\/\/www.welovecycling.com\/es\/wp-json\/wp\/v2\/posts\/10667\/revisions"}],"predecessor-version":[{"id":10671,"href":"https:\/\/www.welovecycling.com\/es\/wp-json\/wp\/v2\/posts\/10667\/revisions\/10671"}],"wp:featuredmedia":[{"embeddable":true,"href":"https:\/\/www.welovecycling.com\/es\/wp-json\/wp\/v2\/media\/10668"}],"wp:attachment":[{"href":"https:\/\/www.welovecycling.com\/es\/wp-json\/wp\/v2\/media?parent=10667"}],"wp:term":[{"taxonomy":"category","embeddable":true,"href":"https:\/\/www.welovecycling.com\/es\/wp-json\/wp\/v2\/categories?post=10667"},{"taxonomy":"post_tag","embeddable":true,"href":"https:\/\/www.welovecycling.com\/es\/wp-json\/wp\/v2\/tags?post=10667"},{"taxonomy":"global-categories","embeddable":true,"href":"https:\/\/www.welovecycling.com\/es\/wp-json\/wp\/v2\/global-categories?post=10667"}],"curies":[{"name":"wp","href":"https:\/\/api.w.org\/{rel}","templated":true}]}}