{"id":10657,"date":"2024-03-12T21:20:51","date_gmt":"2024-03-12T19:20:51","guid":{"rendered":"https:\/\/www.welovecycling.com\/es\/?p=10657"},"modified":"2024-03-12T21:20:51","modified_gmt":"2024-03-12T19:20:51","slug":"vuelta-femenina-2024","status":"publish","type":"post","link":"https:\/\/www.welovecycling.com\/es\/2024\/03\/12\/vuelta-femenina-2024\/","title":{"rendered":"La Vuelta Femenina 2024 encuentra su modelo"},"content":{"rendered":"<p><strong>En poco m\u00e1s de un mes y medio, el pr\u00f3ximo 28 de abril, el pelot\u00f3n de La Vuelta Femenina 2024 by Carrefour comenzar\u00e1 a rodar por las calles de Valencia. Ser\u00e1 con una contrarreloj por equipos, igual que en 2023 y ocho d\u00edas despu\u00e9s, el domingo 5 de mayo, la competici\u00f3n finalizar\u00e1 en la cima de Cotos\/Valdesqu\u00ed (en 2023 fue en Lagos de Covadonga). Pero ojo, que no ser\u00e1 un camino recto, sino que subir\u00e1 hasta Jaca para volver por Soria y Guadalajara con tres etapas de monta\u00f1a, dos onduladas, otras dos llanas y la crono inicial. En total, una jornada m\u00e1s que en 2023, signo de que la competici\u00f3n va creciendo.<\/strong><\/p>\n<p><!--more--><\/p>\n<p>Tambi\u00e9n lo refleja la n\u00f3mina de equipos invitados. 13 de categor\u00eda World Tour, con el SD Worx de Vollering (segunda en 2023), el Lidl Trek de Realini y Longo Borghini, el Canyon de Kasia Niewiadoma, el Visma de Marianne Vos, el FDJ de Utrupp Ludwig o el Movistar de Lianne Lippert, m\u00e1s ocho continentales pro con el Laboral Kutxa y el Eneicat como representantes locales.<\/p>\n<figure id=\"attachment_10152\" aria-describedby=\"caption-attachment-10152\" style=\"width: 1000px\" class=\"wp-caption aligncenter\"><a href=\"https:\/\/d2p6e6u75xmxt8.cloudfront.net\/6\/2023\/07\/vollering.webp\"><img loading=\"lazy\" decoding=\"async\" class=\"wp-image-10152 size-full\" src=\"https:\/\/d2p6e6u75xmxt8.cloudfront.net\/6\/2023\/07\/vollering.webp\" alt=\"Demi Vollering buscar\u00e1 su primera Vuelta\" width=\"1000\" height=\"667\" srcset=\"https:\/\/d2p6e6u75xmxt8.cloudfront.net\/6\/2023\/07\/vollering.webp 1000w, https:\/\/d2p6e6u75xmxt8.cloudfront.net\/6\/2023\/07\/vollering-300x200.webp 300w, https:\/\/d2p6e6u75xmxt8.cloudfront.net\/6\/2023\/07\/vollering-768x512.webp 768w, https:\/\/d2p6e6u75xmxt8.cloudfront.net\/6\/2023\/07\/vollering-400x267.webp 400w, https:\/\/d2p6e6u75xmxt8.cloudfront.net\/6\/2023\/07\/vollering-272x182.webp 272w\" sizes=\"auto, (max-width: 1000px) 100vw, 1000px\" \/><\/a><figcaption id=\"caption-attachment-10152\" class=\"wp-caption-text\"><em>Demi Vollering buscar\u00e1 su primera Vuelta<\/em><\/figcaption><\/figure>\n<h2><strong>De menos a m\u00e1s<\/strong><\/h2>\n<p>El recorrido, al igual que el<strong> Tour Femenino, o la edici\u00f3n 2023 de La Vuelta va de menos a m\u00e1s<\/strong>. Con la idea de mantener la emoci\u00f3n hasta la \u00faltimas rampa del Puerto de Cotos en la sierra de Guadarrama, igual que sucedi\u00f3 en Lagos de Covadonga. La Vuelta Femenina 2024 arranca en un escenario id\u00edlico como la Ciudad de las Artes y las Ciencias de Valencia. El domingo 28 de abril promete sol para una contrarreloj por equipos de 14 kil\u00f3metros totalmente llana que, en principio, ya marcar\u00e1 diferencias en la general.<\/p>\n<p>Las dos primeras etapas est\u00e1n anunciadas como llanas, pero conociendo c\u00f3mo se mueve el pelot\u00f3n femenino y las diferencias que suele haber cuando la carretera se pone cuesta arriba es muy posible que ya se pueda ver competici\u00f3n decisiva para la general.<\/p>\n<p><strong>El lunes 29 de abril<\/strong> la etapa sale de Bu\u00f1ol por el terreno quebrado de la Sierra de la Calderona y 118 kil\u00f3metros despu\u00e9s termina en Monc\u00f3far. A 40 de meta se corona el conocid\u00edsimo Oronet, un tercera que suelen patear los fines de semana los cicloturistas valencianos y que puede romper la carrera.<\/p>\n<p><strong>El martes 30 de abril l<\/strong>a competici\u00f3n entra en Teruel por Mora de Rubielos, una zona muy quebrada que ya en 2023 dej\u00f3 fuera de combate a favoritos de la general en la Vuelta masculina. No termina en alto, sino en la capital turolense, pero hay terreno de sobra para que no lleguen m\u00e1s de 30 ciclistas en cabeza a la meta.<\/p>\n<p>La primera etapa <strong>realmente llana<\/strong>, y casi en bajada, es la cuarta. 142 kil\u00f3metros desde los 1.200 metros de altitud de Molina de Arag\u00f3n a los 200 de Zaragoza. Habr\u00e1 seguramente final al sprint y tambi\u00e9n opci\u00f3n de mucho viento de costado para romper la carrera.<\/p>\n<p>El <strong>quinto d\u00eda llega la monta\u00f1a en los Pirineos.<\/strong> No ser\u00e1n los grandes puertos, pero si dos que ya fueron protagonistas en La Vuelta hace 12. En Jaca est\u00e1 el Fuerte Rapit\u00e1n, una subida de cuatro kil\u00f3metros al 7,9% donde venci\u00f3 Purito. Por las caracter\u00edstica del vencedor, corta y explosiva. Eso s\u00ed, antes hay que subir a San Juan de la Pe\u00f1a, un puerto de casi 20 kil\u00f3metros tendidos.<br \/>\n<img loading=\"lazy\" decoding=\"async\" class=\"alignnone size-extra-large\" src=\"https:\/\/img.aso.fr\/core_app\/img-cycling-lvf-jpg\/5\/3544\/0:0,1720:1507-960-0-70\/483f2\" width=\"960\" height=\"841\" \/>El segundo final en alto de la Vuelta ser\u00e1 al d\u00eda siguiente, viernes 3 de mayo, con una etapa de 132 kil\u00f3metros entre Tarazona y la <strong><a href=\"https:\/\/www.lavueltafemenina.es\/es\/etapa-6\">Laguna Negra de Vinuesa en Soria<\/a>.<\/strong> Un recorrido pr\u00e1cticamente llano, que pasa por la capital soriana y con un final ya conocido en subida con alguna rampa del 12%.<\/p>\n<p>El s\u00e1bado 4 de mayo vuelve la tensi\u00f3n del viento entre <a href=\"https:\/\/www.lavueltafemenina.es\/es\/etapa-7\">San Esteban del Gormaz y Sig\u00fcenza<\/a>. 126 kil\u00f3metros totalmente planos por la llanura castellana pero con un final explosivo en la ciudad del Doncel, 500 metros al 10% para decidir a la ganadora (y ojo a las bonificaciones si la general va muy apretada)<\/p>\n<p>Y el plato fuerte de La Vuelta Femenina 2024 se vivir\u00e1 en la Sierra de Guadarrama, escenario de multitud de batallas de La Vuelta a Espa\u00f1a. El domingo 5 de mayo la etapa sale de Telef\u00f3nica, igual que la \u00faltima etapa de La Vuelta Masculina, pero va hacia Colmenar Viejo para subir el Cerro de San Pedro y despu\u00e9s La Morcuera por la vertiente de Miraflores de la Sierra (s\u00ed, la misma que utilizaron Aru y Landa para romper a Dumoulin) y acabar con el largo Puerto de Cotos, m\u00e1s de 15 kil\u00f3metros y el tramo final practicamente llano de dos kil\u00f3metros hasta la meta de Valdesqu\u00ed.<br \/>\n<img loading=\"lazy\" decoding=\"async\" class=\"alignnone size-extra-large\" src=\"https:\/\/img.aso.fr\/core_app\/img-cycling-lvf-jpg\/8\/3546\/0:0,1696:1433-960-0-70\/5e3fe\" width=\"960\" height=\"811\" \/><\/p>\n","protected":false},"excerpt":{"rendered":"<p>En poco m\u00e1s de un mes y medio, el pr\u00f3ximo 28 de abril, el pelot\u00f3n de La Vuelta Femenina 2024 [&hellip;]<\/p>\n","protected":false},"author":29,"featured_media":10658,"comment_status":"open","ping_status":"open","sticky":false,"template":"","format":"standard","meta":{"footnotes":""},"categories":[7],"tags":[2191],"global-categories":[1164],"class_list":["post-10657","post","type-post","status-publish","format-standard","has-post-thumbnail","hentry","category-carretera","tag-la-vuelta-femenina","global-categories-cycling"],"yoast_head":"<!-- This site is optimized with the Yoast SEO Premium plugin v25.3 (Yoast SEO v25.9) - https:\/\/yoast.com\/wordpress\/plugins\/seo\/ -->\n<title>La Vuelta Femenina 2024 encuentra su modelo - \u0160koda We Love Cycling - Spain<\/title>\n<meta name=\"description\" content=\"La Vuelta Femenina 2024 encuentra su modelo. Una etapa m\u00e1s que la edici\u00f3n de 2023 y final en la Sierra de Guadarrama.\" \/>\n<meta name=\"robots\" content=\"index, follow, max-snippet:-1, max-image-preview:large, max-video-preview:-1\" \/>\n<link rel=\"canonical\" href=\"https:\/\/www.welovecycling.com\/es\/2024\/03\/12\/vuelta-femenina-2024\/\" \/>\n<meta property=\"og:locale\" content=\"es_ES\" \/>\n<meta property=\"og:type\" content=\"article\" \/>\n<meta property=\"og:title\" content=\"La Vuelta Femenina 2024 encuentra su modelo\" \/>\n<meta property=\"og:description\" content=\"La Vuelta Femenina 2024 encuentra su modelo. Una etapa m\u00e1s que la edici\u00f3n de 2023 y final en la Sierra de Guadarrama.\" \/>\n<meta property=\"og:url\" content=\"https:\/\/www.welovecycling.com\/es\/2024\/03\/12\/vuelta-femenina-2024\/\" \/>\n<meta property=\"og:site_name\" content=\"\u0160koda We Love Cycling - Spain\" \/>\n<meta property=\"article:published_time\" content=\"2024-03-12T19:20:51+00:00\" \/>\n<meta property=\"og:image\" content=\"https:\/\/d2p6e6u75xmxt8.cloudfront.net\/6\/2024\/03\/vuelta-femenina-2024.webp\" \/>\n\t<meta property=\"og:image:width\" content=\"2400\" \/>\n\t<meta property=\"og:image:height\" content=\"2400\" \/>\n\t<meta property=\"og:image:type\" content=\"image\/webp\" \/>\n<meta name=\"author\" content=\"We Love Cycling Spain\" \/>\n<meta name=\"twitter:card\" content=\"summary_large_image\" \/>\n<meta name=\"twitter:description\" content=\"La Vuelta Femenina 2024 encuentra su modelo. Una etapa m\u00e1s que la edici\u00f3n de 2023 y final en la Sierra de Guadarrama.\" \/>\n<meta name=\"twitter:label1\" content=\"Written by\" \/>\n\t<meta name=\"twitter:data1\" content=\"Luis Ortega @Ciclored\" \/>\n\t<meta name=\"twitter:label2\" content=\"Est. reading time\" \/>\n\t<meta name=\"twitter:data2\" content=\"4 minutes\" \/>\n<script type=\"application\/ld+json\" class=\"yoast-schema-graph\">{\"@context\":\"https:\/\/schema.org\",\"@graph\":[{\"@type\":\"WebPage\",\"@id\":\"https:\/\/www.welovecycling.com\/es\/2024\/03\/12\/vuelta-femenina-2024\/\",\"url\":\"https:\/\/www.welovecycling.com\/es\/2024\/03\/12\/vuelta-femenina-2024\/\",\"name\":\"La Vuelta Femenina 2024 encuentra su modelo - \u0160koda We Love Cycling - Spain\",\"isPartOf\":{\"@id\":\"https:\/\/www.welovecycling.com\/es\/#website\"},\"primaryImageOfPage\":{\"@id\":\"https:\/\/www.welovecycling.com\/es\/2024\/03\/12\/vuelta-femenina-2024\/#primaryimage\"},\"image\":{\"@id\":\"https:\/\/www.welovecycling.com\/es\/2024\/03\/12\/vuelta-femenina-2024\/#primaryimage\"},\"thumbnailUrl\":\"https:\/\/d2p6e6u75xmxt8.cloudfront.net\/6\/2024\/03\/vuelta-femenina-2024.webp\",\"datePublished\":\"2024-03-12T19:20:51+00:00\",\"author\":{\"@id\":\"https:\/\/www.welovecycling.com\/es\/#\/schema\/person\/deb61715b5812698ee79fb96f343ccd4\"},\"description\":\"La Vuelta Femenina 2024 encuentra su modelo. Una etapa m\u00e1s que la edici\u00f3n de 2023 y final en la Sierra de Guadarrama.\",\"breadcrumb\":{\"@id\":\"https:\/\/www.welovecycling.com\/es\/2024\/03\/12\/vuelta-femenina-2024\/#breadcrumb\"},\"inLanguage\":\"es-ES\",\"potentialAction\":[{\"@type\":\"ReadAction\",\"target\":[\"https:\/\/www.welovecycling.com\/es\/2024\/03\/12\/vuelta-femenina-2024\/\"]}]},{\"@type\":\"ImageObject\",\"inLanguage\":\"es-ES\",\"@id\":\"https:\/\/www.welovecycling.com\/es\/2024\/03\/12\/vuelta-femenina-2024\/#primaryimage\",\"url\":\"https:\/\/d2p6e6u75xmxt8.cloudfront.net\/6\/2024\/03\/vuelta-femenina-2024.webp\",\"contentUrl\":\"https:\/\/d2p6e6u75xmxt8.cloudfront.net\/6\/2024\/03\/vuelta-femenina-2024.webp\",\"width\":2400,\"height\":2400},{\"@type\":\"BreadcrumbList\",\"@id\":\"https:\/\/www.welovecycling.com\/es\/2024\/03\/12\/vuelta-femenina-2024\/#breadcrumb\",\"itemListElement\":[{\"@type\":\"ListItem\",\"position\":1,\"name\":\"Home\",\"item\":\"https:\/\/www.welovecycling.com\/es\/\"},{\"@type\":\"ListItem\",\"position\":2,\"name\":\"La Vuelta Femenina 2024 encuentra su modelo\"}]},{\"@type\":\"WebSite\",\"@id\":\"https:\/\/www.welovecycling.com\/es\/#website\",\"url\":\"https:\/\/www.welovecycling.com\/es\/\",\"name\":\"\u0160koda We Love Cycling - Spain\",\"description\":\"\u0160koda WeLoveCycling Spain\",\"potentialAction\":[{\"@type\":\"SearchAction\",\"target\":{\"@type\":\"EntryPoint\",\"urlTemplate\":\"https:\/\/www.welovecycling.com\/es\/?s={search_term_string}\"},\"query-input\":{\"@type\":\"PropertyValueSpecification\",\"valueRequired\":true,\"valueName\":\"search_term_string\"}}],\"inLanguage\":\"es-ES\"},{\"@type\":\"Person\",\"@id\":\"https:\/\/www.welovecycling.com\/es\/#\/schema\/person\/deb61715b5812698ee79fb96f343ccd4\",\"name\":\"We Love Cycling Spain\",\"image\":{\"@type\":\"ImageObject\",\"inLanguage\":\"es-ES\",\"@id\":\"https:\/\/www.welovecycling.com\/es\/#\/schema\/person\/image\/\",\"url\":\"https:\/\/secure.gravatar.com\/avatar\/c824b04e6df0e37a03219d0b6481672889df542894588964102459e46513159c?s=96&d=mm&r=g\",\"contentUrl\":\"https:\/\/secure.gravatar.com\/avatar\/c824b04e6df0e37a03219d0b6481672889df542894588964102459e46513159c?s=96&d=mm&r=g\",\"caption\":\"We Love Cycling Spain\"},\"url\":\"https:\/\/www.welovecycling.com\/es\/author\/amunoz\/\"}]}<\/script>\n<!-- \/ Yoast SEO Premium plugin. -->","yoast_head_json":{"title":"La Vuelta Femenina 2024 encuentra su modelo - \u0160koda We Love Cycling - Spain","description":"La Vuelta Femenina 2024 encuentra su modelo. Una etapa m\u00e1s que la edici\u00f3n de 2023 y final en la Sierra de Guadarrama.","robots":{"index":"index","follow":"follow","max-snippet":"max-snippet:-1","max-image-preview":"max-image-preview:large","max-video-preview":"max-video-preview:-1"},"canonical":"https:\/\/www.welovecycling.com\/es\/2024\/03\/12\/vuelta-femenina-2024\/","og_locale":"es_ES","og_type":"article","og_title":"La Vuelta Femenina 2024 encuentra su modelo","og_description":"La Vuelta Femenina 2024 encuentra su modelo. Una etapa m\u00e1s que la edici\u00f3n de 2023 y final en la Sierra de Guadarrama.","og_url":"https:\/\/www.welovecycling.com\/es\/2024\/03\/12\/vuelta-femenina-2024\/","og_site_name":"\u0160koda We Love Cycling - Spain","article_published_time":"2024-03-12T19:20:51+00:00","og_image":[{"width":2400,"height":2400,"url":"https:\/\/d2p6e6u75xmxt8.cloudfront.net\/6\/2024\/03\/vuelta-femenina-2024.webp","type":"image\/webp"}],"author":"We Love Cycling Spain","twitter_card":"summary_large_image","twitter_description":"La Vuelta Femenina 2024 encuentra su modelo. Una etapa m\u00e1s que la edici\u00f3n de 2023 y final en la Sierra de Guadarrama.","twitter_misc":{"Written by":"Luis Ortega @Ciclored","Est. reading time":"4 minutes"},"schema":{"@context":"https:\/\/schema.org","@graph":[{"@type":"WebPage","@id":"https:\/\/www.welovecycling.com\/es\/2024\/03\/12\/vuelta-femenina-2024\/","url":"https:\/\/www.welovecycling.com\/es\/2024\/03\/12\/vuelta-femenina-2024\/","name":"La Vuelta Femenina 2024 encuentra su modelo - \u0160koda We Love Cycling - Spain","isPartOf":{"@id":"https:\/\/www.welovecycling.com\/es\/#website"},"primaryImageOfPage":{"@id":"https:\/\/www.welovecycling.com\/es\/2024\/03\/12\/vuelta-femenina-2024\/#primaryimage"},"image":{"@id":"https:\/\/www.welovecycling.com\/es\/2024\/03\/12\/vuelta-femenina-2024\/#primaryimage"},"thumbnailUrl":"https:\/\/d2p6e6u75xmxt8.cloudfront.net\/6\/2024\/03\/vuelta-femenina-2024.webp","datePublished":"2024-03-12T19:20:51+00:00","author":{"@id":"https:\/\/www.welovecycling.com\/es\/#\/schema\/person\/deb61715b5812698ee79fb96f343ccd4"},"description":"La Vuelta Femenina 2024 encuentra su modelo. Una etapa m\u00e1s que la edici\u00f3n de 2023 y final en la Sierra de Guadarrama.","breadcrumb":{"@id":"https:\/\/www.welovecycling.com\/es\/2024\/03\/12\/vuelta-femenina-2024\/#breadcrumb"},"inLanguage":"es-ES","potentialAction":[{"@type":"ReadAction","target":["https:\/\/www.welovecycling.com\/es\/2024\/03\/12\/vuelta-femenina-2024\/"]}]},{"@type":"ImageObject","inLanguage":"es-ES","@id":"https:\/\/www.welovecycling.com\/es\/2024\/03\/12\/vuelta-femenina-2024\/#primaryimage","url":"https:\/\/d2p6e6u75xmxt8.cloudfront.net\/6\/2024\/03\/vuelta-femenina-2024.webp","contentUrl":"https:\/\/d2p6e6u75xmxt8.cloudfront.net\/6\/2024\/03\/vuelta-femenina-2024.webp","width":2400,"height":2400},{"@type":"BreadcrumbList","@id":"https:\/\/www.welovecycling.com\/es\/2024\/03\/12\/vuelta-femenina-2024\/#breadcrumb","itemListElement":[{"@type":"ListItem","position":1,"name":"Home","item":"https:\/\/www.welovecycling.com\/es\/"},{"@type":"ListItem","position":2,"name":"La Vuelta Femenina 2024 encuentra su modelo"}]},{"@type":"WebSite","@id":"https:\/\/www.welovecycling.com\/es\/#website","url":"https:\/\/www.welovecycling.com\/es\/","name":"\u0160koda We Love Cycling - Spain","description":"\u0160koda WeLoveCycling Spain","potentialAction":[{"@type":"SearchAction","target":{"@type":"EntryPoint","urlTemplate":"https:\/\/www.welovecycling.com\/es\/?s={search_term_string}"},"query-input":{"@type":"PropertyValueSpecification","valueRequired":true,"valueName":"search_term_string"}}],"inLanguage":"es-ES"},{"@type":"Person","@id":"https:\/\/www.welovecycling.com\/es\/#\/schema\/person\/deb61715b5812698ee79fb96f343ccd4","name":"We Love Cycling Spain","image":{"@type":"ImageObject","inLanguage":"es-ES","@id":"https:\/\/www.welovecycling.com\/es\/#\/schema\/person\/image\/","url":"https:\/\/secure.gravatar.com\/avatar\/c824b04e6df0e37a03219d0b6481672889df542894588964102459e46513159c?s=96&d=mm&r=g","contentUrl":"https:\/\/secure.gravatar.com\/avatar\/c824b04e6df0e37a03219d0b6481672889df542894588964102459e46513159c?s=96&d=mm&r=g","caption":"We Love Cycling Spain"},"url":"https:\/\/www.welovecycling.com\/es\/author\/amunoz\/"}]}},"_links":{"self":[{"href":"https:\/\/www.welovecycling.com\/es\/wp-json\/wp\/v2\/posts\/10657","targetHints":{"allow":["GET"]}}],"collection":[{"href":"https:\/\/www.welovecycling.com\/es\/wp-json\/wp\/v2\/posts"}],"about":[{"href":"https:\/\/www.welovecycling.com\/es\/wp-json\/wp\/v2\/types\/post"}],"author":[{"embeddable":true,"href":"https:\/\/www.welovecycling.com\/es\/wp-json\/wp\/v2\/users\/29"}],"replies":[{"embeddable":true,"href":"https:\/\/www.welovecycling.com\/es\/wp-json\/wp\/v2\/comments?post=10657"}],"version-history":[{"count":1,"href":"https:\/\/www.welovecycling.com\/es\/wp-json\/wp\/v2\/posts\/10657\/revisions"}],"predecessor-version":[{"id":10659,"href":"https:\/\/www.welovecycling.com\/es\/wp-json\/wp\/v2\/posts\/10657\/revisions\/10659"}],"wp:featuredmedia":[{"embeddable":true,"href":"https:\/\/www.welovecycling.com\/es\/wp-json\/wp\/v2\/media\/10658"}],"wp:attachment":[{"href":"https:\/\/www.welovecycling.com\/es\/wp-json\/wp\/v2\/media?parent=10657"}],"wp:term":[{"taxonomy":"category","embeddable":true,"href":"https:\/\/www.welovecycling.com\/es\/wp-json\/wp\/v2\/categories?post=10657"},{"taxonomy":"post_tag","embeddable":true,"href":"https:\/\/www.welovecycling.com\/es\/wp-json\/wp\/v2\/tags?post=10657"},{"taxonomy":"global-categories","embeddable":true,"href":"https:\/\/www.welovecycling.com\/es\/wp-json\/wp\/v2\/global-categories?post=10657"}],"curies":[{"name":"wp","href":"https:\/\/api.w.org\/{rel}","templated":true}]}}