{"id":10608,"date":"2024-02-23T14:18:36","date_gmt":"2024-02-23T12:18:36","guid":{"rendered":"https:\/\/www.welovecycling.com\/es\/?p=10608"},"modified":"2024-02-19T21:08:13","modified_gmt":"2024-02-19T19:08:13","slug":"viajes-bici-familias","status":"publish","type":"post","link":"https:\/\/www.welovecycling.com\/es\/2024\/02\/23\/viajes-bici-familias\/","title":{"rendered":"Viajes en bici para familias en 2024"},"content":{"rendered":"<p><strong>La primavera en Europa florece con un sinf\u00edn de posibilidades para vivir aventuras en familia, tejiendo el tapiz de sus diversos paisajes, ricas historias y vibrantes culturas. Desde suaves carriles bici que atraviesan cascos hist\u00f3ricos hasta cautivadores senderos en medio del esplendor natural, Europa ofrece un ramillete de experiencias adecuadas para las familias. Embarqu\u00e9monos en un viaje por algunas de las viajes en bici para familia del continente, que prometen experiencias memorables para la primavera de 2024.<\/strong><br \/>\n<!--more--><\/p>\n<h2><strong>Amsterdam a los jardines de Keukenhof, Holanda(40 km)<\/strong><\/h2>\n<figure id=\"attachment_10609\" aria-describedby=\"caption-attachment-10609\" style=\"width: 1400px\" class=\"wp-caption alignnone\"><a href=\"https:\/\/d2p6e6u75xmxt8.cloudfront.net\/6\/2024\/02\/profimedia-0474727042.webp\"><img loading=\"lazy\" decoding=\"async\" class=\"wp-image-10609 size-full\" src=\"https:\/\/d2p6e6u75xmxt8.cloudfront.net\/6\/2024\/02\/profimedia-0474727042.webp\" alt=\"Tulips and Windmills in Keukenhof garden, Lisse, South Holland, The Netherlands\" width=\"1400\" height=\"933\" srcset=\"https:\/\/d2p6e6u75xmxt8.cloudfront.net\/6\/2024\/02\/profimedia-0474727042.webp 1400w, https:\/\/d2p6e6u75xmxt8.cloudfront.net\/6\/2024\/02\/profimedia-0474727042-300x200.webp 300w, https:\/\/d2p6e6u75xmxt8.cloudfront.net\/6\/2024\/02\/profimedia-0474727042-1024x682.webp 1024w, https:\/\/d2p6e6u75xmxt8.cloudfront.net\/6\/2024\/02\/profimedia-0474727042-768x512.webp 768w, https:\/\/d2p6e6u75xmxt8.cloudfront.net\/6\/2024\/02\/profimedia-0474727042-400x267.webp 400w, https:\/\/d2p6e6u75xmxt8.cloudfront.net\/6\/2024\/02\/profimedia-0474727042-272x182.webp 272w\" sizes=\"auto, (max-width: 1400px) 100vw, 1400px\" \/><\/a><figcaption id=\"caption-attachment-10609\" class=\"wp-caption-text\">El mundo de los jardines de Keukenhof\u00a9 Profimedia<\/figcaption><\/figure>\n<p>Para ni\u00f1os a partir de 6 a\u00f1os.<\/p>\n<p>Emb\u00e1rcate en un pintoresco viaje desde las encantadoras calles de \u00c1msterdam hasta los mundialmente conocidos Jardines de Keukenhof, uno de los mayores jardines de flores del mundo. Esta ruta de 40 km, florecida con vibrantes tulipanes y otras flores primaverales, ofrece una experiencia ciclista holandesa por excelencia. El sendero es ideal para familias, con un terreno llano e impresionantes paisajes, por lo que es perfecto para ni\u00f1os a partir de 6 a\u00f1os. Por el camino, disfruta de la serena belleza de la campi\u00f1a holandesa y de los molinos de viento, culminando en el colorido espect\u00e1culo de Keukenhof, una fiesta para los sentidos.<\/p>\n<h2><strong>Castillos de Loira, Francia (Varias distancias)<\/strong><\/h2>\n<figure id=\"attachment_10610\" aria-describedby=\"caption-attachment-10610\" style=\"width: 1400px\" class=\"wp-caption alignnone\"><a href=\"https:\/\/d2p6e6u75xmxt8.cloudfront.net\/6\/2024\/02\/profimedia-0040186273.webp\"><img loading=\"lazy\" decoding=\"async\" class=\"wp-image-10610 size-full\" src=\"https:\/\/d2p6e6u75xmxt8.cloudfront.net\/6\/2024\/02\/profimedia-0040186273.webp\" alt=\"Chateau de Chenonceau\" width=\"1400\" height=\"936\" srcset=\"https:\/\/d2p6e6u75xmxt8.cloudfront.net\/6\/2024\/02\/profimedia-0040186273.webp 1400w, https:\/\/d2p6e6u75xmxt8.cloudfront.net\/6\/2024\/02\/profimedia-0040186273-300x201.webp 300w, https:\/\/d2p6e6u75xmxt8.cloudfront.net\/6\/2024\/02\/profimedia-0040186273-1024x685.webp 1024w, https:\/\/d2p6e6u75xmxt8.cloudfront.net\/6\/2024\/02\/profimedia-0040186273-768x513.webp 768w, https:\/\/d2p6e6u75xmxt8.cloudfront.net\/6\/2024\/02\/profimedia-0040186273-400x267.webp 400w, https:\/\/d2p6e6u75xmxt8.cloudfront.net\/6\/2024\/02\/profimedia-0040186273-272x182.webp 272w\" sizes=\"auto, (max-width: 1400px) 100vw, 1400px\" \/><\/a><figcaption id=\"caption-attachment-10610\" class=\"wp-caption-text\">Chateau de Chenonceau\u00a0\u00a9 Profimedia<\/figcaption><\/figure>\n<p>Recomendado para ni\u00f1os a partir de 8 a\u00f1os<\/p>\n<p>Explora en bicicleta los castillos de cuento de hadas del <a href=\"https:\/\/www.welovecycling.com\/es\/2023\/10\/19\/rutas-ciclistas-europa-otono\/\">Valle del Loira<\/a>, una regi\u00f3n a menudo conocida como el &#8220;Jard\u00edn de Francia&#8221;. Con rutas que var\u00edan en longitud, las familias pueden elegir caminos que serpentean junto a majestuosos castillos como Chambord y Chenonceau, con el sereno r\u00edo Loira como tel\u00f3n de fondo. Estas rutas ofrecen paseos suaves por vi\u00f1edos y pueblos pintorescos, ideales para ni\u00f1os a partir de 8 a\u00f1os. El Valle del Loira no es s\u00f3lo una aventura en bicicleta, sino un viaje al coraz\u00f3n de la historia y la arquitectura del Renacimiento franc\u00e9s.<\/p>\n<h2><strong>Ruta del Danubio: Passau a Vienna, Austria (320 km)<\/strong><\/h2>\n<figure id=\"attachment_10611\" aria-describedby=\"caption-attachment-10611\" style=\"width: 1400px\" class=\"wp-caption alignnone\"><a href=\"https:\/\/d2p6e6u75xmxt8.cloudfront.net\/6\/2024\/02\/profimedia-0040311197.webp\"><img loading=\"lazy\" decoding=\"async\" class=\"size-full wp-image-10611\" src=\"https:\/\/d2p6e6u75xmxt8.cloudfront.net\/6\/2024\/02\/profimedia-0040311197.webp\" alt=\"\" width=\"1400\" height=\"1026\" srcset=\"https:\/\/d2p6e6u75xmxt8.cloudfront.net\/6\/2024\/02\/profimedia-0040311197.webp 1400w, https:\/\/d2p6e6u75xmxt8.cloudfront.net\/6\/2024\/02\/profimedia-0040311197-300x220.webp 300w, https:\/\/d2p6e6u75xmxt8.cloudfront.net\/6\/2024\/02\/profimedia-0040311197-1024x750.webp 1024w, https:\/\/d2p6e6u75xmxt8.cloudfront.net\/6\/2024\/02\/profimedia-0040311197-768x563.webp 768w, https:\/\/d2p6e6u75xmxt8.cloudfront.net\/6\/2024\/02\/profimedia-0040311197-400x293.webp 400w\" sizes=\"auto, (max-width: 1400px) 100vw, 1400px\" \/><\/a><figcaption id=\"caption-attachment-10611\" class=\"wp-caption-text\">\u00a0Passau \u00a9 Profimedia<\/figcaption><\/figure>\n<p>Recomendable para familias con adolescentes.<\/p>\n<p>Esta conocida v\u00eda ciclista discurre junto al<a href=\"https:\/\/www.welovecycling.com\/es\/2017\/06\/27\/los-3-mejores-destinos-vacaciones-viajas-bici-tus-hijos\/\"> r\u00edo Danubio<\/a>, ofreciendo una ruta relativamente f\u00e1cil para familias con adolescentes. El trayecto de Passau (Alemania) a Viena (Austria) descubre la cautivadora belleza de la campi\u00f1a austriaca, salpicada de ciudades medievales e imponentes castillos. Aunque la ruta completa tiene unos 320 km, las familias pueden optar por tramos m\u00e1s cortos, disfrutando de paradas para degustar delicias austriacas y conocer la historia local. La desarrollada infraestructura de la ruta garantiza un paseo seguro y agradable, lo que la convierte en una fant\u00e1stica opci\u00f3n para una expedici\u00f3n familiar en primavera.<\/p>\n<h2><strong>Cycle Path, Bordeando Alemania, Austria y Suiza (260 km)<\/strong><\/h2>\n<figure id=\"attachment_10612\" aria-describedby=\"caption-attachment-10612\" style=\"width: 1400px\" class=\"wp-caption alignnone\"><a href=\"https:\/\/d2p6e6u75xmxt8.cloudfront.net\/6\/2024\/02\/profimedia-0468667881.webp\"><img loading=\"lazy\" decoding=\"async\" class=\"wp-image-10612 size-full\" src=\"https:\/\/d2p6e6u75xmxt8.cloudfront.net\/6\/2024\/02\/profimedia-0468667881.webp\" alt=\"View from the promenade to the Alps, Meersburg, Lake Constance\" width=\"1400\" height=\"933\" srcset=\"https:\/\/d2p6e6u75xmxt8.cloudfront.net\/6\/2024\/02\/profimedia-0468667881.webp 1400w, https:\/\/d2p6e6u75xmxt8.cloudfront.net\/6\/2024\/02\/profimedia-0468667881-300x200.webp 300w, https:\/\/d2p6e6u75xmxt8.cloudfront.net\/6\/2024\/02\/profimedia-0468667881-1024x682.webp 1024w, https:\/\/d2p6e6u75xmxt8.cloudfront.net\/6\/2024\/02\/profimedia-0468667881-768x512.webp 768w, https:\/\/d2p6e6u75xmxt8.cloudfront.net\/6\/2024\/02\/profimedia-0468667881-400x267.webp 400w, https:\/\/d2p6e6u75xmxt8.cloudfront.net\/6\/2024\/02\/profimedia-0468667881-272x182.webp 272w\" sizes=\"auto, (max-width: 1400px) 100vw, 1400px\" \/><\/a><figcaption id=\"caption-attachment-10612\" class=\"wp-caption-text\">View from the promenade to the Alps, Meersburg, Lake Constance \u00a9 Profimedia<\/figcaption><\/figure>\n<p>Recomendable para ni\u00f1os mayores de 10 a\u00f1os<\/p>\n<p>Circunnavegando el lago Constanza, este carril bici ofrece una aventura \u00fanica de tres pa\u00edses a trav\u00e9s de Alemania, Austria y Suiza. Con una longitud total de unos 260 km, la ruta puede adaptarse a viajes m\u00e1s cortos, por lo que es ideal para familias con ni\u00f1os a partir de 10 a\u00f1os. El trayecto est\u00e1 adornado con impresionantes vistas a lagos, ciudades medievales y frondosos huertos, que proporcionan un apacible retiro en la naturaleza. El terreno llano de la ruta y los senderos bien se\u00f1alizados garantizan un paseo c\u00f3modo para toda la familia.<\/p>\n<h2><strong>La costa de Puglia, Italia (Varias distancias)<\/strong><\/h2>\n<figure id=\"attachment_10613\" aria-describedby=\"caption-attachment-10613\" style=\"width: 1400px\" class=\"wp-caption alignnone\"><a href=\"https:\/\/d2p6e6u75xmxt8.cloudfront.net\/6\/2024\/02\/profimedia-0297974317.webp\"><img loading=\"lazy\" decoding=\"async\" class=\"size-full wp-image-10613\" src=\"https:\/\/d2p6e6u75xmxt8.cloudfront.net\/6\/2024\/02\/profimedia-0297974317.webp\" alt=\"Alberobello, Old town panorama of old trulli houses at sunset\" width=\"1400\" height=\"406\" srcset=\"https:\/\/d2p6e6u75xmxt8.cloudfront.net\/6\/2024\/02\/profimedia-0297974317.webp 1400w, https:\/\/d2p6e6u75xmxt8.cloudfront.net\/6\/2024\/02\/profimedia-0297974317-300x87.webp 300w, https:\/\/d2p6e6u75xmxt8.cloudfront.net\/6\/2024\/02\/profimedia-0297974317-1024x297.webp 1024w, https:\/\/d2p6e6u75xmxt8.cloudfront.net\/6\/2024\/02\/profimedia-0297974317-768x223.webp 768w, https:\/\/d2p6e6u75xmxt8.cloudfront.net\/6\/2024\/02\/profimedia-0297974317-400x116.webp 400w\" sizes=\"auto, (max-width: 1400px) 100vw, 1400px\" \/><\/a><figcaption id=\"caption-attachment-10613\" class=\"wp-caption-text\">Alberobello, Vista desde el Castillo con las viejas casas trulli \u00a9 Profimedia<\/figcaption><\/figure>\n<p>Recomendable para ni\u00f1os mayores de seis a\u00f1os<\/p>\n<p>Descubre el tal\u00f3n de la bota de Italia en esta encantadora ruta costera por Apulia. Conocida por sus encaladas ciudades de monta\u00f1a, sus tierras de cultivo centenarias y su extenso litoral mediterr\u00e1neo, Apulia ofrece recorridos variados aptos para familias. El recorrido puede incluir visitas a las emblem\u00e1ticas casas trulli de <a href=\"https:\/\/www.italia.it\/es\/apulia\/que-hacer\/alberobello\">Alberobello<\/a>, la belleza barroca de Lecce y las serenas playas de la costa. Con rutas aptas para ni\u00f1os a partir de 6 a\u00f1os, las familias pueden disfrutar de una mezcla de exploraci\u00f3n cultural y relajaci\u00f3n junto al mar, todo ello a un ritmo pausado.<\/p>\n<p><em>Cada una de estas rutas, desde las avenidas floridas de los Pa\u00edses Bajos hasta los caminos hist\u00f3ricos de Italia, encierra la esencia de Europa, ofreciendo a las familias una primavera llena de descubrimientos, aventuras y la alegr\u00eda de las experiencias compartidas. Ya sea pedaleando por la tranquila campi\u00f1a o explorando los vestigios de antiguos imperios, estos viajes en familia prometen una primavera 2024 para recordar, rebosante de risas, asombro y la belleza intemporal de Europa.<\/em><\/p>\n","protected":false},"excerpt":{"rendered":"<p>La primavera en Europa florece con un sinf\u00edn de posibilidades para vivir aventuras en familia, tejiendo el tapiz de sus [&hellip;]<\/p>\n","protected":false},"author":29,"featured_media":10615,"comment_status":"open","ping_status":"open","sticky":false,"template":"","format":"standard","meta":{"footnotes":""},"categories":[7,9],"tags":[],"global-categories":[],"class_list":["post-10608","post","type-post","status-publish","format-standard","has-post-thumbnail","hentry","category-carretera","category-mtb-aventura"],"yoast_head":"<!-- This site is optimized with the Yoast SEO Premium plugin v25.3 (Yoast SEO v25.9) - https:\/\/yoast.com\/wordpress\/plugins\/seo\/ -->\n<title>Viajes en bici para familias en 2024 - \u0160koda We Love Cycling - Spain<\/title>\n<meta name=\"description\" content=\"Viajes en bici para familias en 2024. Destinos europeos que no te puedes perder para toda la familia.\" \/>\n<meta name=\"robots\" content=\"index, follow, max-snippet:-1, max-image-preview:large, max-video-preview:-1\" \/>\n<link rel=\"canonical\" href=\"https:\/\/www.welovecycling.com\/es\/2024\/02\/23\/viajes-bici-familias\/\" \/>\n<meta property=\"og:locale\" content=\"es_ES\" \/>\n<meta property=\"og:type\" content=\"article\" \/>\n<meta property=\"og:title\" content=\"Viajes en bici para familias en 2024\" \/>\n<meta property=\"og:description\" content=\"Viajes en bici para familias en 2024. Destinos europeos que no te puedes perder para toda la familia.\" \/>\n<meta property=\"og:url\" content=\"https:\/\/www.welovecycling.com\/es\/2024\/02\/23\/viajes-bici-familias\/\" \/>\n<meta property=\"og:site_name\" content=\"\u0160koda We Love Cycling - Spain\" \/>\n<meta property=\"article:published_time\" content=\"2024-02-23T12:18:36+00:00\" \/>\n<meta property=\"og:image\" content=\"https:\/\/d2p6e6u75xmxt8.cloudfront.net\/6\/2024\/02\/profimedia-0159807086.webp\" \/>\n\t<meta property=\"og:image:width\" content=\"1400\" \/>\n\t<meta property=\"og:image:height\" content=\"933\" \/>\n\t<meta property=\"og:image:type\" content=\"image\/webp\" \/>\n<meta name=\"author\" content=\"We Love Cycling Spain\" \/>\n<meta name=\"twitter:card\" content=\"summary_large_image\" \/>\n<meta name=\"twitter:description\" content=\"Viajes en bici para familias en 2024. Destinos europeos que no te puedes perder para toda la familia.\" \/>\n<meta name=\"twitter:label1\" content=\"Written by\" \/>\n\t<meta name=\"twitter:data1\" content=\"Monica Buck\" \/>\n\t<meta name=\"twitter:label2\" content=\"Est. reading time\" \/>\n\t<meta name=\"twitter:data2\" content=\"7\" \/>\n<script type=\"application\/ld+json\" class=\"yoast-schema-graph\">{\"@context\":\"https:\/\/schema.org\",\"@graph\":[{\"@type\":\"WebPage\",\"@id\":\"https:\/\/www.welovecycling.com\/es\/2024\/02\/23\/viajes-bici-familias\/\",\"url\":\"https:\/\/www.welovecycling.com\/es\/2024\/02\/23\/viajes-bici-familias\/\",\"name\":\"Viajes en bici para familias en 2024 - \u0160koda We Love Cycling - Spain\",\"isPartOf\":{\"@id\":\"https:\/\/www.welovecycling.com\/es\/#website\"},\"primaryImageOfPage\":{\"@id\":\"https:\/\/www.welovecycling.com\/es\/2024\/02\/23\/viajes-bici-familias\/#primaryimage\"},\"image\":{\"@id\":\"https:\/\/www.welovecycling.com\/es\/2024\/02\/23\/viajes-bici-familias\/#primaryimage\"},\"thumbnailUrl\":\"https:\/\/d2p6e6u75xmxt8.cloudfront.net\/6\/2024\/02\/profimedia-0159807086.webp\",\"datePublished\":\"2024-02-23T12:18:36+00:00\",\"author\":{\"@id\":\"https:\/\/www.welovecycling.com\/es\/#\/schema\/person\/deb61715b5812698ee79fb96f343ccd4\"},\"description\":\"Viajes en bici para familias en 2024. Destinos europeos que no te puedes perder para toda la familia.\",\"breadcrumb\":{\"@id\":\"https:\/\/www.welovecycling.com\/es\/2024\/02\/23\/viajes-bici-familias\/#breadcrumb\"},\"inLanguage\":\"es-ES\",\"potentialAction\":[{\"@type\":\"ReadAction\",\"target\":[\"https:\/\/www.welovecycling.com\/es\/2024\/02\/23\/viajes-bici-familias\/\"]}]},{\"@type\":\"ImageObject\",\"inLanguage\":\"es-ES\",\"@id\":\"https:\/\/www.welovecycling.com\/es\/2024\/02\/23\/viajes-bici-familias\/#primaryimage\",\"url\":\"https:\/\/d2p6e6u75xmxt8.cloudfront.net\/6\/2024\/02\/profimedia-0159807086.webp\",\"contentUrl\":\"https:\/\/d2p6e6u75xmxt8.cloudfront.net\/6\/2024\/02\/profimedia-0159807086.webp\",\"width\":1400,\"height\":933,\"caption\":\"Passau\"},{\"@type\":\"BreadcrumbList\",\"@id\":\"https:\/\/www.welovecycling.com\/es\/2024\/02\/23\/viajes-bici-familias\/#breadcrumb\",\"itemListElement\":[{\"@type\":\"ListItem\",\"position\":1,\"name\":\"Home\",\"item\":\"https:\/\/www.welovecycling.com\/es\/\"},{\"@type\":\"ListItem\",\"position\":2,\"name\":\"Viajes en bici para familias en 2024\"}]},{\"@type\":\"WebSite\",\"@id\":\"https:\/\/www.welovecycling.com\/es\/#website\",\"url\":\"https:\/\/www.welovecycling.com\/es\/\",\"name\":\"\u0160koda We Love Cycling - Spain\",\"description\":\"\u0160koda WeLoveCycling Spain\",\"potentialAction\":[{\"@type\":\"SearchAction\",\"target\":{\"@type\":\"EntryPoint\",\"urlTemplate\":\"https:\/\/www.welovecycling.com\/es\/?s={search_term_string}\"},\"query-input\":{\"@type\":\"PropertyValueSpecification\",\"valueRequired\":true,\"valueName\":\"search_term_string\"}}],\"inLanguage\":\"es-ES\"},{\"@type\":\"Person\",\"@id\":\"https:\/\/www.welovecycling.com\/es\/#\/schema\/person\/deb61715b5812698ee79fb96f343ccd4\",\"name\":\"We Love Cycling Spain\",\"image\":{\"@type\":\"ImageObject\",\"inLanguage\":\"es-ES\",\"@id\":\"https:\/\/www.welovecycling.com\/es\/#\/schema\/person\/image\/\",\"url\":\"https:\/\/secure.gravatar.com\/avatar\/c824b04e6df0e37a03219d0b6481672889df542894588964102459e46513159c?s=96&d=mm&r=g\",\"contentUrl\":\"https:\/\/secure.gravatar.com\/avatar\/c824b04e6df0e37a03219d0b6481672889df542894588964102459e46513159c?s=96&d=mm&r=g\",\"caption\":\"We Love Cycling Spain\"},\"url\":\"https:\/\/www.welovecycling.com\/es\/author\/amunoz\/\"}]}<\/script>\n<!-- \/ Yoast SEO Premium plugin. -->","yoast_head_json":{"title":"Viajes en bici para familias en 2024 - \u0160koda We Love Cycling - Spain","description":"Viajes en bici para familias en 2024. Destinos europeos que no te puedes perder para toda la familia.","robots":{"index":"index","follow":"follow","max-snippet":"max-snippet:-1","max-image-preview":"max-image-preview:large","max-video-preview":"max-video-preview:-1"},"canonical":"https:\/\/www.welovecycling.com\/es\/2024\/02\/23\/viajes-bici-familias\/","og_locale":"es_ES","og_type":"article","og_title":"Viajes en bici para familias en 2024","og_description":"Viajes en bici para familias en 2024. Destinos europeos que no te puedes perder para toda la familia.","og_url":"https:\/\/www.welovecycling.com\/es\/2024\/02\/23\/viajes-bici-familias\/","og_site_name":"\u0160koda We Love Cycling - Spain","article_published_time":"2024-02-23T12:18:36+00:00","og_image":[{"width":1400,"height":933,"url":"https:\/\/d2p6e6u75xmxt8.cloudfront.net\/6\/2024\/02\/profimedia-0159807086.webp","type":"image\/webp"}],"author":"We Love Cycling Spain","twitter_card":"summary_large_image","twitter_description":"Viajes en bici para familias en 2024. Destinos europeos que no te puedes perder para toda la familia.","twitter_misc":{"Written by":"Monica Buck","Est. reading time":"7"},"schema":{"@context":"https:\/\/schema.org","@graph":[{"@type":"WebPage","@id":"https:\/\/www.welovecycling.com\/es\/2024\/02\/23\/viajes-bici-familias\/","url":"https:\/\/www.welovecycling.com\/es\/2024\/02\/23\/viajes-bici-familias\/","name":"Viajes en bici para familias en 2024 - \u0160koda We Love Cycling - Spain","isPartOf":{"@id":"https:\/\/www.welovecycling.com\/es\/#website"},"primaryImageOfPage":{"@id":"https:\/\/www.welovecycling.com\/es\/2024\/02\/23\/viajes-bici-familias\/#primaryimage"},"image":{"@id":"https:\/\/www.welovecycling.com\/es\/2024\/02\/23\/viajes-bici-familias\/#primaryimage"},"thumbnailUrl":"https:\/\/d2p6e6u75xmxt8.cloudfront.net\/6\/2024\/02\/profimedia-0159807086.webp","datePublished":"2024-02-23T12:18:36+00:00","author":{"@id":"https:\/\/www.welovecycling.com\/es\/#\/schema\/person\/deb61715b5812698ee79fb96f343ccd4"},"description":"Viajes en bici para familias en 2024. Destinos europeos que no te puedes perder para toda la familia.","breadcrumb":{"@id":"https:\/\/www.welovecycling.com\/es\/2024\/02\/23\/viajes-bici-familias\/#breadcrumb"},"inLanguage":"es-ES","potentialAction":[{"@type":"ReadAction","target":["https:\/\/www.welovecycling.com\/es\/2024\/02\/23\/viajes-bici-familias\/"]}]},{"@type":"ImageObject","inLanguage":"es-ES","@id":"https:\/\/www.welovecycling.com\/es\/2024\/02\/23\/viajes-bici-familias\/#primaryimage","url":"https:\/\/d2p6e6u75xmxt8.cloudfront.net\/6\/2024\/02\/profimedia-0159807086.webp","contentUrl":"https:\/\/d2p6e6u75xmxt8.cloudfront.net\/6\/2024\/02\/profimedia-0159807086.webp","width":1400,"height":933,"caption":"Passau"},{"@type":"BreadcrumbList","@id":"https:\/\/www.welovecycling.com\/es\/2024\/02\/23\/viajes-bici-familias\/#breadcrumb","itemListElement":[{"@type":"ListItem","position":1,"name":"Home","item":"https:\/\/www.welovecycling.com\/es\/"},{"@type":"ListItem","position":2,"name":"Viajes en bici para familias en 2024"}]},{"@type":"WebSite","@id":"https:\/\/www.welovecycling.com\/es\/#website","url":"https:\/\/www.welovecycling.com\/es\/","name":"\u0160koda We Love Cycling - Spain","description":"\u0160koda WeLoveCycling Spain","potentialAction":[{"@type":"SearchAction","target":{"@type":"EntryPoint","urlTemplate":"https:\/\/www.welovecycling.com\/es\/?s={search_term_string}"},"query-input":{"@type":"PropertyValueSpecification","valueRequired":true,"valueName":"search_term_string"}}],"inLanguage":"es-ES"},{"@type":"Person","@id":"https:\/\/www.welovecycling.com\/es\/#\/schema\/person\/deb61715b5812698ee79fb96f343ccd4","name":"We Love Cycling Spain","image":{"@type":"ImageObject","inLanguage":"es-ES","@id":"https:\/\/www.welovecycling.com\/es\/#\/schema\/person\/image\/","url":"https:\/\/secure.gravatar.com\/avatar\/c824b04e6df0e37a03219d0b6481672889df542894588964102459e46513159c?s=96&d=mm&r=g","contentUrl":"https:\/\/secure.gravatar.com\/avatar\/c824b04e6df0e37a03219d0b6481672889df542894588964102459e46513159c?s=96&d=mm&r=g","caption":"We Love Cycling Spain"},"url":"https:\/\/www.welovecycling.com\/es\/author\/amunoz\/"}]}},"_links":{"self":[{"href":"https:\/\/www.welovecycling.com\/es\/wp-json\/wp\/v2\/posts\/10608","targetHints":{"allow":["GET"]}}],"collection":[{"href":"https:\/\/www.welovecycling.com\/es\/wp-json\/wp\/v2\/posts"}],"about":[{"href":"https:\/\/www.welovecycling.com\/es\/wp-json\/wp\/v2\/types\/post"}],"author":[{"embeddable":true,"href":"https:\/\/www.welovecycling.com\/es\/wp-json\/wp\/v2\/users\/29"}],"replies":[{"embeddable":true,"href":"https:\/\/www.welovecycling.com\/es\/wp-json\/wp\/v2\/comments?post=10608"}],"version-history":[{"count":2,"href":"https:\/\/www.welovecycling.com\/es\/wp-json\/wp\/v2\/posts\/10608\/revisions"}],"predecessor-version":[{"id":10616,"href":"https:\/\/www.welovecycling.com\/es\/wp-json\/wp\/v2\/posts\/10608\/revisions\/10616"}],"wp:featuredmedia":[{"embeddable":true,"href":"https:\/\/www.welovecycling.com\/es\/wp-json\/wp\/v2\/media\/10615"}],"wp:attachment":[{"href":"https:\/\/www.welovecycling.com\/es\/wp-json\/wp\/v2\/media?parent=10608"}],"wp:term":[{"taxonomy":"category","embeddable":true,"href":"https:\/\/www.welovecycling.com\/es\/wp-json\/wp\/v2\/categories?post=10608"},{"taxonomy":"post_tag","embeddable":true,"href":"https:\/\/www.welovecycling.com\/es\/wp-json\/wp\/v2\/tags?post=10608"},{"taxonomy":"global-categories","embeddable":true,"href":"https:\/\/www.welovecycling.com\/es\/wp-json\/wp\/v2\/global-categories?post=10608"}],"curies":[{"name":"wp","href":"https:\/\/api.w.org\/{rel}","templated":true}]}}