{"id":10589,"date":"2024-02-14T12:37:22","date_gmt":"2024-02-14T10:37:22","guid":{"rendered":"https:\/\/www.welovecycling.com\/es\/?p=10589"},"modified":"2024-02-13T13:12:15","modified_gmt":"2024-02-13T11:12:15","slug":"maternidad-ciclismo-profesional","status":"publish","type":"post","link":"https:\/\/www.welovecycling.com\/es\/2024\/02\/14\/maternidad-ciclismo-profesional\/","title":{"rendered":"Maternidad y ciclismo profesional: Los cambios"},"content":{"rendered":"<p><strong>En su vida como ciclistas, las corredoras se ven inmersas en un deporte din\u00e1mico que evoluciona continuamente. Entre los innumerables retos que afrontan, una de las experiencias m\u00e1s transformadoras para muchas de ellas es el embarazo. Este acontecimiento vital fundamental no s\u00f3lo modifica el cuerpo de la mujer, introduciendo profundos cambios en su forma f\u00edsica, sino que tambi\u00e9n marca un enorme cambio en el tiempo, la energ\u00eda y las prioridades disponibles. As\u00ed est\u00e1 ahora mismo la relaci\u00f3n entre maternidad y ciclismo profesional.<\/strong><\/p>\n<p><!--more--><\/p>\n<p>En este art\u00edculo queremos analizar los cambios que se est\u00e1n produciendo en el mundo del ciclismo profesional en relaci\u00f3n con la maternidad, destacando la evoluci\u00f3n de las pol\u00edticas y actitudes que permiten a las deportistas combinar ambos roles. Aunque reconocemos que a\u00fan queda mucho trabajo por hacer, iluminamos un camino en el que un nuevo apoyo y una determinaci\u00f3n inquebrantable est\u00e1n llevando a m\u00e1s ciclistas profesionales a integrar con \u00e9xito ambas facetas de sus vidas.<\/p>\n<h2><strong>Contexto hist\u00f3rico<\/strong><\/h2>\n<p>En el mundo del ciclismo profesional, deportistas de la talla de Marta Bastianelli y Lizzie Deignan destacan como ejemplos de atletas de alto nivel que fueron de las primeras en abrazar tanto la competici\u00f3n como la maternidad. Sus \u00e9xitos, que recuerdan a los de iconos como Serena Williams y Jessica Ennis-Hill en el tenis y el atletismo, muestran la resistencia y la fuerza de las mujeres deportistas despu\u00e9s del embarazo. Sin embargo, estas historias tambi\u00e9n ponen de relieve los retos a los que se enfrenta la comunidad ciclista y deportiva y que hacen que el camino de la maternidad sea complejo para las mujeres profesionales.<\/p>\n<p>Marta Bastianelli, la \u00fanica ciclista profesional de carretera que fue madre en su momento, se enfrent\u00f3 a la lucha de volver al ciclismo de competici\u00f3n tras el parto. Lizzie Deignan tambi\u00e9n ha destacado la importancia del apoyo del equipo y de la estabilidad financiera para facilitar la transici\u00f3n de vuelta a la competici\u00f3n tras la maternidad. Las experiencias de estas atletas subrayan la necesidad de un sistema m\u00e1s solidario en el ciclismo y el deporte, que reconozca y facilite el singular viaje de las mujeres que deciden compaginar carrera y maternidad.<\/p>\n<p>https:\/\/www.instagram.com\/p\/CFgm1J_o3SE\/?img_index=1<\/p>\n<h2><strong>Cambiando actitudes<\/strong><\/h2>\n<p>Aunque historias de \u00e9xito como las mencionadas anteriormente, o las victorias ol\u00edmpicas de Kristin Armstrong (se retir\u00f3 en 2009 para dar a luz despu\u00e9s de ganar su primer t\u00edtulo ol\u00edmpico el a\u00f1o anterior, luego volvi\u00f3 para ganar el oro de nuevo en Londres en 2012 y se alz\u00f3 con la victoria en R\u00edo cuatro a\u00f1os m\u00e1s tarde) inspiran, es evidente que tales ejemplos sol\u00edan ser relativamente escasos en el ciclismo profesional de carretera. Otras disciplinas, como el ciclismo en pista, el ciclismo de monta\u00f1a y el ciclocross, tambi\u00e9n vieron a atletas como Laura Kenny, Sarah Storey, Gunn-Rita Dahle Flesj\u00e5, Loes Sels, Denise Betsema y Kim Van de Steene combinar con \u00e9xito la maternidad con el ciclismo de competici\u00f3n, pero sus experiencias no eran en absoluto la norma. Hasta hace relativamente poco, a la mayor\u00eda de las deportistas profesionales les costaba encontrar la manera de conciliar ambos roles.<\/p>\n<p>Afortunadamente, se est\u00e1 llevando a cabo una labor pol\u00edtica de enorme repercusi\u00f3n para garantizar que m\u00e1s mujeres deportistas tengan la oportunidad de combinar su pasi\u00f3n por el deporte y la familia como una opci\u00f3n viable. La introducci\u00f3n de una<a href=\"https:\/\/cyclistsalliance.org\/maternity-rights-and-minimum-wage-for-the-womens-worldtour\/\"> cl\u00e1usula de maternidad por parte de la UCI en 2020<\/a>, defendida y encabezada por la Alianza de Ciclistas, supuso un paso positivo hacia el apoyo a las deportistas durante y despu\u00e9s del embarazo.<\/p>\n<p>Esta normativa garantiza que las ciclistas reciban tres meses de salario completo y cinco meses adicionales al 50%, aunque con algunas variaciones en funci\u00f3n de los compromisos de los equipos y del sistema Women&#8217;s WorldTour. Por supuesto, las ciclistas tambi\u00e9n tienen derecho a las prestaciones de maternidad exigidas por el Estado, pero esto var\u00eda mucho de un pa\u00eds a otro.<\/p>\n<h2><strong>Baja por maternidad: Evoluci\u00f3n<\/strong><\/h2>\n<p>Sin embargo, a pesar de que el derecho a un permiso de maternidad remunerado y protegido se introdujo hace varios a\u00f1os, todav\u00eda se est\u00e1 asentando en el panorama ciclista. Deignan, por ejemplo, ha reconocido las variaciones culturales en las expectativas, citando las marcadas diferencias entre las generosas pol\u00edticas de baja por maternidad del Reino Unido y las limitadas prestaciones de otros pa\u00edses.<\/p>\n<p>Aunque los progresos son evidentes, se reconoce que se puede hacer m\u00e1s. Los recientes cambios que permiten a los equipos contratar a ciclistas de sustituci\u00f3n durante la baja por maternidad demuestran un cambio positivo. Aun as\u00ed, el camino hacia el establecimiento de pol\u00edticas integrales de apoyo a los deportistas de ambos sexos sigue su curso. Deignan tambi\u00e9n ha se\u00f1alado la necesidad de <a href=\"https:\/\/www.google.com\/url?q=https:\/\/velo.outsideonline.com\/road\/q-balancing-motherhood-with-racing\/&amp;sa=D&amp;source=docs&amp;ust=1707309960678935&amp;usg=AOvVaw3tKrq6Rmtfv_scUYDbYEuX\">incluir cl\u00e1usulas de paternidad en los contratos de los hombres<\/a>, lo que subraya las primeras etapas de la comprensi\u00f3n y aplicaci\u00f3n de medidas que se adapten a las diversas necesidades de los atletas que navegan entre la planificaci\u00f3n familiar y las carreras ciclistas profesionales.<\/p>\n<h2><strong>Historias de \u00e9xito de maternidad<\/strong><\/h2>\n<p>Pero estas pol\u00edticas ya est\u00e1n surtiendo efecto. Adem\u00e1s de las extraordinarias atletas antes mencionadas, muchas mujeres est\u00e1n logrando con \u00e9xito el delicado equilibrio entre el ciclismo profesional y la maternidad, desafiando las normas tradicionales y demostrando que perseguir ambos sue\u00f1os no s\u00f3lo es factible, sino tambi\u00e9n estimulante.<\/p>\n<h2><strong>Un salto de fe: Elinor Barker<\/strong><\/h2>\n<p>Una atleta profundamente influida por la trayectoria de Lizzie Deignan es Elinor Barker, cinco veces campeona del mundo y ciclista profesional del equipo Uno-X. Barker descubri\u00f3 su embarazo inmediatamente despu\u00e9s de la persecuci\u00f3n por equipos en Tokio, lo que provoc\u00f3 un momento de incertidumbre sobre su carrera ciclista. Reflexionando sobre sus opciones durante un largo vuelo de regreso a casa, Barker decidi\u00f3 que no estaba preparada para retirarse y que quer\u00eda seguir en el ciclismo, dependiendo del apoyo disponible.<\/p>\n<p>El equipo Uno-X, <a href=\"https:\/\/www.rouleur.cc\/blogs\/the-rouleur-journal\/mother-courage-lizzie-deignan-and-elinor-baker-blazing-a-trail-for-female-cyclists\">que apoy\u00f3 notablemente la situaci\u00f3n de Barker<\/a>, desempe\u00f1\u00f3 un papel fundamental en su decisi\u00f3n de dedicarse a la maternidad y al ciclismo. &#8220;De hecho, los jefes de Uno-X fueron de las primeras personas con las que habl\u00e9&#8221;, explica Barker. &#8220;Me apoyaron much\u00edsimo. El mensaje que me envi\u00f3 Jens Haugland [director del equipo Uno-X] cuando se enter\u00f3 de que estaba embarazada fue una de las cosas m\u00e1s bonitas que he le\u00eddo nunca. Era tan bonito, tan solidario. Me hizo pensar que pod\u00eda hacerlo&#8221;. El apoyo abierto de equipos como Uno-X refleja una tendencia positiva en los \u00faltimos tres a\u00f1os, que influye en las percepciones y muestra las posibilidades de las mujeres en el ciclismo profesional.<\/p>\n<p>https:\/\/www.instagram.com\/p\/Cm14ShyrzR3\/<\/p>\n<h2><strong>Seguir compitiendo durante el embarazo: Joss Lowden<\/strong><\/h2>\n<p>Los periodos de embarazo suponen sin duda un reto para las deportistas, ya que muchas se ven obligadas a renunciar al control sobre su cuerpo y su forma f\u00edsica. Aunque la maternidad introduce un elemento de imprevisibilidad, afecta a las ciclistas que prosperan con reg\u00edmenes de entrenamiento meticulosamente planificados. Joss Lowden, una ciclista de 35 a\u00f1os que tambi\u00e9n corre para Uno-X, se comprometi\u00f3 desde el principio a combinar ciclismo y maternidad, pero se enfrent\u00f3 al reto f\u00edsico. Reconociendo la imprevisibilidad que introduce la maternidad, Lowden desafi\u00f3 las expectativas demostrando su eficacia en el ciclismo durante el embarazo. Sorprendentemente, regres\u00f3 de un recorrido de dos horas y media en Andorra tres semanas antes de la fecha prevista para el parto.<\/p>\n<p>Al enfrentarse a terrenos dif\u00edciles y establecer r\u00e9cords personales, las osadas aventuras de Lowden, incluso en el octavo mes de embarazo, subrayan su determinaci\u00f3n de demostrar que la maternidad no es un par\u00f3n, sino un nuevo cap\u00edtulo en su trayectoria ciclista.<\/p>\n<h2><strong>Profesional despu\u00e9s del embarazo: Antri Christoforou<\/strong><\/h2>\n<p>Antri Christoforou, campeona nacional chipriota de ciclismo en ruta, se enfrent\u00f3 a un giro inesperado en su carrera ciclista cuando descubri\u00f3 su embarazo justo antes de incorporarse a un equipo con sede en el Reino Unido en 2015. A pesar de la incertidumbre inicial, Christoforou abraz\u00f3 la maternidad y aparc\u00f3 temporalmente su carrera ciclista. Sin embargo, una oportunidad con el equipo nacional en 2016 marc\u00f3 su regreso al ciclismo de competici\u00f3n.<\/p>\n<p>Antes de la invitaci\u00f3n, no estaba segura de cu\u00e1l ser\u00eda su futuro en el ciclismo, pero la decisi\u00f3n de ir acabar\u00eda sirvi\u00e9ndole de trampol\u00edn hacia las filas profesionales.<\/p>\n<p>&#8220;Recibimos una invitaci\u00f3n de Israel para algunas carreras, carreras UCI o puntos para la clasificaci\u00f3n ol\u00edmpica. A m\u00ed me faltaba porque estuve un a\u00f1o fuera. Nos invitaron, y dije: vamos a ver&#8221;, cuenta Christoforou. &#8220;Fuimos con el equipo nacional, y gan\u00e9 esas carreras, as\u00ed que consegu\u00ed muchos puntos. Primero fue la invitaci\u00f3n y luego la motivaci\u00f3n para volver a subirme a la bici&#8221;.<\/p>\n<h2><strong>Reinas de regreso: Chantal Van Den Broek-Blaak y Ellen van Dijk<\/strong><\/h2>\n<p>Dos ejemplos m\u00e1s recientes, los de la ex campeona del mundo Chantal Van Den Broek-Blaak y Ellen van Dijk, tambi\u00e9n ejemplifican el esp\u00edritu de los regresos tras la maternidad en el ciclismo profesional. Chantal, tras un par\u00e9ntesis de un a\u00f1o disfrutando de las responsabilidades de la maternidad, vuelve a la carga con el equipo ciclista SD Worx-Protime. La ciclista de 34 a\u00f1os se prepara para un regreso extraordinario, con la vista puesta en el Tour de Francia Femenino con Zwift.<\/p>\n<p>Asimismo, Ellen van Dijk dio a luz a su primer hijo en octubre de 2023 y est\u00e1 preparada para volver al pelot\u00f3n profesional en 2024. La tricampeona del mundo de contrarreloj da cr\u00e9dito al ejemplo dado por su compa\u00f1era de equipo Lizzie Deignan en lo que respecta a conciliar la carrera profesional y la vida familiar. A pesar de reconocer la importancia de la familia, van Dijk sigue empe\u00f1ada en prolongar su carrera ciclista al menos hasta 2025.<\/p>\n<h2><strong>Un futuro brillante por delante<\/strong><\/h2>\n<p>En \u00faltima instancia, estas historias de \u00e9xito ilustran la evoluci\u00f3n del panorama del ciclismo profesional, en el que las mujeres tienen la opci\u00f3n de integrar la maternidad con sus actividades deportivas. Aunque los retos persisten, el creciente reconocimiento de los derechos de maternidad y la evoluci\u00f3n de las actitudes dentro de la comunidad ciclista dibujan un panorama prometedor. Al tiempo que celebramos los triunfos de estas atletas, reconocemos el camino que queda por recorrer para crear un entorno m\u00e1s integrador y favorable para que las ciclistas puedan dedicarse a sus pasiones sin complejos, dentro y fuera del sill\u00edn.<\/p>\n","protected":false},"excerpt":{"rendered":"<p>En su vida como ciclistas, las corredoras se ven inmersas en un deporte din\u00e1mico que evoluciona continuamente. Entre los innumerables [&hellip;]<\/p>\n","protected":false},"author":29,"featured_media":10590,"comment_status":"open","ping_status":"open","sticky":false,"template":"","format":"standard","meta":{"footnotes":""},"categories":[7],"tags":[2288],"global-categories":[],"class_list":["post-10589","post","type-post","status-publish","format-standard","has-post-thumbnail","hentry","category-carretera","tag-ciclismo-y-maternidad"],"yoast_head":"<!-- This site is optimized with the Yoast SEO Premium plugin v25.3 (Yoast SEO v25.9) - https:\/\/yoast.com\/wordpress\/plugins\/seo\/ -->\n<title>Maternidad y ciclismo profesional: Los cambios<\/title>\n<meta name=\"description\" content=\"Maternidad y ciclismo profesional. Una relaci\u00f3n que est\u00e1 cambiando y evolucionando en los \u00faltimos a\u00f1os en favor de las mujeres.\" \/>\n<meta name=\"robots\" content=\"index, follow, max-snippet:-1, max-image-preview:large, max-video-preview:-1\" \/>\n<link rel=\"canonical\" href=\"https:\/\/www.welovecycling.com\/es\/2024\/02\/14\/maternidad-ciclismo-profesional\/\" \/>\n<meta property=\"og:locale\" content=\"es_ES\" \/>\n<meta property=\"og:type\" content=\"article\" \/>\n<meta property=\"og:title\" content=\"Maternidad y ciclismo profesional: Los cambios\" \/>\n<meta property=\"og:description\" content=\"Maternidad y ciclismo profesional. Una relaci\u00f3n que est\u00e1 cambiando y evolucionando en los \u00faltimos a\u00f1os en favor de las mujeres.\" \/>\n<meta property=\"og:url\" content=\"https:\/\/www.welovecycling.com\/es\/2024\/02\/14\/maternidad-ciclismo-profesional\/\" \/>\n<meta property=\"og:site_name\" content=\"\u0160koda We Love Cycling - Spain\" \/>\n<meta property=\"article:published_time\" content=\"2024-02-14T10:37:22+00:00\" \/>\n<meta property=\"og:image\" content=\"https:\/\/d2p6e6u75xmxt8.cloudfront.net\/6\/2024\/02\/Lizzie-Deignan-Daughter-profimedia-0664483996-CVR.webp\" \/>\n\t<meta property=\"og:image:width\" content=\"990\" \/>\n\t<meta property=\"og:image:height\" content=\"660\" \/>\n\t<meta property=\"og:image:type\" content=\"image\/webp\" \/>\n<meta name=\"author\" content=\"We Love Cycling Spain\" \/>\n<meta name=\"twitter:card\" content=\"summary_large_image\" \/>\n<meta name=\"twitter:description\" content=\"Maternidad y ciclismo profesional. Una relaci\u00f3n que est\u00e1 cambiando y evolucionando en los \u00faltimos a\u00f1os en favor de las mujeres.\" \/>\n<meta name=\"twitter:label1\" content=\"Written by\" \/>\n\t<meta name=\"twitter:data1\" content=\"Megan Flottorp\" \/>\n\t<meta name=\"twitter:label2\" content=\"Est. reading time\" \/>\n\t<meta name=\"twitter:data2\" content=\"5\" \/>\n<script type=\"application\/ld+json\" class=\"yoast-schema-graph\">{\"@context\":\"https:\/\/schema.org\",\"@graph\":[{\"@type\":\"WebPage\",\"@id\":\"https:\/\/www.welovecycling.com\/es\/2024\/02\/14\/maternidad-ciclismo-profesional\/\",\"url\":\"https:\/\/www.welovecycling.com\/es\/2024\/02\/14\/maternidad-ciclismo-profesional\/\",\"name\":\"Maternidad y ciclismo profesional: Los cambios\",\"isPartOf\":{\"@id\":\"https:\/\/www.welovecycling.com\/es\/#website\"},\"primaryImageOfPage\":{\"@id\":\"https:\/\/www.welovecycling.com\/es\/2024\/02\/14\/maternidad-ciclismo-profesional\/#primaryimage\"},\"image\":{\"@id\":\"https:\/\/www.welovecycling.com\/es\/2024\/02\/14\/maternidad-ciclismo-profesional\/#primaryimage\"},\"thumbnailUrl\":\"https:\/\/d2p6e6u75xmxt8.cloudfront.net\/6\/2024\/02\/Lizzie-Deignan-Daughter-profimedia-0664483996-CVR.webp\",\"datePublished\":\"2024-02-14T10:37:22+00:00\",\"author\":{\"@id\":\"https:\/\/www.welovecycling.com\/es\/#\/schema\/person\/deb61715b5812698ee79fb96f343ccd4\"},\"description\":\"Maternidad y ciclismo profesional. Una relaci\u00f3n que est\u00e1 cambiando y evolucionando en los \u00faltimos a\u00f1os en favor de las mujeres.\",\"breadcrumb\":{\"@id\":\"https:\/\/www.welovecycling.com\/es\/2024\/02\/14\/maternidad-ciclismo-profesional\/#breadcrumb\"},\"inLanguage\":\"es-ES\",\"potentialAction\":[{\"@type\":\"ReadAction\",\"target\":[\"https:\/\/www.welovecycling.com\/es\/2024\/02\/14\/maternidad-ciclismo-profesional\/\"]}]},{\"@type\":\"ImageObject\",\"inLanguage\":\"es-ES\",\"@id\":\"https:\/\/www.welovecycling.com\/es\/2024\/02\/14\/maternidad-ciclismo-profesional\/#primaryimage\",\"url\":\"https:\/\/d2p6e6u75xmxt8.cloudfront.net\/6\/2024\/02\/Lizzie-Deignan-Daughter-profimedia-0664483996-CVR.webp\",\"contentUrl\":\"https:\/\/d2p6e6u75xmxt8.cloudfront.net\/6\/2024\/02\/Lizzie-Deignan-Daughter-profimedia-0664483996-CVR.webp\",\"width\":990,\"height\":660,\"caption\":\"Lizzie Deignan\"},{\"@type\":\"BreadcrumbList\",\"@id\":\"https:\/\/www.welovecycling.com\/es\/2024\/02\/14\/maternidad-ciclismo-profesional\/#breadcrumb\",\"itemListElement\":[{\"@type\":\"ListItem\",\"position\":1,\"name\":\"Home\",\"item\":\"https:\/\/www.welovecycling.com\/es\/\"},{\"@type\":\"ListItem\",\"position\":2,\"name\":\"Maternidad y ciclismo profesional: Los cambios\"}]},{\"@type\":\"WebSite\",\"@id\":\"https:\/\/www.welovecycling.com\/es\/#website\",\"url\":\"https:\/\/www.welovecycling.com\/es\/\",\"name\":\"\u0160koda We Love Cycling - Spain\",\"description\":\"\u0160koda WeLoveCycling Spain\",\"potentialAction\":[{\"@type\":\"SearchAction\",\"target\":{\"@type\":\"EntryPoint\",\"urlTemplate\":\"https:\/\/www.welovecycling.com\/es\/?s={search_term_string}\"},\"query-input\":{\"@type\":\"PropertyValueSpecification\",\"valueRequired\":true,\"valueName\":\"search_term_string\"}}],\"inLanguage\":\"es-ES\"},{\"@type\":\"Person\",\"@id\":\"https:\/\/www.welovecycling.com\/es\/#\/schema\/person\/deb61715b5812698ee79fb96f343ccd4\",\"name\":\"We Love Cycling Spain\",\"image\":{\"@type\":\"ImageObject\",\"inLanguage\":\"es-ES\",\"@id\":\"https:\/\/www.welovecycling.com\/es\/#\/schema\/person\/image\/\",\"url\":\"https:\/\/secure.gravatar.com\/avatar\/c824b04e6df0e37a03219d0b6481672889df542894588964102459e46513159c?s=96&d=mm&r=g\",\"contentUrl\":\"https:\/\/secure.gravatar.com\/avatar\/c824b04e6df0e37a03219d0b6481672889df542894588964102459e46513159c?s=96&d=mm&r=g\",\"caption\":\"We Love Cycling Spain\"},\"url\":\"https:\/\/www.welovecycling.com\/es\/author\/amunoz\/\"}]}<\/script>\n<!-- \/ Yoast SEO Premium plugin. -->","yoast_head_json":{"title":"Maternidad y ciclismo profesional: Los cambios","description":"Maternidad y ciclismo profesional. Una relaci\u00f3n que est\u00e1 cambiando y evolucionando en los \u00faltimos a\u00f1os en favor de las mujeres.","robots":{"index":"index","follow":"follow","max-snippet":"max-snippet:-1","max-image-preview":"max-image-preview:large","max-video-preview":"max-video-preview:-1"},"canonical":"https:\/\/www.welovecycling.com\/es\/2024\/02\/14\/maternidad-ciclismo-profesional\/","og_locale":"es_ES","og_type":"article","og_title":"Maternidad y ciclismo profesional: Los cambios","og_description":"Maternidad y ciclismo profesional. Una relaci\u00f3n que est\u00e1 cambiando y evolucionando en los \u00faltimos a\u00f1os en favor de las mujeres.","og_url":"https:\/\/www.welovecycling.com\/es\/2024\/02\/14\/maternidad-ciclismo-profesional\/","og_site_name":"\u0160koda We Love Cycling - Spain","article_published_time":"2024-02-14T10:37:22+00:00","og_image":[{"width":990,"height":660,"url":"https:\/\/d2p6e6u75xmxt8.cloudfront.net\/6\/2024\/02\/Lizzie-Deignan-Daughter-profimedia-0664483996-CVR.webp","type":"image\/webp"}],"author":"We Love Cycling Spain","twitter_card":"summary_large_image","twitter_description":"Maternidad y ciclismo profesional. Una relaci\u00f3n que est\u00e1 cambiando y evolucionando en los \u00faltimos a\u00f1os en favor de las mujeres.","twitter_misc":{"Written by":"Megan Flottorp","Est. reading time":"5"},"schema":{"@context":"https:\/\/schema.org","@graph":[{"@type":"WebPage","@id":"https:\/\/www.welovecycling.com\/es\/2024\/02\/14\/maternidad-ciclismo-profesional\/","url":"https:\/\/www.welovecycling.com\/es\/2024\/02\/14\/maternidad-ciclismo-profesional\/","name":"Maternidad y ciclismo profesional: Los cambios","isPartOf":{"@id":"https:\/\/www.welovecycling.com\/es\/#website"},"primaryImageOfPage":{"@id":"https:\/\/www.welovecycling.com\/es\/2024\/02\/14\/maternidad-ciclismo-profesional\/#primaryimage"},"image":{"@id":"https:\/\/www.welovecycling.com\/es\/2024\/02\/14\/maternidad-ciclismo-profesional\/#primaryimage"},"thumbnailUrl":"https:\/\/d2p6e6u75xmxt8.cloudfront.net\/6\/2024\/02\/Lizzie-Deignan-Daughter-profimedia-0664483996-CVR.webp","datePublished":"2024-02-14T10:37:22+00:00","author":{"@id":"https:\/\/www.welovecycling.com\/es\/#\/schema\/person\/deb61715b5812698ee79fb96f343ccd4"},"description":"Maternidad y ciclismo profesional. Una relaci\u00f3n que est\u00e1 cambiando y evolucionando en los \u00faltimos a\u00f1os en favor de las mujeres.","breadcrumb":{"@id":"https:\/\/www.welovecycling.com\/es\/2024\/02\/14\/maternidad-ciclismo-profesional\/#breadcrumb"},"inLanguage":"es-ES","potentialAction":[{"@type":"ReadAction","target":["https:\/\/www.welovecycling.com\/es\/2024\/02\/14\/maternidad-ciclismo-profesional\/"]}]},{"@type":"ImageObject","inLanguage":"es-ES","@id":"https:\/\/www.welovecycling.com\/es\/2024\/02\/14\/maternidad-ciclismo-profesional\/#primaryimage","url":"https:\/\/d2p6e6u75xmxt8.cloudfront.net\/6\/2024\/02\/Lizzie-Deignan-Daughter-profimedia-0664483996-CVR.webp","contentUrl":"https:\/\/d2p6e6u75xmxt8.cloudfront.net\/6\/2024\/02\/Lizzie-Deignan-Daughter-profimedia-0664483996-CVR.webp","width":990,"height":660,"caption":"Lizzie Deignan"},{"@type":"BreadcrumbList","@id":"https:\/\/www.welovecycling.com\/es\/2024\/02\/14\/maternidad-ciclismo-profesional\/#breadcrumb","itemListElement":[{"@type":"ListItem","position":1,"name":"Home","item":"https:\/\/www.welovecycling.com\/es\/"},{"@type":"ListItem","position":2,"name":"Maternidad y ciclismo profesional: Los cambios"}]},{"@type":"WebSite","@id":"https:\/\/www.welovecycling.com\/es\/#website","url":"https:\/\/www.welovecycling.com\/es\/","name":"\u0160koda We Love Cycling - Spain","description":"\u0160koda WeLoveCycling Spain","potentialAction":[{"@type":"SearchAction","target":{"@type":"EntryPoint","urlTemplate":"https:\/\/www.welovecycling.com\/es\/?s={search_term_string}"},"query-input":{"@type":"PropertyValueSpecification","valueRequired":true,"valueName":"search_term_string"}}],"inLanguage":"es-ES"},{"@type":"Person","@id":"https:\/\/www.welovecycling.com\/es\/#\/schema\/person\/deb61715b5812698ee79fb96f343ccd4","name":"We Love Cycling Spain","image":{"@type":"ImageObject","inLanguage":"es-ES","@id":"https:\/\/www.welovecycling.com\/es\/#\/schema\/person\/image\/","url":"https:\/\/secure.gravatar.com\/avatar\/c824b04e6df0e37a03219d0b6481672889df542894588964102459e46513159c?s=96&d=mm&r=g","contentUrl":"https:\/\/secure.gravatar.com\/avatar\/c824b04e6df0e37a03219d0b6481672889df542894588964102459e46513159c?s=96&d=mm&r=g","caption":"We Love Cycling Spain"},"url":"https:\/\/www.welovecycling.com\/es\/author\/amunoz\/"}]}},"_links":{"self":[{"href":"https:\/\/www.welovecycling.com\/es\/wp-json\/wp\/v2\/posts\/10589","targetHints":{"allow":["GET"]}}],"collection":[{"href":"https:\/\/www.welovecycling.com\/es\/wp-json\/wp\/v2\/posts"}],"about":[{"href":"https:\/\/www.welovecycling.com\/es\/wp-json\/wp\/v2\/types\/post"}],"author":[{"embeddable":true,"href":"https:\/\/www.welovecycling.com\/es\/wp-json\/wp\/v2\/users\/29"}],"replies":[{"embeddable":true,"href":"https:\/\/www.welovecycling.com\/es\/wp-json\/wp\/v2\/comments?post=10589"}],"version-history":[{"count":1,"href":"https:\/\/www.welovecycling.com\/es\/wp-json\/wp\/v2\/posts\/10589\/revisions"}],"predecessor-version":[{"id":10591,"href":"https:\/\/www.welovecycling.com\/es\/wp-json\/wp\/v2\/posts\/10589\/revisions\/10591"}],"wp:featuredmedia":[{"embeddable":true,"href":"https:\/\/www.welovecycling.com\/es\/wp-json\/wp\/v2\/media\/10590"}],"wp:attachment":[{"href":"https:\/\/www.welovecycling.com\/es\/wp-json\/wp\/v2\/media?parent=10589"}],"wp:term":[{"taxonomy":"category","embeddable":true,"href":"https:\/\/www.welovecycling.com\/es\/wp-json\/wp\/v2\/categories?post=10589"},{"taxonomy":"post_tag","embeddable":true,"href":"https:\/\/www.welovecycling.com\/es\/wp-json\/wp\/v2\/tags?post=10589"},{"taxonomy":"global-categories","embeddable":true,"href":"https:\/\/www.welovecycling.com\/es\/wp-json\/wp\/v2\/global-categories?post=10589"}],"curies":[{"name":"wp","href":"https:\/\/api.w.org\/{rel}","templated":true}]}}