{"id":10577,"date":"2024-02-12T13:45:00","date_gmt":"2024-02-12T11:45:00","guid":{"rendered":"https:\/\/www.welovecycling.com\/es\/?p=10577"},"modified":"2024-02-11T14:07:33","modified_gmt":"2024-02-11T12:07:33","slug":"entrenando-con-un-equipo-profesional","status":"publish","type":"post","link":"https:\/\/www.welovecycling.com\/es\/2024\/02\/12\/entrenando-con-un-equipo-profesional\/","title":{"rendered":"Tres dias entrenando con un equipo profesional"},"content":{"rendered":"<p style=\"font-weight: 400;\"><strong>\u00bfQu\u00e9 aficionado al ciclismo no sue\u00f1a con rodar con los profesionales en la misma bicicleta de \u00faltima generaci\u00f3n que ellos utilizan, aunque s\u00f3lo sea por un d\u00eda o dos? Pues bien, gracias a We Love Cycling, \u0160koda y el equipo Polti Kometa (era diciembre y todav\u00eda se llamaba Eolo Kometa) de Alberto Contador, Erik Aibast tuvo la oportunidad de hacer realidad ese sue\u00f1o. Este estonio de 50 a\u00f1os de Keila (Estonia) fue uno de los dos ganadores, entre casi 53.000 participantes, del Strava Challenge organizado por We Love Cycling y pas\u00f3 tres d\u00edas pedaleando y entrenando con el equipo en Valencia (Espa\u00f1a).<\/strong><\/p>\n<p><!--more--><\/p>\n<p>&#8220;Nos sentimos muy bien acogidos desde el primer momento, y enseguida nos sentimos parte del equipo&#8221;, declar\u00f3 Erik por correo electr\u00f3nico. Dijo que los tres d\u00edas que pas\u00f3 en el campamento del equipo fueron m\u00e1s o menos similares, comenzando con la llamada de atenci\u00f3n a las 8 de la ma\u00f1ana y luego el desayuno, con el entrenamiento con el equipo comenzando entre las 10:30 y las 11. &#8220;Un entrenamiento normal del equipo dura entre 3 y 5 horas&#8221;, explica. &#8220;Tuvimos paseos un poco m\u00e1s cortos. Pudimos estar con los profesionales durante la primera hora. Despu\u00e9s, volvimos al hotel por nuestra cuenta&#8221;.<\/p>\n<p>Dijo que sin duda le ayud\u00f3 que le dieran un kit de ropa de equipo y una bicicleta <a href=\"https:\/\/aurumbikes.com\/magma\/\">Aurum Magma<\/a> para entrenar. &#8220;La bicicleta era estupenda desde el primer pedaleo: ligera, r\u00edgida, pero lo suficientemente c\u00f3moda como para poder pedalear durante horas. Puede que los mec\u00e1nicos del equipo me tuvieran tan en cuenta que el ajuste de la bici era estupendo incluso antes de que me subiera al sill\u00edn.&#8221;<\/p>\n<figure id=\"attachment_10578\" aria-describedby=\"caption-attachment-10578\" style=\"width: 990px\" class=\"wp-caption alignnone\"><a href=\"https:\/\/d2p6e6u75xmxt8.cloudfront.net\/6\/2024\/02\/Eolo-Aibast-Contador-.webp\"><img loading=\"lazy\" decoding=\"async\" class=\"size-full wp-image-10578\" src=\"https:\/\/d2p6e6u75xmxt8.cloudfront.net\/6\/2024\/02\/Eolo-Aibast-Contador-.webp\" alt=\"Erik Aibast\" width=\"990\" height=\"660\" srcset=\"https:\/\/d2p6e6u75xmxt8.cloudfront.net\/6\/2024\/02\/Eolo-Aibast-Contador-.webp 990w, https:\/\/d2p6e6u75xmxt8.cloudfront.net\/6\/2024\/02\/Eolo-Aibast-Contador--300x200.webp 300w, https:\/\/d2p6e6u75xmxt8.cloudfront.net\/6\/2024\/02\/Eolo-Aibast-Contador--768x512.webp 768w, https:\/\/d2p6e6u75xmxt8.cloudfront.net\/6\/2024\/02\/Eolo-Aibast-Contador--400x267.webp 400w, https:\/\/d2p6e6u75xmxt8.cloudfront.net\/6\/2024\/02\/Eolo-Aibast-Contador--272x182.webp 272w\" sizes=\"auto, (max-width: 990px) 100vw, 990px\" \/><\/a><figcaption id=\"caption-attachment-10578\" class=\"wp-caption-text\">Erik Aibast (R) con Alberto Contador<\/figcaption><\/figure>\n<div id='gallery-1' class='gallery galleryid-10577 gallery-columns-2 gallery-size-large'><figure class='gallery-item'>\n\t\t\t<div class='gallery-icon landscape'>\n\t\t\t\t<a href='https:\/\/d2p6e6u75xmxt8.cloudfront.net\/6\/2024\/02\/Eolo-Aibast-3.webp'><img loading=\"lazy\" decoding=\"async\" width=\"990\" height=\"660\" src=\"https:\/\/d2p6e6u75xmxt8.cloudfront.net\/6\/2024\/02\/Eolo-Aibast-3.webp\" class=\"attachment-large size-large\" alt=\"\" srcset=\"https:\/\/d2p6e6u75xmxt8.cloudfront.net\/6\/2024\/02\/Eolo-Aibast-3.webp 990w, https:\/\/d2p6e6u75xmxt8.cloudfront.net\/6\/2024\/02\/Eolo-Aibast-3-300x200.webp 300w, https:\/\/d2p6e6u75xmxt8.cloudfront.net\/6\/2024\/02\/Eolo-Aibast-3-768x512.webp 768w, https:\/\/d2p6e6u75xmxt8.cloudfront.net\/6\/2024\/02\/Eolo-Aibast-3-400x267.webp 400w, https:\/\/d2p6e6u75xmxt8.cloudfront.net\/6\/2024\/02\/Eolo-Aibast-3-272x182.webp 272w\" sizes=\"auto, (max-width: 990px) 100vw, 990px\" \/><\/a>\n\t\t\t<\/div><\/figure><figure class='gallery-item'>\n\t\t\t<div class='gallery-icon landscape'>\n\t\t\t\t<a href='https:\/\/d2p6e6u75xmxt8.cloudfront.net\/6\/2024\/02\/Eolo-Aibast-2.webp'><img loading=\"lazy\" decoding=\"async\" width=\"990\" height=\"660\" src=\"https:\/\/d2p6e6u75xmxt8.cloudfront.net\/6\/2024\/02\/Eolo-Aibast-2.webp\" class=\"attachment-large size-large\" alt=\"Team Eolo Training\" srcset=\"https:\/\/d2p6e6u75xmxt8.cloudfront.net\/6\/2024\/02\/Eolo-Aibast-2.webp 990w, https:\/\/d2p6e6u75xmxt8.cloudfront.net\/6\/2024\/02\/Eolo-Aibast-2-300x200.webp 300w, https:\/\/d2p6e6u75xmxt8.cloudfront.net\/6\/2024\/02\/Eolo-Aibast-2-768x512.webp 768w, https:\/\/d2p6e6u75xmxt8.cloudfront.net\/6\/2024\/02\/Eolo-Aibast-2-400x267.webp 400w, https:\/\/d2p6e6u75xmxt8.cloudfront.net\/6\/2024\/02\/Eolo-Aibast-2-272x182.webp 272w\" sizes=\"auto, (max-width: 990px) 100vw, 990px\" \/><\/a>\n\t\t\t<\/div><\/figure>\n\t\t<\/div>\n\n<p>A continuaci\u00f3n hubo un almuerzo r\u00e1pido y tiempo libre en el que Erik tuvo la oportunidad de conocer a los oficiales del equipo, los mec\u00e1nicos, los directores deportivos y los entrenadores. &#8220;Tambi\u00e9n visitamos los coches del equipo y el autob\u00fas y probamos su caf\u00e9 especial y sus aperitivos. La cena fue a las 8 de la tarde y entonces todo el equipo estuvo junto&#8221;. Dijo que la comida en el hotel, preparada por los nutricionistas del equipo y los cocineros del hotel, &#8220;era bastante sencilla pero estaba bien preparada y sab\u00eda bien. Cada comida ten\u00eda una gran variedad de alimentos. Pero quiz\u00e1 el caf\u00e9 era mejor en el autob\u00fas del equipo&#8221;, a\u00f1adi\u00f3 Erik, con un emoji de cara sonriente.<\/p>\n<p>Cuando se le pidi\u00f3 que describiera lo mejor de su experiencia en Espa\u00f1a, Erik dijo que todo hab\u00eda sido genial. &#8220;La oportunidad de vivir un d\u00eda (en realidad tres) como un ciclista profesional, comer, dormir y entrenar en el mejor entorno posible fue lo mejor. Tambi\u00e9n conocer a algunas de las mejores personas del mundo del ciclismo: los propietarios de los equipos y los ganadores de Grandes Vueltas Alberto Contador e Ivan Basso, los mec\u00e1nicos y los entrenadores. Incluso al presidente del patrocinador principal. Siempre es estupendo y muy instructivo conocer a gente de alto nivel de diferentes campos&#8221;.<\/p>\n<p>Erik dice que le sorprendi\u00f3 lo bien organizadas y a la vez relajadas que estaban todas las sesiones de entrenamiento. &#8220;Incluso las salidas f\u00e1ciles se hacen en grupo y tienen un plan concreto&#8221;, dijo. &#8220;Incluso a nivel profesional, el ambiente en los entrenamientos y a su alrededor es bastante relajado y fresco. A todo el mundo le gusta lo que hace&#8221;.<\/p>\n<p>Practica el ciclismo desde hace unos 20 a\u00f1os y se pas\u00f3 a este deporte &#8220;para encontrar algo m\u00e1s de motivaci\u00f3n para hacer deporte aparte de correr. El ciclismo es una actividad muy social; las salidas en grupo son muy divertidas&#8221;. Dice que ha participado cinco veces en <a href=\"https:\/\/www.welovecycling.com\/wide\/2024\/01\/05\/preparing-for-letape-starts-now-how-to-train\/\">L&#8217;\u00c9tape du Tour de France<\/a>, una prueba ciclista organizada que permite a los ciclistas aficionados correr por el mismo recorrido que una etapa del Tour de Francia. Durante esas pruebas, escal\u00f3 el Alpe d&#8217;Huez, el Col du Galibier, el Col d&#8217;Izoard, el Col de la Croix de Fer y otras subidas emblem\u00e1ticas. Pero no fue f\u00e1cil. &#8220;Viniendo de un pa\u00eds llano como Estonia, esas subidas hacen que la ruta sea demasiado dura para m\u00ed y, especialmente con el calor del verano, fue un festival de sufrimiento. Preferir\u00eda unos bonitos Gran Fondos en subidas m\u00e1s bajas como en Italia o Chequia&#8221;.<\/p>\n<p>A la pregunta de qui\u00e9n era su ciclista favorito, Erik respondi\u00f3: &#8220;Es muy dif\u00edcil [nombrar] a un ciclista en particular, ya que hay tantos grandes atletas en el mundo del ciclismo. Me gustan actuaciones concretas, como la \u00faltima que recuerdo: Mathieu van der Poel en los Mundiales de carretera de 2023, Matej Mohoric en la Mil\u00e1n-SanRemo 2022, Tom Pidcock en su victoria de etapa del TdF en el Alpe d&#8217;Huez en 2022, Sonny Colbrelli en la Par\u00eds-Roubaix de 2022&#8221;.<\/p>\n","protected":false},"excerpt":{"rendered":"<p>\u00bfQu\u00e9 aficionado al ciclismo no sue\u00f1a con rodar con los profesionales en la misma bicicleta de \u00faltima generaci\u00f3n que ellos [&hellip;]<\/p>\n","protected":false},"author":29,"featured_media":10580,"comment_status":"open","ping_status":"open","sticky":false,"template":"","format":"standard","meta":{"footnotes":""},"categories":[7],"tags":[],"global-categories":[],"class_list":["post-10577","post","type-post","status-publish","format-standard","has-post-thumbnail","hentry","category-carretera"],"yoast_head":"<!-- This site is optimized with the Yoast SEO Premium plugin v25.3 (Yoast SEO v25.9) - https:\/\/yoast.com\/wordpress\/plugins\/seo\/ -->\n<title>Tres dias entrenando con un equipo profesional - \u0160koda We Love Cycling - Spain<\/title>\n<meta name=\"description\" content=\"Tres d\u00edas entrenando con un equipo profesional.\" \/>\n<meta name=\"robots\" content=\"index, follow, max-snippet:-1, max-image-preview:large, max-video-preview:-1\" \/>\n<link rel=\"canonical\" href=\"https:\/\/www.welovecycling.com\/es\/2024\/02\/12\/entrenando-con-un-equipo-profesional\/\" \/>\n<meta property=\"og:locale\" content=\"es_ES\" \/>\n<meta property=\"og:type\" content=\"article\" \/>\n<meta property=\"og:title\" content=\"Tres dias entrenando con un equipo profesional\" \/>\n<meta property=\"og:description\" content=\"Tres d\u00edas entrenando con un equipo profesional.\" \/>\n<meta property=\"og:url\" content=\"https:\/\/www.welovecycling.com\/es\/2024\/02\/12\/entrenando-con-un-equipo-profesional\/\" \/>\n<meta property=\"og:site_name\" content=\"\u0160koda We Love Cycling - Spain\" \/>\n<meta property=\"article:published_time\" content=\"2024-02-12T11:45:00+00:00\" \/>\n<meta property=\"og:image\" content=\"https:\/\/d2p6e6u75xmxt8.cloudfront.net\/6\/2024\/02\/Eolo-Aibast-CVR.webp\" \/>\n\t<meta property=\"og:image:width\" content=\"990\" \/>\n\t<meta property=\"og:image:height\" content=\"660\" \/>\n\t<meta property=\"og:image:type\" content=\"image\/webp\" \/>\n<meta name=\"author\" content=\"We Love Cycling Spain\" \/>\n<meta name=\"twitter:card\" content=\"summary_large_image\" \/>\n<meta name=\"twitter:description\" content=\"Tres d\u00edas entrenando con un equipo profesional.\" \/>\n<meta name=\"twitter:label1\" content=\"Written by\" \/>\n\t<meta name=\"twitter:data1\" content=\"Siegfried Mortkowitz\" \/>\n\t<meta name=\"twitter:label2\" content=\"Est. reading time\" \/>\n\t<meta name=\"twitter:data2\" content=\"4\" \/>\n<script type=\"application\/ld+json\" class=\"yoast-schema-graph\">{\"@context\":\"https:\/\/schema.org\",\"@graph\":[{\"@type\":\"WebPage\",\"@id\":\"https:\/\/www.welovecycling.com\/es\/2024\/02\/12\/entrenando-con-un-equipo-profesional\/\",\"url\":\"https:\/\/www.welovecycling.com\/es\/2024\/02\/12\/entrenando-con-un-equipo-profesional\/\",\"name\":\"Tres dias entrenando con un equipo profesional - \u0160koda We Love Cycling - Spain\",\"isPartOf\":{\"@id\":\"https:\/\/www.welovecycling.com\/es\/#website\"},\"primaryImageOfPage\":{\"@id\":\"https:\/\/www.welovecycling.com\/es\/2024\/02\/12\/entrenando-con-un-equipo-profesional\/#primaryimage\"},\"image\":{\"@id\":\"https:\/\/www.welovecycling.com\/es\/2024\/02\/12\/entrenando-con-un-equipo-profesional\/#primaryimage\"},\"thumbnailUrl\":\"https:\/\/d2p6e6u75xmxt8.cloudfront.net\/6\/2024\/02\/Eolo-Aibast-CVR.webp\",\"datePublished\":\"2024-02-12T11:45:00+00:00\",\"author\":{\"@id\":\"https:\/\/www.welovecycling.com\/es\/#\/schema\/person\/deb61715b5812698ee79fb96f343ccd4\"},\"description\":\"Tres d\u00edas entrenando con un equipo profesional.\",\"breadcrumb\":{\"@id\":\"https:\/\/www.welovecycling.com\/es\/2024\/02\/12\/entrenando-con-un-equipo-profesional\/#breadcrumb\"},\"inLanguage\":\"es-ES\",\"potentialAction\":[{\"@type\":\"ReadAction\",\"target\":[\"https:\/\/www.welovecycling.com\/es\/2024\/02\/12\/entrenando-con-un-equipo-profesional\/\"]}]},{\"@type\":\"ImageObject\",\"inLanguage\":\"es-ES\",\"@id\":\"https:\/\/www.welovecycling.com\/es\/2024\/02\/12\/entrenando-con-un-equipo-profesional\/#primaryimage\",\"url\":\"https:\/\/d2p6e6u75xmxt8.cloudfront.net\/6\/2024\/02\/Eolo-Aibast-CVR.webp\",\"contentUrl\":\"https:\/\/d2p6e6u75xmxt8.cloudfront.net\/6\/2024\/02\/Eolo-Aibast-CVR.webp\",\"width\":990,\"height\":660,\"caption\":\"Eolo Kometa Training\"},{\"@type\":\"BreadcrumbList\",\"@id\":\"https:\/\/www.welovecycling.com\/es\/2024\/02\/12\/entrenando-con-un-equipo-profesional\/#breadcrumb\",\"itemListElement\":[{\"@type\":\"ListItem\",\"position\":1,\"name\":\"Home\",\"item\":\"https:\/\/www.welovecycling.com\/es\/\"},{\"@type\":\"ListItem\",\"position\":2,\"name\":\"Tres dias entrenando con un equipo profesional\"}]},{\"@type\":\"WebSite\",\"@id\":\"https:\/\/www.welovecycling.com\/es\/#website\",\"url\":\"https:\/\/www.welovecycling.com\/es\/\",\"name\":\"\u0160koda We Love Cycling - Spain\",\"description\":\"\u0160koda WeLoveCycling Spain\",\"potentialAction\":[{\"@type\":\"SearchAction\",\"target\":{\"@type\":\"EntryPoint\",\"urlTemplate\":\"https:\/\/www.welovecycling.com\/es\/?s={search_term_string}\"},\"query-input\":{\"@type\":\"PropertyValueSpecification\",\"valueRequired\":true,\"valueName\":\"search_term_string\"}}],\"inLanguage\":\"es-ES\"},{\"@type\":\"Person\",\"@id\":\"https:\/\/www.welovecycling.com\/es\/#\/schema\/person\/deb61715b5812698ee79fb96f343ccd4\",\"name\":\"We Love Cycling Spain\",\"image\":{\"@type\":\"ImageObject\",\"inLanguage\":\"es-ES\",\"@id\":\"https:\/\/www.welovecycling.com\/es\/#\/schema\/person\/image\/\",\"url\":\"https:\/\/secure.gravatar.com\/avatar\/c824b04e6df0e37a03219d0b6481672889df542894588964102459e46513159c?s=96&d=mm&r=g\",\"contentUrl\":\"https:\/\/secure.gravatar.com\/avatar\/c824b04e6df0e37a03219d0b6481672889df542894588964102459e46513159c?s=96&d=mm&r=g\",\"caption\":\"We Love Cycling Spain\"},\"url\":\"https:\/\/www.welovecycling.com\/es\/author\/amunoz\/\"}]}<\/script>\n<!-- \/ Yoast SEO Premium plugin. -->","yoast_head_json":{"title":"Tres dias entrenando con un equipo profesional - \u0160koda We Love Cycling - Spain","description":"Tres d\u00edas entrenando con un equipo profesional.","robots":{"index":"index","follow":"follow","max-snippet":"max-snippet:-1","max-image-preview":"max-image-preview:large","max-video-preview":"max-video-preview:-1"},"canonical":"https:\/\/www.welovecycling.com\/es\/2024\/02\/12\/entrenando-con-un-equipo-profesional\/","og_locale":"es_ES","og_type":"article","og_title":"Tres dias entrenando con un equipo profesional","og_description":"Tres d\u00edas entrenando con un equipo profesional.","og_url":"https:\/\/www.welovecycling.com\/es\/2024\/02\/12\/entrenando-con-un-equipo-profesional\/","og_site_name":"\u0160koda We Love Cycling - Spain","article_published_time":"2024-02-12T11:45:00+00:00","og_image":[{"width":990,"height":660,"url":"https:\/\/d2p6e6u75xmxt8.cloudfront.net\/6\/2024\/02\/Eolo-Aibast-CVR.webp","type":"image\/webp"}],"author":"We Love Cycling Spain","twitter_card":"summary_large_image","twitter_description":"Tres d\u00edas entrenando con un equipo profesional.","twitter_misc":{"Written by":"Siegfried Mortkowitz","Est. reading time":"4"},"schema":{"@context":"https:\/\/schema.org","@graph":[{"@type":"WebPage","@id":"https:\/\/www.welovecycling.com\/es\/2024\/02\/12\/entrenando-con-un-equipo-profesional\/","url":"https:\/\/www.welovecycling.com\/es\/2024\/02\/12\/entrenando-con-un-equipo-profesional\/","name":"Tres dias entrenando con un equipo profesional - \u0160koda We Love Cycling - Spain","isPartOf":{"@id":"https:\/\/www.welovecycling.com\/es\/#website"},"primaryImageOfPage":{"@id":"https:\/\/www.welovecycling.com\/es\/2024\/02\/12\/entrenando-con-un-equipo-profesional\/#primaryimage"},"image":{"@id":"https:\/\/www.welovecycling.com\/es\/2024\/02\/12\/entrenando-con-un-equipo-profesional\/#primaryimage"},"thumbnailUrl":"https:\/\/d2p6e6u75xmxt8.cloudfront.net\/6\/2024\/02\/Eolo-Aibast-CVR.webp","datePublished":"2024-02-12T11:45:00+00:00","author":{"@id":"https:\/\/www.welovecycling.com\/es\/#\/schema\/person\/deb61715b5812698ee79fb96f343ccd4"},"description":"Tres d\u00edas entrenando con un equipo profesional.","breadcrumb":{"@id":"https:\/\/www.welovecycling.com\/es\/2024\/02\/12\/entrenando-con-un-equipo-profesional\/#breadcrumb"},"inLanguage":"es-ES","potentialAction":[{"@type":"ReadAction","target":["https:\/\/www.welovecycling.com\/es\/2024\/02\/12\/entrenando-con-un-equipo-profesional\/"]}]},{"@type":"ImageObject","inLanguage":"es-ES","@id":"https:\/\/www.welovecycling.com\/es\/2024\/02\/12\/entrenando-con-un-equipo-profesional\/#primaryimage","url":"https:\/\/d2p6e6u75xmxt8.cloudfront.net\/6\/2024\/02\/Eolo-Aibast-CVR.webp","contentUrl":"https:\/\/d2p6e6u75xmxt8.cloudfront.net\/6\/2024\/02\/Eolo-Aibast-CVR.webp","width":990,"height":660,"caption":"Eolo Kometa Training"},{"@type":"BreadcrumbList","@id":"https:\/\/www.welovecycling.com\/es\/2024\/02\/12\/entrenando-con-un-equipo-profesional\/#breadcrumb","itemListElement":[{"@type":"ListItem","position":1,"name":"Home","item":"https:\/\/www.welovecycling.com\/es\/"},{"@type":"ListItem","position":2,"name":"Tres dias entrenando con un equipo profesional"}]},{"@type":"WebSite","@id":"https:\/\/www.welovecycling.com\/es\/#website","url":"https:\/\/www.welovecycling.com\/es\/","name":"\u0160koda We Love Cycling - Spain","description":"\u0160koda WeLoveCycling Spain","potentialAction":[{"@type":"SearchAction","target":{"@type":"EntryPoint","urlTemplate":"https:\/\/www.welovecycling.com\/es\/?s={search_term_string}"},"query-input":{"@type":"PropertyValueSpecification","valueRequired":true,"valueName":"search_term_string"}}],"inLanguage":"es-ES"},{"@type":"Person","@id":"https:\/\/www.welovecycling.com\/es\/#\/schema\/person\/deb61715b5812698ee79fb96f343ccd4","name":"We Love Cycling Spain","image":{"@type":"ImageObject","inLanguage":"es-ES","@id":"https:\/\/www.welovecycling.com\/es\/#\/schema\/person\/image\/","url":"https:\/\/secure.gravatar.com\/avatar\/c824b04e6df0e37a03219d0b6481672889df542894588964102459e46513159c?s=96&d=mm&r=g","contentUrl":"https:\/\/secure.gravatar.com\/avatar\/c824b04e6df0e37a03219d0b6481672889df542894588964102459e46513159c?s=96&d=mm&r=g","caption":"We Love Cycling Spain"},"url":"https:\/\/www.welovecycling.com\/es\/author\/amunoz\/"}]}},"_links":{"self":[{"href":"https:\/\/www.welovecycling.com\/es\/wp-json\/wp\/v2\/posts\/10577","targetHints":{"allow":["GET"]}}],"collection":[{"href":"https:\/\/www.welovecycling.com\/es\/wp-json\/wp\/v2\/posts"}],"about":[{"href":"https:\/\/www.welovecycling.com\/es\/wp-json\/wp\/v2\/types\/post"}],"author":[{"embeddable":true,"href":"https:\/\/www.welovecycling.com\/es\/wp-json\/wp\/v2\/users\/29"}],"replies":[{"embeddable":true,"href":"https:\/\/www.welovecycling.com\/es\/wp-json\/wp\/v2\/comments?post=10577"}],"version-history":[{"count":2,"href":"https:\/\/www.welovecycling.com\/es\/wp-json\/wp\/v2\/posts\/10577\/revisions"}],"predecessor-version":[{"id":10582,"href":"https:\/\/www.welovecycling.com\/es\/wp-json\/wp\/v2\/posts\/10577\/revisions\/10582"}],"wp:featuredmedia":[{"embeddable":true,"href":"https:\/\/www.welovecycling.com\/es\/wp-json\/wp\/v2\/media\/10580"}],"wp:attachment":[{"href":"https:\/\/www.welovecycling.com\/es\/wp-json\/wp\/v2\/media?parent=10577"}],"wp:term":[{"taxonomy":"category","embeddable":true,"href":"https:\/\/www.welovecycling.com\/es\/wp-json\/wp\/v2\/categories?post=10577"},{"taxonomy":"post_tag","embeddable":true,"href":"https:\/\/www.welovecycling.com\/es\/wp-json\/wp\/v2\/tags?post=10577"},{"taxonomy":"global-categories","embeddable":true,"href":"https:\/\/www.welovecycling.com\/es\/wp-json\/wp\/v2\/global-categories?post=10577"}],"curies":[{"name":"wp","href":"https:\/\/api.w.org\/{rel}","templated":true}]}}