{"id":10573,"date":"2024-02-11T13:39:39","date_gmt":"2024-02-11T11:39:39","guid":{"rendered":"https:\/\/www.welovecycling.com\/es\/?p=10573"},"modified":"2024-02-11T13:39:39","modified_gmt":"2024-02-11T11:39:39","slug":"documental-copa-mundo-mtb","status":"publish","type":"post","link":"https:\/\/www.welovecycling.com\/es\/2024\/02\/11\/documental-copa-mundo-mtb\/","title":{"rendered":"El documental de la Copa del Mundo de MTB del Orbea Racing Team"},"content":{"rendered":"<p style=\"font-weight: 400;\"><strong>El <a href=\"https:\/\/www.welovecycling.com\/wide\/2023\/10\/10\/orbea-factory-team-how-to-craft-a-team-for-the-new-age-xc-racing\/\">Orbea Factory Team<\/a> ha aparecido en el panorama del cross-country y del MTB hace muy poco tiempo y, desde entonces, ha estado luchando valientemente por su lugar en el candelero con un equipo de j\u00f3venes promesas. Hace apenas un par de d\u00edas, estrenaron un cautivador documental titulado Green Means Go que se sumerge de lleno en el coraz\u00f3n de lo que significa ser un equipo que lucha por ganarse sus espuelas a lo largo de la temporada de la Copa del Mundo.<br \/>\n<\/strong><\/p>\n<p style=\"font-weight: 400;\"><!--more--><\/p>\n<p>El documental, \u00edntimo y h\u00e1bilmente rodado, con una duraci\u00f3n de poco m\u00e1s de una hora, capta a la perfecci\u00f3n las horas de trabajo, todos los peque\u00f1os fragmentos y los momentos humanos que la mayor\u00eda de nosotros conocemos en su culminaci\u00f3n: la emocionante cobertura televisiva de las carreras y las celebraciones de los ganadores en el podio. En el documental podr\u00e1s vivir a trav\u00e9s de los cuatro miembros del equipo, David Campos, Pierre de Froidmont, Anne Tauber y Luca Martin, y experimentar sus triunfos, alegr\u00edas, derrotas, agotamiento, decepciones y el funcionamiento interno de un equipo de XC con la misi\u00f3n de sobresalir.<\/p>\n<p>Adem\u00e1s de los ciclistas, conocer\u00e1s al personal que mantiene en funcionamiento a todo el Orbea Factory Team, como Pierre Lebreton, Fran\u00e7ois-Xavier Durand, Andr\u00e9s Garc\u00eda o Andrej Vrcon. En el entorno m\u00e1s competitivo del mundo del MTB y el cross-country no hay mucho espacio para los errores, por lo que los profesionales que gu\u00edan el camino y se ocupan de la &#8220;aburrida&#8221; log\u00edstica y los planes de entrenamiento son pr\u00e1cticamente esenciales.<\/p>\n<p>&nbsp;<\/p>\n<p>Como Orbea es tambi\u00e9n un fabricante de bicicletas que suministra a todo el equipo, las implacables y crudas condiciones del MTB y el XC son el campo de pruebas perfecto para sus nuevas bicicletas, como las Orbea Alma y Oiz que estrenaron este a\u00f1o. Y, seg\u00fan el equipo en el documental, \u00a1cumplieron! En cuanto a sus exuberantes maillots de carreras verdes y el resto de la ropa de ciclismo, colaboran con HIRU, una marca que crea &#8220;prendas de alto rendimiento para ciclistas apasionados&#8221;.<\/p>\n<p>S\u00e9 nuestro invitado y regala una hora de tu tiempo a <a href=\"https:\/\/www.youtube.com\/watch?v=uOXWUOIPryQ\">Green Means Go<\/a> y conoce el XC y el MTB m\u00e1s de cerca que nunca, conoce al ser humano que hay detr\u00e1s de cada miembro del equipo y conv\u00e9ncete de que, a pesar de las apariencias, el XC no es un deporte individualista, sino el esfuerzo conjunto de un grupo de personas apasionadas.<\/p>\n","protected":false},"excerpt":{"rendered":"<p>El Orbea Factory Team ha aparecido en el panorama del cross-country y del MTB hace muy poco tiempo y, desde [&hellip;]<\/p>\n","protected":false},"author":29,"featured_media":10575,"comment_status":"open","ping_status":"open","sticky":false,"template":"","format":"standard","meta":{"footnotes":""},"categories":[9],"tags":[],"global-categories":[],"class_list":["post-10573","post","type-post","status-publish","format-standard","has-post-thumbnail","hentry","category-mtb-aventura"],"yoast_head":"<!-- This site is optimized with the Yoast SEO Premium plugin v25.3 (Yoast SEO v25.9) - https:\/\/yoast.com\/wordpress\/plugins\/seo\/ -->\n<title>Documental de la Copa del Mundo de MTB del Orbea Racing Team<\/title>\n<meta name=\"description\" content=\"El documental de la Copa del Mundo de MTB del Orbea Racing Team. Asi lo vivieron desde dentro los corredores del equipo.\" \/>\n<meta name=\"robots\" content=\"index, follow, max-snippet:-1, max-image-preview:large, max-video-preview:-1\" \/>\n<link rel=\"canonical\" href=\"https:\/\/www.welovecycling.com\/es\/2024\/02\/11\/documental-copa-mundo-mtb\/\" \/>\n<meta property=\"og:locale\" content=\"es_ES\" \/>\n<meta property=\"og:type\" content=\"article\" \/>\n<meta property=\"og:title\" content=\"El documental de la Copa del Mundo de MTB del Orbea Racing Team\" \/>\n<meta property=\"og:description\" content=\"El documental de la Copa del Mundo de MTB del Orbea Racing Team. Asi lo vivieron desde dentro los corredores del equipo.\" \/>\n<meta property=\"og:url\" content=\"https:\/\/www.welovecycling.com\/es\/2024\/02\/11\/documental-copa-mundo-mtb\/\" \/>\n<meta property=\"og:site_name\" content=\"\u0160koda We Love Cycling - Spain\" \/>\n<meta property=\"article:published_time\" content=\"2024-02-11T11:39:39+00:00\" \/>\n<meta property=\"og:image\" content=\"https:\/\/d2p6e6u75xmxt8.cloudfront.net\/6\/2024\/02\/Orbea_Factory-Documentary-CVR.webp\" \/>\n\t<meta property=\"og:image:width\" content=\"990\" \/>\n\t<meta property=\"og:image:height\" content=\"660\" \/>\n\t<meta property=\"og:image:type\" content=\"image\/webp\" \/>\n<meta name=\"author\" content=\"We Love Cycling Spain\" \/>\n<meta name=\"twitter:card\" content=\"summary_large_image\" \/>\n<meta name=\"twitter:description\" content=\"El documental de la Copa del Mundo de MTB del Orbea Racing Team. Asi lo vivieron desde dentro los corredores del equipo.\" \/>\n<meta name=\"twitter:label1\" content=\"Written by\" \/>\n\t<meta name=\"twitter:data1\" content=\"Frantiska Blazkova\" \/>\n\t<meta name=\"twitter:label2\" content=\"Est. reading time\" \/>\n\t<meta name=\"twitter:data2\" content=\"3\" \/>\n<script type=\"application\/ld+json\" class=\"yoast-schema-graph\">{\"@context\":\"https:\/\/schema.org\",\"@graph\":[{\"@type\":\"WebPage\",\"@id\":\"https:\/\/www.welovecycling.com\/es\/2024\/02\/11\/documental-copa-mundo-mtb\/\",\"url\":\"https:\/\/www.welovecycling.com\/es\/2024\/02\/11\/documental-copa-mundo-mtb\/\",\"name\":\"Documental de la Copa del Mundo de MTB del Orbea Racing Team\",\"isPartOf\":{\"@id\":\"https:\/\/www.welovecycling.com\/es\/#website\"},\"primaryImageOfPage\":{\"@id\":\"https:\/\/www.welovecycling.com\/es\/2024\/02\/11\/documental-copa-mundo-mtb\/#primaryimage\"},\"image\":{\"@id\":\"https:\/\/www.welovecycling.com\/es\/2024\/02\/11\/documental-copa-mundo-mtb\/#primaryimage\"},\"thumbnailUrl\":\"https:\/\/d2p6e6u75xmxt8.cloudfront.net\/6\/2024\/02\/Orbea_Factory-Documentary-CVR.webp\",\"datePublished\":\"2024-02-11T11:39:39+00:00\",\"author\":{\"@id\":\"https:\/\/www.welovecycling.com\/es\/#\/schema\/person\/deb61715b5812698ee79fb96f343ccd4\"},\"description\":\"El documental de la Copa del Mundo de MTB del Orbea Racing Team. Asi lo vivieron desde dentro los corredores del equipo.\",\"breadcrumb\":{\"@id\":\"https:\/\/www.welovecycling.com\/es\/2024\/02\/11\/documental-copa-mundo-mtb\/#breadcrumb\"},\"inLanguage\":\"es-ES\",\"potentialAction\":[{\"@type\":\"ReadAction\",\"target\":[\"https:\/\/www.welovecycling.com\/es\/2024\/02\/11\/documental-copa-mundo-mtb\/\"]}]},{\"@type\":\"ImageObject\",\"inLanguage\":\"es-ES\",\"@id\":\"https:\/\/www.welovecycling.com\/es\/2024\/02\/11\/documental-copa-mundo-mtb\/#primaryimage\",\"url\":\"https:\/\/d2p6e6u75xmxt8.cloudfront.net\/6\/2024\/02\/Orbea_Factory-Documentary-CVR.webp\",\"contentUrl\":\"https:\/\/d2p6e6u75xmxt8.cloudfront.net\/6\/2024\/02\/Orbea_Factory-Documentary-CVR.webp\",\"width\":990,\"height\":660,\"caption\":\"Orbea Factory Team\"},{\"@type\":\"BreadcrumbList\",\"@id\":\"https:\/\/www.welovecycling.com\/es\/2024\/02\/11\/documental-copa-mundo-mtb\/#breadcrumb\",\"itemListElement\":[{\"@type\":\"ListItem\",\"position\":1,\"name\":\"Home\",\"item\":\"https:\/\/www.welovecycling.com\/es\/\"},{\"@type\":\"ListItem\",\"position\":2,\"name\":\"El documental de la Copa del Mundo de MTB del Orbea Racing Team\"}]},{\"@type\":\"WebSite\",\"@id\":\"https:\/\/www.welovecycling.com\/es\/#website\",\"url\":\"https:\/\/www.welovecycling.com\/es\/\",\"name\":\"\u0160koda We Love Cycling - Spain\",\"description\":\"\u0160koda WeLoveCycling Spain\",\"potentialAction\":[{\"@type\":\"SearchAction\",\"target\":{\"@type\":\"EntryPoint\",\"urlTemplate\":\"https:\/\/www.welovecycling.com\/es\/?s={search_term_string}\"},\"query-input\":{\"@type\":\"PropertyValueSpecification\",\"valueRequired\":true,\"valueName\":\"search_term_string\"}}],\"inLanguage\":\"es-ES\"},{\"@type\":\"Person\",\"@id\":\"https:\/\/www.welovecycling.com\/es\/#\/schema\/person\/deb61715b5812698ee79fb96f343ccd4\",\"name\":\"We Love Cycling Spain\",\"image\":{\"@type\":\"ImageObject\",\"inLanguage\":\"es-ES\",\"@id\":\"https:\/\/www.welovecycling.com\/es\/#\/schema\/person\/image\/\",\"url\":\"https:\/\/secure.gravatar.com\/avatar\/c824b04e6df0e37a03219d0b6481672889df542894588964102459e46513159c?s=96&d=mm&r=g\",\"contentUrl\":\"https:\/\/secure.gravatar.com\/avatar\/c824b04e6df0e37a03219d0b6481672889df542894588964102459e46513159c?s=96&d=mm&r=g\",\"caption\":\"We Love Cycling Spain\"},\"url\":\"https:\/\/www.welovecycling.com\/es\/author\/amunoz\/\"}]}<\/script>\n<!-- \/ Yoast SEO Premium plugin. -->","yoast_head_json":{"title":"Documental de la Copa del Mundo de MTB del Orbea Racing Team","description":"El documental de la Copa del Mundo de MTB del Orbea Racing Team. Asi lo vivieron desde dentro los corredores del equipo.","robots":{"index":"index","follow":"follow","max-snippet":"max-snippet:-1","max-image-preview":"max-image-preview:large","max-video-preview":"max-video-preview:-1"},"canonical":"https:\/\/www.welovecycling.com\/es\/2024\/02\/11\/documental-copa-mundo-mtb\/","og_locale":"es_ES","og_type":"article","og_title":"El documental de la Copa del Mundo de MTB del Orbea Racing Team","og_description":"El documental de la Copa del Mundo de MTB del Orbea Racing Team. Asi lo vivieron desde dentro los corredores del equipo.","og_url":"https:\/\/www.welovecycling.com\/es\/2024\/02\/11\/documental-copa-mundo-mtb\/","og_site_name":"\u0160koda We Love Cycling - Spain","article_published_time":"2024-02-11T11:39:39+00:00","og_image":[{"width":990,"height":660,"url":"https:\/\/d2p6e6u75xmxt8.cloudfront.net\/6\/2024\/02\/Orbea_Factory-Documentary-CVR.webp","type":"image\/webp"}],"author":"We Love Cycling Spain","twitter_card":"summary_large_image","twitter_description":"El documental de la Copa del Mundo de MTB del Orbea Racing Team. Asi lo vivieron desde dentro los corredores del equipo.","twitter_misc":{"Written by":"Frantiska Blazkova","Est. reading time":"3"},"schema":{"@context":"https:\/\/schema.org","@graph":[{"@type":"WebPage","@id":"https:\/\/www.welovecycling.com\/es\/2024\/02\/11\/documental-copa-mundo-mtb\/","url":"https:\/\/www.welovecycling.com\/es\/2024\/02\/11\/documental-copa-mundo-mtb\/","name":"Documental de la Copa del Mundo de MTB del Orbea Racing Team","isPartOf":{"@id":"https:\/\/www.welovecycling.com\/es\/#website"},"primaryImageOfPage":{"@id":"https:\/\/www.welovecycling.com\/es\/2024\/02\/11\/documental-copa-mundo-mtb\/#primaryimage"},"image":{"@id":"https:\/\/www.welovecycling.com\/es\/2024\/02\/11\/documental-copa-mundo-mtb\/#primaryimage"},"thumbnailUrl":"https:\/\/d2p6e6u75xmxt8.cloudfront.net\/6\/2024\/02\/Orbea_Factory-Documentary-CVR.webp","datePublished":"2024-02-11T11:39:39+00:00","author":{"@id":"https:\/\/www.welovecycling.com\/es\/#\/schema\/person\/deb61715b5812698ee79fb96f343ccd4"},"description":"El documental de la Copa del Mundo de MTB del Orbea Racing Team. Asi lo vivieron desde dentro los corredores del equipo.","breadcrumb":{"@id":"https:\/\/www.welovecycling.com\/es\/2024\/02\/11\/documental-copa-mundo-mtb\/#breadcrumb"},"inLanguage":"es-ES","potentialAction":[{"@type":"ReadAction","target":["https:\/\/www.welovecycling.com\/es\/2024\/02\/11\/documental-copa-mundo-mtb\/"]}]},{"@type":"ImageObject","inLanguage":"es-ES","@id":"https:\/\/www.welovecycling.com\/es\/2024\/02\/11\/documental-copa-mundo-mtb\/#primaryimage","url":"https:\/\/d2p6e6u75xmxt8.cloudfront.net\/6\/2024\/02\/Orbea_Factory-Documentary-CVR.webp","contentUrl":"https:\/\/d2p6e6u75xmxt8.cloudfront.net\/6\/2024\/02\/Orbea_Factory-Documentary-CVR.webp","width":990,"height":660,"caption":"Orbea Factory Team"},{"@type":"BreadcrumbList","@id":"https:\/\/www.welovecycling.com\/es\/2024\/02\/11\/documental-copa-mundo-mtb\/#breadcrumb","itemListElement":[{"@type":"ListItem","position":1,"name":"Home","item":"https:\/\/www.welovecycling.com\/es\/"},{"@type":"ListItem","position":2,"name":"El documental de la Copa del Mundo de MTB del Orbea Racing Team"}]},{"@type":"WebSite","@id":"https:\/\/www.welovecycling.com\/es\/#website","url":"https:\/\/www.welovecycling.com\/es\/","name":"\u0160koda We Love Cycling - Spain","description":"\u0160koda WeLoveCycling Spain","potentialAction":[{"@type":"SearchAction","target":{"@type":"EntryPoint","urlTemplate":"https:\/\/www.welovecycling.com\/es\/?s={search_term_string}"},"query-input":{"@type":"PropertyValueSpecification","valueRequired":true,"valueName":"search_term_string"}}],"inLanguage":"es-ES"},{"@type":"Person","@id":"https:\/\/www.welovecycling.com\/es\/#\/schema\/person\/deb61715b5812698ee79fb96f343ccd4","name":"We Love Cycling Spain","image":{"@type":"ImageObject","inLanguage":"es-ES","@id":"https:\/\/www.welovecycling.com\/es\/#\/schema\/person\/image\/","url":"https:\/\/secure.gravatar.com\/avatar\/c824b04e6df0e37a03219d0b6481672889df542894588964102459e46513159c?s=96&d=mm&r=g","contentUrl":"https:\/\/secure.gravatar.com\/avatar\/c824b04e6df0e37a03219d0b6481672889df542894588964102459e46513159c?s=96&d=mm&r=g","caption":"We Love Cycling Spain"},"url":"https:\/\/www.welovecycling.com\/es\/author\/amunoz\/"}]}},"_links":{"self":[{"href":"https:\/\/www.welovecycling.com\/es\/wp-json\/wp\/v2\/posts\/10573","targetHints":{"allow":["GET"]}}],"collection":[{"href":"https:\/\/www.welovecycling.com\/es\/wp-json\/wp\/v2\/posts"}],"about":[{"href":"https:\/\/www.welovecycling.com\/es\/wp-json\/wp\/v2\/types\/post"}],"author":[{"embeddable":true,"href":"https:\/\/www.welovecycling.com\/es\/wp-json\/wp\/v2\/users\/29"}],"replies":[{"embeddable":true,"href":"https:\/\/www.welovecycling.com\/es\/wp-json\/wp\/v2\/comments?post=10573"}],"version-history":[{"count":1,"href":"https:\/\/www.welovecycling.com\/es\/wp-json\/wp\/v2\/posts\/10573\/revisions"}],"predecessor-version":[{"id":10581,"href":"https:\/\/www.welovecycling.com\/es\/wp-json\/wp\/v2\/posts\/10573\/revisions\/10581"}],"wp:featuredmedia":[{"embeddable":true,"href":"https:\/\/www.welovecycling.com\/es\/wp-json\/wp\/v2\/media\/10575"}],"wp:attachment":[{"href":"https:\/\/www.welovecycling.com\/es\/wp-json\/wp\/v2\/media?parent=10573"}],"wp:term":[{"taxonomy":"category","embeddable":true,"href":"https:\/\/www.welovecycling.com\/es\/wp-json\/wp\/v2\/categories?post=10573"},{"taxonomy":"post_tag","embeddable":true,"href":"https:\/\/www.welovecycling.com\/es\/wp-json\/wp\/v2\/tags?post=10573"},{"taxonomy":"global-categories","embeddable":true,"href":"https:\/\/www.welovecycling.com\/es\/wp-json\/wp\/v2\/global-categories?post=10573"}],"curies":[{"name":"wp","href":"https:\/\/api.w.org\/{rel}","templated":true}]}}