{"id":10551,"date":"2024-01-29T22:06:26","date_gmt":"2024-01-29T20:06:26","guid":{"rendered":"https:\/\/www.welovecycling.com\/es\/?p=10551"},"modified":"2024-01-30T10:38:25","modified_gmt":"2024-01-30T08:38:25","slug":"la-rebelion-de-los-juniors","status":"publish","type":"post","link":"https:\/\/www.welovecycling.com\/es\/2024\/01\/29\/la-rebelion-de-los-juniors\/","title":{"rendered":"La rebeli\u00f3n de los &#8216;j\u00faniors&#8217;"},"content":{"rendered":"<p><strong>Estamos a finales de enero y todav\u00eda no ha acabado el primer medio mes de competici\u00f3n ciclista oficial y ya hay dos ciclistas debutantes en el profesionalismo que han estrenado su palmar\u00e9s. El franc\u00e9s Paul Magnier (Soudal) lo hizo en su primer d\u00eda como profesional en Mallorca y el m\u00e9xicano Isaac del Toro (UAE) en su segunda etapa en el Tour Down Under en Australia (en el Criterium inicial ya hab\u00eda sido tercero). Ellos son la punta de lanza de la rebeli\u00f3n de los &#8216;j\u00faniors&#8217; en este 2024, pero ojo, que hay m\u00e1s.<\/strong><\/p>\n<p><!--more--><\/p>\n<p>Qu\u00e9 dos debutantes ganen nada m\u00e1s ponerse el maillot de un equipo profesional es algo que no se hab\u00eda visto nunca. Es cierto que no son pruebas con alto nivel de participantes, pero el mexicano venci\u00f3 en un sprint en ligera cuesta por sorpresa a Ewan y Girmay, cuando no es un velocista, sino un ciclista capaz de subir en Alpes como los mejores, no en vano es el vigente ganador del Tour del Porvenir. Su victoria en el Tour Down Under le llega con solo 20 a\u00f1os y sin nada de experiencia en la m\u00e1xima competici\u00f3n. En 2023 solo era parte de un desconocido equipo mexicano que acud\u00eda los meses de verano a competir en Europa y en carreras de serie B.<\/p>\n<p>Pero como dice <strong>Markel Irizar,<\/strong> el responsable de scouting del Lidl Trek, los corredores llegan ahora con los deberes aprendidos y rinden desde el primer d\u00eda. Ya solo algunos ciclistas necesitan el proceso de adaptaci\u00f3n al profesionales que era &#8216;obligatorio&#8217; hace solo unos a\u00f1os. Ahora son capaces de ganar el World Tour igual que lo hac\u00edan en las carreras j\u00fanior. Los plazos se han acortado. Un caso raro fue Peter Sagan, que con 20 a\u00f1os venci\u00f3 en Paris Niza en su primer a\u00f1o de profesional con el Liquigas, pero era marzo y ya hab\u00eda corrido en Australia, Omloop y Kuurne.<\/p>\n<p><img loading=\"lazy\" decoding=\"async\" class=\"alignnone size-extra-large\" src=\"https:\/\/www.soudal-quickstepteam.com\/images\/news_article\/c_c\/1060x600\/paul-magnier-mallorca-victory_1706198537.jpg\" width=\"1060\" height=\"600\" \/><\/p>\n<p>Es cierto que lo de <strong>Isaac del Toro<\/strong> fue sorprendente en Australia, pero al menos llegaba con la vitola de vigente ganador del Tour del Porvenir. Los \u00faltimos han sido <strong><a href=\"https:\/\/www.welovecycling.com\/es\/2023\/09\/03\/vingegaard-y-pogacar-batieron-record-vatios-tour\/\">Pogacar,<\/a> Bernal, Foss, Johanennsen y Cian Uijtdebroeks.<\/strong> As\u00ed que se esperaba que fuese un buen ciclista. Pero nadie ten\u00eda en cuenta a <a href=\"https:\/\/www.procyclingstats.com\/rider\/paul-magnier\/2024\">Paul Magnier<\/a> en su primer sprint en el profesionalismo. El franc\u00e9s fue tercero en el Europeo J\u00fanior de 2023 y con solo 19 a\u00f1os (no cumple los 20 hasta abril) super\u00f3 en Mallorca a Dainese, Kristoff o Cimolai. Solo necesit\u00f3 181 kil\u00f3metros de profesional para levantar los brazos por primera vez, cuando algunos pasan de 30.000 kil\u00f3metros en competici\u00f3n y todav\u00eda no los han levantado. Para rizar m\u00e1s el rizo, le hab\u00eda lanzado su compa\u00f1ero <strong>Lamperti,<\/strong> de 22 a\u00f1os, que en 2023 altern\u00f3 carreras sub-23 con algunas profesionales.<\/p>\n<p>Despu\u00e9s de la victoria, Lefevre explic\u00f3 que Magnier le hab\u00eda ganado algunos sprints a Tim Merlier en la concentraci\u00f3n de Calpe en diciembre. Que sab\u00edan de su potencial, pero que tampoco se esperaban que el primer d\u00eda consiguiese ganar.<\/p>\n<h2><strong>La nueva generaci\u00f3n<\/strong><\/h2>\n<p>Si seguimos mirando el carnet de los ganadores\u00a0 en este inicio de temporada hay muchos &#8216;juniors&#8217;, la expresi\u00f3n que utilizaban hace a\u00f1os los veteranos con los ciclistas j\u00f3venes hasta que pasaban la categor\u00eda sub-23. El ingl\u00e9s <a href=\"https:\/\/www.procyclingstats.com\/rider\/oscar-onley\/2024\">Oscar Onley<\/a> con solo 21 a\u00f1os y en su segunda temporada como profesional gan\u00f3 en la cima m\u00e1s complicada del Tour Down Under, Willunga Hill.\u00a0 El neozeland\u00e9s Laurence Pithie, de 21 a\u00f1os, se llev\u00f3 la Cadel Evans Road (tambi\u00e9n World Tour) en su segundo a\u00f1o de profesionalismo.<\/p>\n<p>El belga <strong>Lennert Van Eetvelt<\/strong> tiene ya 22 a\u00f1os, pero solo lleva un par de profesional. En la Challenge de Mallorca de 2023 ya roz\u00f3 la victoria dos veces y en este 2024 firm\u00f3 el triunfo en el Trofeo de Tramuntana por delante de Vlasov y McNulty, dos de los mejores escaladores del pelot\u00f3n. Algo m\u00e1s veterano es <strong>Pelayo S\u00e1nchez,<\/strong> 23 a\u00f1os, pero acaba de debutar en un equipo de la m\u00e1xima categor\u00eda como Movistar y en el Trofeo de Andraxt se llev\u00f3 su segundo triunfo profesional.<\/p>\n<p>Vale que el ciclismo vive de las victorias, pero tambi\u00e9n es complicado acabar entre los diez primeros de un pelot\u00f3n de 180 ciclistas o llegar a los \u00faltimos kil\u00f3metros con opciones cuando acabas de debutar en esto. El mismo d\u00eda que <strong>Van Eetvelt<\/strong> ganaba en Tramuntana el ingl\u00e9s<a href=\"https:\/\/www.procyclingstats.com\/rider\/lukas-nerurkar\/2024\"> Lukas Nerukar<\/a>, de 20 a\u00f1os, terminaba sexto en su segundo d\u00eda como profesional. Por detr\u00e1s de \u00e9l <a href=\"https:\/\/www.procyclingstats.com\/rider\/ivan-romeo\/2023\">Iv\u00e1n Romeo<\/a> (Movistar), tambi\u00e9n de 20, y que en 2023 mezcl\u00f3 el calendario profesional con el Tour del Porvenir. Y octavo <a href=\"https:\/\/www.procyclingstats.com\/rider\/igor-arrieta-lizarraga\/2024\">Igor Arrieta<\/a>, que anduvo escapado ese d\u00eda y el anterior destroz\u00f3 el pelot\u00f3n en la subida.\u00a0 Ya est\u00e1 en su tercer a\u00f1o de profesional con solo 21 en el carnet y\u00a0 acaba de dar el salto del Kern Pharma al UAE.<\/p>\n<p>En ese pelot\u00f3n de la Challenge de Mallorca tambi\u00e9n estaba<a href=\"https:\/\/www.procyclingstats.com\/rider\/markel-beloki\/start\"> Markel Beloki,<\/a> que con solo 18 a\u00f1os (es de julio de 2005) ya ha debutado en profesionales de la mano de Education First. No le dio para ganar, pero acab\u00f3 sin problema los cuatro trofeos en los que particip\u00f3 y tuvo chance para tirar del pelot\u00f3n a solo 10 kil\u00f3metros de la meta de Felanitx y &#8216;pegarse&#8217; con un tal Kristoff.<\/p>\n<blockquote class=\"instagram-media\" style=\"background: #FFF; border: 0; border-radius: 3px; box-shadow: 0 0 1px 0 rgba(0,0,0,0.5),0 1px 10px 0 rgba(0,0,0,0.15); margin: 1px; max-width: 540px; min-width: 326px; padding: 0; width: calc(100% - 2px);\" data-instgrm-captioned=\"\" data-instgrm-permalink=\"https:\/\/www.instagram.com\/p\/C2iVQKLMUpC\/?utm_source=ig_embed&amp;utm_campaign=loading\" data-instgrm-version=\"14\">\n<div style=\"padding: 16px;\">\n<p>&nbsp;<\/p>\n<div style=\"display: flex; flex-direction: row; align-items: center;\">\n<div style=\"background-color: #f4f4f4; border-radius: 50%; flex-grow: 0; height: 40px; margin-right: 14px; width: 40px;\"><\/div>\n<div style=\"display: flex; flex-direction: column; flex-grow: 1; justify-content: center;\">\n<div style=\"background-color: #f4f4f4; border-radius: 4px; flex-grow: 0; height: 14px; margin-bottom: 6px; width: 100px;\"><\/div>\n<div style=\"background-color: #f4f4f4; border-radius: 4px; flex-grow: 0; height: 14px; width: 60px;\"><\/div>\n<\/div>\n<\/div>\n<div style=\"padding: 19% 0;\"><\/div>\n<div style=\"display: block; height: 50px; margin: 0 auto 12px; width: 50px;\"><\/div>\n<div style=\"padding-top: 8px;\">\n<div style=\"color: #3897f0; font-family: Arial,sans-serif; font-size: 14px; font-style: normal; font-weight: 550; line-height: 18px;\">Ver esta publicaci\u00f3n en Instagram<\/div>\n<\/div>\n<div style=\"padding: 12.5% 0;\"><\/div>\n<div style=\"display: flex; flex-direction: row; margin-bottom: 14px; align-items: center;\">\n<div>\n<div style=\"background-color: #f4f4f4; border-radius: 50%; height: 12.5px; width: 12.5px; transform: translateX(0px) translateY(7px);\"><\/div>\n<div style=\"background-color: #f4f4f4; height: 12.5px; transform: rotate(-45deg) translateX(3px) translateY(1px); width: 12.5px; flex-grow: 0; margin-right: 14px; margin-left: 2px;\"><\/div>\n<div style=\"background-color: #f4f4f4; border-radius: 50%; height: 12.5px; width: 12.5px; transform: translateX(9px) translateY(-18px);\"><\/div>\n<\/div>\n<div style=\"margin-left: 8px;\">\n<div style=\"background-color: #f4f4f4; border-radius: 50%; flex-grow: 0; height: 20px; width: 20px;\"><\/div>\n<div style=\"width: 0; height: 0; border-top: 2px solid transparent; border-left: 6px solid #f4f4f4; border-bottom: 2px solid transparent; transform: translateX(16px) translateY(-4px) rotate(30deg);\"><\/div>\n<\/div>\n<div style=\"margin-left: auto;\">\n<div style=\"width: 0px; border-top: 8px solid #F4F4F4; border-right: 8px solid transparent; transform: translateY(16px);\"><\/div>\n<div style=\"background-color: #f4f4f4; flex-grow: 0; height: 12px; width: 16px; transform: translateY(-4px);\"><\/div>\n<div style=\"width: 0; height: 0; border-top: 8px solid #F4F4F4; border-left: 8px solid transparent; transform: translateY(-4px) translateX(8px);\"><\/div>\n<\/div>\n<\/div>\n<div style=\"display: flex; flex-direction: column; flex-grow: 1; justify-content: center; margin-bottom: 24px;\">\n<div style=\"background-color: #f4f4f4; border-radius: 4px; flex-grow: 0; height: 14px; margin-bottom: 6px; width: 224px;\"><\/div>\n<div style=\"background-color: #f4f4f4; border-radius: 4px; flex-grow: 0; height: 14px; width: 144px;\"><\/div>\n<\/div>\n<p>&nbsp;<\/p>\n<p style=\"color: #c9c8cd; font-family: Arial,sans-serif; font-size: 14px; line-height: 17px; margin-bottom: 0; margin-top: 8px; overflow: hidden; padding: 8px 0 7px; text-align: center; text-overflow: ellipsis; white-space: nowrap;\"><a style=\"color: #c9c8cd; font-family: Arial,sans-serif; font-size: 14px; font-style: normal; font-weight: normal; line-height: 17px; text-decoration: none;\" href=\"https:\/\/www.instagram.com\/p\/C2iVQKLMUpC\/?utm_source=ig_embed&amp;utm_campaign=loading\" target=\"_blank\" rel=\"noopener\">Una publicaci\u00f3n compartida de M A R K E L B E L O K I (@markelbeloki)<\/a><\/p>\n<\/div>\n<\/blockquote>\n<p><script async src=\"\/\/www.instagram.com\/embed.js\"><\/script><\/p>\n","protected":false},"excerpt":{"rendered":"<p>Estamos a finales de enero y todav\u00eda no ha acabado el primer medio mes de competici\u00f3n ciclista oficial y ya [&hellip;]<\/p>\n","protected":false},"author":29,"featured_media":10553,"comment_status":"open","ping_status":"open","sticky":false,"template":"","format":"standard","meta":{"footnotes":""},"categories":[7],"tags":[2285,2284],"global-categories":[1164],"class_list":["post-10551","post","type-post","status-publish","format-standard","has-post-thumbnail","hentry","category-carretera","tag-isaac-del-toro","tag-junior","global-categories-cycling"],"yoast_head":"<!-- This site is optimized with the Yoast SEO Premium plugin v25.3 (Yoast SEO v25.9) - https:\/\/yoast.com\/wordpress\/plugins\/seo\/ -->\n<title>La rebeli\u00f3n de los &#039;j\u00faniors&#039; - \u0160koda We Love Cycling - Spain<\/title>\n<meta name=\"description\" content=\"La Rebeli\u00f3n de los juniors. Llevamos menos de un mes de temporada ciclista en 2024 y ya hay dos debutantes que han ganado.\" \/>\n<meta name=\"robots\" content=\"index, follow, max-snippet:-1, max-image-preview:large, max-video-preview:-1\" \/>\n<link rel=\"canonical\" href=\"https:\/\/www.welovecycling.com\/es\/2024\/01\/29\/la-rebelion-de-los-juniors\/\" \/>\n<meta property=\"og:locale\" content=\"es_ES\" \/>\n<meta property=\"og:type\" content=\"article\" \/>\n<meta property=\"og:title\" content=\"La rebeli\u00f3n de los &#039;j\u00faniors&#039;\" \/>\n<meta property=\"og:description\" content=\"La Rebeli\u00f3n de los juniors. Llevamos menos de un mes de temporada ciclista en 2024 y ya hay dos debutantes que han ganado.\" \/>\n<meta property=\"og:url\" content=\"https:\/\/www.welovecycling.com\/es\/2024\/01\/29\/la-rebelion-de-los-juniors\/\" \/>\n<meta property=\"og:site_name\" content=\"\u0160koda We Love Cycling - Spain\" \/>\n<meta property=\"article:published_time\" content=\"2024-01-29T20:06:26+00:00\" \/>\n<meta property=\"article:modified_time\" content=\"2024-01-30T08:38:25+00:00\" \/>\n<meta property=\"og:image\" content=\"https:\/\/d2p6e6u75xmxt8.cloudfront.net\/6\/2024\/01\/Isaac-del-Toro.webp\" \/>\n\t<meta property=\"og:image:width\" content=\"1600\" \/>\n\t<meta property=\"og:image:height\" content=\"1066\" \/>\n\t<meta property=\"og:image:type\" content=\"image\/webp\" \/>\n<meta name=\"author\" content=\"We Love Cycling Spain\" \/>\n<meta name=\"twitter:card\" content=\"summary_large_image\" \/>\n<meta name=\"twitter:description\" content=\"La Rebeli\u00f3n de los juniors. Llevamos menos de un mes de temporada ciclista en 2024 y ya hay dos debutantes que han ganado.\" \/>\n<meta name=\"twitter:label1\" content=\"Written by\" \/>\n\t<meta name=\"twitter:data1\" content=\"Luis Ortega @ciclored\" \/>\n\t<meta name=\"twitter:label2\" content=\"Est. reading time\" \/>\n\t<meta name=\"twitter:data2\" content=\"5 minutes\" \/>\n<script type=\"application\/ld+json\" class=\"yoast-schema-graph\">{\"@context\":\"https:\/\/schema.org\",\"@graph\":[{\"@type\":\"WebPage\",\"@id\":\"https:\/\/www.welovecycling.com\/es\/2024\/01\/29\/la-rebelion-de-los-juniors\/\",\"url\":\"https:\/\/www.welovecycling.com\/es\/2024\/01\/29\/la-rebelion-de-los-juniors\/\",\"name\":\"La rebeli\u00f3n de los 'j\u00faniors' - \u0160koda We Love Cycling - Spain\",\"isPartOf\":{\"@id\":\"https:\/\/www.welovecycling.com\/es\/#website\"},\"primaryImageOfPage\":{\"@id\":\"https:\/\/www.welovecycling.com\/es\/2024\/01\/29\/la-rebelion-de-los-juniors\/#primaryimage\"},\"image\":{\"@id\":\"https:\/\/www.welovecycling.com\/es\/2024\/01\/29\/la-rebelion-de-los-juniors\/#primaryimage\"},\"thumbnailUrl\":\"https:\/\/d2p6e6u75xmxt8.cloudfront.net\/6\/2024\/01\/Isaac-del-Toro.webp\",\"datePublished\":\"2024-01-29T20:06:26+00:00\",\"dateModified\":\"2024-01-30T08:38:25+00:00\",\"author\":{\"@id\":\"https:\/\/www.welovecycling.com\/es\/#\/schema\/person\/deb61715b5812698ee79fb96f343ccd4\"},\"description\":\"La Rebeli\u00f3n de los juniors. Llevamos menos de un mes de temporada ciclista en 2024 y ya hay dos debutantes que han ganado.\",\"breadcrumb\":{\"@id\":\"https:\/\/www.welovecycling.com\/es\/2024\/01\/29\/la-rebelion-de-los-juniors\/#breadcrumb\"},\"inLanguage\":\"es-ES\",\"potentialAction\":[{\"@type\":\"ReadAction\",\"target\":[\"https:\/\/www.welovecycling.com\/es\/2024\/01\/29\/la-rebelion-de-los-juniors\/\"]}]},{\"@type\":\"ImageObject\",\"inLanguage\":\"es-ES\",\"@id\":\"https:\/\/www.welovecycling.com\/es\/2024\/01\/29\/la-rebelion-de-los-juniors\/#primaryimage\",\"url\":\"https:\/\/d2p6e6u75xmxt8.cloudfront.net\/6\/2024\/01\/Isaac-del-Toro.webp\",\"contentUrl\":\"https:\/\/d2p6e6u75xmxt8.cloudfront.net\/6\/2024\/01\/Isaac-del-Toro.webp\",\"width\":1600,\"height\":1066},{\"@type\":\"BreadcrumbList\",\"@id\":\"https:\/\/www.welovecycling.com\/es\/2024\/01\/29\/la-rebelion-de-los-juniors\/#breadcrumb\",\"itemListElement\":[{\"@type\":\"ListItem\",\"position\":1,\"name\":\"Home\",\"item\":\"https:\/\/www.welovecycling.com\/es\/\"},{\"@type\":\"ListItem\",\"position\":2,\"name\":\"La rebeli\u00f3n de los &#8216;j\u00faniors&#8217;\"}]},{\"@type\":\"WebSite\",\"@id\":\"https:\/\/www.welovecycling.com\/es\/#website\",\"url\":\"https:\/\/www.welovecycling.com\/es\/\",\"name\":\"\u0160koda We Love Cycling - Spain\",\"description\":\"\u0160koda WeLoveCycling Spain\",\"potentialAction\":[{\"@type\":\"SearchAction\",\"target\":{\"@type\":\"EntryPoint\",\"urlTemplate\":\"https:\/\/www.welovecycling.com\/es\/?s={search_term_string}\"},\"query-input\":{\"@type\":\"PropertyValueSpecification\",\"valueRequired\":true,\"valueName\":\"search_term_string\"}}],\"inLanguage\":\"es-ES\"},{\"@type\":\"Person\",\"@id\":\"https:\/\/www.welovecycling.com\/es\/#\/schema\/person\/deb61715b5812698ee79fb96f343ccd4\",\"name\":\"We Love Cycling Spain\",\"image\":{\"@type\":\"ImageObject\",\"inLanguage\":\"es-ES\",\"@id\":\"https:\/\/www.welovecycling.com\/es\/#\/schema\/person\/image\/\",\"url\":\"https:\/\/secure.gravatar.com\/avatar\/c824b04e6df0e37a03219d0b6481672889df542894588964102459e46513159c?s=96&d=mm&r=g\",\"contentUrl\":\"https:\/\/secure.gravatar.com\/avatar\/c824b04e6df0e37a03219d0b6481672889df542894588964102459e46513159c?s=96&d=mm&r=g\",\"caption\":\"We Love Cycling Spain\"},\"url\":\"https:\/\/www.welovecycling.com\/es\/author\/amunoz\/\"}]}<\/script>\n<!-- \/ Yoast SEO Premium plugin. -->","yoast_head_json":{"title":"La rebeli\u00f3n de los 'j\u00faniors' - \u0160koda We Love Cycling - Spain","description":"La Rebeli\u00f3n de los juniors. Llevamos menos de un mes de temporada ciclista en 2024 y ya hay dos debutantes que han ganado.","robots":{"index":"index","follow":"follow","max-snippet":"max-snippet:-1","max-image-preview":"max-image-preview:large","max-video-preview":"max-video-preview:-1"},"canonical":"https:\/\/www.welovecycling.com\/es\/2024\/01\/29\/la-rebelion-de-los-juniors\/","og_locale":"es_ES","og_type":"article","og_title":"La rebeli\u00f3n de los 'j\u00faniors'","og_description":"La Rebeli\u00f3n de los juniors. Llevamos menos de un mes de temporada ciclista en 2024 y ya hay dos debutantes que han ganado.","og_url":"https:\/\/www.welovecycling.com\/es\/2024\/01\/29\/la-rebelion-de-los-juniors\/","og_site_name":"\u0160koda We Love Cycling - Spain","article_published_time":"2024-01-29T20:06:26+00:00","article_modified_time":"2024-01-30T08:38:25+00:00","og_image":[{"width":1600,"height":1066,"url":"https:\/\/d2p6e6u75xmxt8.cloudfront.net\/6\/2024\/01\/Isaac-del-Toro.webp","type":"image\/webp"}],"author":"We Love Cycling Spain","twitter_card":"summary_large_image","twitter_description":"La Rebeli\u00f3n de los juniors. Llevamos menos de un mes de temporada ciclista en 2024 y ya hay dos debutantes que han ganado.","twitter_misc":{"Written by":"Luis Ortega @ciclored","Est. reading time":"5 minutes"},"schema":{"@context":"https:\/\/schema.org","@graph":[{"@type":"WebPage","@id":"https:\/\/www.welovecycling.com\/es\/2024\/01\/29\/la-rebelion-de-los-juniors\/","url":"https:\/\/www.welovecycling.com\/es\/2024\/01\/29\/la-rebelion-de-los-juniors\/","name":"La rebeli\u00f3n de los 'j\u00faniors' - \u0160koda We Love Cycling - Spain","isPartOf":{"@id":"https:\/\/www.welovecycling.com\/es\/#website"},"primaryImageOfPage":{"@id":"https:\/\/www.welovecycling.com\/es\/2024\/01\/29\/la-rebelion-de-los-juniors\/#primaryimage"},"image":{"@id":"https:\/\/www.welovecycling.com\/es\/2024\/01\/29\/la-rebelion-de-los-juniors\/#primaryimage"},"thumbnailUrl":"https:\/\/d2p6e6u75xmxt8.cloudfront.net\/6\/2024\/01\/Isaac-del-Toro.webp","datePublished":"2024-01-29T20:06:26+00:00","dateModified":"2024-01-30T08:38:25+00:00","author":{"@id":"https:\/\/www.welovecycling.com\/es\/#\/schema\/person\/deb61715b5812698ee79fb96f343ccd4"},"description":"La Rebeli\u00f3n de los juniors. Llevamos menos de un mes de temporada ciclista en 2024 y ya hay dos debutantes que han ganado.","breadcrumb":{"@id":"https:\/\/www.welovecycling.com\/es\/2024\/01\/29\/la-rebelion-de-los-juniors\/#breadcrumb"},"inLanguage":"es-ES","potentialAction":[{"@type":"ReadAction","target":["https:\/\/www.welovecycling.com\/es\/2024\/01\/29\/la-rebelion-de-los-juniors\/"]}]},{"@type":"ImageObject","inLanguage":"es-ES","@id":"https:\/\/www.welovecycling.com\/es\/2024\/01\/29\/la-rebelion-de-los-juniors\/#primaryimage","url":"https:\/\/d2p6e6u75xmxt8.cloudfront.net\/6\/2024\/01\/Isaac-del-Toro.webp","contentUrl":"https:\/\/d2p6e6u75xmxt8.cloudfront.net\/6\/2024\/01\/Isaac-del-Toro.webp","width":1600,"height":1066},{"@type":"BreadcrumbList","@id":"https:\/\/www.welovecycling.com\/es\/2024\/01\/29\/la-rebelion-de-los-juniors\/#breadcrumb","itemListElement":[{"@type":"ListItem","position":1,"name":"Home","item":"https:\/\/www.welovecycling.com\/es\/"},{"@type":"ListItem","position":2,"name":"La rebeli\u00f3n de los &#8216;j\u00faniors&#8217;"}]},{"@type":"WebSite","@id":"https:\/\/www.welovecycling.com\/es\/#website","url":"https:\/\/www.welovecycling.com\/es\/","name":"\u0160koda We Love Cycling - Spain","description":"\u0160koda WeLoveCycling Spain","potentialAction":[{"@type":"SearchAction","target":{"@type":"EntryPoint","urlTemplate":"https:\/\/www.welovecycling.com\/es\/?s={search_term_string}"},"query-input":{"@type":"PropertyValueSpecification","valueRequired":true,"valueName":"search_term_string"}}],"inLanguage":"es-ES"},{"@type":"Person","@id":"https:\/\/www.welovecycling.com\/es\/#\/schema\/person\/deb61715b5812698ee79fb96f343ccd4","name":"We Love Cycling Spain","image":{"@type":"ImageObject","inLanguage":"es-ES","@id":"https:\/\/www.welovecycling.com\/es\/#\/schema\/person\/image\/","url":"https:\/\/secure.gravatar.com\/avatar\/c824b04e6df0e37a03219d0b6481672889df542894588964102459e46513159c?s=96&d=mm&r=g","contentUrl":"https:\/\/secure.gravatar.com\/avatar\/c824b04e6df0e37a03219d0b6481672889df542894588964102459e46513159c?s=96&d=mm&r=g","caption":"We Love Cycling Spain"},"url":"https:\/\/www.welovecycling.com\/es\/author\/amunoz\/"}]}},"_links":{"self":[{"href":"https:\/\/www.welovecycling.com\/es\/wp-json\/wp\/v2\/posts\/10551","targetHints":{"allow":["GET"]}}],"collection":[{"href":"https:\/\/www.welovecycling.com\/es\/wp-json\/wp\/v2\/posts"}],"about":[{"href":"https:\/\/www.welovecycling.com\/es\/wp-json\/wp\/v2\/types\/post"}],"author":[{"embeddable":true,"href":"https:\/\/www.welovecycling.com\/es\/wp-json\/wp\/v2\/users\/29"}],"replies":[{"embeddable":true,"href":"https:\/\/www.welovecycling.com\/es\/wp-json\/wp\/v2\/comments?post=10551"}],"version-history":[{"count":4,"href":"https:\/\/www.welovecycling.com\/es\/wp-json\/wp\/v2\/posts\/10551\/revisions"}],"predecessor-version":[{"id":10556,"href":"https:\/\/www.welovecycling.com\/es\/wp-json\/wp\/v2\/posts\/10551\/revisions\/10556"}],"wp:featuredmedia":[{"embeddable":true,"href":"https:\/\/www.welovecycling.com\/es\/wp-json\/wp\/v2\/media\/10553"}],"wp:attachment":[{"href":"https:\/\/www.welovecycling.com\/es\/wp-json\/wp\/v2\/media?parent=10551"}],"wp:term":[{"taxonomy":"category","embeddable":true,"href":"https:\/\/www.welovecycling.com\/es\/wp-json\/wp\/v2\/categories?post=10551"},{"taxonomy":"post_tag","embeddable":true,"href":"https:\/\/www.welovecycling.com\/es\/wp-json\/wp\/v2\/tags?post=10551"},{"taxonomy":"global-categories","embeddable":true,"href":"https:\/\/www.welovecycling.com\/es\/wp-json\/wp\/v2\/global-categories?post=10551"}],"curies":[{"name":"wp","href":"https:\/\/api.w.org\/{rel}","templated":true}]}}