{"id":10547,"date":"2024-01-29T20:56:33","date_gmt":"2024-01-29T18:56:33","guid":{"rendered":"https:\/\/www.welovecycling.com\/es\/?p=10547"},"modified":"2024-01-29T20:56:33","modified_gmt":"2024-01-29T18:56:33","slug":"el-motor-de-la-skoda-titan-desert","status":"publish","type":"post","link":"https:\/\/www.welovecycling.com\/es\/2024\/01\/29\/el-motor-de-la-skoda-titan-desert\/","title":{"rendered":"El motor de la \u0160koda Titan Desert"},"content":{"rendered":"<p><strong>El equipo y la solidaridad son dos de los grandes motores de la \u0160koda <\/strong><strong>Titan Desert. Pese a que se corre de forma individual, para la mayor\u00eda el objetivo no es ganar, sino terminar y para ello necesitan de un equipo que sea solidario en los malos momentos, que, casi seguro, van a aparecer en algunas de las seis etapas por el desierto. El motor del Aural Team para esta edici\u00f3n de la carrera del desierto se llama Silvia Gonz\u00e1lez y a su alrededor se ha creado una red de ciclistas de equipo solidarios encabezados por <a href=\"https:\/\/www.aural.es\/auralwidexteam\">Abel Ant\u00f3n<\/a>, que durante unos meses alternar\u00e1 zapatillas con bicicleta para llegar en forma a la<a href=\"https:\/\/www.welovecycling.com\/es\/2023\/12\/14\/skoda-titan-desert-morocco-2024\/\"> edici\u00f3n de 2024<\/a> que arranca el 28 de abril.<\/strong><\/p>\n<p><!--more--><\/p>\n<p>Para entender el proyecto del Aural Team hay que conocer la historia de Silvia Gonz\u00e1lez. Esta ciclista de 52 a\u00f1os ya es una veterana del desierto. Conoce el sufrimiento de la <strong>\u0160koda <\/strong>Titan Desert y tambi\u00e9n el del c\u00e1ncer. Una ca\u00edda con fractura de pelvis bajando Navacerrada con Miguel Indurain le destap\u00f3 un linfoma que deriv\u00f3 en un tratamiento de quimioterapia. Se recuper\u00f3 y volvi\u00f3 a la bicicleta. Una reca\u00edda le ha obligado a pasar hace solo un mes por un autotransplante de m\u00e9dula. Est\u00e1 todav\u00eda recuper\u00e1ndose y empezando a entrenar y a rodar algo en bici. Por lo que los<a href=\"https:\/\/skodatitandesertmorocco.com\/recorrido\/\"> 600 kil\u00f3metros y m\u00e1s de 7.000 metros de desnivel<\/a> que tiene la edici\u00f3n de 2024 son algo m\u00e1s que un reto f\u00edsico para ella.<\/p>\n<p>Su gregario principal ser\u00e1 Abel Ant\u00f3n, que debuta en esto de la bicicleta de monta\u00f1a y el desierto. Tiene motor de maratoniano y capacidad de sufrimiento de atleta, pero tendr\u00e1 que adaptar su musculatura a las dos ruedas mientras prepara la Maraton de Sevilla (solo correr\u00e1 21 kil\u00f3metros) y la veintena de carreras que disputa cada a\u00f1o. El doble campe\u00f3n del mundo de Marat\u00f3n fue el que puso en contacto a Silvia Gonz\u00e1lez y a su equipo con Aural, la empresa del aud\u00edfonos que es el principal patrocinador del equipo y qui\u00e9n le da nombre.<\/p>\n<p>Su director general, <strong>Juan Ignacio Mart\u00ednez<\/strong>, tambi\u00e9n ser\u00e1 uno de esos ciclistas que ayudar\u00e1n a Silvia en la Titan. El explic\u00f3 que el binomio solidario con Abel Ant\u00f3n ven\u00eda desde hace casi 20 a\u00f1os y que el principal objetivo de la empresa de esta acci\u00f3n es romper el estigma que mucha gente se pone encima a la hora de utilizar un aud\u00edfono. Seg\u00fan sus datos casi el 70% de las personas que lo necesitan no lo utilizan por el miedo al qu\u00e9 dir\u00e1n. Por eso, ejemplos de superaci\u00f3n como el de <strong>Silvia Gonz\u00e1lez en la Titan Desert<\/strong> y el de su equipo de ciclistas son una v\u00eda excelente para visibilidad su objetivo.<\/p>\n<p><a href=\"https:\/\/d2p6e6u75xmxt8.cloudfront.net\/6\/2023\/11\/Titan-Desert-Stage-3-CVR.webp\"><img loading=\"lazy\" decoding=\"async\" class=\"aligncenter size-full wp-image-10385\" src=\"https:\/\/d2p6e6u75xmxt8.cloudfront.net\/6\/2023\/11\/Titan-Desert-Stage-3-CVR.webp\" alt=\"Titan Desert peloton\" width=\"990\" height=\"660\" srcset=\"https:\/\/d2p6e6u75xmxt8.cloudfront.net\/6\/2023\/11\/Titan-Desert-Stage-3-CVR.webp 990w, https:\/\/d2p6e6u75xmxt8.cloudfront.net\/6\/2023\/11\/Titan-Desert-Stage-3-CVR-300x200.webp 300w, https:\/\/d2p6e6u75xmxt8.cloudfront.net\/6\/2023\/11\/Titan-Desert-Stage-3-CVR-768x512.webp 768w, https:\/\/d2p6e6u75xmxt8.cloudfront.net\/6\/2023\/11\/Titan-Desert-Stage-3-CVR-400x267.webp 400w, https:\/\/d2p6e6u75xmxt8.cloudfront.net\/6\/2023\/11\/Titan-Desert-Stage-3-CVR-272x182.webp 272w\" sizes=\"auto, (max-width: 990px) 100vw, 990px\" \/><\/a><\/p>\n<h2><strong>Solidaridad y esp\u00edritu positivo<br \/>\n<\/strong><\/h2>\n<p>La relaci\u00f3n de Aural Centros Auditivos con la <strong>\u0160koda <\/strong>Titan Desert no se quedar\u00e1 solo en el equipo. Tambi\u00e9n pondr\u00e1 en marcha un cami\u00f3n solidario que recorrer\u00e1 los pueblos por los que pasar\u00e1 la Titan 2024 ofreciendo revisiones auditivas y adaptaciones de aud\u00edfonos con la presencia de audioprotesistas. Tambi\u00e9n, como parte de su compromiso social, Aural Team realizar\u00e1 una significativa donaci\u00f3n solidaria que se materializar\u00e1 en aud\u00edfonos para los m\u00e1s necesitados.<\/p>\n<p><strong><b>Despu\u00e9s de todos los problemas de salud que ha pasado, Silvia explic\u00f3 que <\/b><\/strong>\u201csoy de ver siempre el vaso medio lleno.\u00a0Al final, tengo que agradecer a la ca\u00edda que me detectaran el c\u00e1ncer. La bici es mi trabajo y mi pasi\u00f3n. Estaba con el tratamiento de quimioterapia, hac\u00eda 100 km y me cansaba m\u00e1s, pero no me he sentido enferma. La gran mayor\u00eda se queda en casa, se vienen abajo. Y la actitud y el superarnos es importante y quiero visibilizarlo\u201d.<\/p>\n","protected":false},"excerpt":{"rendered":"<p>El equipo y la solidaridad son dos de los grandes motores de la \u0160koda Titan Desert. Pese a que se [&hellip;]<\/p>\n","protected":false},"author":29,"featured_media":10548,"comment_status":"open","ping_status":"open","sticky":false,"template":"","format":"standard","meta":{"footnotes":""},"categories":[9],"tags":[2142,2273,2283],"global-categories":[1164],"class_list":["post-10547","post","type-post","status-publish","format-standard","has-post-thumbnail","hentry","category-mtb-aventura","tag-skoda","tag-skoda-titan-desert","tag-skoda-titan-desert-2024","global-categories-cycling"],"yoast_head":"<!-- This site is optimized with the Yoast SEO Premium plugin v25.3 (Yoast SEO v25.9) - https:\/\/yoast.com\/wordpress\/plugins\/seo\/ -->\n<title>El motor de la \u0160koda Titan Desert - \u0160koda We Love Cycling - Spain<\/title>\n<meta name=\"description\" content=\"El motor de la \u0160koda Titan Desert. El Aural Team encabezado por Abel Ant\u00f3n intentar\u00e1 ayudar a Silvia Gonz\u00e1lez a terminar la Titan 2024.\" \/>\n<meta name=\"robots\" content=\"index, follow, max-snippet:-1, max-image-preview:large, max-video-preview:-1\" \/>\n<link rel=\"canonical\" href=\"https:\/\/www.welovecycling.com\/es\/2024\/01\/29\/el-motor-de-la-skoda-titan-desert\/\" \/>\n<meta property=\"og:locale\" content=\"es_ES\" \/>\n<meta property=\"og:type\" content=\"article\" \/>\n<meta property=\"og:title\" content=\"El motor de la \u0160koda Titan Desert\" \/>\n<meta property=\"og:description\" content=\"El motor de la \u0160koda Titan Desert. El Aural Team encabezado por Abel Ant\u00f3n intentar\u00e1 ayudar a Silvia Gonz\u00e1lez a terminar la Titan 2024.\" \/>\n<meta property=\"og:url\" content=\"https:\/\/www.welovecycling.com\/es\/2024\/01\/29\/el-motor-de-la-skoda-titan-desert\/\" \/>\n<meta property=\"og:site_name\" content=\"\u0160koda We Love Cycling - Spain\" \/>\n<meta property=\"article:published_time\" content=\"2024-01-29T18:56:33+00:00\" \/>\n<meta property=\"og:image\" content=\"https:\/\/d2p6e6u75xmxt8.cloudfront.net\/6\/2024\/01\/DSC07481-scaled.webp\" \/>\n\t<meta property=\"og:image:width\" content=\"2560\" \/>\n\t<meta property=\"og:image:height\" content=\"1707\" \/>\n\t<meta property=\"og:image:type\" content=\"image\/webp\" \/>\n<meta name=\"author\" content=\"We Love Cycling Spain\" \/>\n<meta name=\"twitter:card\" content=\"summary_large_image\" \/>\n<meta name=\"twitter:description\" content=\"El motor de la \u0160koda Titan Desert. El Aural Team encabezado por Abel Ant\u00f3n intentar\u00e1 ayudar a Silvia Gonz\u00e1lez a terminar la Titan 2024.\" \/>\n<meta name=\"twitter:label1\" content=\"Written by\" \/>\n\t<meta name=\"twitter:data1\" content=\"Luis Ortega @Ciclored\" \/>\n\t<meta name=\"twitter:label2\" content=\"Est. reading time\" \/>\n\t<meta name=\"twitter:data2\" content=\"3 minutes\" \/>\n<script type=\"application\/ld+json\" class=\"yoast-schema-graph\">{\"@context\":\"https:\/\/schema.org\",\"@graph\":[{\"@type\":\"WebPage\",\"@id\":\"https:\/\/www.welovecycling.com\/es\/2024\/01\/29\/el-motor-de-la-skoda-titan-desert\/\",\"url\":\"https:\/\/www.welovecycling.com\/es\/2024\/01\/29\/el-motor-de-la-skoda-titan-desert\/\",\"name\":\"El motor de la \u0160koda Titan Desert - \u0160koda We Love Cycling - Spain\",\"isPartOf\":{\"@id\":\"https:\/\/www.welovecycling.com\/es\/#website\"},\"primaryImageOfPage\":{\"@id\":\"https:\/\/www.welovecycling.com\/es\/2024\/01\/29\/el-motor-de-la-skoda-titan-desert\/#primaryimage\"},\"image\":{\"@id\":\"https:\/\/www.welovecycling.com\/es\/2024\/01\/29\/el-motor-de-la-skoda-titan-desert\/#primaryimage\"},\"thumbnailUrl\":\"https:\/\/d2p6e6u75xmxt8.cloudfront.net\/6\/2024\/01\/DSC07481-scaled.webp\",\"datePublished\":\"2024-01-29T18:56:33+00:00\",\"author\":{\"@id\":\"https:\/\/www.welovecycling.com\/es\/#\/schema\/person\/deb61715b5812698ee79fb96f343ccd4\"},\"description\":\"El motor de la \u0160koda Titan Desert. El Aural Team encabezado por Abel Ant\u00f3n intentar\u00e1 ayudar a Silvia Gonz\u00e1lez a terminar la Titan 2024.\",\"breadcrumb\":{\"@id\":\"https:\/\/www.welovecycling.com\/es\/2024\/01\/29\/el-motor-de-la-skoda-titan-desert\/#breadcrumb\"},\"inLanguage\":\"es-ES\",\"potentialAction\":[{\"@type\":\"ReadAction\",\"target\":[\"https:\/\/www.welovecycling.com\/es\/2024\/01\/29\/el-motor-de-la-skoda-titan-desert\/\"]}]},{\"@type\":\"ImageObject\",\"inLanguage\":\"es-ES\",\"@id\":\"https:\/\/www.welovecycling.com\/es\/2024\/01\/29\/el-motor-de-la-skoda-titan-desert\/#primaryimage\",\"url\":\"https:\/\/d2p6e6u75xmxt8.cloudfront.net\/6\/2024\/01\/DSC07481-scaled.webp\",\"contentUrl\":\"https:\/\/d2p6e6u75xmxt8.cloudfront.net\/6\/2024\/01\/DSC07481-scaled.webp\",\"width\":2560,\"height\":1707},{\"@type\":\"BreadcrumbList\",\"@id\":\"https:\/\/www.welovecycling.com\/es\/2024\/01\/29\/el-motor-de-la-skoda-titan-desert\/#breadcrumb\",\"itemListElement\":[{\"@type\":\"ListItem\",\"position\":1,\"name\":\"Home\",\"item\":\"https:\/\/www.welovecycling.com\/es\/\"},{\"@type\":\"ListItem\",\"position\":2,\"name\":\"El motor de la \u0160koda Titan Desert\"}]},{\"@type\":\"WebSite\",\"@id\":\"https:\/\/www.welovecycling.com\/es\/#website\",\"url\":\"https:\/\/www.welovecycling.com\/es\/\",\"name\":\"\u0160koda We Love Cycling - Spain\",\"description\":\"\u0160koda WeLoveCycling Spain\",\"potentialAction\":[{\"@type\":\"SearchAction\",\"target\":{\"@type\":\"EntryPoint\",\"urlTemplate\":\"https:\/\/www.welovecycling.com\/es\/?s={search_term_string}\"},\"query-input\":{\"@type\":\"PropertyValueSpecification\",\"valueRequired\":true,\"valueName\":\"search_term_string\"}}],\"inLanguage\":\"es-ES\"},{\"@type\":\"Person\",\"@id\":\"https:\/\/www.welovecycling.com\/es\/#\/schema\/person\/deb61715b5812698ee79fb96f343ccd4\",\"name\":\"We Love Cycling Spain\",\"image\":{\"@type\":\"ImageObject\",\"inLanguage\":\"es-ES\",\"@id\":\"https:\/\/www.welovecycling.com\/es\/#\/schema\/person\/image\/\",\"url\":\"https:\/\/secure.gravatar.com\/avatar\/c824b04e6df0e37a03219d0b6481672889df542894588964102459e46513159c?s=96&d=mm&r=g\",\"contentUrl\":\"https:\/\/secure.gravatar.com\/avatar\/c824b04e6df0e37a03219d0b6481672889df542894588964102459e46513159c?s=96&d=mm&r=g\",\"caption\":\"We Love Cycling Spain\"},\"url\":\"https:\/\/www.welovecycling.com\/es\/author\/amunoz\/\"}]}<\/script>\n<!-- \/ Yoast SEO Premium plugin. -->","yoast_head_json":{"title":"El motor de la \u0160koda Titan Desert - \u0160koda We Love Cycling - Spain","description":"El motor de la \u0160koda Titan Desert. El Aural Team encabezado por Abel Ant\u00f3n intentar\u00e1 ayudar a Silvia Gonz\u00e1lez a terminar la Titan 2024.","robots":{"index":"index","follow":"follow","max-snippet":"max-snippet:-1","max-image-preview":"max-image-preview:large","max-video-preview":"max-video-preview:-1"},"canonical":"https:\/\/www.welovecycling.com\/es\/2024\/01\/29\/el-motor-de-la-skoda-titan-desert\/","og_locale":"es_ES","og_type":"article","og_title":"El motor de la \u0160koda Titan Desert","og_description":"El motor de la \u0160koda Titan Desert. El Aural Team encabezado por Abel Ant\u00f3n intentar\u00e1 ayudar a Silvia Gonz\u00e1lez a terminar la Titan 2024.","og_url":"https:\/\/www.welovecycling.com\/es\/2024\/01\/29\/el-motor-de-la-skoda-titan-desert\/","og_site_name":"\u0160koda We Love Cycling - Spain","article_published_time":"2024-01-29T18:56:33+00:00","og_image":[{"width":2560,"height":1707,"url":"https:\/\/d2p6e6u75xmxt8.cloudfront.net\/6\/2024\/01\/DSC07481-scaled.webp","type":"image\/webp"}],"author":"We Love Cycling Spain","twitter_card":"summary_large_image","twitter_description":"El motor de la \u0160koda Titan Desert. El Aural Team encabezado por Abel Ant\u00f3n intentar\u00e1 ayudar a Silvia Gonz\u00e1lez a terminar la Titan 2024.","twitter_misc":{"Written by":"Luis Ortega @Ciclored","Est. reading time":"3 minutes"},"schema":{"@context":"https:\/\/schema.org","@graph":[{"@type":"WebPage","@id":"https:\/\/www.welovecycling.com\/es\/2024\/01\/29\/el-motor-de-la-skoda-titan-desert\/","url":"https:\/\/www.welovecycling.com\/es\/2024\/01\/29\/el-motor-de-la-skoda-titan-desert\/","name":"El motor de la \u0160koda Titan Desert - \u0160koda We Love Cycling - Spain","isPartOf":{"@id":"https:\/\/www.welovecycling.com\/es\/#website"},"primaryImageOfPage":{"@id":"https:\/\/www.welovecycling.com\/es\/2024\/01\/29\/el-motor-de-la-skoda-titan-desert\/#primaryimage"},"image":{"@id":"https:\/\/www.welovecycling.com\/es\/2024\/01\/29\/el-motor-de-la-skoda-titan-desert\/#primaryimage"},"thumbnailUrl":"https:\/\/d2p6e6u75xmxt8.cloudfront.net\/6\/2024\/01\/DSC07481-scaled.webp","datePublished":"2024-01-29T18:56:33+00:00","author":{"@id":"https:\/\/www.welovecycling.com\/es\/#\/schema\/person\/deb61715b5812698ee79fb96f343ccd4"},"description":"El motor de la \u0160koda Titan Desert. El Aural Team encabezado por Abel Ant\u00f3n intentar\u00e1 ayudar a Silvia Gonz\u00e1lez a terminar la Titan 2024.","breadcrumb":{"@id":"https:\/\/www.welovecycling.com\/es\/2024\/01\/29\/el-motor-de-la-skoda-titan-desert\/#breadcrumb"},"inLanguage":"es-ES","potentialAction":[{"@type":"ReadAction","target":["https:\/\/www.welovecycling.com\/es\/2024\/01\/29\/el-motor-de-la-skoda-titan-desert\/"]}]},{"@type":"ImageObject","inLanguage":"es-ES","@id":"https:\/\/www.welovecycling.com\/es\/2024\/01\/29\/el-motor-de-la-skoda-titan-desert\/#primaryimage","url":"https:\/\/d2p6e6u75xmxt8.cloudfront.net\/6\/2024\/01\/DSC07481-scaled.webp","contentUrl":"https:\/\/d2p6e6u75xmxt8.cloudfront.net\/6\/2024\/01\/DSC07481-scaled.webp","width":2560,"height":1707},{"@type":"BreadcrumbList","@id":"https:\/\/www.welovecycling.com\/es\/2024\/01\/29\/el-motor-de-la-skoda-titan-desert\/#breadcrumb","itemListElement":[{"@type":"ListItem","position":1,"name":"Home","item":"https:\/\/www.welovecycling.com\/es\/"},{"@type":"ListItem","position":2,"name":"El motor de la \u0160koda Titan Desert"}]},{"@type":"WebSite","@id":"https:\/\/www.welovecycling.com\/es\/#website","url":"https:\/\/www.welovecycling.com\/es\/","name":"\u0160koda We Love Cycling - Spain","description":"\u0160koda WeLoveCycling Spain","potentialAction":[{"@type":"SearchAction","target":{"@type":"EntryPoint","urlTemplate":"https:\/\/www.welovecycling.com\/es\/?s={search_term_string}"},"query-input":{"@type":"PropertyValueSpecification","valueRequired":true,"valueName":"search_term_string"}}],"inLanguage":"es-ES"},{"@type":"Person","@id":"https:\/\/www.welovecycling.com\/es\/#\/schema\/person\/deb61715b5812698ee79fb96f343ccd4","name":"We Love Cycling Spain","image":{"@type":"ImageObject","inLanguage":"es-ES","@id":"https:\/\/www.welovecycling.com\/es\/#\/schema\/person\/image\/","url":"https:\/\/secure.gravatar.com\/avatar\/c824b04e6df0e37a03219d0b6481672889df542894588964102459e46513159c?s=96&d=mm&r=g","contentUrl":"https:\/\/secure.gravatar.com\/avatar\/c824b04e6df0e37a03219d0b6481672889df542894588964102459e46513159c?s=96&d=mm&r=g","caption":"We Love Cycling Spain"},"url":"https:\/\/www.welovecycling.com\/es\/author\/amunoz\/"}]}},"_links":{"self":[{"href":"https:\/\/www.welovecycling.com\/es\/wp-json\/wp\/v2\/posts\/10547","targetHints":{"allow":["GET"]}}],"collection":[{"href":"https:\/\/www.welovecycling.com\/es\/wp-json\/wp\/v2\/posts"}],"about":[{"href":"https:\/\/www.welovecycling.com\/es\/wp-json\/wp\/v2\/types\/post"}],"author":[{"embeddable":true,"href":"https:\/\/www.welovecycling.com\/es\/wp-json\/wp\/v2\/users\/29"}],"replies":[{"embeddable":true,"href":"https:\/\/www.welovecycling.com\/es\/wp-json\/wp\/v2\/comments?post=10547"}],"version-history":[{"count":1,"href":"https:\/\/www.welovecycling.com\/es\/wp-json\/wp\/v2\/posts\/10547\/revisions"}],"predecessor-version":[{"id":10549,"href":"https:\/\/www.welovecycling.com\/es\/wp-json\/wp\/v2\/posts\/10547\/revisions\/10549"}],"wp:featuredmedia":[{"embeddable":true,"href":"https:\/\/www.welovecycling.com\/es\/wp-json\/wp\/v2\/media\/10548"}],"wp:attachment":[{"href":"https:\/\/www.welovecycling.com\/es\/wp-json\/wp\/v2\/media?parent=10547"}],"wp:term":[{"taxonomy":"category","embeddable":true,"href":"https:\/\/www.welovecycling.com\/es\/wp-json\/wp\/v2\/categories?post=10547"},{"taxonomy":"post_tag","embeddable":true,"href":"https:\/\/www.welovecycling.com\/es\/wp-json\/wp\/v2\/tags?post=10547"},{"taxonomy":"global-categories","embeddable":true,"href":"https:\/\/www.welovecycling.com\/es\/wp-json\/wp\/v2\/global-categories?post=10547"}],"curies":[{"name":"wp","href":"https:\/\/api.w.org\/{rel}","templated":true}]}}