{"id":10535,"date":"2024-01-25T13:22:29","date_gmt":"2024-01-25T11:22:29","guid":{"rendered":"https:\/\/www.welovecycling.com\/es\/?p=10535"},"modified":"2024-01-23T20:19:26","modified_gmt":"2024-01-23T18:19:26","slug":"rally-bikepacking","status":"publish","type":"post","link":"https:\/\/www.welovecycling.com\/es\/2024\/01\/25\/rally-bikepacking\/","title":{"rendered":"Tu primer rally de bikepacking"},"content":{"rendered":"<p style=\"font-weight: 400;\"><strong>Si te gusta montar en bici por lugares aventureros durante mucho tiempo y rodeado de gente con tus mismas inquietudes, un rally de bikepacking puede ser lo que buscas. Pero, \u00bfqu\u00e9 es un rally de bikepacking?<\/strong><\/p>\n<p><!--more--><\/p>\n<p>Imag\u00ednate una carrera en la que tienes que llevar todo tu equipo, pero no es una carrera y tienes la oportunidad de disfrutar de una gran ruta, mientras disfrutas de la cultura local, de la gente y de la conducci\u00f3n, a un ritmo que casi siempre marcas t\u00fa. Suele haber una fecha de salida y otra de llegada, y aparte de seguir una ruta definida, lo que hagas dentro de esas fechas depende de ti. En cierto modo, es un audax todoterreno.<\/p>\n<p>Suele suponer un reto, pero no es una carrera, sino m\u00e1s bien un entorno de apoyo en el que puedes esforzarte entre otras personas que hacen lo mismo. En resumen, es GENIAL.<\/p>\n<h2 style=\"font-weight: 400;\"><strong>\u00bfC\u00f3mo se que estoy preparado para un rally de bikepacking?<\/strong><\/h2>\n<p style=\"font-weight: 400;\">Para ser sincero, puede que no lo est\u00e9s. A no ser que hayas hecho rutas de larga distancia y de varios d\u00edas, por supuesto. En ese caso, es muy posible que no tengas problemas. Pero a menudo habr\u00e1 otras personas en la l\u00ednea de salida de un rally de bikepacking que nunca han hecho algo as\u00ed antes. Esa es la belleza de un rally, la gran variedad de experiencias. Desde otros novatos que te hacen compa\u00f1\u00eda, hasta los que llevan toda la vida en la bici y pueden ofrecerte una gran perspectiva.<\/p>\n<p style=\"font-weight: 400;\">Dentro de lo razonable, ya habr\u00e1s hecho alguna noche o alg\u00fan d\u00eda largo seguido en bici, as\u00ed que, como m\u00ednimo, sabes que no lo vas a odiar. No querr\u00e1s llegar a la mitad del viaje, decidir que no es para ti y que, en cuanto llegues a casa, vender\u00e1s la bici en la tienda m\u00e1s cercana y te dedicar\u00e1s a hacer ganchillo. Puede que haya momentos en los que te sientas as\u00ed, pero nunca duran.<\/p>\n<h2 style=\"font-weight: 400;\"><strong>No estoy seguro\u2026<\/strong><\/h2>\n<p style=\"font-weight: 400;\">Hay un mont\u00f3n de organizaciones de expedici\u00f3n a las que podr\u00edas unirte. Tendr\u00e1s la oportunidad de probar el equipo y compartir conocimientos, y despu\u00e9s te sentir\u00e1s m\u00e1s preparado para embarcarte en un desaf\u00edo con autonom\u00eda. Empresas como <a href=\"https:\/\/www.pannier.cc\/bikepacking-tours-expeditions\/\">Pannier.CC,<\/a> S<a href=\"https:\/\/sistersinthewild.com\/rbikepacking-trips\">isters in the Wild<\/a> o <a href=\"https:\/\/tdaglobalcycling.com\/about-guided-bikepacking\/\">TDA Global Cyclin<\/a> ofrecen viajes guiados en los que se encargan de la log\u00edstica, \u00a1t\u00fa s\u00f3lo tienes que presentarte!<\/p>\n<figure id=\"attachment_10537\" aria-describedby=\"caption-attachment-10537\" style=\"width: 1050px\" class=\"wp-caption alignnone\"><a href=\"https:\/\/d2p6e6u75xmxt8.cloudfront.net\/6\/2024\/01\/Sisters-in-the-wild-1.webp\"><img loading=\"lazy\" decoding=\"async\" class=\"wp-image-10537 size-full\" src=\"https:\/\/d2p6e6u75xmxt8.cloudfront.net\/6\/2024\/01\/Sisters-in-the-wild-1.webp\" alt=\"Women Bikepacking\" width=\"1050\" height=\"700\" srcset=\"https:\/\/d2p6e6u75xmxt8.cloudfront.net\/6\/2024\/01\/Sisters-in-the-wild-1.webp 1050w, https:\/\/d2p6e6u75xmxt8.cloudfront.net\/6\/2024\/01\/Sisters-in-the-wild-1-300x200.webp 300w, https:\/\/d2p6e6u75xmxt8.cloudfront.net\/6\/2024\/01\/Sisters-in-the-wild-1-1024x683.webp 1024w, https:\/\/d2p6e6u75xmxt8.cloudfront.net\/6\/2024\/01\/Sisters-in-the-wild-1-768x512.webp 768w, https:\/\/d2p6e6u75xmxt8.cloudfront.net\/6\/2024\/01\/Sisters-in-the-wild-1-400x267.webp 400w, https:\/\/d2p6e6u75xmxt8.cloudfront.net\/6\/2024\/01\/Sisters-in-the-wild-1-272x182.webp 272w\" sizes=\"auto, (max-width: 1050px) 100vw, 1050px\" \/><\/a><figcaption id=\"caption-attachment-10537\" class=\"wp-caption-text\">Sisters in the Wild es una comunidad que trabaja para crear un entorno en el que las personas que no son hombres puedan sentirse capaces de ampliar su zona de confort en un entorno seguro y solidario.<\/figcaption><\/figure>\n<h2 style=\"font-weight: 400;\"><strong><br \/>\n\u00bfC\u00f3mo elegir en qu\u00e9 rally de bikepacking participar?<\/strong><\/h2>\n<p>Tu ubicaci\u00f3n o el destino deseado pueden facilitarle esta elecci\u00f3n. Pero tambi\u00e9n puede depender de tus preferencias personales a la hora de montar en bicicleta, as\u00ed como de tu capacidad actual. Investiga qu\u00e9 pruebas hay disponibles, teniendo en cuenta factores como la distancia, el terreno y el tipo de servicios a lo largo de la ruta: si esperas hoteles de 5* con muchos caf\u00e9s a lo largo de la ruta, o un remoto refugio de monta\u00f1a y una cena bajo las estrellas.<\/p>\n<p>Si te apetece ir m\u00e1s all\u00e1 de tu zona de confort en un lugar nuevo y emocionante, entonces habr\u00e1 mucho que ofrecer. La belleza del cicloturismo radica en lo desconocido y emocionante, y en los hermosos lugares que se ven en la ruta.<\/p>\n<h2 style=\"font-weight: 400;\"><strong>The Tuscany Trail, Italia<\/strong><\/h2>\n<p style=\"font-weight: 400;\">Esta es una buena opci\u00f3n si te gusta la compa\u00f1\u00eda, ya que The Tuscany Trail rally es uno de los eventos de bikepacking m\u00e1s populares que existen. No es una carrera, y podr\u00e1s disfrutar de las impresionantes vistas, la comida y la bebida que ofrece la Toscana.<br \/>\n<strong><br \/>\n\u00bfCu\u00e1ntos kil\u00f3metros?<\/strong> 550 km<\/p>\n<p style=\"font-weight: 400;\"><strong>Tipo de terreno<\/strong> En esta ruta ondulada encontrar\u00e1s tierra, gravilla, hierba y senderos.<\/p>\n<p style=\"font-weight: 400;\"><b>Fecha ideal <\/b><span style=\"font-weight: 400;\">Mayo<\/span><\/p>\n<h2 style=\"font-weight: 400;\"><strong>The Calder Divide Trail, Inglaterra<\/strong><\/h2>\n<p style=\"font-weight: 400;\">Si est\u00e1s en el Reino Unido o te gustar\u00eda visitar esta parte menos tur\u00edstica del norte de Inglaterra, la ruta Calder Divide Trail te ofrece una acogedora experiencia en bikepacking. Puedes optar por el autosoporte o alojarte en su pueblo de acampada con opci\u00f3n de traslado de equipaje<\/p>\n<p style=\"font-weight: 400;\"><strong>\u00bfCu\u00e1ntos kil\u00f3metros?<\/strong> 4 opciones de ruta de 160 a 260 km<\/p>\n<p style=\"font-weight: 400;\"><strong>Tipo de terreno<\/strong> 70% de caminos cruzando 12 valles, 6 p\u00e1ramos y 1 llanura aluvial en West Yorkshire, Inglaterra.<\/p>\n<p style=\"font-weight: 400;\"><b>Fecha ideal <\/b>Septiembre<\/p>\n<h2 style=\"font-weight: 400;\"><strong>El Gran Guanche, Spain<\/strong><\/h2>\n<p style=\"font-weight: 400;\">Si lo que busca son paisajes \u00e9picos, las Islas Canarias le ofrecen la posibilidad de explorar un paisaje siempre cambiante, atravesando el archipi\u00e9lago gracias a los conocimientos locales, el sendero GR131 y los senderos de carrera establecidos. Hay para todos los gustos.<\/p>\n<p style=\"font-weight: 400;\"><strong>\u00bfCu\u00e1ntos kil\u00f3metros? <\/strong>Tres opciones de 600 a 800 km y de 14.000 a 20.000 m de desnivel.<\/p>\n<p style=\"font-weight: 400;\"><strong>Tipo de terreno<\/strong> Cada ruta cubre un terreno ligeramente diferente para diferentes preferencias y habilidades t\u00e9cnicas.<\/p>\n<p style=\"font-weight: 400;\"><b>Fecha ideal <\/b>Depende, puedes unirte a un &#8216;audax&#8217; para un mayor desaf\u00edo, o unirte a uno de los viajes en grupo durante todo el a\u00f1o.<\/p>\n<h2 style=\"font-weight: 400;\"><strong>Sol de medianoche, Finlandia<\/strong><em><br \/>\n<\/em><\/h2>\n<p style=\"font-weight: 400;\">Recorre el Sol de Medianoche en Finlandia para explorar las excepcionales carreteras de grava y los bosques de una zona salvaje, \u00a1especialmente si quieres disponer de mucha luz diurna para verlo todo!<\/p>\n<p style=\"font-weight: 400;\"><strong>\u00bfCu\u00e1ntos kil\u00f3metros?<\/strong>Elige entre la ruta Mille: m\u00e1s de 1000 km y 8500 m de desnivel, o la ruta Explorer: 690 km y m\u00e1s de 5000 m de desnivel.<\/p>\n<p style=\"font-weight: 400;\"><strong>Tipo de terreno<\/strong> Ambas rutas son aproximadamente 50\/50 todoterreno\/asfalto..<\/p>\n<p style=\"font-weight: 400;\"><b>Fecha ideal <\/b>Junia<\/p>\n<h2 style=\"font-weight: 400;\"><strong>Carso Trail, Italia y Eslovenia<\/strong><em><br \/>\n<\/em><\/h2>\n<p style=\"font-weight: 400;\">La Carso Trail te da 4 d\u00edas para cubrir toda la ruta, con tres versiones: cl\u00e1sica, r\u00e1pida y de aventura, puedes elegir tu propio viaje. Pero con las tres explorar\u00e1s la zona hist\u00f3rica y naturalmente bella que limita con Italia y Eslovenia, ofreciendo una experiencia enriquecedora en m\u00e1s de un sentido.<\/p>\n<p style=\"font-weight: 400;\"><strong>\u00bfCu\u00e1ntos kil\u00f3metros?<\/strong> 340 km con m\u00e1s de 6000 m de desnivel<\/p>\n<p style=\"font-weight: 400;\"><strong>Tipo de terreno<\/strong> Estar\u00e1s fuera de la carretera alrededor del 70% del tiempo, y puedes esperar rodar casi el 100% &#8211; dependiendo de la ruta que tomes.<\/p>\n<p style=\"font-weight: 400;\"><b>Fecha ideal <\/b>Mayo<\/p>\n<h2 style=\"font-weight: 400;\"><strong>\u00bfC\u00f3mo puedo prepararme para un rally de Bikepacking?<\/strong><\/h2>\n<p>Puedes echar un vistazo a nuestra serie de &#8220;<a href=\"https:\/\/www.welovecycling.com\/es\/2021\/01\/31\/equipaje-basico-para-rutas-bikepacking\/\">Consejos para bikepacking<\/a>&#8221; para saberlo todo, desde qu\u00e9 mochilas llevar hasta c\u00f3mo abastecerte adecuadamente en tu aventura.<\/p>\n<p>Participar en un rally es una experiencia compartida incluso antes de que empiece, as\u00ed que \u00bfpor qu\u00e9 no te pones en contacto con tus compa\u00f1eros y ves si tienen alguna idea que ofrecerte? Si participa en una expedici\u00f3n, los organizadores tambi\u00e9n le ayudar\u00e1n a prepararse.<\/p>\n<p>Sea cual sea la ruta que elijas, debes saber que es la adecuada para ti. El bikepacking no tiene por qu\u00e9 ser una competici\u00f3n, siempre que disfrutes del viaje. Y qui\u00e9n sabe, tal vez alg\u00fan d\u00eda te apetezca ir m\u00e1s all\u00e1 y participar en una carrera de bikepacking.<\/p>\n","protected":false},"excerpt":{"rendered":"<p>Si te gusta montar en bici por lugares aventureros durante mucho tiempo y rodeado de gente con tus mismas inquietudes, [&hellip;]<\/p>\n","protected":false},"author":29,"featured_media":10540,"comment_status":"open","ping_status":"open","sticky":false,"template":"","format":"standard","meta":{"footnotes":""},"categories":[9],"tags":[458],"global-categories":[],"class_list":["post-10535","post","type-post","status-publish","format-standard","has-post-thumbnail","hentry","category-mtb-aventura","tag-bikepacking"],"yoast_head":"<!-- This site is optimized with the Yoast SEO Premium plugin v25.3 (Yoast SEO v25.9) - https:\/\/yoast.com\/wordpress\/plugins\/seo\/ -->\n<title>Tu primer rally de bikepacking - \u0160koda We Love Cycling - Spain<\/title>\n<meta name=\"description\" content=\"Tu primer rally de bikepacking. Consejos para sumirte en la aventura de viajar con mochilas en eventos.\" \/>\n<meta name=\"robots\" content=\"index, follow, max-snippet:-1, max-image-preview:large, max-video-preview:-1\" \/>\n<link rel=\"canonical\" href=\"https:\/\/www.welovecycling.com\/es\/2024\/01\/25\/rally-bikepacking\/\" \/>\n<meta property=\"og:locale\" content=\"es_ES\" \/>\n<meta property=\"og:type\" content=\"article\" \/>\n<meta property=\"og:title\" content=\"Tu primer rally de bikepacking\" \/>\n<meta property=\"og:description\" content=\"Tu primer rally de bikepacking. Consejos para sumirte en la aventura de viajar con mochilas en eventos.\" \/>\n<meta property=\"og:url\" content=\"https:\/\/www.welovecycling.com\/es\/2024\/01\/25\/rally-bikepacking\/\" \/>\n<meta property=\"og:site_name\" content=\"\u0160koda We Love Cycling - Spain\" \/>\n<meta property=\"article:published_time\" content=\"2024-01-25T11:22:29+00:00\" \/>\n<meta property=\"og:image\" content=\"https:\/\/d2p6e6u75xmxt8.cloudfront.net\/6\/2024\/01\/Bikepacking-bicycles-profimedia-0361761231-CVR.webp\" \/>\n\t<meta property=\"og:image:width\" content=\"990\" \/>\n\t<meta property=\"og:image:height\" content=\"660\" \/>\n\t<meta property=\"og:image:type\" content=\"image\/webp\" \/>\n<meta name=\"author\" content=\"We Love Cycling Spain\" \/>\n<meta name=\"twitter:card\" content=\"summary_large_image\" \/>\n<meta name=\"twitter:description\" content=\"Tu primer rally de bikepacking. Consejos para sumirte en la aventura de viajar con mochilas en eventos.\" \/>\n<meta name=\"twitter:label1\" content=\"Written by\" \/>\n\t<meta name=\"twitter:data1\" content=\"Charlotte Murray\" \/>\n\t<meta name=\"twitter:label2\" content=\"Est. reading time\" \/>\n\t<meta name=\"twitter:data2\" content=\"4\" \/>\n<script type=\"application\/ld+json\" class=\"yoast-schema-graph\">{\"@context\":\"https:\/\/schema.org\",\"@graph\":[{\"@type\":\"WebPage\",\"@id\":\"https:\/\/www.welovecycling.com\/es\/2024\/01\/25\/rally-bikepacking\/\",\"url\":\"https:\/\/www.welovecycling.com\/es\/2024\/01\/25\/rally-bikepacking\/\",\"name\":\"Tu primer rally de bikepacking - \u0160koda We Love Cycling - Spain\",\"isPartOf\":{\"@id\":\"https:\/\/www.welovecycling.com\/es\/#website\"},\"primaryImageOfPage\":{\"@id\":\"https:\/\/www.welovecycling.com\/es\/2024\/01\/25\/rally-bikepacking\/#primaryimage\"},\"image\":{\"@id\":\"https:\/\/www.welovecycling.com\/es\/2024\/01\/25\/rally-bikepacking\/#primaryimage\"},\"thumbnailUrl\":\"https:\/\/d2p6e6u75xmxt8.cloudfront.net\/6\/2024\/01\/Bikepacking-bicycles-profimedia-0361761231-CVR.webp\",\"datePublished\":\"2024-01-25T11:22:29+00:00\",\"author\":{\"@id\":\"https:\/\/www.welovecycling.com\/es\/#\/schema\/person\/deb61715b5812698ee79fb96f343ccd4\"},\"description\":\"Tu primer rally de bikepacking. Consejos para sumirte en la aventura de viajar con mochilas en eventos.\",\"breadcrumb\":{\"@id\":\"https:\/\/www.welovecycling.com\/es\/2024\/01\/25\/rally-bikepacking\/#breadcrumb\"},\"inLanguage\":\"es-ES\",\"potentialAction\":[{\"@type\":\"ReadAction\",\"target\":[\"https:\/\/www.welovecycling.com\/es\/2024\/01\/25\/rally-bikepacking\/\"]}]},{\"@type\":\"ImageObject\",\"inLanguage\":\"es-ES\",\"@id\":\"https:\/\/www.welovecycling.com\/es\/2024\/01\/25\/rally-bikepacking\/#primaryimage\",\"url\":\"https:\/\/d2p6e6u75xmxt8.cloudfront.net\/6\/2024\/01\/Bikepacking-bicycles-profimedia-0361761231-CVR.webp\",\"contentUrl\":\"https:\/\/d2p6e6u75xmxt8.cloudfront.net\/6\/2024\/01\/Bikepacking-bicycles-profimedia-0361761231-CVR.webp\",\"width\":990,\"height\":660,\"caption\":\"Bikepacking\"},{\"@type\":\"BreadcrumbList\",\"@id\":\"https:\/\/www.welovecycling.com\/es\/2024\/01\/25\/rally-bikepacking\/#breadcrumb\",\"itemListElement\":[{\"@type\":\"ListItem\",\"position\":1,\"name\":\"Home\",\"item\":\"https:\/\/www.welovecycling.com\/es\/\"},{\"@type\":\"ListItem\",\"position\":2,\"name\":\"Tu primer rally de bikepacking\"}]},{\"@type\":\"WebSite\",\"@id\":\"https:\/\/www.welovecycling.com\/es\/#website\",\"url\":\"https:\/\/www.welovecycling.com\/es\/\",\"name\":\"\u0160koda We Love Cycling - Spain\",\"description\":\"\u0160koda WeLoveCycling Spain\",\"potentialAction\":[{\"@type\":\"SearchAction\",\"target\":{\"@type\":\"EntryPoint\",\"urlTemplate\":\"https:\/\/www.welovecycling.com\/es\/?s={search_term_string}\"},\"query-input\":{\"@type\":\"PropertyValueSpecification\",\"valueRequired\":true,\"valueName\":\"search_term_string\"}}],\"inLanguage\":\"es-ES\"},{\"@type\":\"Person\",\"@id\":\"https:\/\/www.welovecycling.com\/es\/#\/schema\/person\/deb61715b5812698ee79fb96f343ccd4\",\"name\":\"We Love Cycling Spain\",\"image\":{\"@type\":\"ImageObject\",\"inLanguage\":\"es-ES\",\"@id\":\"https:\/\/www.welovecycling.com\/es\/#\/schema\/person\/image\/\",\"url\":\"https:\/\/secure.gravatar.com\/avatar\/c824b04e6df0e37a03219d0b6481672889df542894588964102459e46513159c?s=96&d=mm&r=g\",\"contentUrl\":\"https:\/\/secure.gravatar.com\/avatar\/c824b04e6df0e37a03219d0b6481672889df542894588964102459e46513159c?s=96&d=mm&r=g\",\"caption\":\"We Love Cycling Spain\"},\"url\":\"https:\/\/www.welovecycling.com\/es\/author\/amunoz\/\"}]}<\/script>\n<!-- \/ Yoast SEO Premium plugin. -->","yoast_head_json":{"title":"Tu primer rally de bikepacking - \u0160koda We Love Cycling - Spain","description":"Tu primer rally de bikepacking. Consejos para sumirte en la aventura de viajar con mochilas en eventos.","robots":{"index":"index","follow":"follow","max-snippet":"max-snippet:-1","max-image-preview":"max-image-preview:large","max-video-preview":"max-video-preview:-1"},"canonical":"https:\/\/www.welovecycling.com\/es\/2024\/01\/25\/rally-bikepacking\/","og_locale":"es_ES","og_type":"article","og_title":"Tu primer rally de bikepacking","og_description":"Tu primer rally de bikepacking. Consejos para sumirte en la aventura de viajar con mochilas en eventos.","og_url":"https:\/\/www.welovecycling.com\/es\/2024\/01\/25\/rally-bikepacking\/","og_site_name":"\u0160koda We Love Cycling - Spain","article_published_time":"2024-01-25T11:22:29+00:00","og_image":[{"width":990,"height":660,"url":"https:\/\/d2p6e6u75xmxt8.cloudfront.net\/6\/2024\/01\/Bikepacking-bicycles-profimedia-0361761231-CVR.webp","type":"image\/webp"}],"author":"We Love Cycling Spain","twitter_card":"summary_large_image","twitter_description":"Tu primer rally de bikepacking. Consejos para sumirte en la aventura de viajar con mochilas en eventos.","twitter_misc":{"Written by":"Charlotte Murray","Est. reading time":"4"},"schema":{"@context":"https:\/\/schema.org","@graph":[{"@type":"WebPage","@id":"https:\/\/www.welovecycling.com\/es\/2024\/01\/25\/rally-bikepacking\/","url":"https:\/\/www.welovecycling.com\/es\/2024\/01\/25\/rally-bikepacking\/","name":"Tu primer rally de bikepacking - \u0160koda We Love Cycling - Spain","isPartOf":{"@id":"https:\/\/www.welovecycling.com\/es\/#website"},"primaryImageOfPage":{"@id":"https:\/\/www.welovecycling.com\/es\/2024\/01\/25\/rally-bikepacking\/#primaryimage"},"image":{"@id":"https:\/\/www.welovecycling.com\/es\/2024\/01\/25\/rally-bikepacking\/#primaryimage"},"thumbnailUrl":"https:\/\/d2p6e6u75xmxt8.cloudfront.net\/6\/2024\/01\/Bikepacking-bicycles-profimedia-0361761231-CVR.webp","datePublished":"2024-01-25T11:22:29+00:00","author":{"@id":"https:\/\/www.welovecycling.com\/es\/#\/schema\/person\/deb61715b5812698ee79fb96f343ccd4"},"description":"Tu primer rally de bikepacking. Consejos para sumirte en la aventura de viajar con mochilas en eventos.","breadcrumb":{"@id":"https:\/\/www.welovecycling.com\/es\/2024\/01\/25\/rally-bikepacking\/#breadcrumb"},"inLanguage":"es-ES","potentialAction":[{"@type":"ReadAction","target":["https:\/\/www.welovecycling.com\/es\/2024\/01\/25\/rally-bikepacking\/"]}]},{"@type":"ImageObject","inLanguage":"es-ES","@id":"https:\/\/www.welovecycling.com\/es\/2024\/01\/25\/rally-bikepacking\/#primaryimage","url":"https:\/\/d2p6e6u75xmxt8.cloudfront.net\/6\/2024\/01\/Bikepacking-bicycles-profimedia-0361761231-CVR.webp","contentUrl":"https:\/\/d2p6e6u75xmxt8.cloudfront.net\/6\/2024\/01\/Bikepacking-bicycles-profimedia-0361761231-CVR.webp","width":990,"height":660,"caption":"Bikepacking"},{"@type":"BreadcrumbList","@id":"https:\/\/www.welovecycling.com\/es\/2024\/01\/25\/rally-bikepacking\/#breadcrumb","itemListElement":[{"@type":"ListItem","position":1,"name":"Home","item":"https:\/\/www.welovecycling.com\/es\/"},{"@type":"ListItem","position":2,"name":"Tu primer rally de bikepacking"}]},{"@type":"WebSite","@id":"https:\/\/www.welovecycling.com\/es\/#website","url":"https:\/\/www.welovecycling.com\/es\/","name":"\u0160koda We Love Cycling - Spain","description":"\u0160koda WeLoveCycling Spain","potentialAction":[{"@type":"SearchAction","target":{"@type":"EntryPoint","urlTemplate":"https:\/\/www.welovecycling.com\/es\/?s={search_term_string}"},"query-input":{"@type":"PropertyValueSpecification","valueRequired":true,"valueName":"search_term_string"}}],"inLanguage":"es-ES"},{"@type":"Person","@id":"https:\/\/www.welovecycling.com\/es\/#\/schema\/person\/deb61715b5812698ee79fb96f343ccd4","name":"We Love Cycling Spain","image":{"@type":"ImageObject","inLanguage":"es-ES","@id":"https:\/\/www.welovecycling.com\/es\/#\/schema\/person\/image\/","url":"https:\/\/secure.gravatar.com\/avatar\/c824b04e6df0e37a03219d0b6481672889df542894588964102459e46513159c?s=96&d=mm&r=g","contentUrl":"https:\/\/secure.gravatar.com\/avatar\/c824b04e6df0e37a03219d0b6481672889df542894588964102459e46513159c?s=96&d=mm&r=g","caption":"We Love Cycling Spain"},"url":"https:\/\/www.welovecycling.com\/es\/author\/amunoz\/"}]}},"_links":{"self":[{"href":"https:\/\/www.welovecycling.com\/es\/wp-json\/wp\/v2\/posts\/10535","targetHints":{"allow":["GET"]}}],"collection":[{"href":"https:\/\/www.welovecycling.com\/es\/wp-json\/wp\/v2\/posts"}],"about":[{"href":"https:\/\/www.welovecycling.com\/es\/wp-json\/wp\/v2\/types\/post"}],"author":[{"embeddable":true,"href":"https:\/\/www.welovecycling.com\/es\/wp-json\/wp\/v2\/users\/29"}],"replies":[{"embeddable":true,"href":"https:\/\/www.welovecycling.com\/es\/wp-json\/wp\/v2\/comments?post=10535"}],"version-history":[{"count":3,"href":"https:\/\/www.welovecycling.com\/es\/wp-json\/wp\/v2\/posts\/10535\/revisions"}],"predecessor-version":[{"id":10543,"href":"https:\/\/www.welovecycling.com\/es\/wp-json\/wp\/v2\/posts\/10535\/revisions\/10543"}],"wp:featuredmedia":[{"embeddable":true,"href":"https:\/\/www.welovecycling.com\/es\/wp-json\/wp\/v2\/media\/10540"}],"wp:attachment":[{"href":"https:\/\/www.welovecycling.com\/es\/wp-json\/wp\/v2\/media?parent=10535"}],"wp:term":[{"taxonomy":"category","embeddable":true,"href":"https:\/\/www.welovecycling.com\/es\/wp-json\/wp\/v2\/categories?post=10535"},{"taxonomy":"post_tag","embeddable":true,"href":"https:\/\/www.welovecycling.com\/es\/wp-json\/wp\/v2\/tags?post=10535"},{"taxonomy":"global-categories","embeddable":true,"href":"https:\/\/www.welovecycling.com\/es\/wp-json\/wp\/v2\/global-categories?post=10535"}],"curies":[{"name":"wp","href":"https:\/\/api.w.org\/{rel}","templated":true}]}}