{"id":10498,"date":"2024-01-07T20:09:59","date_gmt":"2024-01-07T18:09:59","guid":{"rendered":"https:\/\/www.welovecycling.com\/es\/?p=10498"},"modified":"2024-01-07T20:09:59","modified_gmt":"2024-01-07T18:09:59","slug":"van-der-poel-ciclocross","status":"publish","type":"post","link":"https:\/\/www.welovecycling.com\/es\/2024\/01\/07\/van-der-poel-ciclocross\/","title":{"rendered":"Van der Poel domina el ciclocross esta temporada"},"content":{"rendered":"<p><strong>El resultado &#8216;sorprendente&#8217; del X20 Trofee en Koksijde no fue la victoria de Mathieu van der Poel que domina el ciclocross esta temporada. Al fin y al cabo, no ha perdido ninguna carrera en todo el invierno, y ya son nueve abrumadoras victorias consecutivas en lo que parece una marcha imparable hacia los Campeonatos del Mundo de Tabor en febrero. El tercer puesto fue para el tambi\u00e9n tit\u00e1n del ciclocross Wout van Aert (Visma &#8211; Lease a Bike), que salv\u00f3 un puesto en el podio con una remontada tard\u00eda, pero no pudo alcanzar al joven corredor que poco a poco se est\u00e1 convirtiendo en su n\u00e9mesis, Pim Ronhaar (Baloise Trek).<\/strong><\/p>\n<p><!--more--><\/p>\n<p>Y eso que el inicio fue muy prometedor para Van Aert, que se puso en cabeza en la primera de las siete vueltas y fue capaz de aguantar a Van der Poel durante un rato cuando \u00e9ste hizo su, ya caracter\u00edstica, irrupci\u00f3n en cabeza. Pero Van Aert pronto levant\u00f3 el pie de los pedales, permitiendo a Ronhaar emprender la in\u00fatil persecuci\u00f3n del superior Van der Poel. Al final de la primera vuelta, la ventaja del holand\u00e9s era de 0:07 sobre Ronhaar y de 0:13 sobre van Aert.<\/p>\n<p>Los tres primeros se mantuvieron estables hasta mediados de la tercera vuelta, cuando Van Aert pareci\u00f3 tener dificultades para lidiar con la combinaci\u00f3n de barro profundo y arena h\u00fameda de la carrera y perdi\u00f3 terreno respecto a los l\u00edderes, cayendo al quinto puesto, por detr\u00e1s de Lars van der Haar (Baloise Trek) y Gianni Vermeersch (Alpecin-Deceuninck). Al final de la cuarta vuelta, Ronhaar se encontraba a 0:31 de Van der Poel, con Van Aert a 1:13 y a 0:09 del tercer puesto.<\/p>\n<p>Comenz\u00f3 su remontada en la vuelta 5 y fue capaz de recuperar el tercer puesto al comienzo de la \u00faltima vuelta, a 1:35 del l\u00edder y a s\u00f3lo 0:24 de Ronhaar, que hab\u00eda chocado con el belga en el &#8216;cross&#8217; de Hulst el 30 de diciembre, provoc\u00e1ndole una ca\u00edda y una p\u00e9rdida de terreno que nunca fue capaz de recuperar para subir al podio en esa carrera. Ronhaar, de 22 a\u00f1os, termin\u00f3 tercero en esa carrera y, con su segundo puesto en Koksijde, a 1:20 de van der Poel, se ha consolidado como una futura estrella y una amenaza actual para el orden establecido. <a href=\"https:\/\/www.welovecycling.com\/es\/2023\/01\/20\/van-aert-2023\/\">Van Aert<\/a> termin\u00f3 tercero, a 1:43. El otro miembro de los llamados Tres Grandes, <a href=\"https:\/\/www.welovecycling.com\/es\/2023\/08\/15\/mundiales-glasgow-2023\/\">Tom Pidcock,<\/a> sigue sufriendo la mala suerte este invierno y se vio obligado a no participar en la carrera por enfermedad.<\/p>\n<figure id=\"attachment_10500\" aria-describedby=\"caption-attachment-10500\" style=\"width: 990px\" class=\"wp-caption alignnone\"><a href=\"https:\/\/d2p6e6u75xmxt8.cloudfront.net\/6\/2024\/01\/Pidcock-Cyclo-Cross-profimedia-0830019093-CVR.webp\"><img loading=\"lazy\" decoding=\"async\" class=\"wp-image-10500 size-full\" src=\"https:\/\/d2p6e6u75xmxt8.cloudfront.net\/6\/2024\/01\/Pidcock-Cyclo-Cross-profimedia-0830019093-CVR.webp\" alt=\"Tom Pidcock\" width=\"990\" height=\"660\" srcset=\"https:\/\/d2p6e6u75xmxt8.cloudfront.net\/6\/2024\/01\/Pidcock-Cyclo-Cross-profimedia-0830019093-CVR.webp 990w, https:\/\/d2p6e6u75xmxt8.cloudfront.net\/6\/2024\/01\/Pidcock-Cyclo-Cross-profimedia-0830019093-CVR-300x200.webp 300w, https:\/\/d2p6e6u75xmxt8.cloudfront.net\/6\/2024\/01\/Pidcock-Cyclo-Cross-profimedia-0830019093-CVR-768x512.webp 768w, https:\/\/d2p6e6u75xmxt8.cloudfront.net\/6\/2024\/01\/Pidcock-Cyclo-Cross-profimedia-0830019093-CVR-400x267.webp 400w, https:\/\/d2p6e6u75xmxt8.cloudfront.net\/6\/2024\/01\/Pidcock-Cyclo-Cross-profimedia-0830019093-CVR-272x182.webp 272w\" sizes=\"auto, (max-width: 990px) 100vw, 990px\" \/><\/a><figcaption id=\"caption-attachment-10500\" class=\"wp-caption-text\">Pidcock ha sufrido una serie de ca\u00eddas y aver\u00edas este invierno \u00a9 Profimedia<\/figcaption><\/figure>\n<p>Una vez m\u00e1s, el vencedor se mostr\u00f3 muy serio acerca de su victoria, en gran medida incontestable. &#8220;Me puse en cabeza al final de la primera vuelta, pas\u00e9 dos tramos de arena muy buenos y enseguida consegu\u00ed un buen hueco&#8221;, declar\u00f3 tras la carrera. &#8220;Intent\u00e9 hacer mi propio ritmo desde el principio porque es una carrera s\u00faper dura. Es dif\u00edcil recuperarse con la secci\u00f3n de barro entre las secciones de arena, lo que hace que sea un recorrido realmente duro.&#8221;<\/p>\n<p>En cuanto a Van Aert, est\u00e1 claro que sigue con el plan de utilizar las carreras de ciclocross como preparaci\u00f3n para sus objetivos en carretera, que incluyen las cl\u00e1sicas de primavera y el Giro de Italia. Contrariamente a lo que se ha supuesto, no correr\u00e1 por la <a href=\"https:\/\/www.welovecycling.com\/es\/2024\/01\/02\/el-calendario-de-los-seis-grandes-para-2024\/\">general en el Giro.<\/a><\/p>\n<p>&#8220;La atenci\u00f3n se centrar\u00e1 exclusivamente en lograr victorias de etapa&#8221;, declar\u00f3 recientemente a la Gazzetta dello Sport. &#8220;No tenemos ning\u00fan corredor para la general en nuestro equipo del Giro. Yo mismo aspiro a victorias de etapa, quiz\u00e1 m\u00e1s de una, pero a\u00fan no s\u00e9 en qu\u00e9 d\u00edas me concentrar\u00e9. Estoy deseando que llegue el 4 de mayo. Ya tengo en la cabeza el recorrido de la primera etapa. Despu\u00e9s vendr\u00e1n subidas exigentes y la llegada a Tur\u00edn. Y luego tambi\u00e9n tenemos una contrarreloj en la primera semana&#8221;.<\/p>\n<p>Naturalmente, es consciente del reto al que se enfrenta el <a href=\"https:\/\/www.welovecycling.com\/wide\/2023\/12\/21\/pogacar-sets-out-ambitious-2024-to-reclaim-title-as-king-of-the-road\/\">dos veces ganador del Tour de Francia Tadej Poga\u010dar<\/a>. &#8220;Tengo curiosidad por ver c\u00f3mo ir\u00e1, tambi\u00e9n porque habr\u00e1 un corredor del calibre de Tadej Poga\u010dar en la salida&#8221;, dijo. &#8220;Ya veremos, pero la primera semana podr\u00eda ser para m\u00ed&#8221;.<\/p>\n<p>Van Aert a\u00f1adi\u00f3 que tambi\u00e9n considera el Giro como una preparaci\u00f3n para los Juegos Ol\u00edmpicos de Par\u00eds. &#8220;El Giro ser\u00e1 un importante campo de entrenamiento para preparar mejor los Juegos Ol\u00edmpicos&#8221;, dijo. &#8220;Despu\u00e9s del Giro, que termina el 26 de mayo, tendr\u00e9 un mes para completar mi preparaci\u00f3n&#8221;. Est\u00e1 previsto que participe en la ITT de los Juegos Ol\u00edmpicos el 27 de julio y en la carrera en ruta el 3 de agosto.<\/p>\n","protected":false},"excerpt":{"rendered":"<p>El resultado &#8216;sorprendente&#8217; del X20 Trofee en Koksijde no fue la victoria de Mathieu van der Poel que domina el [&hellip;]<\/p>\n","protected":false},"author":29,"featured_media":10504,"comment_status":"open","ping_status":"open","sticky":false,"template":"","format":"standard","meta":{"footnotes":""},"categories":[9],"tags":[751],"global-categories":[],"class_list":["post-10498","post","type-post","status-publish","format-standard","has-post-thumbnail","hentry","category-mtb-aventura","tag-ciclocross"],"yoast_head":"<!-- This site is optimized with the Yoast SEO Premium plugin v25.3 (Yoast SEO v25.9) - https:\/\/yoast.com\/wordpress\/plugins\/seo\/ -->\n<title>Van der Poel domina el ciclocross esta temporada - \u0160koda We Love Cycling - Spain<\/title>\n<meta name=\"description\" content=\"Van der Poel domina el ciclocross esta temporada. Su m\u00e1ximo rival. Wout Van Aert, est\u00e1 m\u00e1s centrado en las cl\u00e1sicas y el Giro de Italia.\" \/>\n<meta name=\"robots\" content=\"index, follow, max-snippet:-1, max-image-preview:large, max-video-preview:-1\" \/>\n<link rel=\"canonical\" href=\"https:\/\/www.welovecycling.com\/es\/2024\/01\/07\/van-der-poel-ciclocross\/\" \/>\n<meta property=\"og:locale\" content=\"es_ES\" \/>\n<meta property=\"og:type\" content=\"article\" \/>\n<meta property=\"og:title\" content=\"Van der Poel domina el ciclocross esta temporada\" \/>\n<meta property=\"og:description\" content=\"Van der Poel domina el ciclocross esta temporada. Su m\u00e1ximo rival. Wout Van Aert, est\u00e1 m\u00e1s centrado en las cl\u00e1sicas y el Giro de Italia.\" \/>\n<meta property=\"og:url\" content=\"https:\/\/www.welovecycling.com\/es\/2024\/01\/07\/van-der-poel-ciclocross\/\" \/>\n<meta property=\"og:site_name\" content=\"\u0160koda We Love Cycling - Spain\" \/>\n<meta property=\"article:published_time\" content=\"2024-01-07T18:09:59+00:00\" \/>\n<meta property=\"og:image\" content=\"https:\/\/d2p6e6u75xmxt8.cloudfront.net\/6\/2024\/01\/Van-der-Poel-Cyclo-Cross-profimedia-0834299662-CVR.webp\" \/>\n\t<meta property=\"og:image:width\" content=\"990\" \/>\n\t<meta property=\"og:image:height\" content=\"660\" \/>\n\t<meta property=\"og:image:type\" content=\"image\/webp\" \/>\n<meta name=\"author\" content=\"We Love Cycling Spain\" \/>\n<meta name=\"twitter:card\" content=\"summary_large_image\" \/>\n<meta name=\"twitter:description\" content=\"Van der Poel domina el ciclocross esta temporada. Su m\u00e1ximo rival. Wout Van Aert, est\u00e1 m\u00e1s centrado en las cl\u00e1sicas y el Giro de Italia.\" \/>\n<meta name=\"twitter:label1\" content=\"Written by\" \/>\n\t<meta name=\"twitter:data1\" content=\"Siegfried Mortkowitz\" \/>\n\t<meta name=\"twitter:label2\" content=\"Est. reading time\" \/>\n\t<meta name=\"twitter:data2\" content=\"4\" \/>\n<script type=\"application\/ld+json\" class=\"yoast-schema-graph\">{\"@context\":\"https:\/\/schema.org\",\"@graph\":[{\"@type\":\"WebPage\",\"@id\":\"https:\/\/www.welovecycling.com\/es\/2024\/01\/07\/van-der-poel-ciclocross\/\",\"url\":\"https:\/\/www.welovecycling.com\/es\/2024\/01\/07\/van-der-poel-ciclocross\/\",\"name\":\"Van der Poel domina el ciclocross esta temporada - \u0160koda We Love Cycling - Spain\",\"isPartOf\":{\"@id\":\"https:\/\/www.welovecycling.com\/es\/#website\"},\"primaryImageOfPage\":{\"@id\":\"https:\/\/www.welovecycling.com\/es\/2024\/01\/07\/van-der-poel-ciclocross\/#primaryimage\"},\"image\":{\"@id\":\"https:\/\/www.welovecycling.com\/es\/2024\/01\/07\/van-der-poel-ciclocross\/#primaryimage\"},\"thumbnailUrl\":\"https:\/\/d2p6e6u75xmxt8.cloudfront.net\/6\/2024\/01\/Van-der-Poel-Cyclo-Cross-profimedia-0834299662-CVR.webp\",\"datePublished\":\"2024-01-07T18:09:59+00:00\",\"author\":{\"@id\":\"https:\/\/www.welovecycling.com\/es\/#\/schema\/person\/deb61715b5812698ee79fb96f343ccd4\"},\"description\":\"Van der Poel domina el ciclocross esta temporada. Su m\u00e1ximo rival. Wout Van Aert, est\u00e1 m\u00e1s centrado en las cl\u00e1sicas y el Giro de Italia.\",\"breadcrumb\":{\"@id\":\"https:\/\/www.welovecycling.com\/es\/2024\/01\/07\/van-der-poel-ciclocross\/#breadcrumb\"},\"inLanguage\":\"es-ES\",\"potentialAction\":[{\"@type\":\"ReadAction\",\"target\":[\"https:\/\/www.welovecycling.com\/es\/2024\/01\/07\/van-der-poel-ciclocross\/\"]}]},{\"@type\":\"ImageObject\",\"inLanguage\":\"es-ES\",\"@id\":\"https:\/\/www.welovecycling.com\/es\/2024\/01\/07\/van-der-poel-ciclocross\/#primaryimage\",\"url\":\"https:\/\/d2p6e6u75xmxt8.cloudfront.net\/6\/2024\/01\/Van-der-Poel-Cyclo-Cross-profimedia-0834299662-CVR.webp\",\"contentUrl\":\"https:\/\/d2p6e6u75xmxt8.cloudfront.net\/6\/2024\/01\/Van-der-Poel-Cyclo-Cross-profimedia-0834299662-CVR.webp\",\"width\":990,\"height\":660},{\"@type\":\"BreadcrumbList\",\"@id\":\"https:\/\/www.welovecycling.com\/es\/2024\/01\/07\/van-der-poel-ciclocross\/#breadcrumb\",\"itemListElement\":[{\"@type\":\"ListItem\",\"position\":1,\"name\":\"Home\",\"item\":\"https:\/\/www.welovecycling.com\/es\/\"},{\"@type\":\"ListItem\",\"position\":2,\"name\":\"Van der Poel domina el ciclocross esta temporada\"}]},{\"@type\":\"WebSite\",\"@id\":\"https:\/\/www.welovecycling.com\/es\/#website\",\"url\":\"https:\/\/www.welovecycling.com\/es\/\",\"name\":\"\u0160koda We Love Cycling - Spain\",\"description\":\"\u0160koda WeLoveCycling Spain\",\"potentialAction\":[{\"@type\":\"SearchAction\",\"target\":{\"@type\":\"EntryPoint\",\"urlTemplate\":\"https:\/\/www.welovecycling.com\/es\/?s={search_term_string}\"},\"query-input\":{\"@type\":\"PropertyValueSpecification\",\"valueRequired\":true,\"valueName\":\"search_term_string\"}}],\"inLanguage\":\"es-ES\"},{\"@type\":\"Person\",\"@id\":\"https:\/\/www.welovecycling.com\/es\/#\/schema\/person\/deb61715b5812698ee79fb96f343ccd4\",\"name\":\"We Love Cycling Spain\",\"image\":{\"@type\":\"ImageObject\",\"inLanguage\":\"es-ES\",\"@id\":\"https:\/\/www.welovecycling.com\/es\/#\/schema\/person\/image\/\",\"url\":\"https:\/\/secure.gravatar.com\/avatar\/c824b04e6df0e37a03219d0b6481672889df542894588964102459e46513159c?s=96&d=mm&r=g\",\"contentUrl\":\"https:\/\/secure.gravatar.com\/avatar\/c824b04e6df0e37a03219d0b6481672889df542894588964102459e46513159c?s=96&d=mm&r=g\",\"caption\":\"We Love Cycling Spain\"},\"url\":\"https:\/\/www.welovecycling.com\/es\/author\/amunoz\/\"}]}<\/script>\n<!-- \/ Yoast SEO Premium plugin. -->","yoast_head_json":{"title":"Van der Poel domina el ciclocross esta temporada - \u0160koda We Love Cycling - Spain","description":"Van der Poel domina el ciclocross esta temporada. Su m\u00e1ximo rival. Wout Van Aert, est\u00e1 m\u00e1s centrado en las cl\u00e1sicas y el Giro de Italia.","robots":{"index":"index","follow":"follow","max-snippet":"max-snippet:-1","max-image-preview":"max-image-preview:large","max-video-preview":"max-video-preview:-1"},"canonical":"https:\/\/www.welovecycling.com\/es\/2024\/01\/07\/van-der-poel-ciclocross\/","og_locale":"es_ES","og_type":"article","og_title":"Van der Poel domina el ciclocross esta temporada","og_description":"Van der Poel domina el ciclocross esta temporada. Su m\u00e1ximo rival. Wout Van Aert, est\u00e1 m\u00e1s centrado en las cl\u00e1sicas y el Giro de Italia.","og_url":"https:\/\/www.welovecycling.com\/es\/2024\/01\/07\/van-der-poel-ciclocross\/","og_site_name":"\u0160koda We Love Cycling - Spain","article_published_time":"2024-01-07T18:09:59+00:00","og_image":[{"width":990,"height":660,"url":"https:\/\/d2p6e6u75xmxt8.cloudfront.net\/6\/2024\/01\/Van-der-Poel-Cyclo-Cross-profimedia-0834299662-CVR.webp","type":"image\/webp"}],"author":"We Love Cycling Spain","twitter_card":"summary_large_image","twitter_description":"Van der Poel domina el ciclocross esta temporada. Su m\u00e1ximo rival. Wout Van Aert, est\u00e1 m\u00e1s centrado en las cl\u00e1sicas y el Giro de Italia.","twitter_misc":{"Written by":"Siegfried Mortkowitz","Est. reading time":"4"},"schema":{"@context":"https:\/\/schema.org","@graph":[{"@type":"WebPage","@id":"https:\/\/www.welovecycling.com\/es\/2024\/01\/07\/van-der-poel-ciclocross\/","url":"https:\/\/www.welovecycling.com\/es\/2024\/01\/07\/van-der-poel-ciclocross\/","name":"Van der Poel domina el ciclocross esta temporada - \u0160koda We Love Cycling - Spain","isPartOf":{"@id":"https:\/\/www.welovecycling.com\/es\/#website"},"primaryImageOfPage":{"@id":"https:\/\/www.welovecycling.com\/es\/2024\/01\/07\/van-der-poel-ciclocross\/#primaryimage"},"image":{"@id":"https:\/\/www.welovecycling.com\/es\/2024\/01\/07\/van-der-poel-ciclocross\/#primaryimage"},"thumbnailUrl":"https:\/\/d2p6e6u75xmxt8.cloudfront.net\/6\/2024\/01\/Van-der-Poel-Cyclo-Cross-profimedia-0834299662-CVR.webp","datePublished":"2024-01-07T18:09:59+00:00","author":{"@id":"https:\/\/www.welovecycling.com\/es\/#\/schema\/person\/deb61715b5812698ee79fb96f343ccd4"},"description":"Van der Poel domina el ciclocross esta temporada. Su m\u00e1ximo rival. Wout Van Aert, est\u00e1 m\u00e1s centrado en las cl\u00e1sicas y el Giro de Italia.","breadcrumb":{"@id":"https:\/\/www.welovecycling.com\/es\/2024\/01\/07\/van-der-poel-ciclocross\/#breadcrumb"},"inLanguage":"es-ES","potentialAction":[{"@type":"ReadAction","target":["https:\/\/www.welovecycling.com\/es\/2024\/01\/07\/van-der-poel-ciclocross\/"]}]},{"@type":"ImageObject","inLanguage":"es-ES","@id":"https:\/\/www.welovecycling.com\/es\/2024\/01\/07\/van-der-poel-ciclocross\/#primaryimage","url":"https:\/\/d2p6e6u75xmxt8.cloudfront.net\/6\/2024\/01\/Van-der-Poel-Cyclo-Cross-profimedia-0834299662-CVR.webp","contentUrl":"https:\/\/d2p6e6u75xmxt8.cloudfront.net\/6\/2024\/01\/Van-der-Poel-Cyclo-Cross-profimedia-0834299662-CVR.webp","width":990,"height":660},{"@type":"BreadcrumbList","@id":"https:\/\/www.welovecycling.com\/es\/2024\/01\/07\/van-der-poel-ciclocross\/#breadcrumb","itemListElement":[{"@type":"ListItem","position":1,"name":"Home","item":"https:\/\/www.welovecycling.com\/es\/"},{"@type":"ListItem","position":2,"name":"Van der Poel domina el ciclocross esta temporada"}]},{"@type":"WebSite","@id":"https:\/\/www.welovecycling.com\/es\/#website","url":"https:\/\/www.welovecycling.com\/es\/","name":"\u0160koda We Love Cycling - Spain","description":"\u0160koda WeLoveCycling Spain","potentialAction":[{"@type":"SearchAction","target":{"@type":"EntryPoint","urlTemplate":"https:\/\/www.welovecycling.com\/es\/?s={search_term_string}"},"query-input":{"@type":"PropertyValueSpecification","valueRequired":true,"valueName":"search_term_string"}}],"inLanguage":"es-ES"},{"@type":"Person","@id":"https:\/\/www.welovecycling.com\/es\/#\/schema\/person\/deb61715b5812698ee79fb96f343ccd4","name":"We Love Cycling Spain","image":{"@type":"ImageObject","inLanguage":"es-ES","@id":"https:\/\/www.welovecycling.com\/es\/#\/schema\/person\/image\/","url":"https:\/\/secure.gravatar.com\/avatar\/c824b04e6df0e37a03219d0b6481672889df542894588964102459e46513159c?s=96&d=mm&r=g","contentUrl":"https:\/\/secure.gravatar.com\/avatar\/c824b04e6df0e37a03219d0b6481672889df542894588964102459e46513159c?s=96&d=mm&r=g","caption":"We Love Cycling Spain"},"url":"https:\/\/www.welovecycling.com\/es\/author\/amunoz\/"}]}},"_links":{"self":[{"href":"https:\/\/www.welovecycling.com\/es\/wp-json\/wp\/v2\/posts\/10498","targetHints":{"allow":["GET"]}}],"collection":[{"href":"https:\/\/www.welovecycling.com\/es\/wp-json\/wp\/v2\/posts"}],"about":[{"href":"https:\/\/www.welovecycling.com\/es\/wp-json\/wp\/v2\/types\/post"}],"author":[{"embeddable":true,"href":"https:\/\/www.welovecycling.com\/es\/wp-json\/wp\/v2\/users\/29"}],"replies":[{"embeddable":true,"href":"https:\/\/www.welovecycling.com\/es\/wp-json\/wp\/v2\/comments?post=10498"}],"version-history":[{"count":2,"href":"https:\/\/www.welovecycling.com\/es\/wp-json\/wp\/v2\/posts\/10498\/revisions"}],"predecessor-version":[{"id":10506,"href":"https:\/\/www.welovecycling.com\/es\/wp-json\/wp\/v2\/posts\/10498\/revisions\/10506"}],"wp:featuredmedia":[{"embeddable":true,"href":"https:\/\/www.welovecycling.com\/es\/wp-json\/wp\/v2\/media\/10504"}],"wp:attachment":[{"href":"https:\/\/www.welovecycling.com\/es\/wp-json\/wp\/v2\/media?parent=10498"}],"wp:term":[{"taxonomy":"category","embeddable":true,"href":"https:\/\/www.welovecycling.com\/es\/wp-json\/wp\/v2\/categories?post=10498"},{"taxonomy":"post_tag","embeddable":true,"href":"https:\/\/www.welovecycling.com\/es\/wp-json\/wp\/v2\/tags?post=10498"},{"taxonomy":"global-categories","embeddable":true,"href":"https:\/\/www.welovecycling.com\/es\/wp-json\/wp\/v2\/global-categories?post=10498"}],"curies":[{"name":"wp","href":"https:\/\/api.w.org\/{rel}","templated":true}]}}