{"id":10491,"date":"2024-01-02T15:04:11","date_gmt":"2024-01-02T13:04:11","guid":{"rendered":"https:\/\/www.welovecycling.com\/es\/?p=10491"},"modified":"2024-01-08T20:24:11","modified_gmt":"2024-01-08T18:24:11","slug":"el-calendario-de-los-seis-grandes-para-2024","status":"publish","type":"post","link":"https:\/\/www.welovecycling.com\/es\/2024\/01\/02\/el-calendario-de-los-seis-grandes-para-2024\/","title":{"rendered":"El calendario de los seis grandes para 2024"},"content":{"rendered":"<p><strong>Arranca el 2024 ciclista y los seis corredores m\u00e1s determinantes del mundo, Pogacar, Vingegaard, Roglic, Evenepoel, Van Aert y Van der Poel ya tienen m\u00e1s o menos definidos sus calendarios de competici\u00f3n. Un peque\u00f1o adelanto, el Tour y la Lieja Bastogne Lieja va a reunir a muchos de ellos.<\/strong><\/p>\n<p><!--more--><\/p>\n<p>El calendario de los mejores ciclistas del mundo, esos que cuando arrancan suelen llevarse la victoria, para 2024 viene con cambios con respecto a la temporada anterior. Pogacar debutar\u00e1 en el Giro, pero sin renunciar al Tour. Van Aert se olvida del Tour para centrarse en cl\u00e1sicas, Giro y Vuelta. Remco Evenepoel disputar\u00e1 su primer Tour de Francia. Primoz Roglic, que ha dejado el Visma por el Bora ser\u00e1 un rival m\u00e1s en el Tour de Francia. Vingegaard ha hecho pocos cambios, al igual que Van der Poel, que est\u00e1 inmerso en la temporada de ciclocross.<\/p>\n<h2><strong>Menudo Tour de Francia<\/strong><\/h2>\n<p>No es una sorpresa que los mejores ciclistas en rondas por etapas vayan al Tour, pero, viendo los resultados de las \u00faltimas temporadas, si que los cuatro favoritos lo hagan en diferentes equipos y con estructuras potentes a su disposici\u00f3n. Vingegaard con Visma, Pogacar con UAE, Roglic con Bora y Evenepoel con Soudal estar\u00e1n en el Tour de Francia, pero ojo, llevar\u00e1n caminos diferentes.<\/p>\n<p>El que m\u00e1s ha variado su preparaci\u00f3n es <a href=\"https:\/\/www.welovecycling.com\/es\/2023\/09\/03\/vingegaard-y-pogacar-batieron-record-vatios-tour\/\">Tadej Pogacar.<\/a> El esloveno se olvidar\u00e1 de Flandes y las cl\u00e1sicas del norte. Su calendario empezar\u00e1 en el Algarve, Strade y SanRemo (que la tiene pendiente). La Volta a Catalu\u00f1a y la Lieja Bastogne Lieja ser\u00e1n su preparaci\u00f3n para<strong> el Giro de Italia,<\/strong> donde acude como el m\u00e1ximo favorito. Despu\u00e9s descanso hasta el Tour para correr Juegos Ol\u00edmpicos, las cl\u00e1sicas de Canad\u00e1, Lombardia y el Mundial, que se disputa en Suiza y tiene m\u00e1xima dureza.<\/p>\n<p><a href=\"https:\/\/d2p6e6u75xmxt8.cloudfront.net\/6\/2023\/09\/Pogacar-Vingegaard-profimedia-0791394524-CVR.webp\"><img loading=\"lazy\" decoding=\"async\" class=\"aligncenter size-full wp-image-10238\" src=\"https:\/\/d2p6e6u75xmxt8.cloudfront.net\/6\/2023\/09\/Pogacar-Vingegaard-profimedia-0791394524-CVR.webp\" alt=\"Poga\u010dar and Vingegaard\" width=\"990\" height=\"660\" srcset=\"https:\/\/d2p6e6u75xmxt8.cloudfront.net\/6\/2023\/09\/Pogacar-Vingegaard-profimedia-0791394524-CVR.webp 990w, https:\/\/d2p6e6u75xmxt8.cloudfront.net\/6\/2023\/09\/Pogacar-Vingegaard-profimedia-0791394524-CVR-300x200.webp 300w, https:\/\/d2p6e6u75xmxt8.cloudfront.net\/6\/2023\/09\/Pogacar-Vingegaard-profimedia-0791394524-CVR-768x512.webp 768w, https:\/\/d2p6e6u75xmxt8.cloudfront.net\/6\/2023\/09\/Pogacar-Vingegaard-profimedia-0791394524-CVR-400x267.webp 400w, https:\/\/d2p6e6u75xmxt8.cloudfront.net\/6\/2023\/09\/Pogacar-Vingegaard-profimedia-0791394524-CVR-272x182.webp 272w\" sizes=\"auto, (max-width: 990px) 100vw, 990px\" \/><\/a><\/p>\n<p><strong>Vingegaard<\/strong> volver\u00e1 a ser el gran favorito en el Tour de Francia, por algo defiende t\u00edtulo. Su camino ser\u00e1 pr\u00e1cticamente id\u00e9ntico al de 2023. Debutar\u00e1 en O Gran Cami\u00f1o en Galicia. Cambiar\u00e1 Tirreno Adri\u00e1tico por Paris Niza, volver\u00e1 a la Itzulia y no competir\u00e1 m\u00e1s hasta Dauphin\u00e9 y el Tour. Despu\u00e9s volver\u00e1 a intentar el asalto a La Vuelta.<\/p>\n<p><strong>Primoz Roglic,<\/strong> ganador del pasado Giro y segundo en La Vuelta, acudir\u00e1 al <strong>Tour<\/strong> como l\u00edder del Bora, sin compartir galones cono ning\u00fan otro ciclista, como le ocurr\u00eda en el Jumbo Visma. Tendr\u00e1 a su servicio a ciclistas como Jai Hindley, Aleksandr Vlasov, Emanuel Buchmann, Lennard Kamna y Sergio Higuita, as\u00ed como el reci\u00e9n llegado Dani Mart\u00ednez. El Bora ha definido ya un calendario muy habitual con Paris Niza donde coincidir\u00e1 con Remco e Itzulia y Dauphine, donde se medir\u00e1 a su ex compa\u00f1ero Vingegaard.<\/p>\n<p>El Tour de Francia 2024 ver\u00e1 el debut de <a href=\"https:\/\/www.welovecycling.com\/es\/2023\/09\/03\/evenepoel-la-vuelta\/\"><strong>Remco Evenepoel.<\/strong> <\/a>El belga sigue la ruta marcada de conocer en temporadas anteriores el Giro y La Vuelta para acabar luciendo en el Tour de Francia. El Soudal se ha reforzado con Mikel Landa para echarle una mano en la monta\u00f1a. Ser\u00e1 posiblemente el cuarto en discordia en la pelea por la ronda gala. Har\u00e1 un calendario habitual pre Tour, con Paris Niza y Criterium Dauphin\u00e9 adem\u00e1s de Amstel, Flecha Valona y Lieja Bastogne Lieja, donde defiende t\u00edtulo y se encontrar\u00e1 con Tadej Pogadar y Primoz Roglic.<\/p>\n<h2><strong>Cl\u00e1sicas de Primavera<\/strong><\/h2>\n<p>La temporada de cl\u00e1sicas nos va a permitir ver los enfrentamientos entre diferentes especialistas. En Mil\u00e1n Sanremo se van a volver a juntar Pogacar, <a href=\"https:\/\/www.welovecycling.com\/es\/2023\/04\/10\/roubaix-van-der-poel\/\">Van Aert,<\/a> Van der Poel (que defiende t\u00edtulo) y posiblemente Remco Evenepoel. Los cuatro intentando evitar en el Poggio el sprint final. Esta vez el duelo en el Tour de Flandes ser\u00e1 entre Van der Poel y Van Aert, sin la presencia disruptiva de Pogacar, igual que suceder\u00e1 en la Par\u00eds Roubaix.<\/p>\n<p>Si se volver\u00e1n a mezclar en las Cl\u00e1sicas de las Ardenas. Evenepoel y Van Aert ya han dicho si a la Amstel Gold Race. En Flecha Valona repetir\u00e1 Remco y se sumar\u00e1 Pogacar (y puede que Roglic) igual que en la <strong>Lieja Bastogne Lieja, que nos puede dejar el primer cara a cara en un d\u00eda de alta monta\u00f1a entre los favoritos del Tour.<br \/>\n<img loading=\"lazy\" decoding=\"async\" class=\"aligncenter\" src=\"https:\/\/ciclismointernacional.com\/wp-content\/uploads\/2023\/12\/GCv3ntPXwAA60Rx.jpg\" alt=\"\" width=\"511\" height=\"682\" \/><\/strong><\/p>\n<h2><strong>Giro y Vuelta<\/strong><\/h2>\n<p>El esloveno <strong>Tadej Pogacar<\/strong> ser\u00e1 el m\u00e1ximo favorito al Giro de Italia, donde en principio no se encontrar\u00e1 con ninguno de los otros cuatro grandes especialistas en vueltas de tres semanas, Roglic, Vingegaard y Evenepoel. Sus rivales, en teor\u00eda, ser\u00e1n Nairo Quintana, Geraint Thomas, Cian Uijtdebroeks o Simon Yates. Ser\u00eda una gran sorpresa que pudiesen con \u00e9l. Igual que Wout Van Aert, que acude al Giro de Italia con el prop\u00f3sito de tener libertad para disputar etapas y, si acaso, echar una mano a su nuevo compa\u00f1ero Uijtdebroeks.<\/p>\n<p>La Vuelta tambi\u00e9n tendr\u00e1 la presencia de Wout Van Aert, pero esta vez le tocar\u00e1 ayudar a <strong>Vingegaard<\/strong> a ganar la carrera. Puede que Roglic acuda, aunque todav\u00eda no es seguro, pero sus rivales deber\u00edan ser Enric Mas o Egan Bernal.<\/p>\n<h2><strong><a href=\"https:\/\/d2p6e6u75xmxt8.cloudfront.net\/6\/2023\/09\/remco_Lavuelta-e1693742672216.webp\"><img loading=\"lazy\" decoding=\"async\" class=\"aligncenter size-large wp-image-10243\" src=\"https:\/\/d2p6e6u75xmxt8.cloudfront.net\/6\/2023\/09\/remco_Lavuelta-e1693742641306-1024x576.webp\" alt=\"\" width=\"1024\" height=\"576\" \/><\/a><\/strong><\/h2>\n","protected":false},"excerpt":{"rendered":"<p>Arranca el 2024 ciclista y los seis corredores m\u00e1s determinantes del mundo, Pogacar, Vingegaard, Roglic, Evenepoel, Van Aert y Van [&hellip;]<\/p>\n","protected":false},"author":29,"featured_media":10100,"comment_status":"open","ping_status":"open","sticky":false,"template":"","format":"standard","meta":{"footnotes":""},"categories":[7],"tags":[],"global-categories":[1164],"class_list":["post-10491","post","type-post","status-publish","format-standard","has-post-thumbnail","hentry","category-carretera","global-categories-cycling"],"yoast_head":"<!-- This site is optimized with the Yoast SEO Premium plugin v25.3 (Yoast SEO v25.9) - https:\/\/yoast.com\/wordpress\/plugins\/seo\/ -->\n<title>El calendario de los seis grandes para 2024 - \u0160koda We Love Cycling - Spain<\/title>\n<meta name=\"description\" content=\"El calendario de los seis grandes para 2024. \u00bfDonde van coincidir Roglic, Vingegaard, Pogacar, Evenepoel, Van der Poel y Van Aert?\" \/>\n<meta name=\"robots\" content=\"index, follow, max-snippet:-1, max-image-preview:large, max-video-preview:-1\" \/>\n<link rel=\"canonical\" href=\"https:\/\/www.welovecycling.com\/es\/2024\/01\/02\/el-calendario-de-los-seis-grandes-para-2024\/\" \/>\n<meta property=\"og:locale\" content=\"es_ES\" \/>\n<meta property=\"og:type\" content=\"article\" \/>\n<meta property=\"og:title\" content=\"El calendario de los seis grandes para 2024\" \/>\n<meta property=\"og:description\" content=\"El calendario de los seis grandes para 2024. \u00bfDonde van coincidir Roglic, Vingegaard, Pogacar, Evenepoel, Van der Poel y Van Aert?\" \/>\n<meta property=\"og:url\" content=\"https:\/\/www.welovecycling.com\/es\/2024\/01\/02\/el-calendario-de-los-seis-grandes-para-2024\/\" \/>\n<meta property=\"og:site_name\" content=\"\u0160koda We Love Cycling - Spain\" \/>\n<meta property=\"article:published_time\" content=\"2024-01-02T13:04:11+00:00\" \/>\n<meta property=\"article:modified_time\" content=\"2024-01-08T18:24:11+00:00\" \/>\n<meta property=\"og:image\" content=\"https:\/\/d2p6e6u75xmxt8.cloudfront.net\/6\/2023\/07\/Tour_2023_pogacar_vingegaard.webp\" \/>\n\t<meta property=\"og:image:width\" content=\"1000\" \/>\n\t<meta property=\"og:image:height\" content=\"667\" \/>\n\t<meta property=\"og:image:type\" content=\"image\/webp\" \/>\n<meta name=\"author\" content=\"We Love Cycling Spain\" \/>\n<meta name=\"twitter:card\" content=\"summary_large_image\" \/>\n<meta name=\"twitter:description\" content=\"El calendario de los seis grandes para 2024. \u00bfDonde van coincidir Roglic, Vingegaard, Pogacar, Evenepoel, Van der Poel y Van Aert?\" \/>\n<meta name=\"twitter:label1\" content=\"Written by\" \/>\n\t<meta name=\"twitter:data1\" content=\"Luis Ortega @ciclored\" \/>\n\t<meta name=\"twitter:label2\" content=\"Est. reading time\" \/>\n\t<meta name=\"twitter:data2\" content=\"4 minutes\" \/>\n<script type=\"application\/ld+json\" class=\"yoast-schema-graph\">{\"@context\":\"https:\/\/schema.org\",\"@graph\":[{\"@type\":\"WebPage\",\"@id\":\"https:\/\/www.welovecycling.com\/es\/2024\/01\/02\/el-calendario-de-los-seis-grandes-para-2024\/\",\"url\":\"https:\/\/www.welovecycling.com\/es\/2024\/01\/02\/el-calendario-de-los-seis-grandes-para-2024\/\",\"name\":\"El calendario de los seis grandes para 2024 - \u0160koda We Love Cycling - Spain\",\"isPartOf\":{\"@id\":\"https:\/\/www.welovecycling.com\/es\/#website\"},\"primaryImageOfPage\":{\"@id\":\"https:\/\/www.welovecycling.com\/es\/2024\/01\/02\/el-calendario-de-los-seis-grandes-para-2024\/#primaryimage\"},\"image\":{\"@id\":\"https:\/\/www.welovecycling.com\/es\/2024\/01\/02\/el-calendario-de-los-seis-grandes-para-2024\/#primaryimage\"},\"thumbnailUrl\":\"https:\/\/d2p6e6u75xmxt8.cloudfront.net\/6\/2023\/07\/Tour_2023_pogacar_vingegaard.webp\",\"datePublished\":\"2024-01-02T13:04:11+00:00\",\"dateModified\":\"2024-01-08T18:24:11+00:00\",\"author\":{\"@id\":\"https:\/\/www.welovecycling.com\/es\/#\/schema\/person\/deb61715b5812698ee79fb96f343ccd4\"},\"description\":\"El calendario de los seis grandes para 2024. \u00bfDonde van coincidir Roglic, Vingegaard, Pogacar, Evenepoel, Van der Poel y Van Aert?\",\"breadcrumb\":{\"@id\":\"https:\/\/www.welovecycling.com\/es\/2024\/01\/02\/el-calendario-de-los-seis-grandes-para-2024\/#breadcrumb\"},\"inLanguage\":\"es-ES\",\"potentialAction\":[{\"@type\":\"ReadAction\",\"target\":[\"https:\/\/www.welovecycling.com\/es\/2024\/01\/02\/el-calendario-de-los-seis-grandes-para-2024\/\"]}]},{\"@type\":\"ImageObject\",\"inLanguage\":\"es-ES\",\"@id\":\"https:\/\/www.welovecycling.com\/es\/2024\/01\/02\/el-calendario-de-los-seis-grandes-para-2024\/#primaryimage\",\"url\":\"https:\/\/d2p6e6u75xmxt8.cloudfront.net\/6\/2023\/07\/Tour_2023_pogacar_vingegaard.webp\",\"contentUrl\":\"https:\/\/d2p6e6u75xmxt8.cloudfront.net\/6\/2023\/07\/Tour_2023_pogacar_vingegaard.webp\",\"width\":1000,\"height\":667},{\"@type\":\"BreadcrumbList\",\"@id\":\"https:\/\/www.welovecycling.com\/es\/2024\/01\/02\/el-calendario-de-los-seis-grandes-para-2024\/#breadcrumb\",\"itemListElement\":[{\"@type\":\"ListItem\",\"position\":1,\"name\":\"Home\",\"item\":\"https:\/\/www.welovecycling.com\/es\/\"},{\"@type\":\"ListItem\",\"position\":2,\"name\":\"El calendario de los seis grandes para 2024\"}]},{\"@type\":\"WebSite\",\"@id\":\"https:\/\/www.welovecycling.com\/es\/#website\",\"url\":\"https:\/\/www.welovecycling.com\/es\/\",\"name\":\"\u0160koda We Love Cycling - Spain\",\"description\":\"\u0160koda WeLoveCycling Spain\",\"potentialAction\":[{\"@type\":\"SearchAction\",\"target\":{\"@type\":\"EntryPoint\",\"urlTemplate\":\"https:\/\/www.welovecycling.com\/es\/?s={search_term_string}\"},\"query-input\":{\"@type\":\"PropertyValueSpecification\",\"valueRequired\":true,\"valueName\":\"search_term_string\"}}],\"inLanguage\":\"es-ES\"},{\"@type\":\"Person\",\"@id\":\"https:\/\/www.welovecycling.com\/es\/#\/schema\/person\/deb61715b5812698ee79fb96f343ccd4\",\"name\":\"We Love Cycling Spain\",\"image\":{\"@type\":\"ImageObject\",\"inLanguage\":\"es-ES\",\"@id\":\"https:\/\/www.welovecycling.com\/es\/#\/schema\/person\/image\/\",\"url\":\"https:\/\/secure.gravatar.com\/avatar\/c824b04e6df0e37a03219d0b6481672889df542894588964102459e46513159c?s=96&d=mm&r=g\",\"contentUrl\":\"https:\/\/secure.gravatar.com\/avatar\/c824b04e6df0e37a03219d0b6481672889df542894588964102459e46513159c?s=96&d=mm&r=g\",\"caption\":\"We Love Cycling Spain\"},\"url\":\"https:\/\/www.welovecycling.com\/es\/author\/amunoz\/\"}]}<\/script>\n<!-- \/ Yoast SEO Premium plugin. -->","yoast_head_json":{"title":"El calendario de los seis grandes para 2024 - \u0160koda We Love Cycling - Spain","description":"El calendario de los seis grandes para 2024. \u00bfDonde van coincidir Roglic, Vingegaard, Pogacar, Evenepoel, Van der Poel y Van Aert?","robots":{"index":"index","follow":"follow","max-snippet":"max-snippet:-1","max-image-preview":"max-image-preview:large","max-video-preview":"max-video-preview:-1"},"canonical":"https:\/\/www.welovecycling.com\/es\/2024\/01\/02\/el-calendario-de-los-seis-grandes-para-2024\/","og_locale":"es_ES","og_type":"article","og_title":"El calendario de los seis grandes para 2024","og_description":"El calendario de los seis grandes para 2024. \u00bfDonde van coincidir Roglic, Vingegaard, Pogacar, Evenepoel, Van der Poel y Van Aert?","og_url":"https:\/\/www.welovecycling.com\/es\/2024\/01\/02\/el-calendario-de-los-seis-grandes-para-2024\/","og_site_name":"\u0160koda We Love Cycling - Spain","article_published_time":"2024-01-02T13:04:11+00:00","article_modified_time":"2024-01-08T18:24:11+00:00","og_image":[{"width":1000,"height":667,"url":"https:\/\/d2p6e6u75xmxt8.cloudfront.net\/6\/2023\/07\/Tour_2023_pogacar_vingegaard.webp","type":"image\/webp"}],"author":"We Love Cycling Spain","twitter_card":"summary_large_image","twitter_description":"El calendario de los seis grandes para 2024. \u00bfDonde van coincidir Roglic, Vingegaard, Pogacar, Evenepoel, Van der Poel y Van Aert?","twitter_misc":{"Written by":"Luis Ortega @ciclored","Est. reading time":"4 minutes"},"schema":{"@context":"https:\/\/schema.org","@graph":[{"@type":"WebPage","@id":"https:\/\/www.welovecycling.com\/es\/2024\/01\/02\/el-calendario-de-los-seis-grandes-para-2024\/","url":"https:\/\/www.welovecycling.com\/es\/2024\/01\/02\/el-calendario-de-los-seis-grandes-para-2024\/","name":"El calendario de los seis grandes para 2024 - \u0160koda We Love Cycling - Spain","isPartOf":{"@id":"https:\/\/www.welovecycling.com\/es\/#website"},"primaryImageOfPage":{"@id":"https:\/\/www.welovecycling.com\/es\/2024\/01\/02\/el-calendario-de-los-seis-grandes-para-2024\/#primaryimage"},"image":{"@id":"https:\/\/www.welovecycling.com\/es\/2024\/01\/02\/el-calendario-de-los-seis-grandes-para-2024\/#primaryimage"},"thumbnailUrl":"https:\/\/d2p6e6u75xmxt8.cloudfront.net\/6\/2023\/07\/Tour_2023_pogacar_vingegaard.webp","datePublished":"2024-01-02T13:04:11+00:00","dateModified":"2024-01-08T18:24:11+00:00","author":{"@id":"https:\/\/www.welovecycling.com\/es\/#\/schema\/person\/deb61715b5812698ee79fb96f343ccd4"},"description":"El calendario de los seis grandes para 2024. \u00bfDonde van coincidir Roglic, Vingegaard, Pogacar, Evenepoel, Van der Poel y Van Aert?","breadcrumb":{"@id":"https:\/\/www.welovecycling.com\/es\/2024\/01\/02\/el-calendario-de-los-seis-grandes-para-2024\/#breadcrumb"},"inLanguage":"es-ES","potentialAction":[{"@type":"ReadAction","target":["https:\/\/www.welovecycling.com\/es\/2024\/01\/02\/el-calendario-de-los-seis-grandes-para-2024\/"]}]},{"@type":"ImageObject","inLanguage":"es-ES","@id":"https:\/\/www.welovecycling.com\/es\/2024\/01\/02\/el-calendario-de-los-seis-grandes-para-2024\/#primaryimage","url":"https:\/\/d2p6e6u75xmxt8.cloudfront.net\/6\/2023\/07\/Tour_2023_pogacar_vingegaard.webp","contentUrl":"https:\/\/d2p6e6u75xmxt8.cloudfront.net\/6\/2023\/07\/Tour_2023_pogacar_vingegaard.webp","width":1000,"height":667},{"@type":"BreadcrumbList","@id":"https:\/\/www.welovecycling.com\/es\/2024\/01\/02\/el-calendario-de-los-seis-grandes-para-2024\/#breadcrumb","itemListElement":[{"@type":"ListItem","position":1,"name":"Home","item":"https:\/\/www.welovecycling.com\/es\/"},{"@type":"ListItem","position":2,"name":"El calendario de los seis grandes para 2024"}]},{"@type":"WebSite","@id":"https:\/\/www.welovecycling.com\/es\/#website","url":"https:\/\/www.welovecycling.com\/es\/","name":"\u0160koda We Love Cycling - Spain","description":"\u0160koda WeLoveCycling Spain","potentialAction":[{"@type":"SearchAction","target":{"@type":"EntryPoint","urlTemplate":"https:\/\/www.welovecycling.com\/es\/?s={search_term_string}"},"query-input":{"@type":"PropertyValueSpecification","valueRequired":true,"valueName":"search_term_string"}}],"inLanguage":"es-ES"},{"@type":"Person","@id":"https:\/\/www.welovecycling.com\/es\/#\/schema\/person\/deb61715b5812698ee79fb96f343ccd4","name":"We Love Cycling Spain","image":{"@type":"ImageObject","inLanguage":"es-ES","@id":"https:\/\/www.welovecycling.com\/es\/#\/schema\/person\/image\/","url":"https:\/\/secure.gravatar.com\/avatar\/c824b04e6df0e37a03219d0b6481672889df542894588964102459e46513159c?s=96&d=mm&r=g","contentUrl":"https:\/\/secure.gravatar.com\/avatar\/c824b04e6df0e37a03219d0b6481672889df542894588964102459e46513159c?s=96&d=mm&r=g","caption":"We Love Cycling Spain"},"url":"https:\/\/www.welovecycling.com\/es\/author\/amunoz\/"}]}},"_links":{"self":[{"href":"https:\/\/www.welovecycling.com\/es\/wp-json\/wp\/v2\/posts\/10491","targetHints":{"allow":["GET"]}}],"collection":[{"href":"https:\/\/www.welovecycling.com\/es\/wp-json\/wp\/v2\/posts"}],"about":[{"href":"https:\/\/www.welovecycling.com\/es\/wp-json\/wp\/v2\/types\/post"}],"author":[{"embeddable":true,"href":"https:\/\/www.welovecycling.com\/es\/wp-json\/wp\/v2\/users\/29"}],"replies":[{"embeddable":true,"href":"https:\/\/www.welovecycling.com\/es\/wp-json\/wp\/v2\/comments?post=10491"}],"version-history":[{"count":4,"href":"https:\/\/www.welovecycling.com\/es\/wp-json\/wp\/v2\/posts\/10491\/revisions"}],"predecessor-version":[{"id":10509,"href":"https:\/\/www.welovecycling.com\/es\/wp-json\/wp\/v2\/posts\/10491\/revisions\/10509"}],"wp:featuredmedia":[{"embeddable":true,"href":"https:\/\/www.welovecycling.com\/es\/wp-json\/wp\/v2\/media\/10100"}],"wp:attachment":[{"href":"https:\/\/www.welovecycling.com\/es\/wp-json\/wp\/v2\/media?parent=10491"}],"wp:term":[{"taxonomy":"category","embeddable":true,"href":"https:\/\/www.welovecycling.com\/es\/wp-json\/wp\/v2\/categories?post=10491"},{"taxonomy":"post_tag","embeddable":true,"href":"https:\/\/www.welovecycling.com\/es\/wp-json\/wp\/v2\/tags?post=10491"},{"taxonomy":"global-categories","embeddable":true,"href":"https:\/\/www.welovecycling.com\/es\/wp-json\/wp\/v2\/global-categories?post=10491"}],"curies":[{"name":"wp","href":"https:\/\/api.w.org\/{rel}","templated":true}]}}