{"id":10462,"date":"2023-12-27T12:00:53","date_gmt":"2023-12-27T10:00:53","guid":{"rendered":"https:\/\/www.welovecycling.com\/es\/?p=10462"},"modified":"2023-12-18T21:46:51","modified_gmt":"2023-12-18T19:46:51","slug":"alquilar-bicicleta-de-carretera","status":"publish","type":"post","link":"https:\/\/www.welovecycling.com\/es\/2023\/12\/27\/alquilar-bicicleta-de-carretera\/","title":{"rendered":"Consejos para alquilar una bicicleta de carretera"},"content":{"rendered":"<p style=\"font-weight: 400;\"><strong>Las tarifas a\u00e9reas para transportar tu bici han ido subiendo poco a poco en los \u00faltimos a\u00f1os. Ya casi todas sobrepasan los 150 euros ida y vuelta, por lo que cuando quieres hacer un viaje lejano y debes coger un avi\u00f3n, la opci\u00f3n de alquilar una bicicleta de carretera en el destino elegido se convierte en una forma sencilla de disfrutar del ciclismo sin complicarte demasiado.<\/strong><\/p>\n<p><!--more--><\/p>\n<p>La gran ventaja de alquilar una bicicleta de carretera en el destino elegido<strong> es que te olvidas de todo el proceso de desmontar tu bicicleta,<\/strong> guardarla y acolcharla en una <a href=\"https:\/\/www.welovecycling.com\/es\/2020\/06\/17\/transportar-una-e-bike\/\">maleta adecuada<\/a>, llevarla contigo al aeropuerto, ir a la siempre complicada zona de facturaci\u00f3n de equipajes especiales, facturarla y&#8230; rezar para que la compa\u00f1\u00eda a\u00e9rea que has elegido la trate bien, no la pierda y llegue a la vez que tu al aeropuerto. Y una vez all\u00ed toca llevarla al hotel y desmontarla. Y sabes que para volver a casa tienes que hacer el mismo proceso.<\/p>\n<p>Todo esto con vuelos directos, porque si adem\u00e1s tienes unas escala las opciones de que tu bicicleta se quede el alg\u00fan aeropuerto se multiplican. No ser\u00edas el primero que ha pasado horas de angustia sin su bicicleta en el aeropuerto. O que incluso ha tenido que alquilar una como medida de urgencia cuando la compa\u00f1\u00eda a\u00e9rea no le daba soluciones a la p\u00e9rdida de la suya.<\/p>\n<p>Los<strong> lugares m\u00e1s habituales para alquilar una bicicleta de carretera son las islas. <a href=\"https:\/\/www.welovecycling.com\/es\/2018\/12\/09\/gran-canaria-bike-week\/\">Canarias<\/a>, Baleares o Azores<\/strong> suelen recibir al a\u00f1o a miles de ciclistas de toda Europa que no se complican la vida llevando su bicicleta en el avi\u00f3n. Son destinos ciclistas en los que hay una gran oferta de bicicletas de carretera de todas las gamas y precios. Tambi\u00e9n las puedes encontrar en sitios como <a href=\"https:\/\/es.cyclehuez.com\/\">Alpe d Huez<\/a>, Corvara in Badia, Bormio, Siena o las Costa de Alicante. En lugares con poca tradici\u00f3n ciclista o sin demasiado turismo el asunto se complica.<\/p>\n<h2><strong>Estudio biomec\u00e1nico<\/strong><\/h2>\n<p>Si te has hecho alguna vez un <a href=\"https:\/\/www.welovecycling.com\/es\/2018\/02\/05\/estudio-biomecanico\/\">estudio biomec\u00e1nico<\/a> debes tenerlo muy presente a la hora de alquilar tu bicicleta. En algunas tiendas online cuando haces la reserva te preguntan tu altura, aunque esa no es una medida definitiva para elegir la bicicleta. No te dejes guiar solo por ese par\u00e1metro. Lo ideal es que puedas hablar con la tienda y enviarle tu estudio biomec\u00e1nico para que puedan darte una bicicleta a tu medida.<\/p>\n<p>Si no tienen ese servicio siempre puedes revisar la bicicleta que vas a alquilar y<strong> ver las medidas de reach y stack del cuadro seg\u00fan la talla<\/strong>. Cuanto m\u00e1s se aproximen estas dos cifras a las de tu estudio biomec\u00e1nico supondr\u00e1 una dosis extra de comodidad en la bicicleta. Aunque, eso si, ser\u00e1 complicado que te sientas igual que en tu bici, por lo menos en las dos primeras horas de pedaleo.<\/p>\n<figure id=\"attachment_1181\" aria-describedby=\"caption-attachment-1181\" style=\"width: 1024px\" class=\"wp-caption aligncenter\"><a href=\"https:\/\/d2p6e6u75xmxt8.cloudfront.net\/6\/2017\/08\/asistencia-mecanica-5.jpg\"><img loading=\"lazy\" decoding=\"async\" class=\"size-large wp-image-1181\" src=\"https:\/\/d2p6e6u75xmxt8.cloudfront.net\/6\/2017\/08\/asistencia-mecanica-5-1024x682.jpg\" alt=\"\" width=\"1024\" height=\"682\" srcset=\"https:\/\/d2p6e6u75xmxt8.cloudfront.net\/6\/2017\/08\/asistencia-mecanica-5-1024x682.jpg 1024w, https:\/\/d2p6e6u75xmxt8.cloudfront.net\/6\/2017\/08\/asistencia-mecanica-5-300x200.jpg 300w, https:\/\/d2p6e6u75xmxt8.cloudfront.net\/6\/2017\/08\/asistencia-mecanica-5-768x511.jpg 768w, https:\/\/d2p6e6u75xmxt8.cloudfront.net\/6\/2017\/08\/asistencia-mecanica-5-1920x1278.jpg 1920w, https:\/\/d2p6e6u75xmxt8.cloudfront.net\/6\/2017\/08\/asistencia-mecanica-5-272x182.jpg 272w, https:\/\/d2p6e6u75xmxt8.cloudfront.net\/6\/2017\/08\/asistencia-mecanica-5-1920x1278.jpg 1920w\" sizes=\"auto, (max-width: 1024px) 100vw, 1024px\" \/><\/a><figcaption id=\"caption-attachment-1181\" class=\"wp-caption-text\">Tour de France 2015 &#8211; 102a Edizione &#8211; 14a tappa Rodez &#8211; Mende 178.5 km- 18\/07\/2015 &#8211; Caduta &#8211; foto Graham Watson\/BettiniPhoto\u00a92015<\/figcaption><\/figure>\n<p>El tama\u00f1o de las bielas puede influir, pero no es tan relevantes, igual que la longitud de la potencia. Normalmente la mayor\u00eda de los cuadros tienen una potencia acorde a su tama\u00f1o. Si son de talla 52 o menos suele llevar una potencia de 100, que va creciendo seg\u00fan aumenta la medida del cuadro.<\/p>\n<p>Un punto de apoyo importante es el <strong>sill\u00edn.<\/strong> Normalmente las bicicletas de alquiler suelen llevar un sill\u00edn neutro de un tama\u00f1o estandar. As\u00ed que si eres sibarita para el sill\u00edn o llevas unas medidas especiales lo mejores es que vayas con el tuyo y pidas que te lo cambien. Ten en cuenta tambi\u00e9n que muchas veces las bicicletas de alquiler vienen sin <strong>pedales.<\/strong> Si utilizas Look o Shimano siempre suele haber pedales disponibles para alquilar, pero si son Speedplay o Time es mejor que te lleves tus pedales.<\/p>\n<h2><strong>Revisa etapas, territorio y desarrollo<\/strong><\/h2>\n<p>En los destinos con varias opciones de alquiler puedes elegir casi la bici que quieras, dependiendo de tu presupuesto.<strong> Desde la gama endurance a bicicletas aero, escaladoras o modelos para todos los terrenos<\/strong>. Ten siempre en cuenta a donde vas a ir. Si, por ejemplo, viajas a Gran Canaria o Tenerife, dos islas con mucha monta\u00f1a y casi sin nada llano, lo m\u00e1s c\u00f3modo para t\u00ed ser\u00e1 elegir una bicicleta escaladora ligera con la que disfrutar de las largas subidas de all\u00ed (el Teide son m\u00e1s de 45 kil\u00f3metros cuesta arriba) o un modelo endurance sencillo que sea lo m\u00e1s c\u00f3modo posible.<\/p>\n<p>Si por el contrario, viajas a <strong>B\u00e9lgica y quieres hacer tramos de adoquines<\/strong>, poco te va aportar una bicicleta ligera. Lo m\u00e1s l\u00f3gico es que optes por alg\u00fan modelo aerodin\u00e1mico para poder ir r\u00e1pido o una bicicleta de Gran Fondo para que los adoquines no sean un problema.<\/p>\n<p><a href=\"https:\/\/d2p6e6u75xmxt8.cloudfront.net\/6\/2017\/09\/Passo-dello-Stelvio.jpg\"><img loading=\"lazy\" decoding=\"async\" class=\"aligncenter size-large wp-image-1369\" src=\"https:\/\/d2p6e6u75xmxt8.cloudfront.net\/6\/2017\/09\/Passo-dello-Stelvio-1024x576.jpg\" alt=\"\" width=\"1024\" height=\"576\" srcset=\"https:\/\/d2p6e6u75xmxt8.cloudfront.net\/6\/2017\/09\/Passo-dello-Stelvio-1024x576.jpg 1024w, https:\/\/d2p6e6u75xmxt8.cloudfront.net\/6\/2017\/09\/Passo-dello-Stelvio-300x169.jpg 300w, https:\/\/d2p6e6u75xmxt8.cloudfront.net\/6\/2017\/09\/Passo-dello-Stelvio-768x432.jpg 768w, https:\/\/d2p6e6u75xmxt8.cloudfront.net\/6\/2017\/09\/Passo-dello-Stelvio.jpg 1280w\" sizes=\"auto, (max-width: 1024px) 100vw, 1024px\" \/><\/a><\/p>\n<p>Aunque ahora mismo la mayor\u00eda de las bicicletas ya van con <strong>desarrollos largos para monta\u00f1a,<\/strong> no te olvides de echar un vistazo al pi\u00f1\u00f3n m\u00e1s grande, sobre todo si vas a ir a lugares de alta monta\u00f1a y te planteas subir el Mortirolo o hacer etapas largas con muchos metros de desnivel acumulado.<\/p>\n<p>El <strong>grupo<\/strong> en el que est\u00e1 montada la bicicleta es importante. Si llevas muchos a\u00f1os con Shimano en tu bici, procura no elegir otro grupo, sobre todo porque necesitar\u00e1s varias horas para acordarte de algo tan sencillo como cambiar los platos. SRAM y Campagnolo tiene sus propios sistemas y no es complicado que metas plato cuando solo quer\u00edas subir pi\u00f1ones.<\/p>\n<h2><strong>Tiendas<\/strong><\/h2>\n<p>Parece una obviedad, pero si tienes opci\u00f3n de elegir tienda revisa todas las valoraciones que han dejado otros usuarios en internet. A veces te resuelven dudas y te alertan de aspectos que no hab\u00edas tenido en cuenta. Tambi\u00e9n te advierten de los problemas que han podido tener otros usuarios en ese negocio.<\/p>\n<p>Siempre recomiendo alquilar <strong>en tiendas que poseen\u00a0 una amplia oferta de bicicletas.<\/strong> Puede que la has elegido, despu\u00e9s de rodar un poco te des cuenta de que no es para ti, siempre tienes la opci\u00f3n de volver y cambiarla por otra porque suele haber varias bicis de cada talla.<\/p>\n","protected":false},"excerpt":{"rendered":"<p>Las tarifas a\u00e9reas para transportar tu bici han ido subiendo poco a poco en los \u00faltimos a\u00f1os. Ya casi todas [&hellip;]<\/p>\n","protected":false},"author":29,"featured_media":6141,"comment_status":"open","ping_status":"open","sticky":false,"template":"","format":"standard","meta":{"footnotes":""},"categories":[7],"tags":[2275],"global-categories":[],"class_list":["post-10462","post","type-post","status-publish","format-standard","has-post-thumbnail","hentry","category-carretera","tag-bicicleta-alquiler"],"yoast_head":"<!-- This site is optimized with the Yoast SEO Premium plugin v25.3 (Yoast SEO v25.9) - https:\/\/yoast.com\/wordpress\/plugins\/seo\/ -->\n<title>Consejos para alquilar una bicicleta de carretera - \u0160koda We Love Cycling - Spain<\/title>\n<meta name=\"description\" content=\"Consejos para alquilar una bicicleta de carretera. Desde el modelo, la talla o el desarrollo dependiendo del lugar por donde vayas a pedalear\" \/>\n<meta name=\"robots\" content=\"index, follow, max-snippet:-1, max-image-preview:large, max-video-preview:-1\" \/>\n<link rel=\"canonical\" href=\"https:\/\/www.welovecycling.com\/es\/2023\/12\/27\/alquilar-bicicleta-de-carretera\/\" \/>\n<meta property=\"og:locale\" content=\"es_ES\" \/>\n<meta property=\"og:type\" content=\"article\" \/>\n<meta property=\"og:title\" content=\"Consejos para alquilar una bicicleta de carretera\" \/>\n<meta property=\"og:description\" content=\"Consejos para alquilar una bicicleta de carretera. Desde el modelo, la talla o el desarrollo dependiendo del lugar por donde vayas a pedalear\" \/>\n<meta property=\"og:url\" content=\"https:\/\/www.welovecycling.com\/es\/2023\/12\/27\/alquilar-bicicleta-de-carretera\/\" \/>\n<meta property=\"og:site_name\" content=\"\u0160koda We Love Cycling - Spain\" \/>\n<meta property=\"article:published_time\" content=\"2023-12-27T10:00:53+00:00\" \/>\n<meta property=\"og:image\" content=\"https:\/\/d2p6e6u75xmxt8.cloudfront.net\/6\/2020\/05\/profimedia-0430407931.jpg\" \/>\n\t<meta property=\"og:image:width\" content=\"1250\" \/>\n\t<meta property=\"og:image:height\" content=\"832\" \/>\n\t<meta property=\"og:image:type\" content=\"image\/jpeg\" \/>\n<meta name=\"author\" content=\"We Love Cycling Spain\" \/>\n<meta name=\"twitter:card\" content=\"summary_large_image\" \/>\n<meta name=\"twitter:description\" content=\"Consejos para alquilar una bicicleta de carretera. Desde el modelo, la talla o el desarrollo dependiendo del lugar por donde vayas a pedalear\" \/>\n<meta name=\"twitter:label1\" content=\"Written by\" \/>\n\t<meta name=\"twitter:data1\" content=\"Luis Ortega @ciclored\" \/>\n\t<meta name=\"twitter:label2\" content=\"Est. reading time\" \/>\n\t<meta name=\"twitter:data2\" content=\"5 minutes\" \/>\n<script type=\"application\/ld+json\" class=\"yoast-schema-graph\">{\"@context\":\"https:\/\/schema.org\",\"@graph\":[{\"@type\":\"WebPage\",\"@id\":\"https:\/\/www.welovecycling.com\/es\/2023\/12\/27\/alquilar-bicicleta-de-carretera\/\",\"url\":\"https:\/\/www.welovecycling.com\/es\/2023\/12\/27\/alquilar-bicicleta-de-carretera\/\",\"name\":\"Consejos para alquilar una bicicleta de carretera - \u0160koda We Love Cycling - Spain\",\"isPartOf\":{\"@id\":\"https:\/\/www.welovecycling.com\/es\/#website\"},\"primaryImageOfPage\":{\"@id\":\"https:\/\/www.welovecycling.com\/es\/2023\/12\/27\/alquilar-bicicleta-de-carretera\/#primaryimage\"},\"image\":{\"@id\":\"https:\/\/www.welovecycling.com\/es\/2023\/12\/27\/alquilar-bicicleta-de-carretera\/#primaryimage\"},\"thumbnailUrl\":\"https:\/\/d2p6e6u75xmxt8.cloudfront.net\/6\/2020\/05\/profimedia-0430407931.jpg\",\"datePublished\":\"2023-12-27T10:00:53+00:00\",\"author\":{\"@id\":\"https:\/\/www.welovecycling.com\/es\/#\/schema\/person\/deb61715b5812698ee79fb96f343ccd4\"},\"description\":\"Consejos para alquilar una bicicleta de carretera. Desde el modelo, la talla o el desarrollo dependiendo del lugar por donde vayas a pedalear\",\"breadcrumb\":{\"@id\":\"https:\/\/www.welovecycling.com\/es\/2023\/12\/27\/alquilar-bicicleta-de-carretera\/#breadcrumb\"},\"inLanguage\":\"es-ES\",\"potentialAction\":[{\"@type\":\"ReadAction\",\"target\":[\"https:\/\/www.welovecycling.com\/es\/2023\/12\/27\/alquilar-bicicleta-de-carretera\/\"]}]},{\"@type\":\"ImageObject\",\"inLanguage\":\"es-ES\",\"@id\":\"https:\/\/www.welovecycling.com\/es\/2023\/12\/27\/alquilar-bicicleta-de-carretera\/#primaryimage\",\"url\":\"https:\/\/d2p6e6u75xmxt8.cloudfront.net\/6\/2020\/05\/profimedia-0430407931.jpg\",\"contentUrl\":\"https:\/\/d2p6e6u75xmxt8.cloudfront.net\/6\/2020\/05\/profimedia-0430407931.jpg\",\"width\":1250,\"height\":832,\"caption\":\"Las bicicletas del Equipo Ineos se alinean antes de la primera etapa del Tour de Yorkshire en Doncaster, Norte de Inglaterra, el 2 de mayo. L\u00ednea de cr\u00e9dito: Oli SCARFF \/ AFP \/ Profimedia\"},{\"@type\":\"BreadcrumbList\",\"@id\":\"https:\/\/www.welovecycling.com\/es\/2023\/12\/27\/alquilar-bicicleta-de-carretera\/#breadcrumb\",\"itemListElement\":[{\"@type\":\"ListItem\",\"position\":1,\"name\":\"Home\",\"item\":\"https:\/\/www.welovecycling.com\/es\/\"},{\"@type\":\"ListItem\",\"position\":2,\"name\":\"Consejos para alquilar una bicicleta de carretera\"}]},{\"@type\":\"WebSite\",\"@id\":\"https:\/\/www.welovecycling.com\/es\/#website\",\"url\":\"https:\/\/www.welovecycling.com\/es\/\",\"name\":\"\u0160koda We Love Cycling - Spain\",\"description\":\"\u0160koda WeLoveCycling Spain\",\"potentialAction\":[{\"@type\":\"SearchAction\",\"target\":{\"@type\":\"EntryPoint\",\"urlTemplate\":\"https:\/\/www.welovecycling.com\/es\/?s={search_term_string}\"},\"query-input\":{\"@type\":\"PropertyValueSpecification\",\"valueRequired\":true,\"valueName\":\"search_term_string\"}}],\"inLanguage\":\"es-ES\"},{\"@type\":\"Person\",\"@id\":\"https:\/\/www.welovecycling.com\/es\/#\/schema\/person\/deb61715b5812698ee79fb96f343ccd4\",\"name\":\"We Love Cycling Spain\",\"image\":{\"@type\":\"ImageObject\",\"inLanguage\":\"es-ES\",\"@id\":\"https:\/\/www.welovecycling.com\/es\/#\/schema\/person\/image\/\",\"url\":\"https:\/\/secure.gravatar.com\/avatar\/c824b04e6df0e37a03219d0b6481672889df542894588964102459e46513159c?s=96&d=mm&r=g\",\"contentUrl\":\"https:\/\/secure.gravatar.com\/avatar\/c824b04e6df0e37a03219d0b6481672889df542894588964102459e46513159c?s=96&d=mm&r=g\",\"caption\":\"We Love Cycling Spain\"},\"url\":\"https:\/\/www.welovecycling.com\/es\/author\/amunoz\/\"}]}<\/script>\n<!-- \/ Yoast SEO Premium plugin. -->","yoast_head_json":{"title":"Consejos para alquilar una bicicleta de carretera - \u0160koda We Love Cycling - Spain","description":"Consejos para alquilar una bicicleta de carretera. Desde el modelo, la talla o el desarrollo dependiendo del lugar por donde vayas a pedalear","robots":{"index":"index","follow":"follow","max-snippet":"max-snippet:-1","max-image-preview":"max-image-preview:large","max-video-preview":"max-video-preview:-1"},"canonical":"https:\/\/www.welovecycling.com\/es\/2023\/12\/27\/alquilar-bicicleta-de-carretera\/","og_locale":"es_ES","og_type":"article","og_title":"Consejos para alquilar una bicicleta de carretera","og_description":"Consejos para alquilar una bicicleta de carretera. Desde el modelo, la talla o el desarrollo dependiendo del lugar por donde vayas a pedalear","og_url":"https:\/\/www.welovecycling.com\/es\/2023\/12\/27\/alquilar-bicicleta-de-carretera\/","og_site_name":"\u0160koda We Love Cycling - Spain","article_published_time":"2023-12-27T10:00:53+00:00","og_image":[{"width":1250,"height":832,"url":"https:\/\/d2p6e6u75xmxt8.cloudfront.net\/6\/2020\/05\/profimedia-0430407931.jpg","type":"image\/jpeg"}],"author":"We Love Cycling Spain","twitter_card":"summary_large_image","twitter_description":"Consejos para alquilar una bicicleta de carretera. Desde el modelo, la talla o el desarrollo dependiendo del lugar por donde vayas a pedalear","twitter_misc":{"Written by":"Luis Ortega @ciclored","Est. reading time":"5 minutes"},"schema":{"@context":"https:\/\/schema.org","@graph":[{"@type":"WebPage","@id":"https:\/\/www.welovecycling.com\/es\/2023\/12\/27\/alquilar-bicicleta-de-carretera\/","url":"https:\/\/www.welovecycling.com\/es\/2023\/12\/27\/alquilar-bicicleta-de-carretera\/","name":"Consejos para alquilar una bicicleta de carretera - \u0160koda We Love Cycling - Spain","isPartOf":{"@id":"https:\/\/www.welovecycling.com\/es\/#website"},"primaryImageOfPage":{"@id":"https:\/\/www.welovecycling.com\/es\/2023\/12\/27\/alquilar-bicicleta-de-carretera\/#primaryimage"},"image":{"@id":"https:\/\/www.welovecycling.com\/es\/2023\/12\/27\/alquilar-bicicleta-de-carretera\/#primaryimage"},"thumbnailUrl":"https:\/\/d2p6e6u75xmxt8.cloudfront.net\/6\/2020\/05\/profimedia-0430407931.jpg","datePublished":"2023-12-27T10:00:53+00:00","author":{"@id":"https:\/\/www.welovecycling.com\/es\/#\/schema\/person\/deb61715b5812698ee79fb96f343ccd4"},"description":"Consejos para alquilar una bicicleta de carretera. Desde el modelo, la talla o el desarrollo dependiendo del lugar por donde vayas a pedalear","breadcrumb":{"@id":"https:\/\/www.welovecycling.com\/es\/2023\/12\/27\/alquilar-bicicleta-de-carretera\/#breadcrumb"},"inLanguage":"es-ES","potentialAction":[{"@type":"ReadAction","target":["https:\/\/www.welovecycling.com\/es\/2023\/12\/27\/alquilar-bicicleta-de-carretera\/"]}]},{"@type":"ImageObject","inLanguage":"es-ES","@id":"https:\/\/www.welovecycling.com\/es\/2023\/12\/27\/alquilar-bicicleta-de-carretera\/#primaryimage","url":"https:\/\/d2p6e6u75xmxt8.cloudfront.net\/6\/2020\/05\/profimedia-0430407931.jpg","contentUrl":"https:\/\/d2p6e6u75xmxt8.cloudfront.net\/6\/2020\/05\/profimedia-0430407931.jpg","width":1250,"height":832,"caption":"Las bicicletas del Equipo Ineos se alinean antes de la primera etapa del Tour de Yorkshire en Doncaster, Norte de Inglaterra, el 2 de mayo. L\u00ednea de cr\u00e9dito: Oli SCARFF \/ AFP \/ Profimedia"},{"@type":"BreadcrumbList","@id":"https:\/\/www.welovecycling.com\/es\/2023\/12\/27\/alquilar-bicicleta-de-carretera\/#breadcrumb","itemListElement":[{"@type":"ListItem","position":1,"name":"Home","item":"https:\/\/www.welovecycling.com\/es\/"},{"@type":"ListItem","position":2,"name":"Consejos para alquilar una bicicleta de carretera"}]},{"@type":"WebSite","@id":"https:\/\/www.welovecycling.com\/es\/#website","url":"https:\/\/www.welovecycling.com\/es\/","name":"\u0160koda We Love Cycling - Spain","description":"\u0160koda WeLoveCycling Spain","potentialAction":[{"@type":"SearchAction","target":{"@type":"EntryPoint","urlTemplate":"https:\/\/www.welovecycling.com\/es\/?s={search_term_string}"},"query-input":{"@type":"PropertyValueSpecification","valueRequired":true,"valueName":"search_term_string"}}],"inLanguage":"es-ES"},{"@type":"Person","@id":"https:\/\/www.welovecycling.com\/es\/#\/schema\/person\/deb61715b5812698ee79fb96f343ccd4","name":"We Love Cycling Spain","image":{"@type":"ImageObject","inLanguage":"es-ES","@id":"https:\/\/www.welovecycling.com\/es\/#\/schema\/person\/image\/","url":"https:\/\/secure.gravatar.com\/avatar\/c824b04e6df0e37a03219d0b6481672889df542894588964102459e46513159c?s=96&d=mm&r=g","contentUrl":"https:\/\/secure.gravatar.com\/avatar\/c824b04e6df0e37a03219d0b6481672889df542894588964102459e46513159c?s=96&d=mm&r=g","caption":"We Love Cycling Spain"},"url":"https:\/\/www.welovecycling.com\/es\/author\/amunoz\/"}]}},"_links":{"self":[{"href":"https:\/\/www.welovecycling.com\/es\/wp-json\/wp\/v2\/posts\/10462","targetHints":{"allow":["GET"]}}],"collection":[{"href":"https:\/\/www.welovecycling.com\/es\/wp-json\/wp\/v2\/posts"}],"about":[{"href":"https:\/\/www.welovecycling.com\/es\/wp-json\/wp\/v2\/types\/post"}],"author":[{"embeddable":true,"href":"https:\/\/www.welovecycling.com\/es\/wp-json\/wp\/v2\/users\/29"}],"replies":[{"embeddable":true,"href":"https:\/\/www.welovecycling.com\/es\/wp-json\/wp\/v2\/comments?post=10462"}],"version-history":[{"count":1,"href":"https:\/\/www.welovecycling.com\/es\/wp-json\/wp\/v2\/posts\/10462\/revisions"}],"predecessor-version":[{"id":10463,"href":"https:\/\/www.welovecycling.com\/es\/wp-json\/wp\/v2\/posts\/10462\/revisions\/10463"}],"wp:featuredmedia":[{"embeddable":true,"href":"https:\/\/www.welovecycling.com\/es\/wp-json\/wp\/v2\/media\/6141"}],"wp:attachment":[{"href":"https:\/\/www.welovecycling.com\/es\/wp-json\/wp\/v2\/media?parent=10462"}],"wp:term":[{"taxonomy":"category","embeddable":true,"href":"https:\/\/www.welovecycling.com\/es\/wp-json\/wp\/v2\/categories?post=10462"},{"taxonomy":"post_tag","embeddable":true,"href":"https:\/\/www.welovecycling.com\/es\/wp-json\/wp\/v2\/tags?post=10462"},{"taxonomy":"global-categories","embeddable":true,"href":"https:\/\/www.welovecycling.com\/es\/wp-json\/wp\/v2\/global-categories?post=10462"}],"curies":[{"name":"wp","href":"https:\/\/api.w.org\/{rel}","templated":true}]}}