{"id":10454,"date":"2023-12-18T10:40:51","date_gmt":"2023-12-18T08:40:51","guid":{"rendered":"https:\/\/www.welovecycling.com\/es\/?p=10454"},"modified":"2023-12-20T17:47:25","modified_gmt":"2023-12-20T15:47:25","slug":"buenos-escaladores-2","status":"publish","type":"post","link":"https:\/\/www.welovecycling.com\/es\/2023\/12\/18\/buenos-escaladores-2\/","title":{"rendered":"\u00bfPor qu\u00e9 daneses, holandeses y belgas son buenos escaladores sin tener monta\u00f1as?"},"content":{"rendered":"<p style=\"font-weight: 400;\"><strong>Hay algo curioso en que tantos nombres famosos del ciclismo profesional procedan de pa\u00edses esencialmente llanos. Las tres Grandes Vueltas se deciden a menudo en la monta\u00f1a, e incluso los monumentos ciclistas y las cl\u00e1sicas tienen mucho de escalada. Echemos un vistazo a lo que convierte a estos pa\u00edses en potencias del ciclismo y hay buenos escaladores daneses, holandeses o belgas.<\/strong><\/p>\n<p><!--more--><\/p>\n<h2><strong>Desde Merckx a Vingegaard<\/strong><\/h2>\n<p>Ning\u00fan aficionado al ciclismo tiene que pensar demasiado para nombrar a un ciclista famoso de uno de estos pa\u00edses. Probablemente, el <a href=\"https:\/\/www.welovecycling.com\/wide\/2021\/06\/30\/the-fall-of-eddy-merckx-the-greatest-tour-de-france-champion\/\">belga Eddy Merckx<\/a> sea el primero en venir a la mente, y nombres como el holand\u00e9s Joop Zoetemelk o el dan\u00e9s Bjarne Riis tambi\u00e9n han dejado una profunda huella en este deporte. Y parece que hoy en d\u00eda, estos tres pa\u00edses llanos est\u00e1n produciendo m\u00e1s ciclistas profesionales de \u00e9xito que nunca. El nombre obvio de Dinamarca es Jonas Vingegaard, y su compa\u00f1ero de equipo Wout van Aert o su rival Remco Evenepoel tambi\u00e9n est\u00e1n representando a B\u00e9lgica notablemente bien. Y los Pa\u00edses Bajos son un hervidero de talento ciclista femenino, con <a href=\"https:\/\/www.welovecycling.com\/es\/2023\/07\/30\/sorpasso-tourmalet\/\">Annemiek van Vleuten<\/a>, Marianne Vos y Demi Vollering, por nombrar s\u00f3lo algunas.<\/p>\n<p>Esto no puede ser una coincidencia o suerte, hay algunas cosas en B\u00e9lgica, los Pa\u00edses Bajos y Dinamarca que los hacen excepcionalmente buenos en la producci\u00f3n de profesionales del ciclismo a pesar de tener cero monta\u00f1as. He aqu\u00ed cuatro razones que pueden contribuir a ello.<\/p>\n<figure id=\"attachment_10056\" aria-describedby=\"caption-attachment-10056\" style=\"width: 1250px\" class=\"wp-caption alignnone\"><a href=\"https:\/\/d2p6e6u75xmxt8.cloudfront.net\/6\/2023\/07\/Annemiek-Van-Vleuten-profimedia-0711099743.webp\"><img loading=\"lazy\" decoding=\"async\" class=\"wp-image-10056 size-full\" src=\"https:\/\/d2p6e6u75xmxt8.cloudfront.net\/6\/2023\/07\/Annemiek-Van-Vleuten-profimedia-0711099743.webp\" alt=\"Annemiek van Vleuten\" width=\"1250\" height=\"835\" srcset=\"https:\/\/d2p6e6u75xmxt8.cloudfront.net\/6\/2023\/07\/Annemiek-Van-Vleuten-profimedia-0711099743.webp 1250w, https:\/\/d2p6e6u75xmxt8.cloudfront.net\/6\/2023\/07\/Annemiek-Van-Vleuten-profimedia-0711099743-300x200.webp 300w, https:\/\/d2p6e6u75xmxt8.cloudfront.net\/6\/2023\/07\/Annemiek-Van-Vleuten-profimedia-0711099743-1024x684.webp 1024w, https:\/\/d2p6e6u75xmxt8.cloudfront.net\/6\/2023\/07\/Annemiek-Van-Vleuten-profimedia-0711099743-768x513.webp 768w, https:\/\/d2p6e6u75xmxt8.cloudfront.net\/6\/2023\/07\/Annemiek-Van-Vleuten-profimedia-0711099743-400x267.webp 400w, https:\/\/d2p6e6u75xmxt8.cloudfront.net\/6\/2023\/07\/Annemiek-Van-Vleuten-profimedia-0711099743-272x182.webp 272w\" sizes=\"auto, (max-width: 1250px) 100vw, 1250px\" \/><\/a><figcaption id=\"caption-attachment-10056\" class=\"wp-caption-text\">La holandesa Annemiek van Vleuten se alza con la victoria en la edici\u00f3n inaugural del Tour de Francia femenino con Zwift.. \u00a9 Profimedia<\/figcaption><\/figure>\n<h2><strong><br \/>\nCultura ciclista e infraestructura<\/strong><\/h2>\n<p style=\"font-weight: 400;\">Los tres pa\u00edses tienen una s\u00f3lida cultura ciclista, con un elevado n\u00famero de personas que utilizan la bicicleta como medio de transporte y recreo. Tambi\u00e9n cuentan con infraestructuras ciclistas bien desarrolladas, como carriles e instalaciones para bicicletas, que facilitan el ciclismo y el entrenamiento. Esta infraestructura y cultura proporcionan un terreno f\u00e9rtil para el crecimiento del deporte y el desarrollo de j\u00f3venes ciclistas. Una proporci\u00f3n mucho mayor de ciudadanos de estos pa\u00edses entra en contacto con el deporte, lo que aumenta la probabilidad de que se descubra a un individuo con verdadero talento.<\/p>\n<h2><strong>Adoquines y cuestas cortas y empinadas<\/strong><\/h2>\n<p style=\"font-weight: 400;\">Las Ardenas flamencas en B\u00e9lgica y Limburgo en los Pa\u00edses Bajos tienen carreteras empedradas y colinas cortas y pronunciadas que suponen un reto para los ciclistas. Puede que no sean monta\u00f1as en el mismo sentido que los Alpes o los Pirineos, pero sin duda son terrenos de prueba dignos. Tambi\u00e9n albergan uno de los monumentos del ciclismo, el <a href=\"https:\/\/www.welovecycling.com\/es\/2022\/04\/07\/tour-flandes-2022\/\">Tour de Flandes<\/a> y otras cl\u00e1sicas que atraen a los mejores ciclistas y equipos de todo el mundo.<\/p>\n<h2><strong>Carreras de estrategia<\/strong><\/h2>\n<p style=\"font-weight: 400;\">La naturaleza de las carreras en estos pa\u00edses, con su terreno plano y su clima impredecible, a menudo requiere carreras estrat\u00e9gicas. Este tipo de carreras favorece a los ciclistas que saben leer la carrera, tomar decisiones t\u00e1cticas y trabajar bien en equipo, habilidades en las que suelen destacar los ciclistas de estos pa\u00edses.<\/p>\n<h2><strong>Ciclocross<\/strong><\/h2>\n<p>El <a href=\"https:\/\/www.welovecycling.com\/es\/2020\/02\/28\/el-ciclocross-pasion-en-flandes\/\">ciclocross<\/a> es una modalidad de competici\u00f3n muy popular en estos pa\u00edses, que consiste en una mezcla de tramos de carretera y tierra (normalmente embarrada), a menudo con subidas cortas y empinadas y descensos t\u00e9cnicos. Esta disciplina ayuda a desarrollar las habilidades de manejo de la bicicleta y la potencia explosiva, lo que puede ser beneficioso tambi\u00e9n para ser un buen escalador.<\/p>\n<p>\u00bfEst\u00e1s de acuerdo? \u00bfO crees que hay algo m\u00e1s?<\/p>\n","protected":false},"excerpt":{"rendered":"<p>Hay algo curioso en que tantos nombres famosos del ciclismo profesional procedan de pa\u00edses esencialmente llanos. Las tres Grandes Vueltas [&hellip;]<\/p>\n","protected":false},"author":29,"featured_media":10458,"comment_status":"open","ping_status":"open","sticky":false,"template":"","format":"standard","meta":{"footnotes":""},"categories":[7,9],"tags":[2274],"global-categories":[],"class_list":["post-10454","post","type-post","status-publish","format-standard","has-post-thumbnail","hentry","category-carretera","category-mtb-aventura","tag-escaladores"],"yoast_head":"<!-- This site is optimized with the Yoast SEO Premium plugin v25.3 (Yoast SEO v25.9) - https:\/\/yoast.com\/wordpress\/plugins\/seo\/ -->\n<title>\u00bfPor qu\u00e9 daneses y belgas son buenos escaladores sin tener monta\u00f1as?<\/title>\n<meta name=\"description\" content=\"\u00bfPor qu\u00e9 daneses, holandeses y belgas son buenos escaladores sin tener monta\u00f1as? Desde la cultura ciclista a las colinas de las Ardenas.\" \/>\n<meta name=\"robots\" content=\"index, follow, max-snippet:-1, max-image-preview:large, max-video-preview:-1\" \/>\n<link rel=\"canonical\" href=\"https:\/\/www.welovecycling.com\/es\/2023\/12\/18\/buenos-escaladores-2\/\" \/>\n<meta property=\"og:locale\" content=\"es_ES\" \/>\n<meta property=\"og:type\" content=\"article\" \/>\n<meta property=\"og:title\" content=\"\u00bfPor qu\u00e9 daneses, holandeses y belgas son buenos escaladores sin tener monta\u00f1as?\" \/>\n<meta property=\"og:description\" content=\"\u00bfPor qu\u00e9 daneses, holandeses y belgas son buenos escaladores sin tener monta\u00f1as? Desde la cultura ciclista a las colinas de las Ardenas.\" \/>\n<meta property=\"og:url\" content=\"https:\/\/www.welovecycling.com\/es\/2023\/12\/18\/buenos-escaladores-2\/\" \/>\n<meta property=\"og:site_name\" content=\"\u0160koda We Love Cycling - Spain\" \/>\n<meta property=\"article:published_time\" content=\"2023-12-18T08:40:51+00:00\" \/>\n<meta property=\"article:modified_time\" content=\"2023-12-20T15:47:25+00:00\" \/>\n<meta property=\"og:image\" content=\"https:\/\/d2p6e6u75xmxt8.cloudfront.net\/6\/2023\/12\/Wout-van-Aert-CVR-profimedia-0709536997.webp\" \/>\n\t<meta property=\"og:image:width\" content=\"990\" \/>\n\t<meta property=\"og:image:height\" content=\"660\" \/>\n\t<meta property=\"og:image:type\" content=\"image\/webp\" \/>\n<meta name=\"author\" content=\"We Love Cycling Spain\" \/>\n<meta name=\"twitter:card\" content=\"summary_large_image\" \/>\n<meta name=\"twitter:description\" content=\"\u00bfPor qu\u00e9 daneses, holandeses y belgas son buenos escaladores sin tener monta\u00f1as? Desde la cultura ciclista a las colinas de las Ardenas.\" \/>\n<meta name=\"twitter:label1\" content=\"Written by\" \/>\n\t<meta name=\"twitter:data1\" content=\"Jiri Kaloc\" \/>\n\t<meta name=\"twitter:label2\" content=\"Est. reading time\" \/>\n\t<meta name=\"twitter:data2\" content=\"4\" \/>\n<script type=\"application\/ld+json\" class=\"yoast-schema-graph\">{\"@context\":\"https:\/\/schema.org\",\"@graph\":[{\"@type\":\"WebPage\",\"@id\":\"https:\/\/www.welovecycling.com\/es\/2023\/12\/18\/buenos-escaladores-2\/\",\"url\":\"https:\/\/www.welovecycling.com\/es\/2023\/12\/18\/buenos-escaladores-2\/\",\"name\":\"\u00bfPor qu\u00e9 daneses y belgas son buenos escaladores sin tener monta\u00f1as?\",\"isPartOf\":{\"@id\":\"https:\/\/www.welovecycling.com\/es\/#website\"},\"primaryImageOfPage\":{\"@id\":\"https:\/\/www.welovecycling.com\/es\/2023\/12\/18\/buenos-escaladores-2\/#primaryimage\"},\"image\":{\"@id\":\"https:\/\/www.welovecycling.com\/es\/2023\/12\/18\/buenos-escaladores-2\/#primaryimage\"},\"thumbnailUrl\":\"https:\/\/d2p6e6u75xmxt8.cloudfront.net\/6\/2023\/12\/Wout-van-Aert-CVR-profimedia-0709536997.webp\",\"datePublished\":\"2023-12-18T08:40:51+00:00\",\"dateModified\":\"2023-12-20T15:47:25+00:00\",\"author\":{\"@id\":\"https:\/\/www.welovecycling.com\/es\/#\/schema\/person\/deb61715b5812698ee79fb96f343ccd4\"},\"description\":\"\u00bfPor qu\u00e9 daneses, holandeses y belgas son buenos escaladores sin tener monta\u00f1as? Desde la cultura ciclista a las colinas de las Ardenas.\",\"breadcrumb\":{\"@id\":\"https:\/\/www.welovecycling.com\/es\/2023\/12\/18\/buenos-escaladores-2\/#breadcrumb\"},\"inLanguage\":\"es-ES\",\"potentialAction\":[{\"@type\":\"ReadAction\",\"target\":[\"https:\/\/www.welovecycling.com\/es\/2023\/12\/18\/buenos-escaladores-2\/\"]}]},{\"@type\":\"ImageObject\",\"inLanguage\":\"es-ES\",\"@id\":\"https:\/\/www.welovecycling.com\/es\/2023\/12\/18\/buenos-escaladores-2\/#primaryimage\",\"url\":\"https:\/\/d2p6e6u75xmxt8.cloudfront.net\/6\/2023\/12\/Wout-van-Aert-CVR-profimedia-0709536997.webp\",\"contentUrl\":\"https:\/\/d2p6e6u75xmxt8.cloudfront.net\/6\/2023\/12\/Wout-van-Aert-CVR-profimedia-0709536997.webp\",\"width\":990,\"height\":660,\"caption\":\"Tour de France\"},{\"@type\":\"BreadcrumbList\",\"@id\":\"https:\/\/www.welovecycling.com\/es\/2023\/12\/18\/buenos-escaladores-2\/#breadcrumb\",\"itemListElement\":[{\"@type\":\"ListItem\",\"position\":1,\"name\":\"Home\",\"item\":\"https:\/\/www.welovecycling.com\/es\/\"},{\"@type\":\"ListItem\",\"position\":2,\"name\":\"\u00bfPor qu\u00e9 daneses, holandeses y belgas son buenos escaladores sin tener monta\u00f1as?\"}]},{\"@type\":\"WebSite\",\"@id\":\"https:\/\/www.welovecycling.com\/es\/#website\",\"url\":\"https:\/\/www.welovecycling.com\/es\/\",\"name\":\"\u0160koda We Love Cycling - Spain\",\"description\":\"\u0160koda WeLoveCycling Spain\",\"potentialAction\":[{\"@type\":\"SearchAction\",\"target\":{\"@type\":\"EntryPoint\",\"urlTemplate\":\"https:\/\/www.welovecycling.com\/es\/?s={search_term_string}\"},\"query-input\":{\"@type\":\"PropertyValueSpecification\",\"valueRequired\":true,\"valueName\":\"search_term_string\"}}],\"inLanguage\":\"es-ES\"},{\"@type\":\"Person\",\"@id\":\"https:\/\/www.welovecycling.com\/es\/#\/schema\/person\/deb61715b5812698ee79fb96f343ccd4\",\"name\":\"We Love Cycling Spain\",\"image\":{\"@type\":\"ImageObject\",\"inLanguage\":\"es-ES\",\"@id\":\"https:\/\/www.welovecycling.com\/es\/#\/schema\/person\/image\/\",\"url\":\"https:\/\/secure.gravatar.com\/avatar\/c824b04e6df0e37a03219d0b6481672889df542894588964102459e46513159c?s=96&d=mm&r=g\",\"contentUrl\":\"https:\/\/secure.gravatar.com\/avatar\/c824b04e6df0e37a03219d0b6481672889df542894588964102459e46513159c?s=96&d=mm&r=g\",\"caption\":\"We Love Cycling Spain\"},\"url\":\"https:\/\/www.welovecycling.com\/es\/author\/amunoz\/\"}]}<\/script>\n<!-- \/ Yoast SEO Premium plugin. -->","yoast_head_json":{"title":"\u00bfPor qu\u00e9 daneses y belgas son buenos escaladores sin tener monta\u00f1as?","description":"\u00bfPor qu\u00e9 daneses, holandeses y belgas son buenos escaladores sin tener monta\u00f1as? Desde la cultura ciclista a las colinas de las Ardenas.","robots":{"index":"index","follow":"follow","max-snippet":"max-snippet:-1","max-image-preview":"max-image-preview:large","max-video-preview":"max-video-preview:-1"},"canonical":"https:\/\/www.welovecycling.com\/es\/2023\/12\/18\/buenos-escaladores-2\/","og_locale":"es_ES","og_type":"article","og_title":"\u00bfPor qu\u00e9 daneses, holandeses y belgas son buenos escaladores sin tener monta\u00f1as?","og_description":"\u00bfPor qu\u00e9 daneses, holandeses y belgas son buenos escaladores sin tener monta\u00f1as? Desde la cultura ciclista a las colinas de las Ardenas.","og_url":"https:\/\/www.welovecycling.com\/es\/2023\/12\/18\/buenos-escaladores-2\/","og_site_name":"\u0160koda We Love Cycling - Spain","article_published_time":"2023-12-18T08:40:51+00:00","article_modified_time":"2023-12-20T15:47:25+00:00","og_image":[{"width":990,"height":660,"url":"https:\/\/d2p6e6u75xmxt8.cloudfront.net\/6\/2023\/12\/Wout-van-Aert-CVR-profimedia-0709536997.webp","type":"image\/webp"}],"author":"We Love Cycling Spain","twitter_card":"summary_large_image","twitter_description":"\u00bfPor qu\u00e9 daneses, holandeses y belgas son buenos escaladores sin tener monta\u00f1as? Desde la cultura ciclista a las colinas de las Ardenas.","twitter_misc":{"Written by":"Jiri Kaloc","Est. reading time":"4"},"schema":{"@context":"https:\/\/schema.org","@graph":[{"@type":"WebPage","@id":"https:\/\/www.welovecycling.com\/es\/2023\/12\/18\/buenos-escaladores-2\/","url":"https:\/\/www.welovecycling.com\/es\/2023\/12\/18\/buenos-escaladores-2\/","name":"\u00bfPor qu\u00e9 daneses y belgas son buenos escaladores sin tener monta\u00f1as?","isPartOf":{"@id":"https:\/\/www.welovecycling.com\/es\/#website"},"primaryImageOfPage":{"@id":"https:\/\/www.welovecycling.com\/es\/2023\/12\/18\/buenos-escaladores-2\/#primaryimage"},"image":{"@id":"https:\/\/www.welovecycling.com\/es\/2023\/12\/18\/buenos-escaladores-2\/#primaryimage"},"thumbnailUrl":"https:\/\/d2p6e6u75xmxt8.cloudfront.net\/6\/2023\/12\/Wout-van-Aert-CVR-profimedia-0709536997.webp","datePublished":"2023-12-18T08:40:51+00:00","dateModified":"2023-12-20T15:47:25+00:00","author":{"@id":"https:\/\/www.welovecycling.com\/es\/#\/schema\/person\/deb61715b5812698ee79fb96f343ccd4"},"description":"\u00bfPor qu\u00e9 daneses, holandeses y belgas son buenos escaladores sin tener monta\u00f1as? Desde la cultura ciclista a las colinas de las Ardenas.","breadcrumb":{"@id":"https:\/\/www.welovecycling.com\/es\/2023\/12\/18\/buenos-escaladores-2\/#breadcrumb"},"inLanguage":"es-ES","potentialAction":[{"@type":"ReadAction","target":["https:\/\/www.welovecycling.com\/es\/2023\/12\/18\/buenos-escaladores-2\/"]}]},{"@type":"ImageObject","inLanguage":"es-ES","@id":"https:\/\/www.welovecycling.com\/es\/2023\/12\/18\/buenos-escaladores-2\/#primaryimage","url":"https:\/\/d2p6e6u75xmxt8.cloudfront.net\/6\/2023\/12\/Wout-van-Aert-CVR-profimedia-0709536997.webp","contentUrl":"https:\/\/d2p6e6u75xmxt8.cloudfront.net\/6\/2023\/12\/Wout-van-Aert-CVR-profimedia-0709536997.webp","width":990,"height":660,"caption":"Tour de France"},{"@type":"BreadcrumbList","@id":"https:\/\/www.welovecycling.com\/es\/2023\/12\/18\/buenos-escaladores-2\/#breadcrumb","itemListElement":[{"@type":"ListItem","position":1,"name":"Home","item":"https:\/\/www.welovecycling.com\/es\/"},{"@type":"ListItem","position":2,"name":"\u00bfPor qu\u00e9 daneses, holandeses y belgas son buenos escaladores sin tener monta\u00f1as?"}]},{"@type":"WebSite","@id":"https:\/\/www.welovecycling.com\/es\/#website","url":"https:\/\/www.welovecycling.com\/es\/","name":"\u0160koda We Love Cycling - Spain","description":"\u0160koda WeLoveCycling Spain","potentialAction":[{"@type":"SearchAction","target":{"@type":"EntryPoint","urlTemplate":"https:\/\/www.welovecycling.com\/es\/?s={search_term_string}"},"query-input":{"@type":"PropertyValueSpecification","valueRequired":true,"valueName":"search_term_string"}}],"inLanguage":"es-ES"},{"@type":"Person","@id":"https:\/\/www.welovecycling.com\/es\/#\/schema\/person\/deb61715b5812698ee79fb96f343ccd4","name":"We Love Cycling Spain","image":{"@type":"ImageObject","inLanguage":"es-ES","@id":"https:\/\/www.welovecycling.com\/es\/#\/schema\/person\/image\/","url":"https:\/\/secure.gravatar.com\/avatar\/c824b04e6df0e37a03219d0b6481672889df542894588964102459e46513159c?s=96&d=mm&r=g","contentUrl":"https:\/\/secure.gravatar.com\/avatar\/c824b04e6df0e37a03219d0b6481672889df542894588964102459e46513159c?s=96&d=mm&r=g","caption":"We Love Cycling Spain"},"url":"https:\/\/www.welovecycling.com\/es\/author\/amunoz\/"}]}},"_links":{"self":[{"href":"https:\/\/www.welovecycling.com\/es\/wp-json\/wp\/v2\/posts\/10454","targetHints":{"allow":["GET"]}}],"collection":[{"href":"https:\/\/www.welovecycling.com\/es\/wp-json\/wp\/v2\/posts"}],"about":[{"href":"https:\/\/www.welovecycling.com\/es\/wp-json\/wp\/v2\/types\/post"}],"author":[{"embeddable":true,"href":"https:\/\/www.welovecycling.com\/es\/wp-json\/wp\/v2\/users\/29"}],"replies":[{"embeddable":true,"href":"https:\/\/www.welovecycling.com\/es\/wp-json\/wp\/v2\/comments?post=10454"}],"version-history":[{"count":3,"href":"https:\/\/www.welovecycling.com\/es\/wp-json\/wp\/v2\/posts\/10454\/revisions"}],"predecessor-version":[{"id":10465,"href":"https:\/\/www.welovecycling.com\/es\/wp-json\/wp\/v2\/posts\/10454\/revisions\/10465"}],"wp:featuredmedia":[{"embeddable":true,"href":"https:\/\/www.welovecycling.com\/es\/wp-json\/wp\/v2\/media\/10458"}],"wp:attachment":[{"href":"https:\/\/www.welovecycling.com\/es\/wp-json\/wp\/v2\/media?parent=10454"}],"wp:term":[{"taxonomy":"category","embeddable":true,"href":"https:\/\/www.welovecycling.com\/es\/wp-json\/wp\/v2\/categories?post=10454"},{"taxonomy":"post_tag","embeddable":true,"href":"https:\/\/www.welovecycling.com\/es\/wp-json\/wp\/v2\/tags?post=10454"},{"taxonomy":"global-categories","embeddable":true,"href":"https:\/\/www.welovecycling.com\/es\/wp-json\/wp\/v2\/global-categories?post=10454"}],"curies":[{"name":"wp","href":"https:\/\/api.w.org\/{rel}","templated":true}]}}