{"id":10441,"date":"2023-12-14T11:50:11","date_gmt":"2023-12-14T09:50:11","guid":{"rendered":"https:\/\/www.welovecycling.com\/es\/?p=10441"},"modified":"2023-12-14T11:50:11","modified_gmt":"2023-12-14T09:50:11","slug":"frio-bicicleta","status":"publish","type":"post","link":"https:\/\/www.welovecycling.com\/es\/2023\/12\/14\/frio-bicicleta\/","title":{"rendered":"Supera el fr\u00edo en bicicleta"},"content":{"rendered":"<p><strong>Cuando llega el invierno resulta tentador refugiarse en casa, dejar de montar en bicicleta o simplemente optar por una sesi\u00f3n r\u00e1pida de rodillo Aunque esto es totalmente comprensible, montar en bicicleta al aire libre durante el invierno (cuando es seguro hacerlo) puede tener importantes beneficios, tanto mentales como f\u00edsicos. Te vamos a dar consejos de como superar el fr\u00edo en bicicleta.<\/strong><\/p>\n<p><!--more--><\/p>\n<p>La falta de luz solar durante los meses de invierno puede provocar falta de energ\u00eda, pero el ejercicio regular al aire libre estimula las endorfinas, mejorando el estado de \u00e1nimo y ayudando a combatir los <a href=\"https:\/\/www.nhs.uk\/mental-health\/conditions\/seasonal-affective-disorder-sad\/symptoms\/\">efectos del trastorno afectivo estacional (TAE)<\/a>. El aire fresco y la exposici\u00f3n a la luz tambi\u00e9n pueden mejorar el sue\u00f1o, lo que a su vez favorece la salud mental.<\/p>\n<p>Desde el punto de vista f\u00edsico, el fr\u00edo puede aumentar la cantidad de calor\u00edas quemadas. Adem\u00e1s, el aporte extra de vitamina D de la exposici\u00f3n a la luz contribuye a la salud de huesos y m\u00fasculos.<\/p>\n<p>\u00bfEst\u00e1s convencido? Sigue leyendo para conocer algunos consejos para superar el fr\u00edo en bicicleta en invierno.<\/p>\n<h2><strong>Como vestirse<\/strong><\/h2>\n<p>Lo m\u00e1s importante a la hora de <a href=\"https:\/\/www.welovecycling.com\/es\/2023\/03\/09\/ropa-ciclista-invierno-2\/\">vestirse para el invierno<\/a> es elegir capas que te mantengan caliente y te permitan regular la temperatura. Aunque es inevitable sudar un poco, lo mejor es elegir capas que evacuen el sudor, mantengan el calor cuando est\u00e9n mojadas y permitan regular la temperatura.<\/p>\n<p>La ropa espec\u00edfica para ciclismo no siempre es necesaria: la ropa de exterior de buena calidad est\u00e1 bien si puedes pedalear con ella sin sentirte limitado y sin que ondee o roce con la cadena<\/p>\n<p>Busca m\u00e1s opciones de ropa fuera de tu disciplina principal: las chaquetas de ciclismo de monta\u00f1a o trail suelen tener capuchas que se ajustan al casco, mientras que las chaquetas de ciclismo de carretera rara vez las tienen.<\/p>\n<p>La lana merino puede ser una buena opci\u00f3n para algunos, ya que mantiene el calor cuando est\u00e1 mojada y se seca r\u00e1pidamente.<br \/>\nLas cremalleras bidireccionales facilitan la regulaci\u00f3n de la temperatura.<br \/>\nConsidera la posibilidad de llevar prendas exteriores de Gore-Tex, pero recuerda que te calentar\u00e1 m\u00e1s r\u00e1pidamente y ajusta las capas superiores en consecuencia.<br \/>\nC\u00fabrete las orejas y ponte un protector de cuello.<br \/>\nAseg\u00farate de que los calcetines no te aprietan demasiado, ya que te enfriar\u00e1n los pies. Lo mismo con los guantes.<br \/>\nUsa botines para mantener los pies lo m\u00e1s calientes posible.<br \/>\nPara los d\u00edas desesperadamente fr\u00edos, utiliza calentadores activados para pies o manos. Para mayor comodidad, ponte tambi\u00e9n almohadillas en la parte superior de los pies.<br \/>\nSi llueve o est\u00e1 oscuro, no olvides las luces.<br \/>\nConducir la MTB puede significar menos sensaci\u00f3n t\u00e9rmica de fr\u00edo Tambi\u00e9n ayuda a evitar el hielo negro.<br \/>\nConsidera la posibilidad de reducir la presi\u00f3n de los neum\u00e1ticos para obtener m\u00e1s agarre<\/p>\n<p>Aseg\u00farate de limpiar y cuidar tu bicicleta para que funcione correctamente. Presta especial atenci\u00f3n a la limpieza de los frenos, utiliza lubricante h\u00famedo en la cadena e inspecciona los neum\u00e1ticos antes de salir de casa. Cambiar las c\u00e1maras de aire con fr\u00edo es m\u00e1s desagradable de lo habitual, as\u00ed que considera la posibilidad de cambiar a neum\u00e1ticos sin c\u00e1mara.<\/p>\n","protected":false},"excerpt":{"rendered":"<p>Cuando llega el invierno resulta tentador refugiarse en casa, dejar de montar en bicicleta o simplemente optar por una sesi\u00f3n [&hellip;]<\/p>\n","protected":false},"author":29,"featured_media":10442,"comment_status":"open","ping_status":"open","sticky":false,"template":"","format":"standard","meta":{"footnotes":""},"categories":[7,9],"tags":[],"global-categories":[],"class_list":["post-10441","post","type-post","status-publish","format-standard","has-post-thumbnail","hentry","category-carretera","category-mtb-aventura"],"yoast_head":"<!-- This site is optimized with the Yoast SEO Premium plugin v25.3 (Yoast SEO v25.9) - https:\/\/yoast.com\/wordpress\/plugins\/seo\/ -->\n<title>Supera el fr\u00edo en bicicleta - \u0160koda We Love Cycling - Spain<\/title>\n<meta name=\"description\" content=\"Supera el fr\u00edo en bicicleta. Consejos para no pasar demasiado fr\u00edo en los d\u00edas m\u00e1s duros de invierno. \u00bfQu\u00e9 ropa adecuada llevar?\" \/>\n<meta name=\"robots\" content=\"index, follow, max-snippet:-1, max-image-preview:large, max-video-preview:-1\" \/>\n<link rel=\"canonical\" href=\"https:\/\/www.welovecycling.com\/es\/2023\/12\/14\/frio-bicicleta\/\" \/>\n<meta property=\"og:locale\" content=\"es_ES\" \/>\n<meta property=\"og:type\" content=\"article\" \/>\n<meta property=\"og:title\" content=\"Supera el fr\u00edo en bicicleta\" \/>\n<meta property=\"og:description\" content=\"Supera el fr\u00edo en bicicleta. Consejos para no pasar demasiado fr\u00edo en los d\u00edas m\u00e1s duros de invierno. \u00bfQu\u00e9 ropa adecuada llevar?\" \/>\n<meta property=\"og:url\" content=\"https:\/\/www.welovecycling.com\/es\/2023\/12\/14\/frio-bicicleta\/\" \/>\n<meta property=\"og:site_name\" content=\"\u0160koda We Love Cycling - Spain\" \/>\n<meta property=\"article:published_time\" content=\"2023-12-14T09:50:11+00:00\" \/>\n<meta property=\"og:image\" content=\"https:\/\/d2p6e6u75xmxt8.cloudfront.net\/6\/2023\/12\/WLC_JE_BeatWinter_ArticleCover.webp\" \/>\n\t<meta property=\"og:image:width\" content=\"990\" \/>\n\t<meta property=\"og:image:height\" content=\"660\" \/>\n\t<meta property=\"og:image:type\" content=\"image\/webp\" \/>\n<meta name=\"author\" content=\"We Love Cycling Spain\" \/>\n<meta name=\"twitter:card\" content=\"summary_large_image\" \/>\n<meta name=\"twitter:description\" content=\"Supera el fr\u00edo en bicicleta. Consejos para no pasar demasiado fr\u00edo en los d\u00edas m\u00e1s duros de invierno. \u00bfQu\u00e9 ropa adecuada llevar?\" \/>\n<meta name=\"twitter:label1\" content=\"Written by\" \/>\n\t<meta name=\"twitter:data1\" content=\"Juliet Elliott\" \/>\n\t<meta name=\"twitter:label2\" content=\"Est. reading time\" \/>\n\t<meta name=\"twitter:data2\" content=\"3\" \/>\n<script type=\"application\/ld+json\" class=\"yoast-schema-graph\">{\"@context\":\"https:\/\/schema.org\",\"@graph\":[{\"@type\":\"WebPage\",\"@id\":\"https:\/\/www.welovecycling.com\/es\/2023\/12\/14\/frio-bicicleta\/\",\"url\":\"https:\/\/www.welovecycling.com\/es\/2023\/12\/14\/frio-bicicleta\/\",\"name\":\"Supera el fr\u00edo en bicicleta - \u0160koda We Love Cycling - Spain\",\"isPartOf\":{\"@id\":\"https:\/\/www.welovecycling.com\/es\/#website\"},\"primaryImageOfPage\":{\"@id\":\"https:\/\/www.welovecycling.com\/es\/2023\/12\/14\/frio-bicicleta\/#primaryimage\"},\"image\":{\"@id\":\"https:\/\/www.welovecycling.com\/es\/2023\/12\/14\/frio-bicicleta\/#primaryimage\"},\"thumbnailUrl\":\"https:\/\/d2p6e6u75xmxt8.cloudfront.net\/6\/2023\/12\/WLC_JE_BeatWinter_ArticleCover.webp\",\"datePublished\":\"2023-12-14T09:50:11+00:00\",\"author\":{\"@id\":\"https:\/\/www.welovecycling.com\/es\/#\/schema\/person\/deb61715b5812698ee79fb96f343ccd4\"},\"description\":\"Supera el fr\u00edo en bicicleta. Consejos para no pasar demasiado fr\u00edo en los d\u00edas m\u00e1s duros de invierno. \u00bfQu\u00e9 ropa adecuada llevar?\",\"breadcrumb\":{\"@id\":\"https:\/\/www.welovecycling.com\/es\/2023\/12\/14\/frio-bicicleta\/#breadcrumb\"},\"inLanguage\":\"es-ES\",\"potentialAction\":[{\"@type\":\"ReadAction\",\"target\":[\"https:\/\/www.welovecycling.com\/es\/2023\/12\/14\/frio-bicicleta\/\"]}]},{\"@type\":\"ImageObject\",\"inLanguage\":\"es-ES\",\"@id\":\"https:\/\/www.welovecycling.com\/es\/2023\/12\/14\/frio-bicicleta\/#primaryimage\",\"url\":\"https:\/\/d2p6e6u75xmxt8.cloudfront.net\/6\/2023\/12\/WLC_JE_BeatWinter_ArticleCover.webp\",\"contentUrl\":\"https:\/\/d2p6e6u75xmxt8.cloudfront.net\/6\/2023\/12\/WLC_JE_BeatWinter_ArticleCover.webp\",\"width\":990,\"height\":660,\"caption\":\"Juliet Elliott\"},{\"@type\":\"BreadcrumbList\",\"@id\":\"https:\/\/www.welovecycling.com\/es\/2023\/12\/14\/frio-bicicleta\/#breadcrumb\",\"itemListElement\":[{\"@type\":\"ListItem\",\"position\":1,\"name\":\"Home\",\"item\":\"https:\/\/www.welovecycling.com\/es\/\"},{\"@type\":\"ListItem\",\"position\":2,\"name\":\"Supera el fr\u00edo en bicicleta\"}]},{\"@type\":\"WebSite\",\"@id\":\"https:\/\/www.welovecycling.com\/es\/#website\",\"url\":\"https:\/\/www.welovecycling.com\/es\/\",\"name\":\"\u0160koda We Love Cycling - Spain\",\"description\":\"\u0160koda WeLoveCycling Spain\",\"potentialAction\":[{\"@type\":\"SearchAction\",\"target\":{\"@type\":\"EntryPoint\",\"urlTemplate\":\"https:\/\/www.welovecycling.com\/es\/?s={search_term_string}\"},\"query-input\":{\"@type\":\"PropertyValueSpecification\",\"valueRequired\":true,\"valueName\":\"search_term_string\"}}],\"inLanguage\":\"es-ES\"},{\"@type\":\"Person\",\"@id\":\"https:\/\/www.welovecycling.com\/es\/#\/schema\/person\/deb61715b5812698ee79fb96f343ccd4\",\"name\":\"We Love Cycling Spain\",\"image\":{\"@type\":\"ImageObject\",\"inLanguage\":\"es-ES\",\"@id\":\"https:\/\/www.welovecycling.com\/es\/#\/schema\/person\/image\/\",\"url\":\"https:\/\/secure.gravatar.com\/avatar\/c824b04e6df0e37a03219d0b6481672889df542894588964102459e46513159c?s=96&d=mm&r=g\",\"contentUrl\":\"https:\/\/secure.gravatar.com\/avatar\/c824b04e6df0e37a03219d0b6481672889df542894588964102459e46513159c?s=96&d=mm&r=g\",\"caption\":\"We Love Cycling Spain\"},\"url\":\"https:\/\/www.welovecycling.com\/es\/author\/amunoz\/\"}]}<\/script>\n<!-- \/ Yoast SEO Premium plugin. -->","yoast_head_json":{"title":"Supera el fr\u00edo en bicicleta - \u0160koda We Love Cycling - Spain","description":"Supera el fr\u00edo en bicicleta. Consejos para no pasar demasiado fr\u00edo en los d\u00edas m\u00e1s duros de invierno. \u00bfQu\u00e9 ropa adecuada llevar?","robots":{"index":"index","follow":"follow","max-snippet":"max-snippet:-1","max-image-preview":"max-image-preview:large","max-video-preview":"max-video-preview:-1"},"canonical":"https:\/\/www.welovecycling.com\/es\/2023\/12\/14\/frio-bicicleta\/","og_locale":"es_ES","og_type":"article","og_title":"Supera el fr\u00edo en bicicleta","og_description":"Supera el fr\u00edo en bicicleta. Consejos para no pasar demasiado fr\u00edo en los d\u00edas m\u00e1s duros de invierno. \u00bfQu\u00e9 ropa adecuada llevar?","og_url":"https:\/\/www.welovecycling.com\/es\/2023\/12\/14\/frio-bicicleta\/","og_site_name":"\u0160koda We Love Cycling - Spain","article_published_time":"2023-12-14T09:50:11+00:00","og_image":[{"width":990,"height":660,"url":"https:\/\/d2p6e6u75xmxt8.cloudfront.net\/6\/2023\/12\/WLC_JE_BeatWinter_ArticleCover.webp","type":"image\/webp"}],"author":"We Love Cycling Spain","twitter_card":"summary_large_image","twitter_description":"Supera el fr\u00edo en bicicleta. Consejos para no pasar demasiado fr\u00edo en los d\u00edas m\u00e1s duros de invierno. \u00bfQu\u00e9 ropa adecuada llevar?","twitter_misc":{"Written by":"Juliet Elliott","Est. reading time":"3"},"schema":{"@context":"https:\/\/schema.org","@graph":[{"@type":"WebPage","@id":"https:\/\/www.welovecycling.com\/es\/2023\/12\/14\/frio-bicicleta\/","url":"https:\/\/www.welovecycling.com\/es\/2023\/12\/14\/frio-bicicleta\/","name":"Supera el fr\u00edo en bicicleta - \u0160koda We Love Cycling - Spain","isPartOf":{"@id":"https:\/\/www.welovecycling.com\/es\/#website"},"primaryImageOfPage":{"@id":"https:\/\/www.welovecycling.com\/es\/2023\/12\/14\/frio-bicicleta\/#primaryimage"},"image":{"@id":"https:\/\/www.welovecycling.com\/es\/2023\/12\/14\/frio-bicicleta\/#primaryimage"},"thumbnailUrl":"https:\/\/d2p6e6u75xmxt8.cloudfront.net\/6\/2023\/12\/WLC_JE_BeatWinter_ArticleCover.webp","datePublished":"2023-12-14T09:50:11+00:00","author":{"@id":"https:\/\/www.welovecycling.com\/es\/#\/schema\/person\/deb61715b5812698ee79fb96f343ccd4"},"description":"Supera el fr\u00edo en bicicleta. Consejos para no pasar demasiado fr\u00edo en los d\u00edas m\u00e1s duros de invierno. \u00bfQu\u00e9 ropa adecuada llevar?","breadcrumb":{"@id":"https:\/\/www.welovecycling.com\/es\/2023\/12\/14\/frio-bicicleta\/#breadcrumb"},"inLanguage":"es-ES","potentialAction":[{"@type":"ReadAction","target":["https:\/\/www.welovecycling.com\/es\/2023\/12\/14\/frio-bicicleta\/"]}]},{"@type":"ImageObject","inLanguage":"es-ES","@id":"https:\/\/www.welovecycling.com\/es\/2023\/12\/14\/frio-bicicleta\/#primaryimage","url":"https:\/\/d2p6e6u75xmxt8.cloudfront.net\/6\/2023\/12\/WLC_JE_BeatWinter_ArticleCover.webp","contentUrl":"https:\/\/d2p6e6u75xmxt8.cloudfront.net\/6\/2023\/12\/WLC_JE_BeatWinter_ArticleCover.webp","width":990,"height":660,"caption":"Juliet Elliott"},{"@type":"BreadcrumbList","@id":"https:\/\/www.welovecycling.com\/es\/2023\/12\/14\/frio-bicicleta\/#breadcrumb","itemListElement":[{"@type":"ListItem","position":1,"name":"Home","item":"https:\/\/www.welovecycling.com\/es\/"},{"@type":"ListItem","position":2,"name":"Supera el fr\u00edo en bicicleta"}]},{"@type":"WebSite","@id":"https:\/\/www.welovecycling.com\/es\/#website","url":"https:\/\/www.welovecycling.com\/es\/","name":"\u0160koda We Love Cycling - Spain","description":"\u0160koda WeLoveCycling Spain","potentialAction":[{"@type":"SearchAction","target":{"@type":"EntryPoint","urlTemplate":"https:\/\/www.welovecycling.com\/es\/?s={search_term_string}"},"query-input":{"@type":"PropertyValueSpecification","valueRequired":true,"valueName":"search_term_string"}}],"inLanguage":"es-ES"},{"@type":"Person","@id":"https:\/\/www.welovecycling.com\/es\/#\/schema\/person\/deb61715b5812698ee79fb96f343ccd4","name":"We Love Cycling Spain","image":{"@type":"ImageObject","inLanguage":"es-ES","@id":"https:\/\/www.welovecycling.com\/es\/#\/schema\/person\/image\/","url":"https:\/\/secure.gravatar.com\/avatar\/c824b04e6df0e37a03219d0b6481672889df542894588964102459e46513159c?s=96&d=mm&r=g","contentUrl":"https:\/\/secure.gravatar.com\/avatar\/c824b04e6df0e37a03219d0b6481672889df542894588964102459e46513159c?s=96&d=mm&r=g","caption":"We Love Cycling Spain"},"url":"https:\/\/www.welovecycling.com\/es\/author\/amunoz\/"}]}},"_links":{"self":[{"href":"https:\/\/www.welovecycling.com\/es\/wp-json\/wp\/v2\/posts\/10441","targetHints":{"allow":["GET"]}}],"collection":[{"href":"https:\/\/www.welovecycling.com\/es\/wp-json\/wp\/v2\/posts"}],"about":[{"href":"https:\/\/www.welovecycling.com\/es\/wp-json\/wp\/v2\/types\/post"}],"author":[{"embeddable":true,"href":"https:\/\/www.welovecycling.com\/es\/wp-json\/wp\/v2\/users\/29"}],"replies":[{"embeddable":true,"href":"https:\/\/www.welovecycling.com\/es\/wp-json\/wp\/v2\/comments?post=10441"}],"version-history":[{"count":1,"href":"https:\/\/www.welovecycling.com\/es\/wp-json\/wp\/v2\/posts\/10441\/revisions"}],"predecessor-version":[{"id":10447,"href":"https:\/\/www.welovecycling.com\/es\/wp-json\/wp\/v2\/posts\/10441\/revisions\/10447"}],"wp:featuredmedia":[{"embeddable":true,"href":"https:\/\/www.welovecycling.com\/es\/wp-json\/wp\/v2\/media\/10442"}],"wp:attachment":[{"href":"https:\/\/www.welovecycling.com\/es\/wp-json\/wp\/v2\/media?parent=10441"}],"wp:term":[{"taxonomy":"category","embeddable":true,"href":"https:\/\/www.welovecycling.com\/es\/wp-json\/wp\/v2\/categories?post=10441"},{"taxonomy":"post_tag","embeddable":true,"href":"https:\/\/www.welovecycling.com\/es\/wp-json\/wp\/v2\/tags?post=10441"},{"taxonomy":"global-categories","embeddable":true,"href":"https:\/\/www.welovecycling.com\/es\/wp-json\/wp\/v2\/global-categories?post=10441"}],"curies":[{"name":"wp","href":"https:\/\/api.w.org\/{rel}","templated":true}]}}