{"id":10440,"date":"2023-12-16T11:52:03","date_gmt":"2023-12-16T09:52:03","guid":{"rendered":"https:\/\/www.welovecycling.com\/es\/?p=10440"},"modified":"2023-12-14T12:11:48","modified_gmt":"2023-12-14T10:11:48","slug":"mejores-ciclistas-2023","status":"publish","type":"post","link":"https:\/\/www.welovecycling.com\/es\/2023\/12\/16\/mejores-ciclistas-2023\/","title":{"rendered":"Las mejores ciclistas de 2023"},"content":{"rendered":"<p><strong>La temporada 2023 de ciclismo femenino se desarroll\u00f3 con una mezcla din\u00e1mica de talento, resistencia y momentos emocionantes en carrera. M\u00e1s all\u00e1 de una colecci\u00f3n de carreras, fue una etapa en la que las atletas mostraron su garra, determinaci\u00f3n y estilos distintivos. A lo largo de los \u00faltimos 12 meses, el pelot\u00f3n ha sido testigo del ascenso de varios momentos formidables, cada uno de los cuales ha dejado una huella indeleble en la temporada 2023. Veamos algunas de las mejores ciclistas de 2023 que han hecho de este a\u00f1o un a\u00f1o para la historia.<\/strong><\/p>\n<p><!--more--><\/p>\n<h2><b>Lotte Kopecky (SD Worx): La belga sigue creciendo<\/b><\/h2>\n<p>El ascenso de Lotte Kopecky en 2023 no puede dejar de mencionarse. Aunque termin\u00f3 segunda en la clasificaci\u00f3n, las <a href=\"https:\/\/www.welovecycling.com\/wide\/2023\/08\/10\/opinion-is-lotte-kopecky-the-best-female-cyclist-in-the-world\/\">victorias de Kopecky<\/a> fueron espectaculares, con triunfos en la Ronde van Vlaanderen, la general de Th\u00fcringen con etapas y los t\u00edtulos belgas de ruta y carretera. La sensaci\u00f3n belga de 28 a\u00f1os tuvo una carrera m\u00e1gica, que incluy\u00f3 un podio en el Tour de Francia y la consecuci\u00f3n del Campeonato del Mundo de fondo en carretera.<\/p>\n<p>Kopecky, de 28 a\u00f1os, ha protagonizado una carrera m\u00e1gica, con un podio en el Tour de Francia y la conquista del Campeonato del Mundo de ciclismo en ruta, pero su mejor momento ha sido su victoria en el Tour de Flandes, donde se mostr\u00f3 imparable en los \u00faltimos 18 km de la carrera. Junto a Demi Vollering, se convirti\u00f3 en la estrella de la temporada, consolidando su estatus de fuerza vers\u00e1til y dominante en el ciclismo femenino.<\/p>\n<h2><strong>Demi Vollering (SD Worx): Reina de las Ardenas<\/strong><\/h2>\n<p>Hablando de Demi Vollering, su campa\u00f1a 2023 fue incre\u00edble. La potencia neerlandesa abri\u00f3 su cuenta con una contundente victoria en la Strade Bianche, seguida de victorias en Dwars, la Amstel Gold Race, la Flecha Valona y la Lieja-Bastogne-Lieja, una haza\u00f1a impresionante que consolid\u00f3 su estatus como fuerza dominante en el ciclismo femenino.<\/p>\n<p>La Triple Corona de las Ardenas, un logro poco com\u00fan ganado anteriormente solo por Anna van der Breggen en 2017, fue solo una de las glorias que coronaron a Vollering en 2023. Otro momento decisivo de la temporada de Vollering se produjo en la s\u00e9ptima etapa del Tour de Francia Femenino. Situada s\u00e9ptima en la clasificaci\u00f3n general y por detr\u00e1s de su compa\u00f1era de equipo Lotte Kopecky, Vollering se enfrent\u00f3 a un desaf\u00edo de enormes proporciones en los exigentes Col d&#8217;Aspin y Col du Tourmalet. La negativa a cooperar con Annemiek van Vleuten y una dram\u00e1tica persecuci\u00f3n de Kasia Niewiadoma prepararon el terreno para un final de morderse las u\u00f1as. El ataque decisivo de Vollering en los \u00faltimos 5 km le asegur\u00f3 la victoria de etapa y la general del <a href=\"http:\/\/letourfemmes.fr\">Tour de Francia Femenino con Zwift<\/a>, subrayando su resistencia y su capacidad para prosperar bajo presi\u00f3n.<\/p>\n<h2><strong>Annemiek van Vleuten: Un elegante adi\u00f3s<\/strong><\/h2>\n<figure id=\"attachment_10443\" aria-describedby=\"caption-attachment-10443\" style=\"width: 990px\" class=\"wp-caption alignnone\"><a href=\"https:\/\/d2p6e6u75xmxt8.cloudfront.net\/6\/2023\/12\/Annemiek-van-Vleuten-profimedia-0804351796-CVR.webp\"><img loading=\"lazy\" decoding=\"async\" class=\"wp-image-10443 size-full\" src=\"https:\/\/d2p6e6u75xmxt8.cloudfront.net\/6\/2023\/12\/Annemiek-van-Vleuten-profimedia-0804351796-CVR.webp\" alt=\"Annemiek van Vleuten\" width=\"990\" height=\"660\" srcset=\"https:\/\/d2p6e6u75xmxt8.cloudfront.net\/6\/2023\/12\/Annemiek-van-Vleuten-profimedia-0804351796-CVR.webp 990w, https:\/\/d2p6e6u75xmxt8.cloudfront.net\/6\/2023\/12\/Annemiek-van-Vleuten-profimedia-0804351796-CVR-300x200.webp 300w, https:\/\/d2p6e6u75xmxt8.cloudfront.net\/6\/2023\/12\/Annemiek-van-Vleuten-profimedia-0804351796-CVR-768x512.webp 768w, https:\/\/d2p6e6u75xmxt8.cloudfront.net\/6\/2023\/12\/Annemiek-van-Vleuten-profimedia-0804351796-CVR-400x267.webp 400w, https:\/\/d2p6e6u75xmxt8.cloudfront.net\/6\/2023\/12\/Annemiek-van-Vleuten-profimedia-0804351796-CVR-272x182.webp 272w\" sizes=\"auto, (max-width: 990px) 100vw, 990px\" \/><\/a><figcaption id=\"caption-attachment-10443\" class=\"wp-caption-text\">M\u00e1s all\u00e1 de sus logros individuales, Annemiek van Vleuten ha desempe\u00f1ado un papel fundamental a la hora de elevar el perfil del ciclismo femenino en la escena mundial.. \u00a9 Profimedia<\/figcaption><\/figure>\n<p>Annemiek van Vleuten, la superestrella holandesa de 40 a\u00f1os, despidi\u00f3 su ilustre carrera con una temporada que ser\u00eda la envidia de cualquier ciclista. El doblete Vuelta-Giro Donne fue la pieza central de su \u00faltima temporada, con una victoria en el Giro que comenz\u00f3 con la neutralizaci\u00f3n de la etapa 1 debido a las adversas condiciones meteorol\u00f3gicas. Los triunfos de Van Vleuten se extendieron al Tour de Escandinavia, donde a\u00f1adi\u00f3 otra victoria a su impresionante palmar\u00e9s.<\/p>\n<p>A pesar de la falta de victorias en los \u00faltimos compases de la temporada, la retirada de <a href=\"https:\/\/www.welovecycling.com\/es\/2023\/07\/30\/sorpasso-tourmalet\/\">Van Vleuten<\/a> marca el final de una era, ya que deja el deporte por todo lo alto, asegurando su posici\u00f3n como una de las mejores ciclistas de todos los tiempos. La marcha de Van Vleuten deja un vac\u00edo en el pelot\u00f3n, pero su legado como leyenda del ciclismo inspirar\u00e1 sin duda a futuras generaciones de ciclistas.<\/p>\n<h2><strong>Charlotte Kool (DSM\u2013Firmenich): Carrera de velocista<\/strong><\/h2>\n<p>En el a menudo predecible mundo del sprint femenino, Charlotte Kool surgi\u00f3 en 2023 como una refrescante aspirante al orden establecido. Kool, que en su d\u00eda fue la corredora de referencia de Lorena Wiebes, salt\u00f3 a la palestra y demostr\u00f3 que era una fuerza a tener en cuenta por s\u00ed misma.<\/p>\n<p>En el Tour de los Emiratos \u00c1rabes Unidos, super\u00f3 a Wiebes en un duelo en el que consigui\u00f3 dos victorias por una de Wiebes. La velocista de 24 a\u00f1os tambi\u00e9n logr\u00f3 notables victorias en el RideLondon Classique y en el Baloise Ladies Tour. La capacidad de Kool para competir con Wiebes y derrotarla en las llegadas en pelot\u00f3n elev\u00f3 su estatus, coloc\u00e1ndola junto a corredoras de \u00e9lite como Elisa Balsamo y Marianne Vos. Kool forma parte del joven y talentoso equipo DSM-Firmenich, con el que tiene contrato al menos hasta 2026. En nuestra opini\u00f3n, el potencial y el margen de desarrollo de Kool sugieren que la competici\u00f3n en el sprint femenino no har\u00e1 sino intensificarse en las pr\u00f3ximas temporadas.<\/p>\n<h2><strong>Shirin van Anrooij (Lidl\u2013Trek): Un talento joven que sigue creciendo<\/strong><\/h2>\n<p>En el \u00e1mbito de las j\u00f3venes promesas, la actuaci\u00f3n estelar de Shirin van Anrooij en 2023 merece un reconocimiento especial. Aunque a un nivel ligeramente diferente del de algunos de los nombres consagrados, los logros de Van Anrooij supusieron una significativa nivelaci\u00f3n y la consecuci\u00f3n de importantes victorias en el altamente competitivo pelot\u00f3n femenino.<\/p>\n<p>El momento estelar de Van Anrooij en 2023 fue su triunfo en el Trofeo Alfredo Binda, una carrera en la que demostr\u00f3 su capacidad escaladora y su destreza t\u00e1ctica. Adem\u00e1s, consigui\u00f3 victorias en el Tour de l&#8217;Avenir y obtuvo resultados encomiables en las cl\u00e1sicas, terminando tercera en Amstel y octava en Flandes. Su polifac\u00e9tico conjunto de habilidades se puso a\u00fan m\u00e1s de relieve con un segundo puesto en la carrera Euros Sub23 y el prestigioso t\u00edtulo de vigente Campeona del Mundo Sub23 de ciclocross.<\/p>\n<h2><strong>Lorena Wiebes (SD Worx): Velocista y&#8230; clasic\u00f3mana<\/strong><\/h2>\n<p><a href=\"https:\/\/d2p6e6u75xmxt8.cloudfront.net\/6\/2023\/12\/Lorena-Wiebes-Tour-Femmes-profimedia-0709515743-CVR.webp\"><img loading=\"lazy\" decoding=\"async\" class=\"size-full wp-image-10444\" src=\"https:\/\/d2p6e6u75xmxt8.cloudfront.net\/6\/2023\/12\/Lorena-Wiebes-Tour-Femmes-profimedia-0709515743-CVR.webp\" alt=\"Lorena Wiebes\" width=\"990\" height=\"660\" srcset=\"https:\/\/d2p6e6u75xmxt8.cloudfront.net\/6\/2023\/12\/Lorena-Wiebes-Tour-Femmes-profimedia-0709515743-CVR.webp 990w, https:\/\/d2p6e6u75xmxt8.cloudfront.net\/6\/2023\/12\/Lorena-Wiebes-Tour-Femmes-profimedia-0709515743-CVR-300x200.webp 300w, https:\/\/d2p6e6u75xmxt8.cloudfront.net\/6\/2023\/12\/Lorena-Wiebes-Tour-Femmes-profimedia-0709515743-CVR-768x512.webp 768w, https:\/\/d2p6e6u75xmxt8.cloudfront.net\/6\/2023\/12\/Lorena-Wiebes-Tour-Femmes-profimedia-0709515743-CVR-400x267.webp 400w, https:\/\/d2p6e6u75xmxt8.cloudfront.net\/6\/2023\/12\/Lorena-Wiebes-Tour-Femmes-profimedia-0709515743-CVR-272x182.webp 272w\" sizes=\"auto, (max-width: 990px) 100vw, 990px\" \/><\/a><\/p>\n<p>Lorena Wiebes, una presencia importante en la alineaci\u00f3n del SD Worx, sigui\u00f3 consolid\u00e1ndose como una de las principales velocistas del ciclismo femenino durante la temporada 2023. Aunque no consigui\u00f3 el primer puesto en la lista de victorias totales, los r\u00e1pidos finales de Wiebes fueron innegables, con victorias de etapa en carreras como Burgos, UAE Tour, Th\u00fcringen, Giro Donne, Tour de Francia y Scandinavia Tour.<\/p>\n<p>Con s\u00f3lo 24 a\u00f1os, Wiebes demostr\u00f3 un notable crecimiento y versatilidad en su repertorio ciclista. Su fichaje por el SD Worx elev\u00f3 su estatus m\u00e1s all\u00e1 de ser una velocista dominante, ya que se convirti\u00f3 en una corredora de cl\u00e1sicas con podios en carreras como la Ronde van Drenthe. El palmar\u00e9s de Wiebes en 2023 destac\u00f3 su regularidad, subiendo con frecuencia al podio o siendo subcampeona en carreras en las que en el pasado podr\u00eda no haber sido considerada favorita.<\/p>\n<h2><strong>Marlen Reusser (SD Worx): La suiza sigue creciendo\u00a0<\/strong><\/h2>\n<p>Marlen Reusser, la estrella suiza de la crono y la carretera, dej\u00f3 una huella indeleble en la temporada ciclista femenina 2023. La atleta de 31 a\u00f1os pulveriz\u00f3 todos sus r\u00e9cords anteriores, aup\u00e1ndose a la cuarta posici\u00f3n de la clasificaci\u00f3n general mundial (PdC; quinta en otras clasificaciones) en tan solo su tercera temporada World Tour. Sorprendentemente, Reusser se inici\u00f3 en el ciclismo en la universidad, lo que hace que su ascenso sea a\u00fan m\u00e1s impresionante.<\/p>\n<p>Las victorias de Reusser en la Gent-Wevelgem y en la contrarreloj final del Tour de Francia demostraron su destreza tanto en la crono como en la ruta. Como campeona suiza de carretera y de ITT, Reusser a\u00f1adi\u00f3 a su palmar\u00e9s el t\u00edtulo general de la Itzulia Women&#8217;s Tour. Su apodo, el Elefante Volador, alude a su capacidad para elevarse con gracia por encima de sus competidoras, y sus actuaciones a lo largo de la temporada han hecho honor a este apodo.<\/p>\n<h2><strong>Kasia Niewiadoma (Canyon-SRAM): Campeona del Mundo de Gravel y valiente competidora<\/strong><\/h2>\n<p><a href=\"https:\/\/www.welovecycling.com\/wide\/2023\/11\/13\/the-art-of-balance-a-pro-cyclists-off-season-insights-by-kasia-niewiadoma\/\" target=\"_blank\" rel=\"noopener\">Kasia Niewiadoma, <\/a>\u00a0la formidable corredora del Canyon-SRAM, destaca no solo como una de las mejores ciclistas del mundo, sino tambi\u00e9n como una tenaz competidora que se crece en condiciones dif\u00edciles. En cuanto a su actuaci\u00f3n en 2023, su triunfo en los Campeonatos del Mundo de Gravel de 2023 le vali\u00f3 un puesto en esta lista. Tras distanciarse de las favoritas Silvia Persico y Demi Vollering en la pen\u00faltima subida, su victoria en los Campeonatos del Mundo de Grava a\u00f1adi\u00f3 otra capa a su vers\u00e1til conjunto de habilidades, demostrando su capacidad para sobresalir en diversos terrenos.<\/p>\n<p>De cara a 2024, Niewiadoma sigue siendo una fuerza formidable, dispuesta a asumir nuevos retos y a engrosar su impresionante palmar\u00e9s. La comunidad ciclista espera con impaciencia sus futuras actuaciones, tanto en grava como en las tradicionales carreras de carretera.<\/p>\n<p>A medida que estas extraordinarias ciclistas contin\u00faan estableciendo nuevos est\u00e1ndares y redefiniendo las posibilidades del ciclismo femenino, la emoci\u00f3n por las pr\u00f3ximas temporadas se intensifica. Ahora que nos despedimos de 2023, esperamos con impaciencia el pr\u00f3ximo cap\u00edtulo, para ver hasta d\u00f3nde llegar\u00e1n estas incre\u00edbles mujeres en el ciclismo profesional en los pr\u00f3ximos meses y a\u00f1os.<\/p>\n","protected":false},"excerpt":{"rendered":"<p>La temporada 2023 de ciclismo femenino se desarroll\u00f3 con una mezcla din\u00e1mica de talento, resistencia y momentos emocionantes en carrera. [&hellip;]<\/p>\n","protected":false},"author":29,"featured_media":10446,"comment_status":"open","ping_status":"open","sticky":false,"template":"","format":"standard","meta":{"footnotes":""},"categories":[7],"tags":[],"global-categories":[],"class_list":["post-10440","post","type-post","status-publish","format-standard","has-post-thumbnail","hentry","category-carretera"],"yoast_head":"<!-- This site is optimized with the Yoast SEO Premium plugin v25.3 (Yoast SEO v25.9) - https:\/\/yoast.com\/wordpress\/plugins\/seo\/ -->\n<title>Las mejores ciclistas de 2023<\/title>\n<meta name=\"description\" content=\"Las mejores ciclistas de 2023. La lista de las ciclistas que han destacado en el calendario World Tour en esta temporada.\" \/>\n<meta name=\"robots\" content=\"index, follow, max-snippet:-1, max-image-preview:large, max-video-preview:-1\" \/>\n<link rel=\"canonical\" href=\"https:\/\/www.welovecycling.com\/es\/2023\/12\/16\/mejores-ciclistas-2023\/\" \/>\n<meta property=\"og:locale\" content=\"es_ES\" \/>\n<meta property=\"og:type\" content=\"article\" \/>\n<meta property=\"og:title\" content=\"Las mejores ciclistas de 2023\" \/>\n<meta property=\"og:description\" content=\"Las mejores ciclistas de 2023. La lista de las ciclistas que han destacado en el calendario World Tour en esta temporada.\" \/>\n<meta property=\"og:url\" content=\"https:\/\/www.welovecycling.com\/es\/2023\/12\/16\/mejores-ciclistas-2023\/\" \/>\n<meta property=\"og:site_name\" content=\"\u0160koda We Love Cycling - Spain\" \/>\n<meta property=\"article:published_time\" content=\"2023-12-16T09:52:03+00:00\" \/>\n<meta property=\"og:image\" content=\"https:\/\/d2p6e6u75xmxt8.cloudfront.net\/6\/2023\/12\/Women39s-Peloton-profimedia-0785151847-CVR.webp\" \/>\n\t<meta property=\"og:image:width\" content=\"990\" \/>\n\t<meta property=\"og:image:height\" content=\"660\" \/>\n\t<meta property=\"og:image:type\" content=\"image\/webp\" \/>\n<meta name=\"author\" content=\"We Love Cycling Spain\" \/>\n<meta name=\"twitter:card\" content=\"summary_large_image\" \/>\n<meta name=\"twitter:description\" content=\"Las mejores ciclistas de 2023. La lista de las ciclistas que han destacado en el calendario World Tour en esta temporada.\" \/>\n<meta name=\"twitter:label1\" content=\"Written by\" \/>\n\t<meta name=\"twitter:data1\" content=\"Megan Flottorp\" \/>\n\t<meta name=\"twitter:label2\" content=\"Est. reading time\" \/>\n\t<meta name=\"twitter:data2\" content=\"6\" \/>\n<script type=\"application\/ld+json\" class=\"yoast-schema-graph\">{\"@context\":\"https:\/\/schema.org\",\"@graph\":[{\"@type\":\"WebPage\",\"@id\":\"https:\/\/www.welovecycling.com\/es\/2023\/12\/16\/mejores-ciclistas-2023\/\",\"url\":\"https:\/\/www.welovecycling.com\/es\/2023\/12\/16\/mejores-ciclistas-2023\/\",\"name\":\"Las mejores ciclistas de 2023\",\"isPartOf\":{\"@id\":\"https:\/\/www.welovecycling.com\/es\/#website\"},\"primaryImageOfPage\":{\"@id\":\"https:\/\/www.welovecycling.com\/es\/2023\/12\/16\/mejores-ciclistas-2023\/#primaryimage\"},\"image\":{\"@id\":\"https:\/\/www.welovecycling.com\/es\/2023\/12\/16\/mejores-ciclistas-2023\/#primaryimage\"},\"thumbnailUrl\":\"https:\/\/d2p6e6u75xmxt8.cloudfront.net\/6\/2023\/12\/Women39s-Peloton-profimedia-0785151847-CVR.webp\",\"datePublished\":\"2023-12-16T09:52:03+00:00\",\"author\":{\"@id\":\"https:\/\/www.welovecycling.com\/es\/#\/schema\/person\/deb61715b5812698ee79fb96f343ccd4\"},\"description\":\"Las mejores ciclistas de 2023. La lista de las ciclistas que han destacado en el calendario World Tour en esta temporada.\",\"breadcrumb\":{\"@id\":\"https:\/\/www.welovecycling.com\/es\/2023\/12\/16\/mejores-ciclistas-2023\/#breadcrumb\"},\"inLanguage\":\"es-ES\",\"potentialAction\":[{\"@type\":\"ReadAction\",\"target\":[\"https:\/\/www.welovecycling.com\/es\/2023\/12\/16\/mejores-ciclistas-2023\/\"]}]},{\"@type\":\"ImageObject\",\"inLanguage\":\"es-ES\",\"@id\":\"https:\/\/www.welovecycling.com\/es\/2023\/12\/16\/mejores-ciclistas-2023\/#primaryimage\",\"url\":\"https:\/\/d2p6e6u75xmxt8.cloudfront.net\/6\/2023\/12\/Women39s-Peloton-profimedia-0785151847-CVR.webp\",\"contentUrl\":\"https:\/\/d2p6e6u75xmxt8.cloudfront.net\/6\/2023\/12\/Women39s-Peloton-profimedia-0785151847-CVR.webp\",\"width\":990,\"height\":660,\"caption\":\"Women's Peloton\"},{\"@type\":\"BreadcrumbList\",\"@id\":\"https:\/\/www.welovecycling.com\/es\/2023\/12\/16\/mejores-ciclistas-2023\/#breadcrumb\",\"itemListElement\":[{\"@type\":\"ListItem\",\"position\":1,\"name\":\"Home\",\"item\":\"https:\/\/www.welovecycling.com\/es\/\"},{\"@type\":\"ListItem\",\"position\":2,\"name\":\"Las mejores ciclistas de 2023\"}]},{\"@type\":\"WebSite\",\"@id\":\"https:\/\/www.welovecycling.com\/es\/#website\",\"url\":\"https:\/\/www.welovecycling.com\/es\/\",\"name\":\"\u0160koda We Love Cycling - Spain\",\"description\":\"\u0160koda WeLoveCycling Spain\",\"potentialAction\":[{\"@type\":\"SearchAction\",\"target\":{\"@type\":\"EntryPoint\",\"urlTemplate\":\"https:\/\/www.welovecycling.com\/es\/?s={search_term_string}\"},\"query-input\":{\"@type\":\"PropertyValueSpecification\",\"valueRequired\":true,\"valueName\":\"search_term_string\"}}],\"inLanguage\":\"es-ES\"},{\"@type\":\"Person\",\"@id\":\"https:\/\/www.welovecycling.com\/es\/#\/schema\/person\/deb61715b5812698ee79fb96f343ccd4\",\"name\":\"We Love Cycling Spain\",\"image\":{\"@type\":\"ImageObject\",\"inLanguage\":\"es-ES\",\"@id\":\"https:\/\/www.welovecycling.com\/es\/#\/schema\/person\/image\/\",\"url\":\"https:\/\/secure.gravatar.com\/avatar\/c824b04e6df0e37a03219d0b6481672889df542894588964102459e46513159c?s=96&d=mm&r=g\",\"contentUrl\":\"https:\/\/secure.gravatar.com\/avatar\/c824b04e6df0e37a03219d0b6481672889df542894588964102459e46513159c?s=96&d=mm&r=g\",\"caption\":\"We Love Cycling Spain\"},\"url\":\"https:\/\/www.welovecycling.com\/es\/author\/amunoz\/\"}]}<\/script>\n<!-- \/ Yoast SEO Premium plugin. -->","yoast_head_json":{"title":"Las mejores ciclistas de 2023","description":"Las mejores ciclistas de 2023. La lista de las ciclistas que han destacado en el calendario World Tour en esta temporada.","robots":{"index":"index","follow":"follow","max-snippet":"max-snippet:-1","max-image-preview":"max-image-preview:large","max-video-preview":"max-video-preview:-1"},"canonical":"https:\/\/www.welovecycling.com\/es\/2023\/12\/16\/mejores-ciclistas-2023\/","og_locale":"es_ES","og_type":"article","og_title":"Las mejores ciclistas de 2023","og_description":"Las mejores ciclistas de 2023. La lista de las ciclistas que han destacado en el calendario World Tour en esta temporada.","og_url":"https:\/\/www.welovecycling.com\/es\/2023\/12\/16\/mejores-ciclistas-2023\/","og_site_name":"\u0160koda We Love Cycling - Spain","article_published_time":"2023-12-16T09:52:03+00:00","og_image":[{"width":990,"height":660,"url":"https:\/\/d2p6e6u75xmxt8.cloudfront.net\/6\/2023\/12\/Women39s-Peloton-profimedia-0785151847-CVR.webp","type":"image\/webp"}],"author":"We Love Cycling Spain","twitter_card":"summary_large_image","twitter_description":"Las mejores ciclistas de 2023. La lista de las ciclistas que han destacado en el calendario World Tour en esta temporada.","twitter_misc":{"Written by":"Megan Flottorp","Est. reading time":"6"},"schema":{"@context":"https:\/\/schema.org","@graph":[{"@type":"WebPage","@id":"https:\/\/www.welovecycling.com\/es\/2023\/12\/16\/mejores-ciclistas-2023\/","url":"https:\/\/www.welovecycling.com\/es\/2023\/12\/16\/mejores-ciclistas-2023\/","name":"Las mejores ciclistas de 2023","isPartOf":{"@id":"https:\/\/www.welovecycling.com\/es\/#website"},"primaryImageOfPage":{"@id":"https:\/\/www.welovecycling.com\/es\/2023\/12\/16\/mejores-ciclistas-2023\/#primaryimage"},"image":{"@id":"https:\/\/www.welovecycling.com\/es\/2023\/12\/16\/mejores-ciclistas-2023\/#primaryimage"},"thumbnailUrl":"https:\/\/d2p6e6u75xmxt8.cloudfront.net\/6\/2023\/12\/Women39s-Peloton-profimedia-0785151847-CVR.webp","datePublished":"2023-12-16T09:52:03+00:00","author":{"@id":"https:\/\/www.welovecycling.com\/es\/#\/schema\/person\/deb61715b5812698ee79fb96f343ccd4"},"description":"Las mejores ciclistas de 2023. La lista de las ciclistas que han destacado en el calendario World Tour en esta temporada.","breadcrumb":{"@id":"https:\/\/www.welovecycling.com\/es\/2023\/12\/16\/mejores-ciclistas-2023\/#breadcrumb"},"inLanguage":"es-ES","potentialAction":[{"@type":"ReadAction","target":["https:\/\/www.welovecycling.com\/es\/2023\/12\/16\/mejores-ciclistas-2023\/"]}]},{"@type":"ImageObject","inLanguage":"es-ES","@id":"https:\/\/www.welovecycling.com\/es\/2023\/12\/16\/mejores-ciclistas-2023\/#primaryimage","url":"https:\/\/d2p6e6u75xmxt8.cloudfront.net\/6\/2023\/12\/Women39s-Peloton-profimedia-0785151847-CVR.webp","contentUrl":"https:\/\/d2p6e6u75xmxt8.cloudfront.net\/6\/2023\/12\/Women39s-Peloton-profimedia-0785151847-CVR.webp","width":990,"height":660,"caption":"Women's Peloton"},{"@type":"BreadcrumbList","@id":"https:\/\/www.welovecycling.com\/es\/2023\/12\/16\/mejores-ciclistas-2023\/#breadcrumb","itemListElement":[{"@type":"ListItem","position":1,"name":"Home","item":"https:\/\/www.welovecycling.com\/es\/"},{"@type":"ListItem","position":2,"name":"Las mejores ciclistas de 2023"}]},{"@type":"WebSite","@id":"https:\/\/www.welovecycling.com\/es\/#website","url":"https:\/\/www.welovecycling.com\/es\/","name":"\u0160koda We Love Cycling - Spain","description":"\u0160koda WeLoveCycling Spain","potentialAction":[{"@type":"SearchAction","target":{"@type":"EntryPoint","urlTemplate":"https:\/\/www.welovecycling.com\/es\/?s={search_term_string}"},"query-input":{"@type":"PropertyValueSpecification","valueRequired":true,"valueName":"search_term_string"}}],"inLanguage":"es-ES"},{"@type":"Person","@id":"https:\/\/www.welovecycling.com\/es\/#\/schema\/person\/deb61715b5812698ee79fb96f343ccd4","name":"We Love Cycling Spain","image":{"@type":"ImageObject","inLanguage":"es-ES","@id":"https:\/\/www.welovecycling.com\/es\/#\/schema\/person\/image\/","url":"https:\/\/secure.gravatar.com\/avatar\/c824b04e6df0e37a03219d0b6481672889df542894588964102459e46513159c?s=96&d=mm&r=g","contentUrl":"https:\/\/secure.gravatar.com\/avatar\/c824b04e6df0e37a03219d0b6481672889df542894588964102459e46513159c?s=96&d=mm&r=g","caption":"We Love Cycling Spain"},"url":"https:\/\/www.welovecycling.com\/es\/author\/amunoz\/"}]}},"_links":{"self":[{"href":"https:\/\/www.welovecycling.com\/es\/wp-json\/wp\/v2\/posts\/10440","targetHints":{"allow":["GET"]}}],"collection":[{"href":"https:\/\/www.welovecycling.com\/es\/wp-json\/wp\/v2\/posts"}],"about":[{"href":"https:\/\/www.welovecycling.com\/es\/wp-json\/wp\/v2\/types\/post"}],"author":[{"embeddable":true,"href":"https:\/\/www.welovecycling.com\/es\/wp-json\/wp\/v2\/users\/29"}],"replies":[{"embeddable":true,"href":"https:\/\/www.welovecycling.com\/es\/wp-json\/wp\/v2\/comments?post=10440"}],"version-history":[{"count":2,"href":"https:\/\/www.welovecycling.com\/es\/wp-json\/wp\/v2\/posts\/10440\/revisions"}],"predecessor-version":[{"id":10448,"href":"https:\/\/www.welovecycling.com\/es\/wp-json\/wp\/v2\/posts\/10440\/revisions\/10448"}],"wp:featuredmedia":[{"embeddable":true,"href":"https:\/\/www.welovecycling.com\/es\/wp-json\/wp\/v2\/media\/10446"}],"wp:attachment":[{"href":"https:\/\/www.welovecycling.com\/es\/wp-json\/wp\/v2\/media?parent=10440"}],"wp:term":[{"taxonomy":"category","embeddable":true,"href":"https:\/\/www.welovecycling.com\/es\/wp-json\/wp\/v2\/categories?post=10440"},{"taxonomy":"post_tag","embeddable":true,"href":"https:\/\/www.welovecycling.com\/es\/wp-json\/wp\/v2\/tags?post=10440"},{"taxonomy":"global-categories","embeddable":true,"href":"https:\/\/www.welovecycling.com\/es\/wp-json\/wp\/v2\/global-categories?post=10440"}],"curies":[{"name":"wp","href":"https:\/\/api.w.org\/{rel}","templated":true}]}}