{"id":10436,"date":"2023-12-09T00:23:52","date_gmt":"2023-12-08T22:23:52","guid":{"rendered":"https:\/\/www.welovecycling.com\/es\/?p=10436"},"modified":"2023-12-09T00:23:52","modified_gmt":"2023-12-08T22:23:52","slug":"tour-francia-mapa","status":"publish","type":"post","link":"https:\/\/www.welovecycling.com\/es\/2023\/12\/09\/tour-francia-mapa\/","title":{"rendered":"Los recorridos del Tour de Francia en un solo mapa"},"content":{"rendered":"<p><strong>A veces, en el fragor de la carrera, es f\u00e1cil olvidar que el Tour de Francia es algo m\u00e1s que una carrera ciclista: es tambi\u00e9n, como su nombre indica, una vuelta a Francia, lo que seguramente es una de las razones por las que hay tantas caravanas aparcadas a los lados de las carreteras por las que circula el pelot\u00f3n. Muchas de las personas que acuden a ver el Tour de Francia en persona son, literalmente, turistas de Francia.<\/strong><\/p>\n<p><!--more--><\/p>\n<p>Aunque el Tour ha salido al extranjero desde 1954, cuando se celebr\u00f3 en \u00c1msterdam el primer Grand D\u00e9part fuera del hex\u00e1gono, y desde entonces la carrera ha llegado tan lejos como Dinamarca, sigue siendo una carrera francesa y, en muchos sentidos, un anuncio de la hermosa y variada campi\u00f1a francesa y de sus numerosos lugares hist\u00f3ricos. As\u00ed pues, uno de los objetivos de los organizadores del Tour es ser lo m\u00e1s inclusivos posible desde el punto de vista geogr\u00e1fico y dar a cada regi\u00f3n, ciudad y pueblo la oportunidad de ser vistos por los cientos de millones de personas que siguen la carrera cada a\u00f1o, algunos de los cuales se convertir\u00e1n alg\u00fan d\u00eda en turistas.<\/p>\n<p>Para ilustrar el \u00e9xito de la carrera en esta misi\u00f3n, <a href=\"https:\/\/www.velowire.com\/article\/1121\/en\/the-tour-de-france-doesn-t-visit-the-whole-of-france--in-fact-it-does--over-time----the-historical-map-with-the-tour-de-france-parcours.html\">velowire.com ha publicado un mapa<\/a> que muestra, en trazos de colores que parecen serpientes pintadas, las rutas recorridas en cada Tour desde 2008, 16 en total. Y cada a\u00f1o, el nuevo recorrido completo se a\u00f1adir\u00e1 al mapa, aportando m\u00e1s color a nuestro conocimiento de la carrera. Tambi\u00e9n es una forma genial de descubrir o recordar los detalles de cualquiera de las etapas del Tour de Francia desde 2008.<\/p>\n<p>Por ejemplo, hago clic en esta larga l\u00ednea azul que atraviesa el centro del pa\u00eds y me entero de que la etapa 14 del Tour de 2013 se celebr\u00f3 el s\u00e1bado 13 de julio de ese a\u00f1o y recorri\u00f3 191 km desde Saint-Pour\u00e7ain-sur-Sioule hasta Lyon. Luego, si quiero m\u00e1s informaci\u00f3n, puedo hacer clic en el final de esa l\u00ednea azul y enterarme de que la meta estaba en la avenida Jean Jaur\u00e8s, al final de una recta final de 2.100 m y que ese tramo de carretera ten\u00eda 7,5 m de ancho.<\/p>\n<div class=\"embed-controller-wrapper\">\n<blockquote class=\"twitter-tweet\" data-width=\"500\" data-dnt=\"true\">\n<p lang=\"fr\" dir=\"ltr\">FR Le Tour de France ne visite pas la France enti\u00e8re ? En fait si, au fil du temps ! &#8211; la carte historique du parcours du Tour de France <a href=\"https:\/\/twitter.com\/LeTour?ref_src=twsrc%5Etfw\">@letour<\/a> <a href=\"https:\/\/twitter.com\/amaurysport?ref_src=twsrc%5Etfw\">@amaurysport<\/a> <a href=\"https:\/\/twitter.com\/hashtag\/TDF?src=hash&amp;ref_src=twsrc%5Etfw\">#TDF<\/a> <a href=\"https:\/\/twitter.com\/hashtag\/parcours?src=hash&amp;ref_src=twsrc%5Etfw\">#parcours<\/a> <a href=\"https:\/\/twitter.com\/hashtag\/cartehistorique?src=hash&amp;ref_src=twsrc%5Etfw\">#cartehistorique<\/a> <a href=\"https:\/\/twitter.com\/hashtag\/exclusivite?src=hash&amp;ref_src=twsrc%5Etfw\">#exclusivite<\/a> <a href=\"https:\/\/t.co\/gx4Z3GIPZH\">https:\/\/t.co\/gx4Z3GIPZH<\/a><\/p>\n<p>&mdash; velowire.com (@velowire_com) <a href=\"https:\/\/twitter.com\/velowire_com\/status\/1716706730363744515?ref_src=twsrc%5Etfw\">October 24, 2023<\/a><\/p><\/blockquote>\n<p><script async data-src=\"https:\/\/platform.twitter.com\/widgets.js\" charset=\"utf-8\"><\/script><\/div>\n<p>O muevo el cursor m\u00e1s al sur, hacia los Pirineos, y hago clic en esta &#8220;serpiente&#8221; malva que (me entero) representa la etapa 18 del Tour 2014, que se corri\u00f3 el jueves 24 de julio, de <a href=\"https:\/\/www.welovecycling.com\/wide\/2022\/07\/10\/hell-on-the-hautacam-what-letape-du-tour-is-like-for-an-average-rider\/\">Pau al Hautacam,<\/a> una distancia de 145,5 km. Otro clic, en la cola de la serpiente, y me entero de que la llegada a Hautacam sigue un ascenso de categor\u00eda superior (HC) de 13,6 km a una pendiente media del 7,8%, con una recta final de solo 50 m.<\/p>\n<p>El mapa tambi\u00e9n revela que la regi\u00f3n de Breta\u00f1a (Bretagne) ha sido visitada seis veces en los \u00faltimos 16 a\u00f1os, quiz\u00e1s porque una de las verdaderas leyendas de Francia y el \u00faltimo corredor franc\u00e9s que gan\u00f3 el Tour, Bernard Hinault, naci\u00f3 en la comuna bretona de Yffiniac. Las l\u00edneas que rodean la regi\u00f3n parisina, donde han terminado casi todos los Tour (el a\u00f1o que viene ser\u00e1 una rara excepci\u00f3n), son tan densas que parecen una tar\u00e1ntula. Tendr\u00e1 que ampliar bastante el mapa para identificar las etapas individuales que terminan en la capital francesa.<\/p>\n<p>En los \u00faltimos 16 a\u00f1os, <a href=\"http:\/\/letour.fr\">el Tour<\/a> no ha visitado m\u00e1s que tres zonas de Francia: la regi\u00f3n de Loiret, incluidos los alrededores de su capital, Orleans; los alrededores de Angulema, incluidas las regiones de Charente, Charente-Maritime y hasta Haute-Vienne; y una franja al norte y al oeste de Troyes. Pero esto se rectificar\u00e1 el a\u00f1o que viene, cuando la etapa 8 se dispute en la ciudad de Troyes y sus alrededores, y la etapa 9 comience en Orleans, tras un d\u00eda de descanso en esa ciudad.<\/p>\n<p>El mapa no se limita a las etapas francesas, ya que tambi\u00e9n incluye todos los Grand D\u00e9part y todas las dem\u00e1s etapas que se corren en suelo extranjero, como las tres etapas del Reino Unido de 2014 y las tres etapas danesas del a\u00f1o pasado. El mapa es muy divertido e interesante para los aficionados al Tour de Francia.<\/p>\n","protected":false},"excerpt":{"rendered":"<p>A veces, en el fragor de la carrera, es f\u00e1cil olvidar que el Tour de Francia es algo m\u00e1s que [&hellip;]<\/p>\n","protected":false},"author":29,"featured_media":10437,"comment_status":"open","ping_status":"open","sticky":false,"template":"","format":"standard","meta":{"footnotes":""},"categories":[7],"tags":[557],"global-categories":[],"class_list":["post-10436","post","type-post","status-publish","format-standard","has-post-thumbnail","hentry","category-carretera","tag-tour-de-francia"],"yoast_head":"<!-- This site is optimized with the Yoast SEO Premium plugin v25.3 (Yoast SEO v25.9) - https:\/\/yoast.com\/wordpress\/plugins\/seo\/ -->\n<title>Los recorridos del Tour de Francia en un solo mapa - \u0160koda We Love Cycling - Spain<\/title>\n<meta name=\"description\" content=\"El mapa del Tour de Francia de los \u00faltimos 16 a\u00f1os. Un recorrido por todas las etapas con toda la informaci\u00f3n importante.\" \/>\n<meta name=\"robots\" content=\"index, follow, max-snippet:-1, max-image-preview:large, max-video-preview:-1\" \/>\n<link rel=\"canonical\" href=\"https:\/\/www.welovecycling.com\/es\/2023\/12\/09\/tour-francia-mapa\/\" \/>\n<meta property=\"og:locale\" content=\"es_ES\" \/>\n<meta property=\"og:type\" content=\"article\" \/>\n<meta property=\"og:title\" content=\"Los recorridos del Tour de Francia en un solo mapa\" \/>\n<meta property=\"og:description\" content=\"El mapa del Tour de Francia de los \u00faltimos 16 a\u00f1os. Un recorrido por todas las etapas con toda la informaci\u00f3n importante.\" \/>\n<meta property=\"og:url\" content=\"https:\/\/www.welovecycling.com\/es\/2023\/12\/09\/tour-francia-mapa\/\" \/>\n<meta property=\"og:site_name\" content=\"\u0160koda We Love Cycling - Spain\" \/>\n<meta property=\"article:published_time\" content=\"2023-12-08T22:23:52+00:00\" \/>\n<meta property=\"og:image\" content=\"https:\/\/d2p6e6u75xmxt8.cloudfront.net\/6\/2023\/12\/Tour-de-France-Femmes-Women-Peloton-profimedia-0791822987-CVR.webp\" \/>\n\t<meta property=\"og:image:width\" content=\"990\" \/>\n\t<meta property=\"og:image:height\" content=\"660\" \/>\n\t<meta property=\"og:image:type\" content=\"image\/webp\" \/>\n<meta name=\"author\" content=\"We Love Cycling Spain\" \/>\n<meta name=\"twitter:card\" content=\"summary_large_image\" \/>\n<meta name=\"twitter:description\" content=\"El mapa del Tour de Francia de los \u00faltimos 16 a\u00f1os. Un recorrido por todas las etapas con toda la informaci\u00f3n importante.\" \/>\n<meta name=\"twitter:label1\" content=\"Written by\" \/>\n\t<meta name=\"twitter:data1\" content=\"Siegfried Mortkowitz\" \/>\n\t<meta name=\"twitter:label2\" content=\"Est. reading time\" \/>\n\t<meta name=\"twitter:data2\" content=\"4\" \/>\n<script type=\"application\/ld+json\" class=\"yoast-schema-graph\">{\"@context\":\"https:\/\/schema.org\",\"@graph\":[{\"@type\":\"WebPage\",\"@id\":\"https:\/\/www.welovecycling.com\/es\/2023\/12\/09\/tour-francia-mapa\/\",\"url\":\"https:\/\/www.welovecycling.com\/es\/2023\/12\/09\/tour-francia-mapa\/\",\"name\":\"Los recorridos del Tour de Francia en un solo mapa - \u0160koda We Love Cycling - Spain\",\"isPartOf\":{\"@id\":\"https:\/\/www.welovecycling.com\/es\/#website\"},\"primaryImageOfPage\":{\"@id\":\"https:\/\/www.welovecycling.com\/es\/2023\/12\/09\/tour-francia-mapa\/#primaryimage\"},\"image\":{\"@id\":\"https:\/\/www.welovecycling.com\/es\/2023\/12\/09\/tour-francia-mapa\/#primaryimage\"},\"thumbnailUrl\":\"https:\/\/d2p6e6u75xmxt8.cloudfront.net\/6\/2023\/12\/Tour-de-France-Femmes-Women-Peloton-profimedia-0791822987-CVR.webp\",\"datePublished\":\"2023-12-08T22:23:52+00:00\",\"author\":{\"@id\":\"https:\/\/www.welovecycling.com\/es\/#\/schema\/person\/deb61715b5812698ee79fb96f343ccd4\"},\"description\":\"El mapa del Tour de Francia de los \u00faltimos 16 a\u00f1os. Un recorrido por todas las etapas con toda la informaci\u00f3n importante.\",\"breadcrumb\":{\"@id\":\"https:\/\/www.welovecycling.com\/es\/2023\/12\/09\/tour-francia-mapa\/#breadcrumb\"},\"inLanguage\":\"es-ES\",\"potentialAction\":[{\"@type\":\"ReadAction\",\"target\":[\"https:\/\/www.welovecycling.com\/es\/2023\/12\/09\/tour-francia-mapa\/\"]}]},{\"@type\":\"ImageObject\",\"inLanguage\":\"es-ES\",\"@id\":\"https:\/\/www.welovecycling.com\/es\/2023\/12\/09\/tour-francia-mapa\/#primaryimage\",\"url\":\"https:\/\/d2p6e6u75xmxt8.cloudfront.net\/6\/2023\/12\/Tour-de-France-Femmes-Women-Peloton-profimedia-0791822987-CVR.webp\",\"contentUrl\":\"https:\/\/d2p6e6u75xmxt8.cloudfront.net\/6\/2023\/12\/Tour-de-France-Femmes-Women-Peloton-profimedia-0791822987-CVR.webp\",\"width\":990,\"height\":660,\"caption\":\"Tour de France Femmes\"},{\"@type\":\"BreadcrumbList\",\"@id\":\"https:\/\/www.welovecycling.com\/es\/2023\/12\/09\/tour-francia-mapa\/#breadcrumb\",\"itemListElement\":[{\"@type\":\"ListItem\",\"position\":1,\"name\":\"Home\",\"item\":\"https:\/\/www.welovecycling.com\/es\/\"},{\"@type\":\"ListItem\",\"position\":2,\"name\":\"Los recorridos del Tour de Francia en un solo mapa\"}]},{\"@type\":\"WebSite\",\"@id\":\"https:\/\/www.welovecycling.com\/es\/#website\",\"url\":\"https:\/\/www.welovecycling.com\/es\/\",\"name\":\"\u0160koda We Love Cycling - Spain\",\"description\":\"\u0160koda WeLoveCycling Spain\",\"potentialAction\":[{\"@type\":\"SearchAction\",\"target\":{\"@type\":\"EntryPoint\",\"urlTemplate\":\"https:\/\/www.welovecycling.com\/es\/?s={search_term_string}\"},\"query-input\":{\"@type\":\"PropertyValueSpecification\",\"valueRequired\":true,\"valueName\":\"search_term_string\"}}],\"inLanguage\":\"es-ES\"},{\"@type\":\"Person\",\"@id\":\"https:\/\/www.welovecycling.com\/es\/#\/schema\/person\/deb61715b5812698ee79fb96f343ccd4\",\"name\":\"We Love Cycling Spain\",\"image\":{\"@type\":\"ImageObject\",\"inLanguage\":\"es-ES\",\"@id\":\"https:\/\/www.welovecycling.com\/es\/#\/schema\/person\/image\/\",\"url\":\"https:\/\/secure.gravatar.com\/avatar\/c824b04e6df0e37a03219d0b6481672889df542894588964102459e46513159c?s=96&d=mm&r=g\",\"contentUrl\":\"https:\/\/secure.gravatar.com\/avatar\/c824b04e6df0e37a03219d0b6481672889df542894588964102459e46513159c?s=96&d=mm&r=g\",\"caption\":\"We Love Cycling Spain\"},\"url\":\"https:\/\/www.welovecycling.com\/es\/author\/amunoz\/\"}]}<\/script>\n<!-- \/ Yoast SEO Premium plugin. -->","yoast_head_json":{"title":"Los recorridos del Tour de Francia en un solo mapa - \u0160koda We Love Cycling - Spain","description":"El mapa del Tour de Francia de los \u00faltimos 16 a\u00f1os. Un recorrido por todas las etapas con toda la informaci\u00f3n importante.","robots":{"index":"index","follow":"follow","max-snippet":"max-snippet:-1","max-image-preview":"max-image-preview:large","max-video-preview":"max-video-preview:-1"},"canonical":"https:\/\/www.welovecycling.com\/es\/2023\/12\/09\/tour-francia-mapa\/","og_locale":"es_ES","og_type":"article","og_title":"Los recorridos del Tour de Francia en un solo mapa","og_description":"El mapa del Tour de Francia de los \u00faltimos 16 a\u00f1os. Un recorrido por todas las etapas con toda la informaci\u00f3n importante.","og_url":"https:\/\/www.welovecycling.com\/es\/2023\/12\/09\/tour-francia-mapa\/","og_site_name":"\u0160koda We Love Cycling - Spain","article_published_time":"2023-12-08T22:23:52+00:00","og_image":[{"width":990,"height":660,"url":"https:\/\/d2p6e6u75xmxt8.cloudfront.net\/6\/2023\/12\/Tour-de-France-Femmes-Women-Peloton-profimedia-0791822987-CVR.webp","type":"image\/webp"}],"author":"We Love Cycling Spain","twitter_card":"summary_large_image","twitter_description":"El mapa del Tour de Francia de los \u00faltimos 16 a\u00f1os. Un recorrido por todas las etapas con toda la informaci\u00f3n importante.","twitter_misc":{"Written by":"Siegfried Mortkowitz","Est. reading time":"4"},"schema":{"@context":"https:\/\/schema.org","@graph":[{"@type":"WebPage","@id":"https:\/\/www.welovecycling.com\/es\/2023\/12\/09\/tour-francia-mapa\/","url":"https:\/\/www.welovecycling.com\/es\/2023\/12\/09\/tour-francia-mapa\/","name":"Los recorridos del Tour de Francia en un solo mapa - \u0160koda We Love Cycling - Spain","isPartOf":{"@id":"https:\/\/www.welovecycling.com\/es\/#website"},"primaryImageOfPage":{"@id":"https:\/\/www.welovecycling.com\/es\/2023\/12\/09\/tour-francia-mapa\/#primaryimage"},"image":{"@id":"https:\/\/www.welovecycling.com\/es\/2023\/12\/09\/tour-francia-mapa\/#primaryimage"},"thumbnailUrl":"https:\/\/d2p6e6u75xmxt8.cloudfront.net\/6\/2023\/12\/Tour-de-France-Femmes-Women-Peloton-profimedia-0791822987-CVR.webp","datePublished":"2023-12-08T22:23:52+00:00","author":{"@id":"https:\/\/www.welovecycling.com\/es\/#\/schema\/person\/deb61715b5812698ee79fb96f343ccd4"},"description":"El mapa del Tour de Francia de los \u00faltimos 16 a\u00f1os. Un recorrido por todas las etapas con toda la informaci\u00f3n importante.","breadcrumb":{"@id":"https:\/\/www.welovecycling.com\/es\/2023\/12\/09\/tour-francia-mapa\/#breadcrumb"},"inLanguage":"es-ES","potentialAction":[{"@type":"ReadAction","target":["https:\/\/www.welovecycling.com\/es\/2023\/12\/09\/tour-francia-mapa\/"]}]},{"@type":"ImageObject","inLanguage":"es-ES","@id":"https:\/\/www.welovecycling.com\/es\/2023\/12\/09\/tour-francia-mapa\/#primaryimage","url":"https:\/\/d2p6e6u75xmxt8.cloudfront.net\/6\/2023\/12\/Tour-de-France-Femmes-Women-Peloton-profimedia-0791822987-CVR.webp","contentUrl":"https:\/\/d2p6e6u75xmxt8.cloudfront.net\/6\/2023\/12\/Tour-de-France-Femmes-Women-Peloton-profimedia-0791822987-CVR.webp","width":990,"height":660,"caption":"Tour de France Femmes"},{"@type":"BreadcrumbList","@id":"https:\/\/www.welovecycling.com\/es\/2023\/12\/09\/tour-francia-mapa\/#breadcrumb","itemListElement":[{"@type":"ListItem","position":1,"name":"Home","item":"https:\/\/www.welovecycling.com\/es\/"},{"@type":"ListItem","position":2,"name":"Los recorridos del Tour de Francia en un solo mapa"}]},{"@type":"WebSite","@id":"https:\/\/www.welovecycling.com\/es\/#website","url":"https:\/\/www.welovecycling.com\/es\/","name":"\u0160koda We Love Cycling - Spain","description":"\u0160koda WeLoveCycling Spain","potentialAction":[{"@type":"SearchAction","target":{"@type":"EntryPoint","urlTemplate":"https:\/\/www.welovecycling.com\/es\/?s={search_term_string}"},"query-input":{"@type":"PropertyValueSpecification","valueRequired":true,"valueName":"search_term_string"}}],"inLanguage":"es-ES"},{"@type":"Person","@id":"https:\/\/www.welovecycling.com\/es\/#\/schema\/person\/deb61715b5812698ee79fb96f343ccd4","name":"We Love Cycling Spain","image":{"@type":"ImageObject","inLanguage":"es-ES","@id":"https:\/\/www.welovecycling.com\/es\/#\/schema\/person\/image\/","url":"https:\/\/secure.gravatar.com\/avatar\/c824b04e6df0e37a03219d0b6481672889df542894588964102459e46513159c?s=96&d=mm&r=g","contentUrl":"https:\/\/secure.gravatar.com\/avatar\/c824b04e6df0e37a03219d0b6481672889df542894588964102459e46513159c?s=96&d=mm&r=g","caption":"We Love Cycling Spain"},"url":"https:\/\/www.welovecycling.com\/es\/author\/amunoz\/"}]}},"_links":{"self":[{"href":"https:\/\/www.welovecycling.com\/es\/wp-json\/wp\/v2\/posts\/10436","targetHints":{"allow":["GET"]}}],"collection":[{"href":"https:\/\/www.welovecycling.com\/es\/wp-json\/wp\/v2\/posts"}],"about":[{"href":"https:\/\/www.welovecycling.com\/es\/wp-json\/wp\/v2\/types\/post"}],"author":[{"embeddable":true,"href":"https:\/\/www.welovecycling.com\/es\/wp-json\/wp\/v2\/users\/29"}],"replies":[{"embeddable":true,"href":"https:\/\/www.welovecycling.com\/es\/wp-json\/wp\/v2\/comments?post=10436"}],"version-history":[{"count":1,"href":"https:\/\/www.welovecycling.com\/es\/wp-json\/wp\/v2\/posts\/10436\/revisions"}],"predecessor-version":[{"id":10438,"href":"https:\/\/www.welovecycling.com\/es\/wp-json\/wp\/v2\/posts\/10436\/revisions\/10438"}],"wp:featuredmedia":[{"embeddable":true,"href":"https:\/\/www.welovecycling.com\/es\/wp-json\/wp\/v2\/media\/10437"}],"wp:attachment":[{"href":"https:\/\/www.welovecycling.com\/es\/wp-json\/wp\/v2\/media?parent=10436"}],"wp:term":[{"taxonomy":"category","embeddable":true,"href":"https:\/\/www.welovecycling.com\/es\/wp-json\/wp\/v2\/categories?post=10436"},{"taxonomy":"post_tag","embeddable":true,"href":"https:\/\/www.welovecycling.com\/es\/wp-json\/wp\/v2\/tags?post=10436"},{"taxonomy":"global-categories","embeddable":true,"href":"https:\/\/www.welovecycling.com\/es\/wp-json\/wp\/v2\/global-categories?post=10436"}],"curies":[{"name":"wp","href":"https:\/\/api.w.org\/{rel}","templated":true}]}}