{"id":10431,"date":"2023-12-06T11:01:18","date_gmt":"2023-12-06T09:01:18","guid":{"rendered":"https:\/\/www.welovecycling.com\/es\/?p=10431"},"modified":"2023-12-06T11:01:18","modified_gmt":"2023-12-06T09:01:18","slug":"invierno-ciclista","status":"publish","type":"post","link":"https:\/\/www.welovecycling.com\/es\/2023\/12\/06\/invierno-ciclista\/","title":{"rendered":"Invierno ciclista en una ciudad sin infraestructuras"},"content":{"rendered":"<p style=\"font-weight: 400;\"><strong>El invierno ciclista es todo un reto, incluso si vives en un pa\u00eds con excelentes infraestructuras ciclistas. Pero no todo el mundo vive en Dinamarca, los Pa\u00edses Bajos o Alemania. Por desgracia, muchos de nosotros vivimos en pa\u00edses y ciudades donde la infraestructura ciclista no es m\u00e1s que pintura a un lado de la carretera. Peor a\u00fan, algunos lugares carecen por completo de ellas. Podemos echar la culpa a los dem\u00e1s y discutir largo y tendido sobre qui\u00e9n es el responsable, pero ser\u00eda mucho m\u00e1s \u00fatil darte algunos consejos sobre c\u00f3mo afrontar el ciclismo de invierno en ciudades con poca o ninguna infraestructura.<\/strong><\/p>\n<p><!--more--><\/p>\n<h2><strong>Se visible<\/strong><\/h2>\n<p>Sabemos que a\u00fan falta un mes para Navidad, pero no dudes en iluminarte como un \u00e1rbol de Navidad para que la gente pueda verte en la carretera. S\u00ed, ser visible es esencial independientemente de la infraestructura ciclista de tu ciudad, pero cuando tienes que circular con el resto del tr\u00e1fico, necesitas ser extra visible. Esto incluye ropa m\u00e1s brillante, m\u00e1s luces y reflectores en tu bicicleta y algunos elementos intermitentes en tu mochila o casco. No s\u00f3lo debes ser visible, sino tambi\u00e9n llamar la atenci\u00f3n.<\/p>\n<p>As\u00ed que c\u00f3mprate una chaqueta reflectante, pon un <a href=\"https:\/\/www.amazon.com\/backpack-reflector-Bike-Lights-Reflectors\/s?k=backpack+reflector&amp;rh=n%3A2367799011\">reflector en tu mochila<\/a> y alg\u00fan tipo de intermitente. Aseg\u00farate de ponerte luces reflectantes en las manos para que, cuando hagas un gesto de giro, los dem\u00e1s participantes en el tr\u00e1fico se den cuenta inmediatamente. Por \u00faltimo, aseg\u00farate de que las pilas de tus luces est\u00e1n siempre bien cargadas y listas para la marcha.<\/p>\n<p style=\"font-weight: 400;\">Puede que pienses que esto es s\u00f3lo para la noche, pero no es del todo as\u00ed. En primer lugar, durante el invierno suele ser de noche la mayor parte del tiempo. En segundo lugar, y m\u00e1s importante, incluso durante el d\u00eda la visibilidad no es perfecta, sobre todo si llueve, nieva o hay niebla. Por tanto, no sobreestimes lo buena que es la visibilidad en el exterior y aseg\u00farate de que te ver\u00e1n.<\/p>\n<figure id=\"attachment_10432\" aria-describedby=\"caption-attachment-10432\" style=\"width: 1000px\" class=\"wp-caption alignnone\"><a href=\"https:\/\/d2p6e6u75xmxt8.cloudfront.net\/6\/2023\/12\/Family-winter-cycling-profimedia-0497110127.webp\"><img loading=\"lazy\" decoding=\"async\" class=\"wp-image-10432 size-full\" src=\"https:\/\/d2p6e6u75xmxt8.cloudfront.net\/6\/2023\/12\/Family-winter-cycling-profimedia-0497110127.webp\" alt=\"Winter cycling\" width=\"1000\" height=\"666\" srcset=\"https:\/\/d2p6e6u75xmxt8.cloudfront.net\/6\/2023\/12\/Family-winter-cycling-profimedia-0497110127.webp 1000w, https:\/\/d2p6e6u75xmxt8.cloudfront.net\/6\/2023\/12\/Family-winter-cycling-profimedia-0497110127-300x200.webp 300w, https:\/\/d2p6e6u75xmxt8.cloudfront.net\/6\/2023\/12\/Family-winter-cycling-profimedia-0497110127-768x511.webp 768w, https:\/\/d2p6e6u75xmxt8.cloudfront.net\/6\/2023\/12\/Family-winter-cycling-profimedia-0497110127-400x266.webp 400w, https:\/\/d2p6e6u75xmxt8.cloudfront.net\/6\/2023\/12\/Family-winter-cycling-profimedia-0497110127-272x182.webp 272w\" sizes=\"auto, (max-width: 1000px) 100vw, 1000px\" \/><\/a><figcaption id=\"caption-attachment-10432\" class=\"wp-caption-text\">Ser visible en invierno es crucial. Los dem\u00e1s participantes en el tr\u00e1fico deben verte desde lejos, ya que frenar es mucho m\u00e1s dif\u00edcil. \u00a9 Profimedia<\/figcaption><\/figure>\n<h2><strong><br \/>\nElige bien la ruta<\/strong><\/h2>\n<p>Elegir bien el itinerario es otra obligaci\u00f3n si no hay infraestructura ciclista. Que haya un carril bici no siempre significa que sea seguro. Por ejemplo, cuando nieva mucho, las m\u00e1quinas quitanieves empujan la nieve hacia el arc\u00e9n, que suele ser donde est\u00e1n los carriles bici. As\u00ed que, como regla general, durante las nevadas intensas, evita las carreteras principales, ya que ser\u00e1n las primeras en ser limpiadas.<\/p>\n<p>Por lo dem\u00e1s, todo depende de c\u00f3mo est\u00e9 regulado el tr\u00e1fico en tu ciudad. Si hay carriles bus en las carreteras principales, puedes utilizarlos con relativa seguridad para desplazarte. Aun as\u00ed, aseg\u00farate de no bloquear el transporte p\u00fablico e intenta siempre cederle el paso. Adem\u00e1s, aseg\u00farate de que esto es realmente legal en tu pa\u00eds o, si es ilegal, de si alguien hace cumplir las normas.<\/p>\n<p>Otra buena soluci\u00f3n es elegir rutas con tantos sem\u00e1foros como sea posible. S\u00ed, esto suena contraintuitivo y sin duda prolongar\u00e1 tu trayecto, pero cruzar cuando hay un sem\u00e1foro es mucho m\u00e1s seguro que la alternativa. Por \u00faltimo, siempre que haya un carril bici seguro o un parque que puedas tomar, hazlo, aunque te alargue un poco el trayecto. Al fin y al cabo, lo importante es llegar seguro a tu destino.<\/p>\n<h2><strong>Coge todo el carril<\/strong><\/h2>\n<p>\u00c9ste es otro consejo muy controvertido que probablemente suscitar\u00e1 un debate, pero la seguridad es lo m\u00e1s importante cuando hablamos de ciclismo. Adem\u00e1s, la mayor\u00eda de los conductores agradecer\u00e1n que ocupes todo el carril, ya que te ver\u00e1n mucho mejor y, de todos modos, si te adelantan, tendr\u00e1n que cruzar al menos parcialmente por el carril siguiente. As\u00ed pues, quedarse atascado en el arc\u00e9n cuando hay cunetas, agua, nieve o barro no s\u00f3lo es peligroso para ti y para los conductores que vienen detr\u00e1s, sino tambi\u00e9n totalmente in\u00fatil.<\/p>\n<p>As\u00ed pues, ocupe todo el carril derecho, o al menos la mayor parte de \u00e9l, y aseg\u00farese de evitar los lugares donde pueda acumularse agua alrededor de las alcantarillas. Cuando hace fr\u00edo, son los primeros lugares que se congelan. Pisar un lugar as\u00ed te har\u00e1 saltar por los aires en un instante.<\/p>\n<p>La mayor\u00eda de las veces, cuando conduces por la ciudad, los sem\u00e1foros te paran de vez en cuando. As\u00ed que, cuando eso ocurra, aseg\u00farate de ceder el paso a todos los coches y p\u00e9gate al \u00faltimo. De este modo, no bloquear\u00e1s el tr\u00e1fico y tendr\u00e1s tranquilidad.<\/p>\n<h2><strong>Use rush hour to commute<\/strong><\/h2>\n<p>Otra soluci\u00f3n muy contraintuitiva que te resultar\u00e1 de lo m\u00e1s \u00fatil. La gente tiende a evitar ir en bici en hora punta. Y s\u00ed, tiene sus muchos, muchos inconvenientes. Pero aun as\u00ed, los coches son los m\u00e1s lentos en hora punta, y puedes circular relativamente seguro junto a ellos. Aun as\u00ed, hay algunas normas generales que debes seguir. En primer lugar, y lo m\u00e1s importante, <a href=\"https:\/\/www.welovecycling.com\/wide\/2020\/11\/06\/bike-lane-etiquette-101\/\">nunca circules entre carriles<\/a> mientras se mueve el tr\u00e1fico. Intenta mantenerte en el carril derecho, y podr\u00e1s avanzar mientras los coches est\u00e1n parados. No aceleres, ya que en cualquier momento alguien puede abrir la puerta. S\u00ed, en hora punta tambi\u00e9n ir\u00e1s lento.<\/p>\n<p>Cuando empiece el tr\u00e1fico, p\u00e9gate al coche de delante y ocupa todo el carril. De este modo, el conductor de delante te ver\u00e1 por los retrovisores y sabr\u00e1 exactamente d\u00f3nde est\u00e1s, mientras que, al mismo tiempo, el de detr\u00e1s mantendr\u00e1 la distancia y no tendr\u00e1 la tentaci\u00f3n de adelantarte. En la mayor\u00eda de las ciudades sin infraestructura ciclista, el tr\u00e1fico en hora punta no permite grandes velocidades, as\u00ed que no te preocupes; podr\u00e1s seguir el ritmo del que te precede. Pero no olvides que la calzada puede estar resbaladiza. As\u00ed que mant\u00e9n la distancia con el coche de delante, ya que puede detenerse bruscamente en cualquier momento, y no querr\u00e1s subirte a su asiento trasero desde la ventanilla trasera.<\/p>\n<h2><strong>Extrema las precauciones<\/strong><\/h2>\n<p>Dicho esto, hay que extremar las precauciones, incluso en verano. Pero en invierno, la precauci\u00f3n es doble. Hay un mont\u00f3n de peligros en la carretera, y los coches son el menor de tus problemas. En la mayor\u00eda de los casos, los conductores son lo bastante tolerantes como para dejarte pasar. Aun as\u00ed, hay hielo negro, nieve, placas de hielo, quitanieves, charcos profundos y todo tipo de peligros a los lados de la carretera. Mantener los ojos en todas partes es imprescindible si quieres conducir en invierno, cuando ninguna infraestructura lo permite. Aun as\u00ed, eso no significa que debas rendirte. Sigue los consejos anteriores y todo ir\u00e1 bien. Ahora, cambiemos los neum\u00e1ticos por unos de invierno y pong\u00e1monos en marcha.<\/p>\n","protected":false},"excerpt":{"rendered":"<p>El invierno ciclista es todo un reto, incluso si vives en un pa\u00eds con excelentes infraestructuras ciclistas. Pero no todo [&hellip;]<\/p>\n","protected":false},"author":29,"featured_media":10434,"comment_status":"open","ping_status":"open","sticky":false,"template":"","format":"standard","meta":{"footnotes":""},"categories":[7,6],"tags":[674],"global-categories":[],"class_list":["post-10431","post","type-post","status-publish","format-standard","has-post-thumbnail","hentry","category-carretera","category-urban","tag-ciclismo-urbano"],"yoast_head":"<!-- This site is optimized with the Yoast SEO Premium plugin v25.3 (Yoast SEO v25.9) - https:\/\/yoast.com\/wordpress\/plugins\/seo\/ -->\n<title>Invierno ciclista en una ciudad sin infraestructuras - \u0160koda We Love Cycling - Spain<\/title>\n<meta name=\"description\" content=\"Invierno ciclista en una ciudad sin infraestructuras. Como adaptarte a una ciudad sin carriles bici ni ayudas a los ciclistas.\" \/>\n<meta name=\"robots\" content=\"index, follow, max-snippet:-1, max-image-preview:large, max-video-preview:-1\" \/>\n<link rel=\"canonical\" href=\"https:\/\/www.welovecycling.com\/es\/2023\/12\/06\/invierno-ciclista\/\" \/>\n<meta property=\"og:locale\" content=\"es_ES\" \/>\n<meta property=\"og:type\" content=\"article\" \/>\n<meta property=\"og:title\" content=\"Invierno ciclista en una ciudad sin infraestructuras\" \/>\n<meta property=\"og:description\" content=\"Invierno ciclista en una ciudad sin infraestructuras. Como adaptarte a una ciudad sin carriles bici ni ayudas a los ciclistas.\" \/>\n<meta property=\"og:url\" content=\"https:\/\/www.welovecycling.com\/es\/2023\/12\/06\/invierno-ciclista\/\" \/>\n<meta property=\"og:site_name\" content=\"\u0160koda We Love Cycling - Spain\" \/>\n<meta property=\"article:published_time\" content=\"2023-12-06T09:01:18+00:00\" \/>\n<meta property=\"og:image\" content=\"https:\/\/d2p6e6u75xmxt8.cloudfront.net\/6\/2023\/12\/Winter-Cycling-Sweden-profimedia-0743853603-CVR.webp\" \/>\n\t<meta property=\"og:image:width\" content=\"990\" \/>\n\t<meta property=\"og:image:height\" content=\"660\" \/>\n\t<meta property=\"og:image:type\" content=\"image\/webp\" \/>\n<meta name=\"author\" content=\"We Love Cycling Spain\" \/>\n<meta name=\"twitter:card\" content=\"summary_large_image\" \/>\n<meta name=\"twitter:description\" content=\"Invierno ciclista en una ciudad sin infraestructuras. Como adaptarte a una ciudad sin carriles bici ni ayudas a los ciclistas.\" \/>\n<meta name=\"twitter:label1\" content=\"Written by\" \/>\n\t<meta name=\"twitter:data1\" content=\"Martin Atanasov\" \/>\n\t<meta name=\"twitter:label2\" content=\"Est. reading time\" \/>\n\t<meta name=\"twitter:data2\" content=\"5\" \/>\n<script type=\"application\/ld+json\" class=\"yoast-schema-graph\">{\"@context\":\"https:\/\/schema.org\",\"@graph\":[{\"@type\":\"WebPage\",\"@id\":\"https:\/\/www.welovecycling.com\/es\/2023\/12\/06\/invierno-ciclista\/\",\"url\":\"https:\/\/www.welovecycling.com\/es\/2023\/12\/06\/invierno-ciclista\/\",\"name\":\"Invierno ciclista en una ciudad sin infraestructuras - \u0160koda We Love Cycling - Spain\",\"isPartOf\":{\"@id\":\"https:\/\/www.welovecycling.com\/es\/#website\"},\"primaryImageOfPage\":{\"@id\":\"https:\/\/www.welovecycling.com\/es\/2023\/12\/06\/invierno-ciclista\/#primaryimage\"},\"image\":{\"@id\":\"https:\/\/www.welovecycling.com\/es\/2023\/12\/06\/invierno-ciclista\/#primaryimage\"},\"thumbnailUrl\":\"https:\/\/d2p6e6u75xmxt8.cloudfront.net\/6\/2023\/12\/Winter-Cycling-Sweden-profimedia-0743853603-CVR.webp\",\"datePublished\":\"2023-12-06T09:01:18+00:00\",\"author\":{\"@id\":\"https:\/\/www.welovecycling.com\/es\/#\/schema\/person\/deb61715b5812698ee79fb96f343ccd4\"},\"description\":\"Invierno ciclista en una ciudad sin infraestructuras. Como adaptarte a una ciudad sin carriles bici ni ayudas a los ciclistas.\",\"breadcrumb\":{\"@id\":\"https:\/\/www.welovecycling.com\/es\/2023\/12\/06\/invierno-ciclista\/#breadcrumb\"},\"inLanguage\":\"es-ES\",\"potentialAction\":[{\"@type\":\"ReadAction\",\"target\":[\"https:\/\/www.welovecycling.com\/es\/2023\/12\/06\/invierno-ciclista\/\"]}]},{\"@type\":\"ImageObject\",\"inLanguage\":\"es-ES\",\"@id\":\"https:\/\/www.welovecycling.com\/es\/2023\/12\/06\/invierno-ciclista\/#primaryimage\",\"url\":\"https:\/\/d2p6e6u75xmxt8.cloudfront.net\/6\/2023\/12\/Winter-Cycling-Sweden-profimedia-0743853603-CVR.webp\",\"contentUrl\":\"https:\/\/d2p6e6u75xmxt8.cloudfront.net\/6\/2023\/12\/Winter-Cycling-Sweden-profimedia-0743853603-CVR.webp\",\"width\":990,\"height\":660,\"caption\":\"Winter cycling\"},{\"@type\":\"BreadcrumbList\",\"@id\":\"https:\/\/www.welovecycling.com\/es\/2023\/12\/06\/invierno-ciclista\/#breadcrumb\",\"itemListElement\":[{\"@type\":\"ListItem\",\"position\":1,\"name\":\"Home\",\"item\":\"https:\/\/www.welovecycling.com\/es\/\"},{\"@type\":\"ListItem\",\"position\":2,\"name\":\"Invierno ciclista en una ciudad sin infraestructuras\"}]},{\"@type\":\"WebSite\",\"@id\":\"https:\/\/www.welovecycling.com\/es\/#website\",\"url\":\"https:\/\/www.welovecycling.com\/es\/\",\"name\":\"\u0160koda We Love Cycling - Spain\",\"description\":\"\u0160koda WeLoveCycling Spain\",\"potentialAction\":[{\"@type\":\"SearchAction\",\"target\":{\"@type\":\"EntryPoint\",\"urlTemplate\":\"https:\/\/www.welovecycling.com\/es\/?s={search_term_string}\"},\"query-input\":{\"@type\":\"PropertyValueSpecification\",\"valueRequired\":true,\"valueName\":\"search_term_string\"}}],\"inLanguage\":\"es-ES\"},{\"@type\":\"Person\",\"@id\":\"https:\/\/www.welovecycling.com\/es\/#\/schema\/person\/deb61715b5812698ee79fb96f343ccd4\",\"name\":\"We Love Cycling Spain\",\"image\":{\"@type\":\"ImageObject\",\"inLanguage\":\"es-ES\",\"@id\":\"https:\/\/www.welovecycling.com\/es\/#\/schema\/person\/image\/\",\"url\":\"https:\/\/secure.gravatar.com\/avatar\/c824b04e6df0e37a03219d0b6481672889df542894588964102459e46513159c?s=96&d=mm&r=g\",\"contentUrl\":\"https:\/\/secure.gravatar.com\/avatar\/c824b04e6df0e37a03219d0b6481672889df542894588964102459e46513159c?s=96&d=mm&r=g\",\"caption\":\"We Love Cycling Spain\"},\"url\":\"https:\/\/www.welovecycling.com\/es\/author\/amunoz\/\"}]}<\/script>\n<!-- \/ Yoast SEO Premium plugin. -->","yoast_head_json":{"title":"Invierno ciclista en una ciudad sin infraestructuras - \u0160koda We Love Cycling - Spain","description":"Invierno ciclista en una ciudad sin infraestructuras. Como adaptarte a una ciudad sin carriles bici ni ayudas a los ciclistas.","robots":{"index":"index","follow":"follow","max-snippet":"max-snippet:-1","max-image-preview":"max-image-preview:large","max-video-preview":"max-video-preview:-1"},"canonical":"https:\/\/www.welovecycling.com\/es\/2023\/12\/06\/invierno-ciclista\/","og_locale":"es_ES","og_type":"article","og_title":"Invierno ciclista en una ciudad sin infraestructuras","og_description":"Invierno ciclista en una ciudad sin infraestructuras. Como adaptarte a una ciudad sin carriles bici ni ayudas a los ciclistas.","og_url":"https:\/\/www.welovecycling.com\/es\/2023\/12\/06\/invierno-ciclista\/","og_site_name":"\u0160koda We Love Cycling - Spain","article_published_time":"2023-12-06T09:01:18+00:00","og_image":[{"width":990,"height":660,"url":"https:\/\/d2p6e6u75xmxt8.cloudfront.net\/6\/2023\/12\/Winter-Cycling-Sweden-profimedia-0743853603-CVR.webp","type":"image\/webp"}],"author":"We Love Cycling Spain","twitter_card":"summary_large_image","twitter_description":"Invierno ciclista en una ciudad sin infraestructuras. Como adaptarte a una ciudad sin carriles bici ni ayudas a los ciclistas.","twitter_misc":{"Written by":"Martin Atanasov","Est. reading time":"5"},"schema":{"@context":"https:\/\/schema.org","@graph":[{"@type":"WebPage","@id":"https:\/\/www.welovecycling.com\/es\/2023\/12\/06\/invierno-ciclista\/","url":"https:\/\/www.welovecycling.com\/es\/2023\/12\/06\/invierno-ciclista\/","name":"Invierno ciclista en una ciudad sin infraestructuras - \u0160koda We Love Cycling - Spain","isPartOf":{"@id":"https:\/\/www.welovecycling.com\/es\/#website"},"primaryImageOfPage":{"@id":"https:\/\/www.welovecycling.com\/es\/2023\/12\/06\/invierno-ciclista\/#primaryimage"},"image":{"@id":"https:\/\/www.welovecycling.com\/es\/2023\/12\/06\/invierno-ciclista\/#primaryimage"},"thumbnailUrl":"https:\/\/d2p6e6u75xmxt8.cloudfront.net\/6\/2023\/12\/Winter-Cycling-Sweden-profimedia-0743853603-CVR.webp","datePublished":"2023-12-06T09:01:18+00:00","author":{"@id":"https:\/\/www.welovecycling.com\/es\/#\/schema\/person\/deb61715b5812698ee79fb96f343ccd4"},"description":"Invierno ciclista en una ciudad sin infraestructuras. Como adaptarte a una ciudad sin carriles bici ni ayudas a los ciclistas.","breadcrumb":{"@id":"https:\/\/www.welovecycling.com\/es\/2023\/12\/06\/invierno-ciclista\/#breadcrumb"},"inLanguage":"es-ES","potentialAction":[{"@type":"ReadAction","target":["https:\/\/www.welovecycling.com\/es\/2023\/12\/06\/invierno-ciclista\/"]}]},{"@type":"ImageObject","inLanguage":"es-ES","@id":"https:\/\/www.welovecycling.com\/es\/2023\/12\/06\/invierno-ciclista\/#primaryimage","url":"https:\/\/d2p6e6u75xmxt8.cloudfront.net\/6\/2023\/12\/Winter-Cycling-Sweden-profimedia-0743853603-CVR.webp","contentUrl":"https:\/\/d2p6e6u75xmxt8.cloudfront.net\/6\/2023\/12\/Winter-Cycling-Sweden-profimedia-0743853603-CVR.webp","width":990,"height":660,"caption":"Winter cycling"},{"@type":"BreadcrumbList","@id":"https:\/\/www.welovecycling.com\/es\/2023\/12\/06\/invierno-ciclista\/#breadcrumb","itemListElement":[{"@type":"ListItem","position":1,"name":"Home","item":"https:\/\/www.welovecycling.com\/es\/"},{"@type":"ListItem","position":2,"name":"Invierno ciclista en una ciudad sin infraestructuras"}]},{"@type":"WebSite","@id":"https:\/\/www.welovecycling.com\/es\/#website","url":"https:\/\/www.welovecycling.com\/es\/","name":"\u0160koda We Love Cycling - Spain","description":"\u0160koda WeLoveCycling Spain","potentialAction":[{"@type":"SearchAction","target":{"@type":"EntryPoint","urlTemplate":"https:\/\/www.welovecycling.com\/es\/?s={search_term_string}"},"query-input":{"@type":"PropertyValueSpecification","valueRequired":true,"valueName":"search_term_string"}}],"inLanguage":"es-ES"},{"@type":"Person","@id":"https:\/\/www.welovecycling.com\/es\/#\/schema\/person\/deb61715b5812698ee79fb96f343ccd4","name":"We Love Cycling Spain","image":{"@type":"ImageObject","inLanguage":"es-ES","@id":"https:\/\/www.welovecycling.com\/es\/#\/schema\/person\/image\/","url":"https:\/\/secure.gravatar.com\/avatar\/c824b04e6df0e37a03219d0b6481672889df542894588964102459e46513159c?s=96&d=mm&r=g","contentUrl":"https:\/\/secure.gravatar.com\/avatar\/c824b04e6df0e37a03219d0b6481672889df542894588964102459e46513159c?s=96&d=mm&r=g","caption":"We Love Cycling Spain"},"url":"https:\/\/www.welovecycling.com\/es\/author\/amunoz\/"}]}},"_links":{"self":[{"href":"https:\/\/www.welovecycling.com\/es\/wp-json\/wp\/v2\/posts\/10431","targetHints":{"allow":["GET"]}}],"collection":[{"href":"https:\/\/www.welovecycling.com\/es\/wp-json\/wp\/v2\/posts"}],"about":[{"href":"https:\/\/www.welovecycling.com\/es\/wp-json\/wp\/v2\/types\/post"}],"author":[{"embeddable":true,"href":"https:\/\/www.welovecycling.com\/es\/wp-json\/wp\/v2\/users\/29"}],"replies":[{"embeddable":true,"href":"https:\/\/www.welovecycling.com\/es\/wp-json\/wp\/v2\/comments?post=10431"}],"version-history":[{"count":2,"href":"https:\/\/www.welovecycling.com\/es\/wp-json\/wp\/v2\/posts\/10431\/revisions"}],"predecessor-version":[{"id":10435,"href":"https:\/\/www.welovecycling.com\/es\/wp-json\/wp\/v2\/posts\/10431\/revisions\/10435"}],"wp:featuredmedia":[{"embeddable":true,"href":"https:\/\/www.welovecycling.com\/es\/wp-json\/wp\/v2\/media\/10434"}],"wp:attachment":[{"href":"https:\/\/www.welovecycling.com\/es\/wp-json\/wp\/v2\/media?parent=10431"}],"wp:term":[{"taxonomy":"category","embeddable":true,"href":"https:\/\/www.welovecycling.com\/es\/wp-json\/wp\/v2\/categories?post=10431"},{"taxonomy":"post_tag","embeddable":true,"href":"https:\/\/www.welovecycling.com\/es\/wp-json\/wp\/v2\/tags?post=10431"},{"taxonomy":"global-categories","embeddable":true,"href":"https:\/\/www.welovecycling.com\/es\/wp-json\/wp\/v2\/global-categories?post=10431"}],"curies":[{"name":"wp","href":"https:\/\/api.w.org\/{rel}","templated":true}]}}