{"id":10427,"date":"2023-11-30T16:55:52","date_gmt":"2023-11-30T14:55:52","guid":{"rendered":"https:\/\/www.welovecycling.com\/es\/?p=10427"},"modified":"2023-11-30T16:55:52","modified_gmt":"2023-11-30T14:55:52","slug":"la-bici-gravel","status":"publish","type":"post","link":"https:\/\/www.welovecycling.com\/es\/2023\/11\/30\/la-bici-gravel\/","title":{"rendered":"La bici gravel se vuelve mtb o es al rev\u00e9s"},"content":{"rendered":"<p style=\"font-weight: 400;\"><strong>El nacimiento del gravel trajo un nuevo modelo de bicicleta. B\u00e1sicamente una bici de carretera con cuadro de gran fondo y con frenos de disco con el que, al tener un amplio paso de rueda, pod\u00edas utilizar cubiertas o tubeless de m\u00e1s de 30 de secci\u00f3n. La bici de gravel era algo as\u00ed como una evoluci\u00f3n de la bicicleta de <a href=\"https:\/\/www.welovecycling.com\/es\/2020\/02\/28\/el-ciclocross-pasion-en-flandes\/\">ciclocross,<\/a> pero con la que tambi\u00e9n podias poner alforjas si te apetec\u00eda y hacer viajes.\u00a0<\/strong><\/p>\n<p><!--more--><\/p>\n<p>Durante a\u00f1os ha sido as\u00ed. La mayor\u00eda de las marcas han sacado bicis de gravel con una fisonom\u00eda similar a la bici de carretera de gran fondo. La gran evoluci\u00f3n fue la introducci\u00f3n de <strong>grupos espec\u00edficos para gravel.<\/strong> M\u00e1s robustos y resistentes al barro y la tierra que los de carretera y muchos ya con la opci\u00f3n de monoplato y un juego amplio de pi\u00f1ones posterior. En su uso similares a la MTB, pero con manetas de bicicleta de carretera.<\/p>\n<p>Tambi\u00e9n surgi\u00f3 alg\u00fan manillar de doble vertiente, como el de Canyon, o alguna bici algo m\u00e1s robusta, la llegada de los elast\u00f3meros internos o las tijas de suspensi\u00f3n regulable, pero siempre manteniendo la est\u00e9tica de la bicicleta de carretera pensada para afrontar dias de adoquines y tierra (sin competir, claro). Un Trek Domane o Specialized Roubaix, pero algo m\u00e1s sencilla de manejar.<\/p>\n<figure id=\"attachment_10333\" aria-describedby=\"caption-attachment-10333\" style=\"width: 990px\" class=\"wp-caption aligncenter\"><a href=\"https:\/\/d2p6e6u75xmxt8.cloudfront.net\/6\/2023\/10\/Kasia-Niewiadoma-UCI-Gravel-Championships.webp\"><img loading=\"lazy\" decoding=\"async\" class=\"size-full wp-image-10333\" src=\"https:\/\/d2p6e6u75xmxt8.cloudfront.net\/6\/2023\/10\/Kasia-Niewiadoma-UCI-Gravel-Championships.webp\" alt=\"Kasia Niewiadoma\" width=\"990\" height=\"660\" srcset=\"https:\/\/d2p6e6u75xmxt8.cloudfront.net\/6\/2023\/10\/Kasia-Niewiadoma-UCI-Gravel-Championships.webp 990w, https:\/\/d2p6e6u75xmxt8.cloudfront.net\/6\/2023\/10\/Kasia-Niewiadoma-UCI-Gravel-Championships-300x200.webp 300w, https:\/\/d2p6e6u75xmxt8.cloudfront.net\/6\/2023\/10\/Kasia-Niewiadoma-UCI-Gravel-Championships-768x512.webp 768w, https:\/\/d2p6e6u75xmxt8.cloudfront.net\/6\/2023\/10\/Kasia-Niewiadoma-UCI-Gravel-Championships-400x267.webp 400w, https:\/\/d2p6e6u75xmxt8.cloudfront.net\/6\/2023\/10\/Kasia-Niewiadoma-UCI-Gravel-Championships-272x182.webp 272w\" sizes=\"auto, (max-width: 990px) 100vw, 990px\" \/><\/a><figcaption id=\"caption-attachment-10333\" class=\"wp-caption-text\">La bici gravel con la que Kasia Niewiadoma gan\u00f3 el Mundial. Una Canyon de Gran Fondo con &#8216;ruedas m\u00e1s gordas&#8217;.<\/figcaption><\/figure>\n<p><strong><br \/>\nLA MTB GRAVEL<\/strong><\/p>\n<p>La discordia ha llegado con el nuevo modelo presentado a bombo y platillo por Scott. La nueva <a href=\"https:\/\/www.scott-sports.com\/es\/es\/news\/bike\/dangerholm-scale-rc-super-gravel\">Scale Super Gravel,<\/a> que a simple vista parece una bicicleta de MTB de los a\u00f1os 90, cuando no hab\u00eda suspensi\u00f3n delantera. La bicicleta coge el apellido &#8216;Scale&#8217; de la gama de <a href=\"https:\/\/www.scott-sports.com\/es\/es\/scale\">MTB de Scott<\/a> y sustituye la suspensi\u00f3n delantera de la Scale por una r\u00edgida. Inciso, lector, que el mundo del MTB es raro. Llaman Doble a las de dos suspensiones, delantera y central y r\u00edgida a las que solo tienen suspensi\u00f3n delantera. As\u00ed que este modelo no ser\u00eda &#8216;r\u00edgido&#8217; al uso y tal como habla el mercado del MTB, sino otra cosa, quiz\u00e1s por eso decidieron llamarla gravel.<\/p>\n<p><strong>Cuando observas ambos modelos de Scott Scale &#8211; Gravel o MTB ves que la \u00fanica diferencia apreciable es el grupo,<\/strong> que cada una utiliza el espec\u00edfico para su gama a nivel de transmisi\u00f3n, pero las manetas de los frenos de ambas y el manillar son de MTB y las ruedas pueden ser id\u00e9nticas.<\/p>\n<p>Ahora. \u00bfD\u00f3nde est\u00e1 la diferencia? Pues en poco m\u00e1s que en el peso, porque siempre es m\u00e1s ligera una bici sin suspensi\u00f3n que con ella. Los usos de ambas, pues con rueda de taco no podr\u00e1s ir r\u00e1pido por carretera, con ambas podr\u00e1s rodar sin problemas por terrenos de tierra y pocas piedras y con la gravel te ser\u00e1n m\u00e1s inc\u00f3modo meterte por terrenos complicados al no tener suspensi\u00f3n y con el modelo MTB s\u00ed que podr\u00e1s.<\/p>\n<p>Al final, ser\u00e1 el usuario ciclista el que d\u00e9 el visto bueno al nuevo modelo de bici gravel con su respuesta en el mercado.<\/p>\n<figure style=\"width: 640px\" class=\"wp-caption alignnone\"><img loading=\"lazy\" decoding=\"async\" src=\"https:\/\/www.sport.es\/bicio\/wp-content\/uploads\/2023\/10\/SCOTT-Scale-RC-Super-Gravel017.jpg\" alt=\"El Modelo Gravel\" width=\"640\" height=\"420\" \/><figcaption class=\"wp-caption-text\">El Modelo Gravel<\/figcaption><\/figure>\n<figure style=\"width: 713px\" class=\"wp-caption alignnone\"><img loading=\"lazy\" decoding=\"async\" src=\"https:\/\/www.fabreguesbicicletas.es\/1566565-large_default\/bicicleta-scott-scale-940-2023.jpg\" alt=\"El modelo MTB\" width=\"713\" height=\"600\" \/><figcaption class=\"wp-caption-text\">El modelo MTB<\/figcaption><\/figure>\n","protected":false},"excerpt":{"rendered":"<p>El nacimiento del gravel trajo un nuevo modelo de bicicleta. B\u00e1sicamente una bici de carretera con cuadro de gran fondo [&hellip;]<\/p>\n","protected":false},"author":29,"featured_media":10429,"comment_status":"open","ping_status":"open","sticky":false,"template":"","format":"standard","meta":{"footnotes":""},"categories":[7,9],"tags":[867],"global-categories":[1164],"class_list":["post-10427","post","type-post","status-publish","format-standard","has-post-thumbnail","hentry","category-carretera","category-mtb-aventura","tag-gravel","global-categories-cycling"],"yoast_head":"<!-- This site is optimized with the Yoast SEO Premium plugin v25.3 (Yoast SEO v25.9) - https:\/\/yoast.com\/wordpress\/plugins\/seo\/ -->\n<title>La bici gravel se vuelve mtb o es al rev\u00e9s - \u0160koda We Love Cycling - Spain<\/title>\n<meta name=\"description\" content=\"La bici gravel se vuelve mtb o es al rev\u00e9s. La pol\u00e9mica Scott Scale Super Gravel. Una MTB con suspensi\u00f3n r\u00edgida delantera.\" \/>\n<meta name=\"robots\" content=\"index, follow, max-snippet:-1, max-image-preview:large, max-video-preview:-1\" \/>\n<link rel=\"canonical\" href=\"https:\/\/www.welovecycling.com\/es\/2023\/11\/30\/la-bici-gravel\/\" \/>\n<meta property=\"og:locale\" content=\"es_ES\" \/>\n<meta property=\"og:type\" content=\"article\" \/>\n<meta property=\"og:title\" content=\"La bici gravel se vuelve mtb o es al rev\u00e9s\" \/>\n<meta property=\"og:description\" content=\"La bici gravel se vuelve mtb o es al rev\u00e9s. La pol\u00e9mica Scott Scale Super Gravel. Una MTB con suspensi\u00f3n r\u00edgida delantera.\" \/>\n<meta property=\"og:url\" content=\"https:\/\/www.welovecycling.com\/es\/2023\/11\/30\/la-bici-gravel\/\" \/>\n<meta property=\"og:site_name\" content=\"\u0160koda We Love Cycling - Spain\" \/>\n<meta property=\"article:published_time\" content=\"2023-11-30T14:55:52+00:00\" \/>\n<meta property=\"og:image\" content=\"https:\/\/d2p6e6u75xmxt8.cloudfront.net\/6\/2023\/11\/scale13.webp\" \/>\n\t<meta property=\"og:image:width\" content=\"1400\" \/>\n\t<meta property=\"og:image:height\" content=\"1050\" \/>\n\t<meta property=\"og:image:type\" content=\"image\/webp\" \/>\n<meta name=\"author\" content=\"We Love Cycling Spain\" \/>\n<meta name=\"twitter:card\" content=\"summary_large_image\" \/>\n<meta name=\"twitter:description\" content=\"La bici gravel se vuelve mtb o es al rev\u00e9s. La pol\u00e9mica Scott Scale Super Gravel. Una MTB con suspensi\u00f3n r\u00edgida delantera.\" \/>\n<meta name=\"twitter:label1\" content=\"Written by\" \/>\n\t<meta name=\"twitter:data1\" content=\"Luis Ortega @Ciclored\" \/>\n\t<meta name=\"twitter:label2\" content=\"Est. reading time\" \/>\n\t<meta name=\"twitter:data2\" content=\"3 minutes\" \/>\n<script type=\"application\/ld+json\" class=\"yoast-schema-graph\">{\"@context\":\"https:\/\/schema.org\",\"@graph\":[{\"@type\":\"WebPage\",\"@id\":\"https:\/\/www.welovecycling.com\/es\/2023\/11\/30\/la-bici-gravel\/\",\"url\":\"https:\/\/www.welovecycling.com\/es\/2023\/11\/30\/la-bici-gravel\/\",\"name\":\"La bici gravel se vuelve mtb o es al rev\u00e9s - \u0160koda We Love Cycling - Spain\",\"isPartOf\":{\"@id\":\"https:\/\/www.welovecycling.com\/es\/#website\"},\"primaryImageOfPage\":{\"@id\":\"https:\/\/www.welovecycling.com\/es\/2023\/11\/30\/la-bici-gravel\/#primaryimage\"},\"image\":{\"@id\":\"https:\/\/www.welovecycling.com\/es\/2023\/11\/30\/la-bici-gravel\/#primaryimage\"},\"thumbnailUrl\":\"https:\/\/d2p6e6u75xmxt8.cloudfront.net\/6\/2023\/11\/scale13.webp\",\"datePublished\":\"2023-11-30T14:55:52+00:00\",\"author\":{\"@id\":\"https:\/\/www.welovecycling.com\/es\/#\/schema\/person\/deb61715b5812698ee79fb96f343ccd4\"},\"description\":\"La bici gravel se vuelve mtb o es al rev\u00e9s. La pol\u00e9mica Scott Scale Super Gravel. Una MTB con suspensi\u00f3n r\u00edgida delantera.\",\"breadcrumb\":{\"@id\":\"https:\/\/www.welovecycling.com\/es\/2023\/11\/30\/la-bici-gravel\/#breadcrumb\"},\"inLanguage\":\"es-ES\",\"potentialAction\":[{\"@type\":\"ReadAction\",\"target\":[\"https:\/\/www.welovecycling.com\/es\/2023\/11\/30\/la-bici-gravel\/\"]}]},{\"@type\":\"ImageObject\",\"inLanguage\":\"es-ES\",\"@id\":\"https:\/\/www.welovecycling.com\/es\/2023\/11\/30\/la-bici-gravel\/#primaryimage\",\"url\":\"https:\/\/d2p6e6u75xmxt8.cloudfront.net\/6\/2023\/11\/scale13.webp\",\"contentUrl\":\"https:\/\/d2p6e6u75xmxt8.cloudfront.net\/6\/2023\/11\/scale13.webp\",\"width\":1400,\"height\":1050},{\"@type\":\"BreadcrumbList\",\"@id\":\"https:\/\/www.welovecycling.com\/es\/2023\/11\/30\/la-bici-gravel\/#breadcrumb\",\"itemListElement\":[{\"@type\":\"ListItem\",\"position\":1,\"name\":\"Home\",\"item\":\"https:\/\/www.welovecycling.com\/es\/\"},{\"@type\":\"ListItem\",\"position\":2,\"name\":\"La bici gravel se vuelve mtb o es al rev\u00e9s\"}]},{\"@type\":\"WebSite\",\"@id\":\"https:\/\/www.welovecycling.com\/es\/#website\",\"url\":\"https:\/\/www.welovecycling.com\/es\/\",\"name\":\"\u0160koda We Love Cycling - Spain\",\"description\":\"\u0160koda WeLoveCycling Spain\",\"potentialAction\":[{\"@type\":\"SearchAction\",\"target\":{\"@type\":\"EntryPoint\",\"urlTemplate\":\"https:\/\/www.welovecycling.com\/es\/?s={search_term_string}\"},\"query-input\":{\"@type\":\"PropertyValueSpecification\",\"valueRequired\":true,\"valueName\":\"search_term_string\"}}],\"inLanguage\":\"es-ES\"},{\"@type\":\"Person\",\"@id\":\"https:\/\/www.welovecycling.com\/es\/#\/schema\/person\/deb61715b5812698ee79fb96f343ccd4\",\"name\":\"We Love Cycling Spain\",\"image\":{\"@type\":\"ImageObject\",\"inLanguage\":\"es-ES\",\"@id\":\"https:\/\/www.welovecycling.com\/es\/#\/schema\/person\/image\/\",\"url\":\"https:\/\/secure.gravatar.com\/avatar\/c824b04e6df0e37a03219d0b6481672889df542894588964102459e46513159c?s=96&d=mm&r=g\",\"contentUrl\":\"https:\/\/secure.gravatar.com\/avatar\/c824b04e6df0e37a03219d0b6481672889df542894588964102459e46513159c?s=96&d=mm&r=g\",\"caption\":\"We Love Cycling Spain\"},\"url\":\"https:\/\/www.welovecycling.com\/es\/author\/amunoz\/\"}]}<\/script>\n<!-- \/ Yoast SEO Premium plugin. -->","yoast_head_json":{"title":"La bici gravel se vuelve mtb o es al rev\u00e9s - \u0160koda We Love Cycling - Spain","description":"La bici gravel se vuelve mtb o es al rev\u00e9s. La pol\u00e9mica Scott Scale Super Gravel. Una MTB con suspensi\u00f3n r\u00edgida delantera.","robots":{"index":"index","follow":"follow","max-snippet":"max-snippet:-1","max-image-preview":"max-image-preview:large","max-video-preview":"max-video-preview:-1"},"canonical":"https:\/\/www.welovecycling.com\/es\/2023\/11\/30\/la-bici-gravel\/","og_locale":"es_ES","og_type":"article","og_title":"La bici gravel se vuelve mtb o es al rev\u00e9s","og_description":"La bici gravel se vuelve mtb o es al rev\u00e9s. La pol\u00e9mica Scott Scale Super Gravel. Una MTB con suspensi\u00f3n r\u00edgida delantera.","og_url":"https:\/\/www.welovecycling.com\/es\/2023\/11\/30\/la-bici-gravel\/","og_site_name":"\u0160koda We Love Cycling - Spain","article_published_time":"2023-11-30T14:55:52+00:00","og_image":[{"width":1400,"height":1050,"url":"https:\/\/d2p6e6u75xmxt8.cloudfront.net\/6\/2023\/11\/scale13.webp","type":"image\/webp"}],"author":"We Love Cycling Spain","twitter_card":"summary_large_image","twitter_description":"La bici gravel se vuelve mtb o es al rev\u00e9s. La pol\u00e9mica Scott Scale Super Gravel. Una MTB con suspensi\u00f3n r\u00edgida delantera.","twitter_misc":{"Written by":"Luis Ortega @Ciclored","Est. reading time":"3 minutes"},"schema":{"@context":"https:\/\/schema.org","@graph":[{"@type":"WebPage","@id":"https:\/\/www.welovecycling.com\/es\/2023\/11\/30\/la-bici-gravel\/","url":"https:\/\/www.welovecycling.com\/es\/2023\/11\/30\/la-bici-gravel\/","name":"La bici gravel se vuelve mtb o es al rev\u00e9s - \u0160koda We Love Cycling - Spain","isPartOf":{"@id":"https:\/\/www.welovecycling.com\/es\/#website"},"primaryImageOfPage":{"@id":"https:\/\/www.welovecycling.com\/es\/2023\/11\/30\/la-bici-gravel\/#primaryimage"},"image":{"@id":"https:\/\/www.welovecycling.com\/es\/2023\/11\/30\/la-bici-gravel\/#primaryimage"},"thumbnailUrl":"https:\/\/d2p6e6u75xmxt8.cloudfront.net\/6\/2023\/11\/scale13.webp","datePublished":"2023-11-30T14:55:52+00:00","author":{"@id":"https:\/\/www.welovecycling.com\/es\/#\/schema\/person\/deb61715b5812698ee79fb96f343ccd4"},"description":"La bici gravel se vuelve mtb o es al rev\u00e9s. La pol\u00e9mica Scott Scale Super Gravel. Una MTB con suspensi\u00f3n r\u00edgida delantera.","breadcrumb":{"@id":"https:\/\/www.welovecycling.com\/es\/2023\/11\/30\/la-bici-gravel\/#breadcrumb"},"inLanguage":"es-ES","potentialAction":[{"@type":"ReadAction","target":["https:\/\/www.welovecycling.com\/es\/2023\/11\/30\/la-bici-gravel\/"]}]},{"@type":"ImageObject","inLanguage":"es-ES","@id":"https:\/\/www.welovecycling.com\/es\/2023\/11\/30\/la-bici-gravel\/#primaryimage","url":"https:\/\/d2p6e6u75xmxt8.cloudfront.net\/6\/2023\/11\/scale13.webp","contentUrl":"https:\/\/d2p6e6u75xmxt8.cloudfront.net\/6\/2023\/11\/scale13.webp","width":1400,"height":1050},{"@type":"BreadcrumbList","@id":"https:\/\/www.welovecycling.com\/es\/2023\/11\/30\/la-bici-gravel\/#breadcrumb","itemListElement":[{"@type":"ListItem","position":1,"name":"Home","item":"https:\/\/www.welovecycling.com\/es\/"},{"@type":"ListItem","position":2,"name":"La bici gravel se vuelve mtb o es al rev\u00e9s"}]},{"@type":"WebSite","@id":"https:\/\/www.welovecycling.com\/es\/#website","url":"https:\/\/www.welovecycling.com\/es\/","name":"\u0160koda We Love Cycling - Spain","description":"\u0160koda WeLoveCycling Spain","potentialAction":[{"@type":"SearchAction","target":{"@type":"EntryPoint","urlTemplate":"https:\/\/www.welovecycling.com\/es\/?s={search_term_string}"},"query-input":{"@type":"PropertyValueSpecification","valueRequired":true,"valueName":"search_term_string"}}],"inLanguage":"es-ES"},{"@type":"Person","@id":"https:\/\/www.welovecycling.com\/es\/#\/schema\/person\/deb61715b5812698ee79fb96f343ccd4","name":"We Love Cycling Spain","image":{"@type":"ImageObject","inLanguage":"es-ES","@id":"https:\/\/www.welovecycling.com\/es\/#\/schema\/person\/image\/","url":"https:\/\/secure.gravatar.com\/avatar\/c824b04e6df0e37a03219d0b6481672889df542894588964102459e46513159c?s=96&d=mm&r=g","contentUrl":"https:\/\/secure.gravatar.com\/avatar\/c824b04e6df0e37a03219d0b6481672889df542894588964102459e46513159c?s=96&d=mm&r=g","caption":"We Love Cycling Spain"},"url":"https:\/\/www.welovecycling.com\/es\/author\/amunoz\/"}]}},"_links":{"self":[{"href":"https:\/\/www.welovecycling.com\/es\/wp-json\/wp\/v2\/posts\/10427","targetHints":{"allow":["GET"]}}],"collection":[{"href":"https:\/\/www.welovecycling.com\/es\/wp-json\/wp\/v2\/posts"}],"about":[{"href":"https:\/\/www.welovecycling.com\/es\/wp-json\/wp\/v2\/types\/post"}],"author":[{"embeddable":true,"href":"https:\/\/www.welovecycling.com\/es\/wp-json\/wp\/v2\/users\/29"}],"replies":[{"embeddable":true,"href":"https:\/\/www.welovecycling.com\/es\/wp-json\/wp\/v2\/comments?post=10427"}],"version-history":[{"count":2,"href":"https:\/\/www.welovecycling.com\/es\/wp-json\/wp\/v2\/posts\/10427\/revisions"}],"predecessor-version":[{"id":10430,"href":"https:\/\/www.welovecycling.com\/es\/wp-json\/wp\/v2\/posts\/10427\/revisions\/10430"}],"wp:featuredmedia":[{"embeddable":true,"href":"https:\/\/www.welovecycling.com\/es\/wp-json\/wp\/v2\/media\/10429"}],"wp:attachment":[{"href":"https:\/\/www.welovecycling.com\/es\/wp-json\/wp\/v2\/media?parent=10427"}],"wp:term":[{"taxonomy":"category","embeddable":true,"href":"https:\/\/www.welovecycling.com\/es\/wp-json\/wp\/v2\/categories?post=10427"},{"taxonomy":"post_tag","embeddable":true,"href":"https:\/\/www.welovecycling.com\/es\/wp-json\/wp\/v2\/tags?post=10427"},{"taxonomy":"global-categories","embeddable":true,"href":"https:\/\/www.welovecycling.com\/es\/wp-json\/wp\/v2\/global-categories?post=10427"}],"curies":[{"name":"wp","href":"https:\/\/api.w.org\/{rel}","templated":true}]}}