{"id":10417,"date":"2023-11-28T12:15:55","date_gmt":"2023-11-28T10:15:55","guid":{"rendered":"https:\/\/www.welovecycling.com\/es\/?p=10417"},"modified":"2023-11-28T12:15:55","modified_gmt":"2023-11-28T10:15:55","slug":"preparar-bici-adoquines","status":"publish","type":"post","link":"https:\/\/www.welovecycling.com\/es\/2023\/11\/28\/preparar-bici-adoquines\/","title":{"rendered":"Como preparar tu bici para los adoquines"},"content":{"rendered":"<p style=\"font-weight: 400;\"><strong>\u00bfEst\u00e1 pensando en probar el adoquinado? \u00bfLa prueba de habilidad, el factor adrenalina o el trasfondo hist\u00f3rico del pav\u00e9 han despertado su inter\u00e9s? Te explicamos como preparar tu bici para los adoquines. Repasemos los aspectos b\u00e1sicos, como la elecci\u00f3n de los neum\u00e1ticos y la presi\u00f3n, y algunos consejos avanzados, como la configuraci\u00f3n del manillar, para ofrecerte la mejor experiencia posible.<\/strong><\/p>\n<p><!--more--><\/p>\n<h2><strong>Selecci\u00f3n de neum\u00e1tico y presi\u00f3n<\/strong><\/h2>\n<p>Cuando se trata de rodar por adoquines bacheados e impredecibles, cualquier forma de suspensi\u00f3n es tu amiga. Lo mejor que puedes hacer en una bicicleta de carretera es elegir los <a href=\"https:\/\/www.welovecycling.com\/es\/2021\/02\/08\/presion-ideal-neumaticos-bicicleta\/\">neum\u00e1ticos y la presi\u00f3n adecuados<\/a>. Los neum\u00e1ticos m\u00e1s anchos son imprescindibles porque te permiten hacer dos cosas. Por un lado, aumentan la superficie de contacto con el suelo para mejorar la tracci\u00f3n y, por otro, permiten reducir f\u00e1cilmente la presi\u00f3n para aumentar significativamente el confort sin aumentar la resistencia a la rodadura. Para una conducci\u00f3n \u00f3ptima sobre adoquines, elige neum\u00e1ticos de 28 mm o 30 mm.<\/p>\n<p>En cuanto a la presi\u00f3n de los neum\u00e1ticos, tendr\u00e1s que experimentar un poco para encontrar la cifra correcta. Como referencia, los ciclistas profesionales de la <a href=\"https:\/\/www.welovecycling.com\/es\/2023\/04\/12\/guia-de-adoquines-de-la-paris-roubaix\/\">Par\u00eds-Roubaix<\/a> o del Tour de Flandes suelen bajar hasta 4 bares con tubular o tubeless. El peso del ciclista, el neum\u00e1tico y el estilo de conducci\u00f3n pueden influir en la presi\u00f3n ideal que debes utilizar.<\/p>\n<h2><strong>Manillar y cinta<\/strong><\/h2>\n<p>Coloca el manillar un poco m\u00e1s alto. Sobre adoquines, tus manos necesitan permanecer relajadas para absorber los constantes baches de la carretera. Una posici\u00f3n m\u00e1s alta de tu manillar har\u00e1 que las tres posiciones principales de las manos sean c\u00f3modas: Manetas, cruceta y abajo. Si est\u00e1s pensando en actualizar tu manillar, opta por el carbono si tu presupuesto te lo permite. Notar\u00e1s el extra que ofrecen. Adem\u00e1s, opta por manillares m\u00e1s gruesos, ya que te facilitar\u00e1n evitar el agarre excesivo.<\/p>\n<p>Alternativamente, tambi\u00e9n puedes aumentar el tama\u00f1o de tu manillar actual simplemente a\u00f1adiendo una segunda cinta de manillar sobre la existente. Esto tambi\u00e9n te ayudar\u00e1 a absorber parte del impacto de los adoquines.<\/p>\n<figure id=\"attachment_10377\" aria-describedby=\"caption-attachment-10377\" style=\"width: 990px\" class=\"wp-caption alignnone\"><a href=\"https:\/\/d2p6e6u75xmxt8.cloudfront.net\/6\/2023\/11\/Paris-Roubaix-Cobbles-Cycling-profimedia-0368013213-CVR-1.webp\"><img loading=\"lazy\" decoding=\"async\" class=\"wp-image-10377 size-full\" src=\"https:\/\/d2p6e6u75xmxt8.cloudfront.net\/6\/2023\/11\/Paris-Roubaix-Cobbles-Cycling-profimedia-0368013213-CVR-1.webp\" alt=\"Paris-Roubaix\" width=\"990\" height=\"660\" srcset=\"https:\/\/d2p6e6u75xmxt8.cloudfront.net\/6\/2023\/11\/Paris-Roubaix-Cobbles-Cycling-profimedia-0368013213-CVR-1.webp 990w, https:\/\/d2p6e6u75xmxt8.cloudfront.net\/6\/2023\/11\/Paris-Roubaix-Cobbles-Cycling-profimedia-0368013213-CVR-1-300x200.webp 300w, https:\/\/d2p6e6u75xmxt8.cloudfront.net\/6\/2023\/11\/Paris-Roubaix-Cobbles-Cycling-profimedia-0368013213-CVR-1-768x512.webp 768w, https:\/\/d2p6e6u75xmxt8.cloudfront.net\/6\/2023\/11\/Paris-Roubaix-Cobbles-Cycling-profimedia-0368013213-CVR-1-400x267.webp 400w, https:\/\/d2p6e6u75xmxt8.cloudfront.net\/6\/2023\/11\/Paris-Roubaix-Cobbles-Cycling-profimedia-0368013213-CVR-1-272x182.webp 272w\" sizes=\"auto, (max-width: 990px) 100vw, 990px\" \/><\/a><figcaption id=\"caption-attachment-10377\" class=\"wp-caption-text\">A diferencia del predecible zumbido del asfalto, los adoquines ofrecen una monta\u00f1a rusa para los sentidos. Cada segundo es un nuevo reto para intentar equilibrar la velocidad con el riesgo de caerse. \u00a9 Profimedia<\/figcaption><\/figure>\n<h2><strong><br \/>\nBidones y portas<\/strong><\/h2>\n<p style=\"font-weight: 400;\">Una cosa en la que quiz\u00e1 no pienses a la hora de preparar tu bici para los adoquines es que tus bidones salten de los portas. Los adoquines tienden a sacudir tu bici mucho m\u00e1s que lo que te encuentras rodando por otro tipo de carreteras. Si utilizas tus portabidones de carbono habituales, es posible que no puedan sujetar tus bidones. Es mucho m\u00e1s seguro cambiar a los portabidones de aluminio de la vieja escuela, a los que puedes dar una curvatura extra para aumentar la fuerza de sujeci\u00f3n aplicada a los bidones. Esto no s\u00f3lo te ayudar\u00e1 a mantenerte hidratado, sino que tambi\u00e9n evitar\u00e1 una posible colisi\u00f3n causada por una botella suelta que golpee la rueda de alguien que circula detr\u00e1s de ti.<\/p>\n<p style=\"font-weight: 400;\">Para mayor seguridad, utiliza botellas peque\u00f1as de 0,5 l que tengan un centro de gravedad bajo. Las botellas m\u00e1s grandes son m\u00e1s propensas a caerse cuando est\u00e1n llenas de l\u00edquido. Y abre la boquilla del bid\u00f3n para que aguanten menos presi\u00f3n<\/p>\n<h2><strong>Frenos y partes sueltas<\/strong><\/h2>\n<p>Si tienes frenos de llanta es una buena idea mover la palanca del cierre r\u00e1pido un poco m\u00e1s cerca de la horizontal. Esto dar\u00e1 a las llantas un poco m\u00e1s de espacio para saltar sobre los adoquines sin tocar la superficie de goma de los frenos. Si el d\u00eda de la prueba te das cuenta de que necesitas un poco m\u00e1s de agarre en el frenado, siempre puedes bajar la palanca y volver a colocarla en su posici\u00f3n habitual.<br \/>\nPor supuesto, los frenos de disco son la mejor opci\u00f3n sobre adoquines, especialmente si est\u00e1 mojado y embarrado. Funcionan casi tan bien en condiciones h\u00famedas como en seco.<\/p>\n<p>Por \u00faltimo, es m\u00e1s importante que nunca revisar a fondo toda la bicicleta antes de aventurarse por el pav\u00e9. Aprieta todos los tornillos y tuercas porque la vibraci\u00f3n de los adoquines puede aflojar los componentes con el tiempo.<\/p>\n<p>Despu\u00e9s de saber como preparar tu bici para los adoquines s\u00f3lo te queda echar un vistazo a algunos consejos sobre la t\u00e9cnica de manejo y la posici\u00f3n del cuerpo. El \u00faltimo art\u00edculo de la serie tratar\u00e1 sobre ello.<\/p>\n","protected":false},"excerpt":{"rendered":"<p>\u00bfEst\u00e1 pensando en probar el adoquinado? \u00bfLa prueba de habilidad, el factor adrenalina o el trasfondo hist\u00f3rico del pav\u00e9 han [&hellip;]<\/p>\n","protected":false},"author":29,"featured_media":10420,"comment_status":"open","ping_status":"open","sticky":false,"template":"","format":"standard","meta":{"footnotes":""},"categories":[7],"tags":[2269,1020,2234],"global-categories":[],"class_list":["post-10417","post","type-post","status-publish","format-standard","has-post-thumbnail","hentry","category-carretera","tag-adoquines","tag-flandes","tag-roubaix"],"yoast_head":"<!-- This site is optimized with the Yoast SEO Premium plugin v25.3 (Yoast SEO v25.9) - https:\/\/yoast.com\/wordpress\/plugins\/seo\/ -->\n<title>Como preparar tu bici para los adoquines - \u0160koda We Love Cycling - Spain<\/title>\n<meta name=\"description\" content=\"Prepara tu bici para los adoquines. Consejos de como adecuar t\u00e9cnicamente la bicicleta para afrontar dias duros de adoquines.\" \/>\n<meta name=\"robots\" content=\"index, follow, max-snippet:-1, max-image-preview:large, max-video-preview:-1\" \/>\n<link rel=\"canonical\" href=\"https:\/\/www.welovecycling.com\/es\/2023\/11\/28\/preparar-bici-adoquines\/\" \/>\n<meta property=\"og:locale\" content=\"es_ES\" \/>\n<meta property=\"og:type\" content=\"article\" \/>\n<meta property=\"og:title\" content=\"Como preparar tu bici para los adoquines\" \/>\n<meta property=\"og:description\" content=\"Prepara tu bici para los adoquines. Consejos de como adecuar t\u00e9cnicamente la bicicleta para afrontar dias duros de adoquines.\" \/>\n<meta property=\"og:url\" content=\"https:\/\/www.welovecycling.com\/es\/2023\/11\/28\/preparar-bici-adoquines\/\" \/>\n<meta property=\"og:site_name\" content=\"\u0160koda We Love Cycling - Spain\" \/>\n<meta property=\"article:published_time\" content=\"2023-11-28T10:15:55+00:00\" \/>\n<meta property=\"og:image\" content=\"https:\/\/d2p6e6u75xmxt8.cloudfront.net\/6\/2023\/11\/Cobbles-Cycling-profimedia-0458094347-CVR-1.webp\" \/>\n\t<meta property=\"og:image:width\" content=\"990\" \/>\n\t<meta property=\"og:image:height\" content=\"660\" \/>\n\t<meta property=\"og:image:type\" content=\"image\/webp\" \/>\n<meta name=\"author\" content=\"We Love Cycling Spain\" \/>\n<meta name=\"twitter:card\" content=\"summary_large_image\" \/>\n<meta name=\"twitter:description\" content=\"Prepara tu bici para los adoquines. Consejos de como adecuar t\u00e9cnicamente la bicicleta para afrontar dias duros de adoquines.\" \/>\n<meta name=\"twitter:label1\" content=\"Written by\" \/>\n\t<meta name=\"twitter:data1\" content=\"Jiri Kaloc\" \/>\n\t<meta name=\"twitter:label2\" content=\"Est. reading time\" \/>\n\t<meta name=\"twitter:data2\" content=\"3\" \/>\n<script type=\"application\/ld+json\" class=\"yoast-schema-graph\">{\"@context\":\"https:\/\/schema.org\",\"@graph\":[{\"@type\":\"WebPage\",\"@id\":\"https:\/\/www.welovecycling.com\/es\/2023\/11\/28\/preparar-bici-adoquines\/\",\"url\":\"https:\/\/www.welovecycling.com\/es\/2023\/11\/28\/preparar-bici-adoquines\/\",\"name\":\"Como preparar tu bici para los adoquines - \u0160koda We Love Cycling - Spain\",\"isPartOf\":{\"@id\":\"https:\/\/www.welovecycling.com\/es\/#website\"},\"primaryImageOfPage\":{\"@id\":\"https:\/\/www.welovecycling.com\/es\/2023\/11\/28\/preparar-bici-adoquines\/#primaryimage\"},\"image\":{\"@id\":\"https:\/\/www.welovecycling.com\/es\/2023\/11\/28\/preparar-bici-adoquines\/#primaryimage\"},\"thumbnailUrl\":\"https:\/\/d2p6e6u75xmxt8.cloudfront.net\/6\/2023\/11\/Cobbles-Cycling-profimedia-0458094347-CVR-1.webp\",\"datePublished\":\"2023-11-28T10:15:55+00:00\",\"author\":{\"@id\":\"https:\/\/www.welovecycling.com\/es\/#\/schema\/person\/deb61715b5812698ee79fb96f343ccd4\"},\"description\":\"Prepara tu bici para los adoquines. Consejos de como adecuar t\u00e9cnicamente la bicicleta para afrontar dias duros de adoquines.\",\"breadcrumb\":{\"@id\":\"https:\/\/www.welovecycling.com\/es\/2023\/11\/28\/preparar-bici-adoquines\/#breadcrumb\"},\"inLanguage\":\"es-ES\",\"potentialAction\":[{\"@type\":\"ReadAction\",\"target\":[\"https:\/\/www.welovecycling.com\/es\/2023\/11\/28\/preparar-bici-adoquines\/\"]}]},{\"@type\":\"ImageObject\",\"inLanguage\":\"es-ES\",\"@id\":\"https:\/\/www.welovecycling.com\/es\/2023\/11\/28\/preparar-bici-adoquines\/#primaryimage\",\"url\":\"https:\/\/d2p6e6u75xmxt8.cloudfront.net\/6\/2023\/11\/Cobbles-Cycling-profimedia-0458094347-CVR-1.webp\",\"contentUrl\":\"https:\/\/d2p6e6u75xmxt8.cloudfront.net\/6\/2023\/11\/Cobbles-Cycling-profimedia-0458094347-CVR-1.webp\",\"width\":990,\"height\":660,\"caption\":\"Cycling on Cobbles\"},{\"@type\":\"BreadcrumbList\",\"@id\":\"https:\/\/www.welovecycling.com\/es\/2023\/11\/28\/preparar-bici-adoquines\/#breadcrumb\",\"itemListElement\":[{\"@type\":\"ListItem\",\"position\":1,\"name\":\"Home\",\"item\":\"https:\/\/www.welovecycling.com\/es\/\"},{\"@type\":\"ListItem\",\"position\":2,\"name\":\"Como preparar tu bici para los adoquines\"}]},{\"@type\":\"WebSite\",\"@id\":\"https:\/\/www.welovecycling.com\/es\/#website\",\"url\":\"https:\/\/www.welovecycling.com\/es\/\",\"name\":\"\u0160koda We Love Cycling - Spain\",\"description\":\"\u0160koda WeLoveCycling Spain\",\"potentialAction\":[{\"@type\":\"SearchAction\",\"target\":{\"@type\":\"EntryPoint\",\"urlTemplate\":\"https:\/\/www.welovecycling.com\/es\/?s={search_term_string}\"},\"query-input\":{\"@type\":\"PropertyValueSpecification\",\"valueRequired\":true,\"valueName\":\"search_term_string\"}}],\"inLanguage\":\"es-ES\"},{\"@type\":\"Person\",\"@id\":\"https:\/\/www.welovecycling.com\/es\/#\/schema\/person\/deb61715b5812698ee79fb96f343ccd4\",\"name\":\"We Love Cycling Spain\",\"image\":{\"@type\":\"ImageObject\",\"inLanguage\":\"es-ES\",\"@id\":\"https:\/\/www.welovecycling.com\/es\/#\/schema\/person\/image\/\",\"url\":\"https:\/\/secure.gravatar.com\/avatar\/c824b04e6df0e37a03219d0b6481672889df542894588964102459e46513159c?s=96&d=mm&r=g\",\"contentUrl\":\"https:\/\/secure.gravatar.com\/avatar\/c824b04e6df0e37a03219d0b6481672889df542894588964102459e46513159c?s=96&d=mm&r=g\",\"caption\":\"We Love Cycling Spain\"},\"url\":\"https:\/\/www.welovecycling.com\/es\/author\/amunoz\/\"}]}<\/script>\n<!-- \/ Yoast SEO Premium plugin. -->","yoast_head_json":{"title":"Como preparar tu bici para los adoquines - \u0160koda We Love Cycling - Spain","description":"Prepara tu bici para los adoquines. Consejos de como adecuar t\u00e9cnicamente la bicicleta para afrontar dias duros de adoquines.","robots":{"index":"index","follow":"follow","max-snippet":"max-snippet:-1","max-image-preview":"max-image-preview:large","max-video-preview":"max-video-preview:-1"},"canonical":"https:\/\/www.welovecycling.com\/es\/2023\/11\/28\/preparar-bici-adoquines\/","og_locale":"es_ES","og_type":"article","og_title":"Como preparar tu bici para los adoquines","og_description":"Prepara tu bici para los adoquines. Consejos de como adecuar t\u00e9cnicamente la bicicleta para afrontar dias duros de adoquines.","og_url":"https:\/\/www.welovecycling.com\/es\/2023\/11\/28\/preparar-bici-adoquines\/","og_site_name":"\u0160koda We Love Cycling - Spain","article_published_time":"2023-11-28T10:15:55+00:00","og_image":[{"width":990,"height":660,"url":"https:\/\/d2p6e6u75xmxt8.cloudfront.net\/6\/2023\/11\/Cobbles-Cycling-profimedia-0458094347-CVR-1.webp","type":"image\/webp"}],"author":"We Love Cycling Spain","twitter_card":"summary_large_image","twitter_description":"Prepara tu bici para los adoquines. Consejos de como adecuar t\u00e9cnicamente la bicicleta para afrontar dias duros de adoquines.","twitter_misc":{"Written by":"Jiri Kaloc","Est. reading time":"3"},"schema":{"@context":"https:\/\/schema.org","@graph":[{"@type":"WebPage","@id":"https:\/\/www.welovecycling.com\/es\/2023\/11\/28\/preparar-bici-adoquines\/","url":"https:\/\/www.welovecycling.com\/es\/2023\/11\/28\/preparar-bici-adoquines\/","name":"Como preparar tu bici para los adoquines - \u0160koda We Love Cycling - Spain","isPartOf":{"@id":"https:\/\/www.welovecycling.com\/es\/#website"},"primaryImageOfPage":{"@id":"https:\/\/www.welovecycling.com\/es\/2023\/11\/28\/preparar-bici-adoquines\/#primaryimage"},"image":{"@id":"https:\/\/www.welovecycling.com\/es\/2023\/11\/28\/preparar-bici-adoquines\/#primaryimage"},"thumbnailUrl":"https:\/\/d2p6e6u75xmxt8.cloudfront.net\/6\/2023\/11\/Cobbles-Cycling-profimedia-0458094347-CVR-1.webp","datePublished":"2023-11-28T10:15:55+00:00","author":{"@id":"https:\/\/www.welovecycling.com\/es\/#\/schema\/person\/deb61715b5812698ee79fb96f343ccd4"},"description":"Prepara tu bici para los adoquines. Consejos de como adecuar t\u00e9cnicamente la bicicleta para afrontar dias duros de adoquines.","breadcrumb":{"@id":"https:\/\/www.welovecycling.com\/es\/2023\/11\/28\/preparar-bici-adoquines\/#breadcrumb"},"inLanguage":"es-ES","potentialAction":[{"@type":"ReadAction","target":["https:\/\/www.welovecycling.com\/es\/2023\/11\/28\/preparar-bici-adoquines\/"]}]},{"@type":"ImageObject","inLanguage":"es-ES","@id":"https:\/\/www.welovecycling.com\/es\/2023\/11\/28\/preparar-bici-adoquines\/#primaryimage","url":"https:\/\/d2p6e6u75xmxt8.cloudfront.net\/6\/2023\/11\/Cobbles-Cycling-profimedia-0458094347-CVR-1.webp","contentUrl":"https:\/\/d2p6e6u75xmxt8.cloudfront.net\/6\/2023\/11\/Cobbles-Cycling-profimedia-0458094347-CVR-1.webp","width":990,"height":660,"caption":"Cycling on Cobbles"},{"@type":"BreadcrumbList","@id":"https:\/\/www.welovecycling.com\/es\/2023\/11\/28\/preparar-bici-adoquines\/#breadcrumb","itemListElement":[{"@type":"ListItem","position":1,"name":"Home","item":"https:\/\/www.welovecycling.com\/es\/"},{"@type":"ListItem","position":2,"name":"Como preparar tu bici para los adoquines"}]},{"@type":"WebSite","@id":"https:\/\/www.welovecycling.com\/es\/#website","url":"https:\/\/www.welovecycling.com\/es\/","name":"\u0160koda We Love Cycling - Spain","description":"\u0160koda WeLoveCycling Spain","potentialAction":[{"@type":"SearchAction","target":{"@type":"EntryPoint","urlTemplate":"https:\/\/www.welovecycling.com\/es\/?s={search_term_string}"},"query-input":{"@type":"PropertyValueSpecification","valueRequired":true,"valueName":"search_term_string"}}],"inLanguage":"es-ES"},{"@type":"Person","@id":"https:\/\/www.welovecycling.com\/es\/#\/schema\/person\/deb61715b5812698ee79fb96f343ccd4","name":"We Love Cycling Spain","image":{"@type":"ImageObject","inLanguage":"es-ES","@id":"https:\/\/www.welovecycling.com\/es\/#\/schema\/person\/image\/","url":"https:\/\/secure.gravatar.com\/avatar\/c824b04e6df0e37a03219d0b6481672889df542894588964102459e46513159c?s=96&d=mm&r=g","contentUrl":"https:\/\/secure.gravatar.com\/avatar\/c824b04e6df0e37a03219d0b6481672889df542894588964102459e46513159c?s=96&d=mm&r=g","caption":"We Love Cycling Spain"},"url":"https:\/\/www.welovecycling.com\/es\/author\/amunoz\/"}]}},"_links":{"self":[{"href":"https:\/\/www.welovecycling.com\/es\/wp-json\/wp\/v2\/posts\/10417","targetHints":{"allow":["GET"]}}],"collection":[{"href":"https:\/\/www.welovecycling.com\/es\/wp-json\/wp\/v2\/posts"}],"about":[{"href":"https:\/\/www.welovecycling.com\/es\/wp-json\/wp\/v2\/types\/post"}],"author":[{"embeddable":true,"href":"https:\/\/www.welovecycling.com\/es\/wp-json\/wp\/v2\/users\/29"}],"replies":[{"embeddable":true,"href":"https:\/\/www.welovecycling.com\/es\/wp-json\/wp\/v2\/comments?post=10417"}],"version-history":[{"count":2,"href":"https:\/\/www.welovecycling.com\/es\/wp-json\/wp\/v2\/posts\/10417\/revisions"}],"predecessor-version":[{"id":10423,"href":"https:\/\/www.welovecycling.com\/es\/wp-json\/wp\/v2\/posts\/10417\/revisions\/10423"}],"wp:featuredmedia":[{"embeddable":true,"href":"https:\/\/www.welovecycling.com\/es\/wp-json\/wp\/v2\/media\/10420"}],"wp:attachment":[{"href":"https:\/\/www.welovecycling.com\/es\/wp-json\/wp\/v2\/media?parent=10417"}],"wp:term":[{"taxonomy":"category","embeddable":true,"href":"https:\/\/www.welovecycling.com\/es\/wp-json\/wp\/v2\/categories?post=10417"},{"taxonomy":"post_tag","embeddable":true,"href":"https:\/\/www.welovecycling.com\/es\/wp-json\/wp\/v2\/tags?post=10417"},{"taxonomy":"global-categories","embeddable":true,"href":"https:\/\/www.welovecycling.com\/es\/wp-json\/wp\/v2\/global-categories?post=10417"}],"curies":[{"name":"wp","href":"https:\/\/api.w.org\/{rel}","templated":true}]}}