{"id":10410,"date":"2023-11-24T11:06:37","date_gmt":"2023-11-24T09:06:37","guid":{"rendered":"https:\/\/www.welovecycling.com\/es\/?p=10410"},"modified":"2023-11-24T11:10:55","modified_gmt":"2023-11-24T09:10:55","slug":"ride-like-a-pro-tenerife-sol-montana-ciclistas-profesionales-y-el-giro-de-fondo","status":"publish","type":"post","link":"https:\/\/www.welovecycling.com\/es\/2023\/11\/24\/ride-like-a-pro-tenerife-sol-montana-ciclistas-profesionales-y-el-giro-de-fondo\/","title":{"rendered":"Ride Like a Pro Tenerife &#8211; Sol, monta\u00f1a, ciclistas profesionales y el Giro de fondo"},"content":{"rendered":"<p style=\"font-weight: 400;\"><strong>La filosof\u00eda del Ride Like a Pro Tenerife es que cualquier ciclista aficionado se sienta como un profesional (sobre todo en su lado bueno). El tel\u00f3n de fondo es el Giro de Italia, encargado de organizar el evento, y como aliados el sol y las monta\u00f1as de Tenerife en noviembre, las carreteras cortadas al tr\u00e1fico para poder correr todo lo que quieras (o puedas) y una lista de ciclistas profesionales encabezada por un ganador del Giro como Vincenzo Nibali, una maglia rosa como Juanpe (si, con n)<\/strong><strong> L\u00f3pez, y Jonathan Lastra (Cofidis), Fernando Barcel\u00f3 (Caja Rural) y Ra\u00fal Garc\u00eda Pierna (Kern Pharma),<\/strong><\/p>\n<p><!--more-->Y a todos estos argumentos hab\u00eda que unir un <a href=\"https:\/\/www.giroridelikeaprospain.com\/es\/\">recorrido duro dividido en dos etapas.<\/a> Para exprimir al m\u00e1ximo el fin de semana del 18 y 19 de noviembre y las piernas, que para esa \u00e9poca no se encuentran en su mejor estado de forma despu\u00e9s de una larga temporada. Pero es llegar a Tenerife el d\u00eda anterior, vestirse con ropa de verano, dejar de un lado manguitos, perneras, botines y camisetas t\u00e9rmicas y oye, como que se te olvida que el corte de moreno hace tiempo que desapareci\u00f3 y te vuelven las fuerzas (sobre todo mentales) de principios de junio cuando cre\u00edas que pod\u00edas subir el Stelvio a plato como en el Giro de Italia.<\/p>\n<h2><strong>Etapa 1. 115 kil\u00f3metros, 3.000 metros de desnivel y Pink Party<\/strong><\/h2>\n<p style=\"font-weight: 400;\">La segunda edici\u00f3n del Ride Like a Pro Tenerife no solo consist\u00eda en pedalear, que tambi\u00e9n, sino en poder interactuar con los ciclistas profesionales. Por eso el viernes previo a la prueba todos ten\u00edan que pasar por la recogida de dorsales ubicada en el Hotel Mynd. As\u00ed que no era complicado encontrarte en la misma fila que Juanpe L\u00f3pez recogiendo el dorsal y que te contase que se hab\u00eda hecho 100 kil\u00f3metros en la isla nada m\u00e1s aterrizar aquella ma\u00f1ana. Los que hay desde el aeropuerto de Tenerife Norte hasta Adeje, justo en la otra punta y lugar de salida de la<a href=\"https:\/\/www.strava.com\/activities\/10239374845\"> etapa 1.<\/a><\/p>\n<p>Bolsa del corredor con maillot rosa, barritas, geles, la m\u00edtica ambrosia de Canarias y una invitaci\u00f3n para asistir a la presentaci\u00f3n oficial del evento en la terraza del hotel. Presidiendo, el Trofeo Senza Fine del Giro (el aut\u00e9ntico protagonista en las fotos de Instagram de los participantes), y como maestro de ceremonias Juan Clavijo (Eurosport) encargado de entrevistar en directo a <strong>Nibali, Juanpe, Lastra, Barcelo y Ra\u00fal Garc\u00eda Pierna.<\/strong><\/p>\n<p>Eso s\u00ed, pronto a la cama porque la salida de la etapa 1 estaba prevista a las 07:30 en Arme\u00f1ime (Adeje). Amaneciendo, con la m\u00fasica a rope y ya sin manguitos ni chaleco. Por delante h<strong>ab\u00eda &#8216;s\u00f3lo&#8217; 115 kil\u00f3metros, pero eso en Tenerife da para hacer m\u00e1s de 3.000 metros de desnivel<\/strong> sin complicarse demasiado con el recorrido. Ya me hab\u00eda avisado N\u00e9stor Rodr\u00edguez y Atilio Teixeira, mis &#8216;confidentes&#8217; canarios que saben como se las gastan aqu\u00ed.<\/p>\n<p>Salida, menos de 10 kil\u00f3metros neutralizados con repechos para charlar un poco y v\u00eda libre para correr desde Los Gigantes. All\u00ed comenzaba la primera ascensi\u00f3n del d\u00eda. M\u00e1s de una docena de kil\u00f3metros hasta el mirador del Cherfe pasando por Santiago del Teide. Y ya sabeis como esto, ataques para salir en la foto con <a href=\"https:\/\/www.welovecycling.com\/es\/2021\/11\/03\/fichajes-ciclistas-temporada-2022\/\"><strong>Nibali<\/strong> <\/a>hasta que el asunto se pone serio cuesta arriba\u00a0 y el pelot\u00f3n de m\u00e1s ce 350 ciclistas (hubo otros tantos o m\u00e1s en la segunda etapa) se divide en grup\u00fasculos por el efecto de la gravedad y la fuerza que cada uno acumula en las piernas.<\/p>\n<p><a href=\"https:\/\/d2p6e6u75xmxt8.cloudfront.net\/6\/2023\/11\/YDRAY-GRLAP2023_Etapa2_Recorrido2.webp\"><img loading=\"lazy\" decoding=\"async\" class=\"aligncenter size-large wp-image-10412\" src=\"https:\/\/d2p6e6u75xmxt8.cloudfront.net\/6\/2023\/11\/YDRAY-GRLAP2023_Etapa2_Recorrido2-1024x685.webp\" alt=\"\" width=\"1024\" height=\"685\" srcset=\"https:\/\/d2p6e6u75xmxt8.cloudfront.net\/6\/2023\/11\/YDRAY-GRLAP2023_Etapa2_Recorrido2-1024x685.webp 1024w, https:\/\/d2p6e6u75xmxt8.cloudfront.net\/6\/2023\/11\/YDRAY-GRLAP2023_Etapa2_Recorrido2-300x201.webp 300w, https:\/\/d2p6e6u75xmxt8.cloudfront.net\/6\/2023\/11\/YDRAY-GRLAP2023_Etapa2_Recorrido2-768x513.webp 768w, https:\/\/d2p6e6u75xmxt8.cloudfront.net\/6\/2023\/11\/YDRAY-GRLAP2023_Etapa2_Recorrido2-400x267.webp 400w, https:\/\/d2p6e6u75xmxt8.cloudfront.net\/6\/2023\/11\/YDRAY-GRLAP2023_Etapa2_Recorrido2-272x182.webp 272w, https:\/\/d2p6e6u75xmxt8.cloudfront.net\/6\/2023\/11\/YDRAY-GRLAP2023_Etapa2_Recorrido2.webp 1478w\" sizes=\"auto, (max-width: 1024px) 100vw, 1024px\" \/><\/a><\/p>\n<p>Hab\u00eda que tom\u00e1rselo con tranquilidad. Quedaba mucho y el tramo entre Santiago del Teide y el Mirador del Cherfe guardaba tres kil\u00f3metros con rampas por encima del 10%. As\u00ed que 34&#215;28 y a ahorrar fuerzas para el selfie en el <strong>Mirador con Masca y La Gomera de fondo<\/strong>. Vale que el cron\u00f3metro iba corriendo, pero esas vistas obligan a parar, que uno es del interior de la pen\u00ednsula y no ve as\u00ed todos los d\u00edas el mar. Bajar Masca, con sus curvas de herradura y rampas al 14% es similar al descenso de <strong>Tre Cime di Lavaredo<\/strong>, meta del Giro 2023 y del que <strong>Jonathan Lastra<\/strong> casi ni se acordaba. En mitad tambi\u00e9n tiene un repecho de m\u00e1s de un kil\u00f3metro cuesta arriba al 12% que provoca el primer dolor de piernas del d\u00eda.<\/p>\n<p>Largo descenso hasta Buenavista del Norte. \u00danicos 10 kil\u00f3metros llanos para formar grupetta y giro a la derecha para afrontar un largo y duro repecho con adoquines para volver a romperla. Llev\u00e1bamos 60 kil\u00f3metros, est\u00e1bamos a nivel del mar y por delante quedaba un puerto de 25 kil\u00f3metros hasta los 1.100 metros de altitud . A priori no parece mucho, y m\u00e1s si en mitad del camino hay un descenso de cuatro kil\u00f3metros con avituallamiento incluido. El problema es que al ciclista aficionado de a pie le gusta picarse, medir sus fuerzas y ponerse al l\u00edmite de &#8216;petar&#8217;.<\/p>\n<p>La subida por las C<strong>ruces, con sus desniveles mantenidos al 8%,<\/strong> era perfecta para mantener el ritmo, aprovechar sus curvas para coger velocidad y llegar con fuerzas para coger un par de sandwichs de nutella, un gel y un pl\u00e1tano en el avituallamiento. Pero las fuerzas se disiparon camino de <strong>La Vega y La Monta\u00f1eta.<\/strong> Quiz\u00e1s ayuda el paisaje boscoso o la tranquilidad de saber que no tienes coches cerca porque el tr\u00e1fico est\u00e1 cerrado. O las vistas del Teide, que aparec\u00eda a la izquierda despu\u00e9s de un falso llano final al que costaba llegar.<\/p>\n<p>Bajada hacia Santiago del Teide, \u00faltimo avituallamiento para cargar agua fresquita (ya hab\u00eda 25 grados y sobraba hasta la camiseta interior) y trampa made in Giro de Italia. Emboscada de cinco kil\u00f3metros cuesta arriba por carreteras estrechas hasta Arguayo para completa casi los 3.000 metros de desnivel. Desde all\u00ed, ya si. Descenso rapid\u00edsimo por Gu\u00eda de Isora hasta Arme\u00f1ime&#8230;. y entrada a meta con una rampa solo 200 metros, pero al 16%. De esas en las que <strong>Bettini<\/strong> no sol\u00eda tener rivales. Plato de pasta y paella con opci\u00f3n a repetir, bebida fresquita (alguna &#8216;Dorada&#8217; ya cay\u00f3), pl\u00e1tanos, caf\u00e9&#8230; y a descansar porque por la tarde hab\u00eda <strong>Pink Party.<br \/>\n<\/strong><\/p>\n<p>Es cierto que no es la mejor forma de recuperar. Pero si la inscripci\u00f3n al <strong>Ride Like a Pro Tenerife<\/strong> incluye una fiesta con m\u00fasica, comida y bebida en la terraza de un hotel de cinco estrellas con vistas al mar junto al resto de participantes y ciclistas pro para comentar como ha ido la etapa del d\u00eda&#8230;. pues tampoco lo vas a rechazar, \u00bfverdad? All\u00ed te enteras de que la mayor\u00eda de los pros despu\u00e9s de volar en el inicio en los Gigantes pararon tranquilamente a tomar caf\u00e9 y terminaron la etapa junto a la parte trasera del pelot\u00f3n charlando sin prisa.<\/p>\n<blockquote class=\"instagram-media\" style=\"background: #FFF; border: 0; border-radius: 3px; box-shadow: 0 0 1px 0 rgba(0,0,0,0.5),0 1px 10px 0 rgba(0,0,0,0.15); margin: 1px; max-width: 540px; min-width: 326px; padding: 0; width: calc(100% - 2px);\" data-instgrm-captioned=\"\" data-instgrm-permalink=\"https:\/\/www.instagram.com\/reel\/CzzKya6IF_X\/?utm_source=ig_embed&amp;utm_campaign=loading\" data-instgrm-version=\"14\">\n<div style=\"padding: 16px;\">\n<p>&nbsp;<\/p>\n<div style=\"display: flex; flex-direction: row; align-items: center;\">\n<div style=\"background-color: #f4f4f4; border-radius: 50%; flex-grow: 0; height: 40px; margin-right: 14px; width: 40px;\"><\/div>\n<div style=\"display: flex; flex-direction: column; flex-grow: 1; justify-content: center;\">\n<div style=\"background-color: #f4f4f4; border-radius: 4px; flex-grow: 0; height: 14px; margin-bottom: 6px; width: 100px;\"><\/div>\n<div style=\"background-color: #f4f4f4; border-radius: 4px; flex-grow: 0; height: 14px; width: 60px;\"><\/div>\n<\/div>\n<\/div>\n<div style=\"padding: 19% 0;\"><\/div>\n<div style=\"display: block; height: 50px; margin: 0 auto 12px; width: 50px;\"><\/div>\n<div style=\"padding-top: 8px;\">\n<div style=\"color: #3897f0; font-family: Arial,sans-serif; font-size: 14px; font-style: normal; font-weight: 550; line-height: 18px;\">Ver esta publicaci\u00f3n en Instagram<\/div>\n<\/div>\n<div style=\"padding: 12.5% 0;\"><\/div>\n<div style=\"display: flex; flex-direction: row; margin-bottom: 14px; align-items: center;\">\n<div>\n<div style=\"background-color: #f4f4f4; border-radius: 50%; height: 12.5px; width: 12.5px; transform: translateX(0px) translateY(7px);\"><\/div>\n<div style=\"background-color: #f4f4f4; height: 12.5px; transform: rotate(-45deg) translateX(3px) translateY(1px); width: 12.5px; flex-grow: 0; margin-right: 14px; margin-left: 2px;\"><\/div>\n<div style=\"background-color: #f4f4f4; border-radius: 50%; height: 12.5px; width: 12.5px; transform: translateX(9px) translateY(-18px);\"><\/div>\n<\/div>\n<div style=\"margin-left: 8px;\">\n<div style=\"background-color: #f4f4f4; border-radius: 50%; flex-grow: 0; height: 20px; width: 20px;\"><\/div>\n<div style=\"width: 0; height: 0; border-top: 2px solid transparent; border-left: 6px solid #f4f4f4; border-bottom: 2px solid transparent; transform: translateX(16px) translateY(-4px) rotate(30deg);\"><\/div>\n<\/div>\n<div style=\"margin-left: auto;\">\n<div style=\"width: 0px; border-top: 8px solid #F4F4F4; border-right: 8px solid transparent; transform: translateY(16px);\"><\/div>\n<div style=\"background-color: #f4f4f4; flex-grow: 0; height: 12px; width: 16px; transform: translateY(-4px);\"><\/div>\n<div style=\"width: 0; height: 0; border-top: 8px solid #F4F4F4; border-left: 8px solid transparent; transform: translateY(-4px) translateX(8px);\"><\/div>\n<\/div>\n<\/div>\n<div style=\"display: flex; flex-direction: column; flex-grow: 1; justify-content: center; margin-bottom: 24px;\">\n<div style=\"background-color: #f4f4f4; border-radius: 4px; flex-grow: 0; height: 14px; margin-bottom: 6px; width: 224px;\"><\/div>\n<div style=\"background-color: #f4f4f4; border-radius: 4px; flex-grow: 0; height: 14px; width: 144px;\"><\/div>\n<\/div>\n<p>&nbsp;<\/p>\n<p style=\"color: #c9c8cd; font-family: Arial,sans-serif; font-size: 14px; line-height: 17px; margin-bottom: 0; margin-top: 8px; overflow: hidden; padding: 8px 0 7px; text-align: center; text-overflow: ellipsis; white-space: nowrap;\"><a style=\"color: #c9c8cd; font-family: Arial,sans-serif; font-size: 14px; font-style: normal; font-weight: normal; line-height: 17px; text-decoration: none;\" href=\"https:\/\/www.instagram.com\/reel\/CzzKya6IF_X\/?utm_source=ig_embed&amp;utm_campaign=loading\" target=\"_blank\" rel=\"noopener\">Una publicaci\u00f3n compartida de Giro Ride Like a Pro Tenerife (@ridelikeaprospain)<\/a><\/p>\n<\/div>\n<\/blockquote>\n<p><script async src=\"\/\/www.instagram.com\/embed.js\"><\/script><\/p>\n<h2><strong>Etapa 2. 65 kil\u00f3metros, 1.600 metros de desnivel<\/strong><\/h2>\n<p style=\"font-weight: 400;\">Pese que la salida de la<a href=\"https:\/\/www.strava.com\/activities\/10245372818\"> segunda etapa<\/a> de Ride Like a Pro Tenerife era a las 09.00 de la ma\u00f1ana en la <strong>playa de Los Cristianos (Arona)<\/strong>, todav\u00eda dol\u00edan las piernas de la etapa anterior (o lo mismo era de la Pink Party). El dise\u00f1o de la jornada era relativamente sencillo. Salida al nivel del mar. Los primeros 45 kil\u00f3metros pr\u00e1cticamente en subida hasta los 1.300 metros de altitud del municipio de Vilaflor y luego r\u00e1pido descenso de 20 kil\u00f3metros hasta el punto de partida.<\/p>\n<p>Etapa corta,guay, pero eso supone que se sale m\u00e1s r\u00e1pido. Bueno, en realidad no tendr\u00eda por qu\u00e9. Hab\u00eda tiempo suficiente para el cierre de control y llegar tranquilamente a la meta con el tr\u00e1fico cerrado. Pero al ciclista aficionado, ya sabes, le gusta jugar a ciclista profesional. <strong>Y m\u00e1s si Juampe, Nibali, Lastra, Barcel\u00f3 y Ra\u00fal Garc\u00eda se encargan de animar el cotarro.<\/strong> El resultado, que los primeros 30 kil\u00f3metros, los que hab\u00eda hasta San Miguel de Abona por terreno con repechos y alguna bajada se hicieron a velocidad de carrera. As\u00ed que los 15 kil\u00f3metros desde Granadilla de Abona hasta Vilaflor, cuando el puerto se hac\u00eda m\u00e1s constante, hubo que tomarselos con tranquilidad y meter todos los hierros de la BH RS1 de Free Motion, el proveedor oficial de bicis para el evento.<\/p>\n<p>Aquarius y botellita de agua fresca en el avituallamiento de <strong>Vilaflor<\/strong> y un ratito para charlar con Ra\u00fal Garcia Pierna, que se hab\u00eda parado en la cima a esperar a Sara Martin (Movistar), despu\u00e9s de pasar como un avi\u00f3n en la subida. Descenso para disfrutar. Con el mar de fondo y carretera ancha al inicio con curvas sencillas en las que tumbarse y mimetizarse con una bici r\u00e1pida cuando la carretera se pone cuesta abajo. Hasta la meta solo hab\u00eda un falso llano y un repecho cortito para que las piernas volviesen a saber lo que era pedalear.<\/p>\n<p>Quedaba la \u00faltima comida, la entrega de premios, recoger la medalla de finisher, subir fotos a instagram dando envidia a los compa\u00f1eros de gupetta que estaban pasando fr\u00edo en la pen\u00ednsula, hacer la maleta y coger el \u00faltimo vuelo para llegar el lunes a trabajar con un morenito ciclista impropio de estas fechas del que solo pueden alardear los ciclistas profesionales (o los canarios),<strong>\u00a0 Feel like a pro.<\/strong><\/p>\n<p>&nbsp;<\/p>\n<blockquote class=\"instagram-media\" style=\"background: #FFF; border: 0; border-radius: 3px; box-shadow: 0 0 1px 0 rgba(0,0,0,0.5),0 1px 10px 0 rgba(0,0,0,0.15); margin: 1px; max-width: 540px; min-width: 326px; padding: 0; width: calc(100% - 2px);\" data-instgrm-captioned=\"\" data-instgrm-permalink=\"https:\/\/www.instagram.com\/reel\/Cz1vAr8I7JQ\/?utm_source=ig_embed&amp;utm_campaign=loading\" data-instgrm-version=\"14\">\n<div style=\"padding: 16px;\">\n<p>&nbsp;<\/p>\n<div style=\"display: flex; flex-direction: row; align-items: center;\">\n<div style=\"background-color: #f4f4f4; border-radius: 50%; flex-grow: 0; height: 40px; margin-right: 14px; width: 40px;\"><\/div>\n<div style=\"display: flex; flex-direction: column; flex-grow: 1; justify-content: center;\">\n<div style=\"background-color: #f4f4f4; border-radius: 4px; flex-grow: 0; height: 14px; margin-bottom: 6px; width: 100px;\"><\/div>\n<div style=\"background-color: #f4f4f4; border-radius: 4px; flex-grow: 0; height: 14px; width: 60px;\"><\/div>\n<\/div>\n<\/div>\n<div style=\"padding: 19% 0;\"><\/div>\n<div style=\"display: block; height: 50px; margin: 0 auto 12px; width: 50px;\"><\/div>\n<div style=\"padding-top: 8px;\">\n<div style=\"color: #3897f0; font-family: Arial,sans-serif; font-size: 14px; font-style: normal; font-weight: 550; line-height: 18px;\">Ver esta publicaci\u00f3n en Instagram<\/div>\n<\/div>\n<div style=\"padding: 12.5% 0;\"><\/div>\n<div style=\"display: flex; flex-direction: row; margin-bottom: 14px; align-items: center;\">\n<div>\n<div style=\"background-color: #f4f4f4; border-radius: 50%; height: 12.5px; width: 12.5px; transform: translateX(0px) translateY(7px);\"><\/div>\n<div style=\"background-color: #f4f4f4; height: 12.5px; transform: rotate(-45deg) translateX(3px) translateY(1px); width: 12.5px; flex-grow: 0; margin-right: 14px; margin-left: 2px;\"><\/div>\n<div style=\"background-color: #f4f4f4; border-radius: 50%; height: 12.5px; width: 12.5px; transform: translateX(9px) translateY(-18px);\"><\/div>\n<\/div>\n<div style=\"margin-left: 8px;\">\n<div style=\"background-color: #f4f4f4; border-radius: 50%; flex-grow: 0; height: 20px; width: 20px;\"><\/div>\n<div style=\"width: 0; height: 0; border-top: 2px solid transparent; border-left: 6px solid #f4f4f4; border-bottom: 2px solid transparent; transform: translateX(16px) translateY(-4px) rotate(30deg);\"><\/div>\n<\/div>\n<div style=\"margin-left: auto;\">\n<div style=\"width: 0px; border-top: 8px solid #F4F4F4; border-right: 8px solid transparent; transform: translateY(16px);\"><\/div>\n<div style=\"background-color: #f4f4f4; flex-grow: 0; height: 12px; width: 16px; transform: translateY(-4px);\"><\/div>\n<div style=\"width: 0; height: 0; border-top: 8px solid #F4F4F4; border-left: 8px solid transparent; transform: translateY(-4px) translateX(8px);\"><\/div>\n<\/div>\n<\/div>\n<div style=\"display: flex; flex-direction: column; flex-grow: 1; justify-content: center; margin-bottom: 24px;\">\n<div style=\"background-color: #f4f4f4; border-radius: 4px; flex-grow: 0; height: 14px; margin-bottom: 6px; width: 224px;\"><\/div>\n<div style=\"background-color: #f4f4f4; border-radius: 4px; flex-grow: 0; height: 14px; width: 144px;\"><\/div>\n<\/div>\n<p>&nbsp;<\/p>\n<p style=\"color: #c9c8cd; font-family: Arial,sans-serif; font-size: 14px; line-height: 17px; margin-bottom: 0; margin-top: 8px; overflow: hidden; padding: 8px 0 7px; text-align: center; text-overflow: ellipsis; white-space: nowrap;\"><a style=\"color: #c9c8cd; font-family: Arial,sans-serif; font-size: 14px; font-style: normal; font-weight: normal; line-height: 17px; text-decoration: none;\" href=\"https:\/\/www.instagram.com\/reel\/Cz1vAr8I7JQ\/?utm_source=ig_embed&amp;utm_campaign=loading\" target=\"_blank\" rel=\"noopener\">Una publicaci\u00f3n compartida de Giro Ride Like a Pro Tenerife (@ridelikeaprospain)<\/a><\/p>\n<\/div>\n<\/blockquote>\n<p><script async src=\"\/\/www.instagram.com\/embed.js\"><\/script><\/p>\n","protected":false},"excerpt":{"rendered":"<p>La filosof\u00eda del Ride Like a Pro Tenerife es que cualquier ciclista aficionado se sienta como un profesional (sobre todo [&hellip;]<\/p>\n","protected":false},"author":29,"featured_media":10411,"comment_status":"open","ping_status":"open","sticky":false,"template":"","format":"standard","meta":{"footnotes":""},"categories":[7],"tags":[2272,2271],"global-categories":[1164],"class_list":["post-10410","post","type-post","status-publish","format-standard","has-post-thumbnail","hentry","category-carretera","tag-giro-de-italia-tenerife","tag-ride-like-a-pro-tenerife","global-categories-cycling"],"yoast_head":"<!-- This site is optimized with the Yoast SEO Premium plugin v25.3 (Yoast SEO v25.9) - https:\/\/yoast.com\/wordpress\/plugins\/seo\/ -->\n<title>Ride Like a Pro Tenerife - Sol, monta\u00f1a, ciclistas pro y el Giro<\/title>\n<meta name=\"description\" content=\"Ride Like a Pro Tenerife - Sol, monta\u00f1a, ciclistas profesionales y el Giro de fondo. Ciclodeportiva de dos etapas en Tenerife\" \/>\n<meta name=\"robots\" content=\"index, follow, max-snippet:-1, max-image-preview:large, max-video-preview:-1\" \/>\n<link rel=\"canonical\" href=\"https:\/\/www.welovecycling.com\/es\/2023\/11\/24\/ride-like-a-pro-tenerife-sol-montana-ciclistas-profesionales-y-el-giro-de-fondo\/\" \/>\n<meta property=\"og:locale\" content=\"es_ES\" \/>\n<meta property=\"og:type\" content=\"article\" \/>\n<meta property=\"og:title\" content=\"Ride Like a Pro Tenerife - Sol, monta\u00f1a, ciclistas profesionales y el Giro de fondo\" \/>\n<meta property=\"og:description\" content=\"Ride Like a Pro Tenerife - Sol, monta\u00f1a, ciclistas profesionales y el Giro de fondo. Ciclodeportiva de dos etapas en Tenerife\" \/>\n<meta property=\"og:url\" content=\"https:\/\/www.welovecycling.com\/es\/2023\/11\/24\/ride-like-a-pro-tenerife-sol-montana-ciclistas-profesionales-y-el-giro-de-fondo\/\" \/>\n<meta property=\"og:site_name\" content=\"\u0160koda We Love Cycling - Spain\" \/>\n<meta property=\"article:published_time\" content=\"2023-11-24T09:06:37+00:00\" \/>\n<meta property=\"article:modified_time\" content=\"2023-11-24T09:10:55+00:00\" \/>\n<meta property=\"og:image\" content=\"https:\/\/d2p6e6u75xmxt8.cloudfront.net\/6\/2023\/11\/YDRAY-GRLAP2023_Etapa2_Profesionales.webp\" \/>\n\t<meta property=\"og:image:width\" content=\"1516\" \/>\n\t<meta property=\"og:image:height\" content=\"1011\" \/>\n\t<meta property=\"og:image:type\" content=\"image\/webp\" \/>\n<meta name=\"author\" content=\"We Love Cycling Spain\" \/>\n<meta name=\"twitter:card\" content=\"summary_large_image\" \/>\n<meta name=\"twitter:label1\" content=\"Written by\" \/>\n\t<meta name=\"twitter:data1\" content=\"Luis Ortega\" \/>\n\t<meta name=\"twitter:label2\" content=\"Est. reading time\" \/>\n\t<meta name=\"twitter:data2\" content=\"8 minutes\" \/>\n<script type=\"application\/ld+json\" class=\"yoast-schema-graph\">{\"@context\":\"https:\/\/schema.org\",\"@graph\":[{\"@type\":\"WebPage\",\"@id\":\"https:\/\/www.welovecycling.com\/es\/2023\/11\/24\/ride-like-a-pro-tenerife-sol-montana-ciclistas-profesionales-y-el-giro-de-fondo\/\",\"url\":\"https:\/\/www.welovecycling.com\/es\/2023\/11\/24\/ride-like-a-pro-tenerife-sol-montana-ciclistas-profesionales-y-el-giro-de-fondo\/\",\"name\":\"Ride Like a Pro Tenerife - Sol, monta\u00f1a, ciclistas pro y el Giro\",\"isPartOf\":{\"@id\":\"https:\/\/www.welovecycling.com\/es\/#website\"},\"primaryImageOfPage\":{\"@id\":\"https:\/\/www.welovecycling.com\/es\/2023\/11\/24\/ride-like-a-pro-tenerife-sol-montana-ciclistas-profesionales-y-el-giro-de-fondo\/#primaryimage\"},\"image\":{\"@id\":\"https:\/\/www.welovecycling.com\/es\/2023\/11\/24\/ride-like-a-pro-tenerife-sol-montana-ciclistas-profesionales-y-el-giro-de-fondo\/#primaryimage\"},\"thumbnailUrl\":\"https:\/\/d2p6e6u75xmxt8.cloudfront.net\/6\/2023\/11\/YDRAY-GRLAP2023_Etapa2_Profesionales.webp\",\"datePublished\":\"2023-11-24T09:06:37+00:00\",\"dateModified\":\"2023-11-24T09:10:55+00:00\",\"author\":{\"@id\":\"https:\/\/www.welovecycling.com\/es\/#\/schema\/person\/deb61715b5812698ee79fb96f343ccd4\"},\"description\":\"Ride Like a Pro Tenerife - Sol, monta\u00f1a, ciclistas profesionales y el Giro de fondo. Ciclodeportiva de dos etapas en Tenerife\",\"breadcrumb\":{\"@id\":\"https:\/\/www.welovecycling.com\/es\/2023\/11\/24\/ride-like-a-pro-tenerife-sol-montana-ciclistas-profesionales-y-el-giro-de-fondo\/#breadcrumb\"},\"inLanguage\":\"es-ES\",\"potentialAction\":[{\"@type\":\"ReadAction\",\"target\":[\"https:\/\/www.welovecycling.com\/es\/2023\/11\/24\/ride-like-a-pro-tenerife-sol-montana-ciclistas-profesionales-y-el-giro-de-fondo\/\"]}]},{\"@type\":\"ImageObject\",\"inLanguage\":\"es-ES\",\"@id\":\"https:\/\/www.welovecycling.com\/es\/2023\/11\/24\/ride-like-a-pro-tenerife-sol-montana-ciclistas-profesionales-y-el-giro-de-fondo\/#primaryimage\",\"url\":\"https:\/\/d2p6e6u75xmxt8.cloudfront.net\/6\/2023\/11\/YDRAY-GRLAP2023_Etapa2_Profesionales.webp\",\"contentUrl\":\"https:\/\/d2p6e6u75xmxt8.cloudfront.net\/6\/2023\/11\/YDRAY-GRLAP2023_Etapa2_Profesionales.webp\",\"width\":1516,\"height\":1011},{\"@type\":\"BreadcrumbList\",\"@id\":\"https:\/\/www.welovecycling.com\/es\/2023\/11\/24\/ride-like-a-pro-tenerife-sol-montana-ciclistas-profesionales-y-el-giro-de-fondo\/#breadcrumb\",\"itemListElement\":[{\"@type\":\"ListItem\",\"position\":1,\"name\":\"Home\",\"item\":\"https:\/\/www.welovecycling.com\/es\/\"},{\"@type\":\"ListItem\",\"position\":2,\"name\":\"Ride Like a Pro Tenerife &#8211; Sol, monta\u00f1a, ciclistas profesionales y el Giro de fondo\"}]},{\"@type\":\"WebSite\",\"@id\":\"https:\/\/www.welovecycling.com\/es\/#website\",\"url\":\"https:\/\/www.welovecycling.com\/es\/\",\"name\":\"\u0160koda We Love Cycling - Spain\",\"description\":\"\u0160koda WeLoveCycling Spain\",\"potentialAction\":[{\"@type\":\"SearchAction\",\"target\":{\"@type\":\"EntryPoint\",\"urlTemplate\":\"https:\/\/www.welovecycling.com\/es\/?s={search_term_string}\"},\"query-input\":{\"@type\":\"PropertyValueSpecification\",\"valueRequired\":true,\"valueName\":\"search_term_string\"}}],\"inLanguage\":\"es-ES\"},{\"@type\":\"Person\",\"@id\":\"https:\/\/www.welovecycling.com\/es\/#\/schema\/person\/deb61715b5812698ee79fb96f343ccd4\",\"name\":\"We Love Cycling Spain\",\"image\":{\"@type\":\"ImageObject\",\"inLanguage\":\"es-ES\",\"@id\":\"https:\/\/www.welovecycling.com\/es\/#\/schema\/person\/image\/\",\"url\":\"https:\/\/secure.gravatar.com\/avatar\/c824b04e6df0e37a03219d0b6481672889df542894588964102459e46513159c?s=96&d=mm&r=g\",\"contentUrl\":\"https:\/\/secure.gravatar.com\/avatar\/c824b04e6df0e37a03219d0b6481672889df542894588964102459e46513159c?s=96&d=mm&r=g\",\"caption\":\"We Love Cycling Spain\"},\"url\":\"https:\/\/www.welovecycling.com\/es\/author\/amunoz\/\"}]}<\/script>\n<!-- \/ Yoast SEO Premium plugin. -->","yoast_head_json":{"title":"Ride Like a Pro Tenerife - Sol, monta\u00f1a, ciclistas pro y el Giro","description":"Ride Like a Pro Tenerife - Sol, monta\u00f1a, ciclistas profesionales y el Giro de fondo. Ciclodeportiva de dos etapas en Tenerife","robots":{"index":"index","follow":"follow","max-snippet":"max-snippet:-1","max-image-preview":"max-image-preview:large","max-video-preview":"max-video-preview:-1"},"canonical":"https:\/\/www.welovecycling.com\/es\/2023\/11\/24\/ride-like-a-pro-tenerife-sol-montana-ciclistas-profesionales-y-el-giro-de-fondo\/","og_locale":"es_ES","og_type":"article","og_title":"Ride Like a Pro Tenerife - Sol, monta\u00f1a, ciclistas profesionales y el Giro de fondo","og_description":"Ride Like a Pro Tenerife - Sol, monta\u00f1a, ciclistas profesionales y el Giro de fondo. Ciclodeportiva de dos etapas en Tenerife","og_url":"https:\/\/www.welovecycling.com\/es\/2023\/11\/24\/ride-like-a-pro-tenerife-sol-montana-ciclistas-profesionales-y-el-giro-de-fondo\/","og_site_name":"\u0160koda We Love Cycling - Spain","article_published_time":"2023-11-24T09:06:37+00:00","article_modified_time":"2023-11-24T09:10:55+00:00","og_image":[{"width":1516,"height":1011,"url":"https:\/\/d2p6e6u75xmxt8.cloudfront.net\/6\/2023\/11\/YDRAY-GRLAP2023_Etapa2_Profesionales.webp","type":"image\/webp"}],"author":"We Love Cycling Spain","twitter_card":"summary_large_image","twitter_misc":{"Written by":"Luis Ortega","Est. reading time":"8 minutes"},"schema":{"@context":"https:\/\/schema.org","@graph":[{"@type":"WebPage","@id":"https:\/\/www.welovecycling.com\/es\/2023\/11\/24\/ride-like-a-pro-tenerife-sol-montana-ciclistas-profesionales-y-el-giro-de-fondo\/","url":"https:\/\/www.welovecycling.com\/es\/2023\/11\/24\/ride-like-a-pro-tenerife-sol-montana-ciclistas-profesionales-y-el-giro-de-fondo\/","name":"Ride Like a Pro Tenerife - Sol, monta\u00f1a, ciclistas pro y el Giro","isPartOf":{"@id":"https:\/\/www.welovecycling.com\/es\/#website"},"primaryImageOfPage":{"@id":"https:\/\/www.welovecycling.com\/es\/2023\/11\/24\/ride-like-a-pro-tenerife-sol-montana-ciclistas-profesionales-y-el-giro-de-fondo\/#primaryimage"},"image":{"@id":"https:\/\/www.welovecycling.com\/es\/2023\/11\/24\/ride-like-a-pro-tenerife-sol-montana-ciclistas-profesionales-y-el-giro-de-fondo\/#primaryimage"},"thumbnailUrl":"https:\/\/d2p6e6u75xmxt8.cloudfront.net\/6\/2023\/11\/YDRAY-GRLAP2023_Etapa2_Profesionales.webp","datePublished":"2023-11-24T09:06:37+00:00","dateModified":"2023-11-24T09:10:55+00:00","author":{"@id":"https:\/\/www.welovecycling.com\/es\/#\/schema\/person\/deb61715b5812698ee79fb96f343ccd4"},"description":"Ride Like a Pro Tenerife - Sol, monta\u00f1a, ciclistas profesionales y el Giro de fondo. Ciclodeportiva de dos etapas en Tenerife","breadcrumb":{"@id":"https:\/\/www.welovecycling.com\/es\/2023\/11\/24\/ride-like-a-pro-tenerife-sol-montana-ciclistas-profesionales-y-el-giro-de-fondo\/#breadcrumb"},"inLanguage":"es-ES","potentialAction":[{"@type":"ReadAction","target":["https:\/\/www.welovecycling.com\/es\/2023\/11\/24\/ride-like-a-pro-tenerife-sol-montana-ciclistas-profesionales-y-el-giro-de-fondo\/"]}]},{"@type":"ImageObject","inLanguage":"es-ES","@id":"https:\/\/www.welovecycling.com\/es\/2023\/11\/24\/ride-like-a-pro-tenerife-sol-montana-ciclistas-profesionales-y-el-giro-de-fondo\/#primaryimage","url":"https:\/\/d2p6e6u75xmxt8.cloudfront.net\/6\/2023\/11\/YDRAY-GRLAP2023_Etapa2_Profesionales.webp","contentUrl":"https:\/\/d2p6e6u75xmxt8.cloudfront.net\/6\/2023\/11\/YDRAY-GRLAP2023_Etapa2_Profesionales.webp","width":1516,"height":1011},{"@type":"BreadcrumbList","@id":"https:\/\/www.welovecycling.com\/es\/2023\/11\/24\/ride-like-a-pro-tenerife-sol-montana-ciclistas-profesionales-y-el-giro-de-fondo\/#breadcrumb","itemListElement":[{"@type":"ListItem","position":1,"name":"Home","item":"https:\/\/www.welovecycling.com\/es\/"},{"@type":"ListItem","position":2,"name":"Ride Like a Pro Tenerife &#8211; Sol, monta\u00f1a, ciclistas profesionales y el Giro de fondo"}]},{"@type":"WebSite","@id":"https:\/\/www.welovecycling.com\/es\/#website","url":"https:\/\/www.welovecycling.com\/es\/","name":"\u0160koda We Love Cycling - Spain","description":"\u0160koda WeLoveCycling Spain","potentialAction":[{"@type":"SearchAction","target":{"@type":"EntryPoint","urlTemplate":"https:\/\/www.welovecycling.com\/es\/?s={search_term_string}"},"query-input":{"@type":"PropertyValueSpecification","valueRequired":true,"valueName":"search_term_string"}}],"inLanguage":"es-ES"},{"@type":"Person","@id":"https:\/\/www.welovecycling.com\/es\/#\/schema\/person\/deb61715b5812698ee79fb96f343ccd4","name":"We Love Cycling Spain","image":{"@type":"ImageObject","inLanguage":"es-ES","@id":"https:\/\/www.welovecycling.com\/es\/#\/schema\/person\/image\/","url":"https:\/\/secure.gravatar.com\/avatar\/c824b04e6df0e37a03219d0b6481672889df542894588964102459e46513159c?s=96&d=mm&r=g","contentUrl":"https:\/\/secure.gravatar.com\/avatar\/c824b04e6df0e37a03219d0b6481672889df542894588964102459e46513159c?s=96&d=mm&r=g","caption":"We Love Cycling Spain"},"url":"https:\/\/www.welovecycling.com\/es\/author\/amunoz\/"}]}},"_links":{"self":[{"href":"https:\/\/www.welovecycling.com\/es\/wp-json\/wp\/v2\/posts\/10410","targetHints":{"allow":["GET"]}}],"collection":[{"href":"https:\/\/www.welovecycling.com\/es\/wp-json\/wp\/v2\/posts"}],"about":[{"href":"https:\/\/www.welovecycling.com\/es\/wp-json\/wp\/v2\/types\/post"}],"author":[{"embeddable":true,"href":"https:\/\/www.welovecycling.com\/es\/wp-json\/wp\/v2\/users\/29"}],"replies":[{"embeddable":true,"href":"https:\/\/www.welovecycling.com\/es\/wp-json\/wp\/v2\/comments?post=10410"}],"version-history":[{"count":3,"href":"https:\/\/www.welovecycling.com\/es\/wp-json\/wp\/v2\/posts\/10410\/revisions"}],"predecessor-version":[{"id":10415,"href":"https:\/\/www.welovecycling.com\/es\/wp-json\/wp\/v2\/posts\/10410\/revisions\/10415"}],"wp:featuredmedia":[{"embeddable":true,"href":"https:\/\/www.welovecycling.com\/es\/wp-json\/wp\/v2\/media\/10411"}],"wp:attachment":[{"href":"https:\/\/www.welovecycling.com\/es\/wp-json\/wp\/v2\/media?parent=10410"}],"wp:term":[{"taxonomy":"category","embeddable":true,"href":"https:\/\/www.welovecycling.com\/es\/wp-json\/wp\/v2\/categories?post=10410"},{"taxonomy":"post_tag","embeddable":true,"href":"https:\/\/www.welovecycling.com\/es\/wp-json\/wp\/v2\/tags?post=10410"},{"taxonomy":"global-categories","embeddable":true,"href":"https:\/\/www.welovecycling.com\/es\/wp-json\/wp\/v2\/global-categories?post=10410"}],"curies":[{"name":"wp","href":"https:\/\/api.w.org\/{rel}","templated":true}]}}