{"id":10393,"date":"2023-11-22T20:35:56","date_gmt":"2023-11-22T18:35:56","guid":{"rendered":"https:\/\/www.welovecycling.com\/es\/?p=10393"},"modified":"2023-11-20T20:42:45","modified_gmt":"2023-11-20T18:42:45","slug":"paris-roubaix-octubre","status":"publish","type":"post","link":"https:\/\/www.welovecycling.com\/es\/2023\/11\/22\/paris-roubaix-octubre\/","title":{"rendered":"La UCI quiere mover la Paris Roubaix a octubre"},"content":{"rendered":"<p><strong>A la luz de los debates en curso en torno al calendario ciclista WorldTour, el Presidente de la UCI, David Lappartient, se ha mostrado partidario de realizar ajustes significativos, trasladando potencialmente carreras de renombre como la Par\u00eds-Roubaix a octubre. Esta propuesta est\u00e1 en consonancia con la iniciativa de reforma m\u00e1s amplia One Cycling, cuyo objetivo es una revisi\u00f3n completa del calendario de carreras.<\/strong><\/p>\n<p><!--more--><\/p>\n<p>En una entrevista reciente con DirectVelo, <a href=\"https:\/\/www.welovecycling.com\/es\/2023\/01\/03\/uci-champions-league\/\">Lappartient<\/a> habl\u00f3 de los dos objetivos que impulsan estos cambios propuestos: generar nuevas fuentes de financiaci\u00f3n para el ciclismo y reducir la huella medioambiental del deporte. Esto se produce en medio de una creciente preocupaci\u00f3n por la gran cantidad de viajes que implica el calendario actual, que abarca numerosos pa\u00edses y continentes.<\/p>\n<p>La direcci\u00f3n de la UCI, a cargo de Lappartient, tambi\u00e9n navega por un complejo panorama marcado por los rumores de una &#8220;Superliga&#8221; ciclista y las posibilidades de inversi\u00f3n externa, como la del fondo soberano PIF de Arabia Saud\u00ed. Lappartient, en su entrevista con <a href=\"https:\/\/www.directvelo.com\/\">DirectVelo<\/a>, establece paralelismos entre este escenario y la fugaz lucha por el poder en el f\u00fatbol europeo, haciendo hincapi\u00e9 en el di\u00e1logo permanente de la UCI con los equipos y los organizadores de eventos para evitar conflictos similares en el ciclismo.<\/p>\n<figure id=\"attachment_10396\" aria-describedby=\"caption-attachment-10396\" style=\"width: 1250px\" class=\"wp-caption alignnone\"><a href=\"https:\/\/d2p6e6u75xmxt8.cloudfront.net\/6\/2023\/11\/David-Lappartient-profimedia-0820490020.webp\"><img loading=\"lazy\" decoding=\"async\" class=\"wp-image-10396 size-full\" src=\"https:\/\/d2p6e6u75xmxt8.cloudfront.net\/6\/2023\/11\/David-Lappartient-profimedia-0820490020.webp\" alt=\"David Lappartient\" width=\"1250\" height=\"833\" srcset=\"https:\/\/d2p6e6u75xmxt8.cloudfront.net\/6\/2023\/11\/David-Lappartient-profimedia-0820490020.webp 1250w, https:\/\/d2p6e6u75xmxt8.cloudfront.net\/6\/2023\/11\/David-Lappartient-profimedia-0820490020-300x200.webp 300w, https:\/\/d2p6e6u75xmxt8.cloudfront.net\/6\/2023\/11\/David-Lappartient-profimedia-0820490020-1024x682.webp 1024w, https:\/\/d2p6e6u75xmxt8.cloudfront.net\/6\/2023\/11\/David-Lappartient-profimedia-0820490020-768x512.webp 768w, https:\/\/d2p6e6u75xmxt8.cloudfront.net\/6\/2023\/11\/David-Lappartient-profimedia-0820490020-400x267.webp 400w, https:\/\/d2p6e6u75xmxt8.cloudfront.net\/6\/2023\/11\/David-Lappartient-profimedia-0820490020-272x182.webp 272w\" sizes=\"auto, (max-width: 1250px) 100vw, 1250px\" \/><\/a><figcaption id=\"caption-attachment-10396\" class=\"wp-caption-text\">David Lappartient anunci\u00f3 un posible traslado de la Par\u00eds-Roubaix a octubre \u00a9 Profimedia<\/figcaption><\/figure>\n<p>&nbsp;<\/p>\n<p>&#8220;Hay cinco equipos que dominan el WorldTour, por lo que tenemos un segundo pelot\u00f3n que les sigue por detr\u00e1s. Si el primer pelot\u00f3n se centra en s\u00ed mismo, corremos el riesgo de tener una diferencia absolutamente enorme&#8221;, subray\u00f3 Lappartient, reconociendo el dominio de equipos como UAE Team Emirates, Jumbo-Visma e Ineos Grenadiers.<\/p>\n<p>Sugiere posibles reformas, <strong>como topes salariales, para igualar la competici\u00f3n.<\/strong> La UCI pretende reestructurar el calendario de carreras, haci\u00e9ndolo m\u00e1s racional y l\u00f3gico, con cambios que podr\u00edan comenzar en 2026. Esta revisi\u00f3n podr\u00eda abarcar las grandes cl\u00e1sicas y las carreras por etapas m\u00e1s cortas del WorldTour, aunque las tres Grandes Vueltas no se ver\u00edan afectadas.<\/p>\n<p>Lappartient se refiri\u00f3 a la reprogramaci\u00f3n de las ediciones de 2020 del <a href=\"https:\/\/www.welovecycling.com\/es\/2022\/04\/07\/tour-flandes-2022\/\">Tour de Flandes<\/a> y la Par\u00eds-Roubaix, que se celebraron en octubre debido a la <a href=\"https:\/\/www.welovecycling.com\/es\/2022\/04\/19\/paris-roubaix\/\">pandemia de COVID-19<\/a>, y destac\u00f3 su excepcional audiencia. Sugiere que esta programaci\u00f3n podr\u00eda revisarse, aunque no de forma definitiva.<\/p>\n<p>Un elemento central de la Agenda 2030 de la UCI es una reducci\u00f3n significativa de las emisiones de carbono para 2030. Lappartient propone utilizar veh\u00edculos el\u00e9ctricos y optimizar el calendario de carreras para minimizar los desplazamientos innecesarios. Prev\u00e9 un calendario m\u00e1s cohesivo que progrese l\u00f3gicamente a trav\u00e9s de diferentes regiones, reduciendo la frecuencia de los traslados de larga distancia y disminuyendo as\u00ed la huella de carbono del deporte.<\/p>\n<p>En conclusi\u00f3n, la visi\u00f3n de Lappartient sobre el futuro del ciclismo WorldTour encierra una mezcla de responsabilidad medioambiental y planificaci\u00f3n econ\u00f3mica estrat\u00e9gica, en pos de un futuro sostenible y equitativo para este deporte.<\/p>\n","protected":false},"excerpt":{"rendered":"<p>A la luz de los debates en curso en torno al calendario ciclista WorldTour, el Presidente de la UCI, David [&hellip;]<\/p>\n","protected":false},"author":29,"featured_media":10403,"comment_status":"open","ping_status":"open","sticky":false,"template":"","format":"standard","meta":{"footnotes":""},"categories":[7],"tags":[40],"global-categories":[],"class_list":["post-10393","post","type-post","status-publish","format-standard","has-post-thumbnail","hentry","category-carretera","tag-paris-roubaix"],"yoast_head":"<!-- This site is optimized with the Yoast SEO Premium plugin v25.3 (Yoast SEO v25.9) - https:\/\/yoast.com\/wordpress\/plugins\/seo\/ -->\n<title>La UCI quiere mover la Paris Roubaix a octubre<\/title>\n<meta name=\"description\" content=\"La UCI quiere mover la Paris Roubaix a octubre. Entrevista del presidente de la UCI en la que sugiere varios cambios para 2026.\" \/>\n<meta name=\"robots\" content=\"index, follow, max-snippet:-1, max-image-preview:large, max-video-preview:-1\" \/>\n<link rel=\"canonical\" href=\"https:\/\/www.welovecycling.com\/es\/2023\/11\/22\/paris-roubaix-octubre\/\" \/>\n<meta property=\"og:locale\" content=\"es_ES\" \/>\n<meta property=\"og:type\" content=\"article\" \/>\n<meta property=\"og:title\" content=\"La UCI quiere mover la Paris Roubaix a octubre\" \/>\n<meta property=\"og:description\" content=\"La UCI quiere mover la Paris Roubaix a octubre. Entrevista del presidente de la UCI en la que sugiere varios cambios para 2026.\" \/>\n<meta property=\"og:url\" content=\"https:\/\/www.welovecycling.com\/es\/2023\/11\/22\/paris-roubaix-octubre\/\" \/>\n<meta property=\"og:site_name\" content=\"\u0160koda We Love Cycling - Spain\" \/>\n<meta property=\"article:published_time\" content=\"2023-11-22T18:35:56+00:00\" \/>\n<meta property=\"og:image\" content=\"https:\/\/d2p6e6u75xmxt8.cloudfront.net\/6\/2023\/11\/Paris-Roubaix-Peloton-profimedia-0683509237-CVR.webp\" \/>\n\t<meta property=\"og:image:width\" content=\"990\" \/>\n\t<meta property=\"og:image:height\" content=\"660\" \/>\n\t<meta property=\"og:image:type\" content=\"image\/webp\" \/>\n<meta name=\"author\" content=\"We Love Cycling Spain\" \/>\n<meta name=\"twitter:card\" content=\"summary_large_image\" \/>\n<meta name=\"twitter:description\" content=\"La UCI quiere mover la Paris Roubaix a octubre. Entrevista del presidente de la UCI en la que sugiere varios cambios para 2026.\" \/>\n<meta name=\"twitter:label1\" content=\"Written by\" \/>\n\t<meta name=\"twitter:data1\" content=\"Monica Buck\" \/>\n\t<meta name=\"twitter:label2\" content=\"Est. reading time\" \/>\n\t<meta name=\"twitter:data2\" content=\"3\" \/>\n<script type=\"application\/ld+json\" class=\"yoast-schema-graph\">{\"@context\":\"https:\/\/schema.org\",\"@graph\":[{\"@type\":\"WebPage\",\"@id\":\"https:\/\/www.welovecycling.com\/es\/2023\/11\/22\/paris-roubaix-octubre\/\",\"url\":\"https:\/\/www.welovecycling.com\/es\/2023\/11\/22\/paris-roubaix-octubre\/\",\"name\":\"La UCI quiere mover la Paris Roubaix a octubre\",\"isPartOf\":{\"@id\":\"https:\/\/www.welovecycling.com\/es\/#website\"},\"primaryImageOfPage\":{\"@id\":\"https:\/\/www.welovecycling.com\/es\/2023\/11\/22\/paris-roubaix-octubre\/#primaryimage\"},\"image\":{\"@id\":\"https:\/\/www.welovecycling.com\/es\/2023\/11\/22\/paris-roubaix-octubre\/#primaryimage\"},\"thumbnailUrl\":\"https:\/\/d2p6e6u75xmxt8.cloudfront.net\/6\/2023\/11\/Paris-Roubaix-Peloton-profimedia-0683509237-CVR.webp\",\"datePublished\":\"2023-11-22T18:35:56+00:00\",\"author\":{\"@id\":\"https:\/\/www.welovecycling.com\/es\/#\/schema\/person\/deb61715b5812698ee79fb96f343ccd4\"},\"description\":\"La UCI quiere mover la Paris Roubaix a octubre. Entrevista del presidente de la UCI en la que sugiere varios cambios para 2026.\",\"breadcrumb\":{\"@id\":\"https:\/\/www.welovecycling.com\/es\/2023\/11\/22\/paris-roubaix-octubre\/#breadcrumb\"},\"inLanguage\":\"es-ES\",\"potentialAction\":[{\"@type\":\"ReadAction\",\"target\":[\"https:\/\/www.welovecycling.com\/es\/2023\/11\/22\/paris-roubaix-octubre\/\"]}]},{\"@type\":\"ImageObject\",\"inLanguage\":\"es-ES\",\"@id\":\"https:\/\/www.welovecycling.com\/es\/2023\/11\/22\/paris-roubaix-octubre\/#primaryimage\",\"url\":\"https:\/\/d2p6e6u75xmxt8.cloudfront.net\/6\/2023\/11\/Paris-Roubaix-Peloton-profimedia-0683509237-CVR.webp\",\"contentUrl\":\"https:\/\/d2p6e6u75xmxt8.cloudfront.net\/6\/2023\/11\/Paris-Roubaix-Peloton-profimedia-0683509237-CVR.webp\",\"width\":990,\"height\":660},{\"@type\":\"BreadcrumbList\",\"@id\":\"https:\/\/www.welovecycling.com\/es\/2023\/11\/22\/paris-roubaix-octubre\/#breadcrumb\",\"itemListElement\":[{\"@type\":\"ListItem\",\"position\":1,\"name\":\"Home\",\"item\":\"https:\/\/www.welovecycling.com\/es\/\"},{\"@type\":\"ListItem\",\"position\":2,\"name\":\"La UCI quiere mover la Paris Roubaix a octubre\"}]},{\"@type\":\"WebSite\",\"@id\":\"https:\/\/www.welovecycling.com\/es\/#website\",\"url\":\"https:\/\/www.welovecycling.com\/es\/\",\"name\":\"\u0160koda We Love Cycling - Spain\",\"description\":\"\u0160koda WeLoveCycling Spain\",\"potentialAction\":[{\"@type\":\"SearchAction\",\"target\":{\"@type\":\"EntryPoint\",\"urlTemplate\":\"https:\/\/www.welovecycling.com\/es\/?s={search_term_string}\"},\"query-input\":{\"@type\":\"PropertyValueSpecification\",\"valueRequired\":true,\"valueName\":\"search_term_string\"}}],\"inLanguage\":\"es-ES\"},{\"@type\":\"Person\",\"@id\":\"https:\/\/www.welovecycling.com\/es\/#\/schema\/person\/deb61715b5812698ee79fb96f343ccd4\",\"name\":\"We Love Cycling Spain\",\"image\":{\"@type\":\"ImageObject\",\"inLanguage\":\"es-ES\",\"@id\":\"https:\/\/www.welovecycling.com\/es\/#\/schema\/person\/image\/\",\"url\":\"https:\/\/secure.gravatar.com\/avatar\/c824b04e6df0e37a03219d0b6481672889df542894588964102459e46513159c?s=96&d=mm&r=g\",\"contentUrl\":\"https:\/\/secure.gravatar.com\/avatar\/c824b04e6df0e37a03219d0b6481672889df542894588964102459e46513159c?s=96&d=mm&r=g\",\"caption\":\"We Love Cycling Spain\"},\"url\":\"https:\/\/www.welovecycling.com\/es\/author\/amunoz\/\"}]}<\/script>\n<!-- \/ Yoast SEO Premium plugin. -->","yoast_head_json":{"title":"La UCI quiere mover la Paris Roubaix a octubre","description":"La UCI quiere mover la Paris Roubaix a octubre. Entrevista del presidente de la UCI en la que sugiere varios cambios para 2026.","robots":{"index":"index","follow":"follow","max-snippet":"max-snippet:-1","max-image-preview":"max-image-preview:large","max-video-preview":"max-video-preview:-1"},"canonical":"https:\/\/www.welovecycling.com\/es\/2023\/11\/22\/paris-roubaix-octubre\/","og_locale":"es_ES","og_type":"article","og_title":"La UCI quiere mover la Paris Roubaix a octubre","og_description":"La UCI quiere mover la Paris Roubaix a octubre. Entrevista del presidente de la UCI en la que sugiere varios cambios para 2026.","og_url":"https:\/\/www.welovecycling.com\/es\/2023\/11\/22\/paris-roubaix-octubre\/","og_site_name":"\u0160koda We Love Cycling - Spain","article_published_time":"2023-11-22T18:35:56+00:00","og_image":[{"width":990,"height":660,"url":"https:\/\/d2p6e6u75xmxt8.cloudfront.net\/6\/2023\/11\/Paris-Roubaix-Peloton-profimedia-0683509237-CVR.webp","type":"image\/webp"}],"author":"We Love Cycling Spain","twitter_card":"summary_large_image","twitter_description":"La UCI quiere mover la Paris Roubaix a octubre. Entrevista del presidente de la UCI en la que sugiere varios cambios para 2026.","twitter_misc":{"Written by":"Monica Buck","Est. reading time":"3"},"schema":{"@context":"https:\/\/schema.org","@graph":[{"@type":"WebPage","@id":"https:\/\/www.welovecycling.com\/es\/2023\/11\/22\/paris-roubaix-octubre\/","url":"https:\/\/www.welovecycling.com\/es\/2023\/11\/22\/paris-roubaix-octubre\/","name":"La UCI quiere mover la Paris Roubaix a octubre","isPartOf":{"@id":"https:\/\/www.welovecycling.com\/es\/#website"},"primaryImageOfPage":{"@id":"https:\/\/www.welovecycling.com\/es\/2023\/11\/22\/paris-roubaix-octubre\/#primaryimage"},"image":{"@id":"https:\/\/www.welovecycling.com\/es\/2023\/11\/22\/paris-roubaix-octubre\/#primaryimage"},"thumbnailUrl":"https:\/\/d2p6e6u75xmxt8.cloudfront.net\/6\/2023\/11\/Paris-Roubaix-Peloton-profimedia-0683509237-CVR.webp","datePublished":"2023-11-22T18:35:56+00:00","author":{"@id":"https:\/\/www.welovecycling.com\/es\/#\/schema\/person\/deb61715b5812698ee79fb96f343ccd4"},"description":"La UCI quiere mover la Paris Roubaix a octubre. Entrevista del presidente de la UCI en la que sugiere varios cambios para 2026.","breadcrumb":{"@id":"https:\/\/www.welovecycling.com\/es\/2023\/11\/22\/paris-roubaix-octubre\/#breadcrumb"},"inLanguage":"es-ES","potentialAction":[{"@type":"ReadAction","target":["https:\/\/www.welovecycling.com\/es\/2023\/11\/22\/paris-roubaix-octubre\/"]}]},{"@type":"ImageObject","inLanguage":"es-ES","@id":"https:\/\/www.welovecycling.com\/es\/2023\/11\/22\/paris-roubaix-octubre\/#primaryimage","url":"https:\/\/d2p6e6u75xmxt8.cloudfront.net\/6\/2023\/11\/Paris-Roubaix-Peloton-profimedia-0683509237-CVR.webp","contentUrl":"https:\/\/d2p6e6u75xmxt8.cloudfront.net\/6\/2023\/11\/Paris-Roubaix-Peloton-profimedia-0683509237-CVR.webp","width":990,"height":660},{"@type":"BreadcrumbList","@id":"https:\/\/www.welovecycling.com\/es\/2023\/11\/22\/paris-roubaix-octubre\/#breadcrumb","itemListElement":[{"@type":"ListItem","position":1,"name":"Home","item":"https:\/\/www.welovecycling.com\/es\/"},{"@type":"ListItem","position":2,"name":"La UCI quiere mover la Paris Roubaix a octubre"}]},{"@type":"WebSite","@id":"https:\/\/www.welovecycling.com\/es\/#website","url":"https:\/\/www.welovecycling.com\/es\/","name":"\u0160koda We Love Cycling - Spain","description":"\u0160koda WeLoveCycling Spain","potentialAction":[{"@type":"SearchAction","target":{"@type":"EntryPoint","urlTemplate":"https:\/\/www.welovecycling.com\/es\/?s={search_term_string}"},"query-input":{"@type":"PropertyValueSpecification","valueRequired":true,"valueName":"search_term_string"}}],"inLanguage":"es-ES"},{"@type":"Person","@id":"https:\/\/www.welovecycling.com\/es\/#\/schema\/person\/deb61715b5812698ee79fb96f343ccd4","name":"We Love Cycling Spain","image":{"@type":"ImageObject","inLanguage":"es-ES","@id":"https:\/\/www.welovecycling.com\/es\/#\/schema\/person\/image\/","url":"https:\/\/secure.gravatar.com\/avatar\/c824b04e6df0e37a03219d0b6481672889df542894588964102459e46513159c?s=96&d=mm&r=g","contentUrl":"https:\/\/secure.gravatar.com\/avatar\/c824b04e6df0e37a03219d0b6481672889df542894588964102459e46513159c?s=96&d=mm&r=g","caption":"We Love Cycling Spain"},"url":"https:\/\/www.welovecycling.com\/es\/author\/amunoz\/"}]}},"_links":{"self":[{"href":"https:\/\/www.welovecycling.com\/es\/wp-json\/wp\/v2\/posts\/10393","targetHints":{"allow":["GET"]}}],"collection":[{"href":"https:\/\/www.welovecycling.com\/es\/wp-json\/wp\/v2\/posts"}],"about":[{"href":"https:\/\/www.welovecycling.com\/es\/wp-json\/wp\/v2\/types\/post"}],"author":[{"embeddable":true,"href":"https:\/\/www.welovecycling.com\/es\/wp-json\/wp\/v2\/users\/29"}],"replies":[{"embeddable":true,"href":"https:\/\/www.welovecycling.com\/es\/wp-json\/wp\/v2\/comments?post=10393"}],"version-history":[{"count":2,"href":"https:\/\/www.welovecycling.com\/es\/wp-json\/wp\/v2\/posts\/10393\/revisions"}],"predecessor-version":[{"id":10408,"href":"https:\/\/www.welovecycling.com\/es\/wp-json\/wp\/v2\/posts\/10393\/revisions\/10408"}],"wp:featuredmedia":[{"embeddable":true,"href":"https:\/\/www.welovecycling.com\/es\/wp-json\/wp\/v2\/media\/10403"}],"wp:attachment":[{"href":"https:\/\/www.welovecycling.com\/es\/wp-json\/wp\/v2\/media?parent=10393"}],"wp:term":[{"taxonomy":"category","embeddable":true,"href":"https:\/\/www.welovecycling.com\/es\/wp-json\/wp\/v2\/categories?post=10393"},{"taxonomy":"post_tag","embeddable":true,"href":"https:\/\/www.welovecycling.com\/es\/wp-json\/wp\/v2\/tags?post=10393"},{"taxonomy":"global-categories","embeddable":true,"href":"https:\/\/www.welovecycling.com\/es\/wp-json\/wp\/v2\/global-categories?post=10393"}],"curies":[{"name":"wp","href":"https:\/\/api.w.org\/{rel}","templated":true}]}}