{"id":10389,"date":"2023-11-14T11:21:37","date_gmt":"2023-11-14T09:21:37","guid":{"rendered":"https:\/\/www.welovecycling.com\/es\/?p=10389"},"modified":"2023-11-14T11:21:37","modified_gmt":"2023-11-14T09:21:37","slug":"mercado-de-fichajes-ciclistas-2023-24-se-esta-futbolizando","status":"publish","type":"post","link":"https:\/\/www.welovecycling.com\/es\/2023\/11\/14\/mercado-de-fichajes-ciclistas-2023-24-se-esta-futbolizando\/","title":{"rendered":"Mercado de fichajes ciclistas 2023\/24: \u00bfSe est\u00e1 futbolizando?"},"content":{"rendered":"<p style=\"font-weight: 400;\"><strong>Los peri\u00f3dicos deportivos, hace a\u00f1os. utilizaban los veranos para &#8216;vender&#8217; fichajes futboleros en sus portadas. Despu\u00e9s todo cambi\u00f3 y en septiembre ya hab\u00eda rumores de fichajes para dentro de dos temporadas. En ciclismo, los meses entre Lombard\u00eda y Challenge de Mallorca eran de par\u00f3n informativo, ahora tenemos los &#8216;culebrones&#8217; de fichajes, fusiones, cambios de patrocinadores&#8230; As\u00ed est\u00e1 ahora mismo el mercado de fichajes ciclistas 2023\/2024.<\/strong><\/p>\n<p><!--more--><\/p>\n<p>En el ciclismo tambi\u00e9n se mueve el mercado de fichajes. No tanto a golpe de talonario pagando cl\u00e1usulas de rescisi\u00f3n, eso solo pas\u00f3 en el a\u00f1o 2000 con Santi Blanco entre la Once y Banesto, sino esperando a la finalizaci\u00f3n de contratos. Sobre todo porque, salvo casos extra\u00f1os, la mayor\u00eda de los corredores no firma m\u00e1s all\u00e1 de dos temporadas. Sus contratos dependen de la continuidad del patrocinador del equipo y del presupuesto que vaya a aportar y eso no siempre se puede garantizar.<\/p>\n<h2><strong>La fusi\u00f3n fallida<\/strong><\/h2>\n<p>A finales de 2023 la confirmaci\u00f3n de que Jumbo no segu\u00eda como patrocinador principal provoc\u00f3 el movimiento mas rocambolesco que los \u00faltimos 20 a\u00f1os en el mundo del ciclismo. Durante un mes, las estructuras del equipo holand\u00e9s Jumbo Visma y el belga Soudal &#8211; Quick Step o lo que es lo mismo Richard Plugge y Patrick Lefevre, estuvieron negociando una fusi\u00f3n entre ambos. Es cierto que hab\u00edan hablado algo durante el verano, pero todo se aceler\u00f3 cuando despu\u00e9s de la Vuelta a Espa\u00f1a se filtr\u00f3 la noticia y el mundo del ciclismo se fij\u00f3 en ellos.<\/p>\n<p>Despu\u00e9s de m\u00e1s de dos semanas de negociaciones no se produjo la fusi\u00f3n, pero s\u00ed varios cambios para la temporada 2024. El equipo holand\u00e9s pasar\u00e1 a llamarse <a href=\"https:\/\/www.marca.com\/ciclismo\/2023\/10\/16\/652d08e7268e3e365e8b4583.html\">Visma- Lease a Bike.<\/a> El segundo patrocinador es la divisi\u00f3n de alquiler de bicis de Cervel\u00f3, que provee de bicicletas al conjunto de <strong>Vingegaard, Van Aert y Kuss.<\/strong> Por el camino se queda Roglic, que ya hab\u00eda avanzado que se quer\u00eda marchar y que despu\u00e9s de una Vuelta convulsa dentro del equipo anunci\u00f3 que se iba al Bora. El Soudal &#8211; Quick Step seguir\u00e1 con <a href=\"https:\/\/www.welovecycling.com\/es\/2023\/09\/03\/evenepoel-la-vuelta\/\">Remco Evenepoel<\/a> de l\u00edder e incorpora a Mikel Landa, pero en esos d\u00edas de zozobra dej\u00f3 escapar, entre otros a Bagioli, Cavagna, Jakobsen y dio carta de libertad a casi toda la plantilla para buscarse su futuro. Despu\u00e9s de eso solo ha incorporado a Gianni Moscon y a varios corredores del filial.<\/p>\n<p><a href=\"https:\/\/d2p6e6u75xmxt8.cloudfront.net\/6\/2023\/09\/Vuelta-Jumbo-Visma-profimedia-0803292219-CVR.webp\"><img loading=\"lazy\" decoding=\"async\" class=\"aligncenter size-full wp-image-10261\" src=\"https:\/\/d2p6e6u75xmxt8.cloudfront.net\/6\/2023\/09\/Vuelta-Jumbo-Visma-profimedia-0803292219-CVR.webp\" alt=\"2023 La Vuelta\" width=\"990\" height=\"660\" srcset=\"https:\/\/d2p6e6u75xmxt8.cloudfront.net\/6\/2023\/09\/Vuelta-Jumbo-Visma-profimedia-0803292219-CVR.webp 990w, https:\/\/d2p6e6u75xmxt8.cloudfront.net\/6\/2023\/09\/Vuelta-Jumbo-Visma-profimedia-0803292219-CVR-300x200.webp 300w, https:\/\/d2p6e6u75xmxt8.cloudfront.net\/6\/2023\/09\/Vuelta-Jumbo-Visma-profimedia-0803292219-CVR-768x512.webp 768w, https:\/\/d2p6e6u75xmxt8.cloudfront.net\/6\/2023\/09\/Vuelta-Jumbo-Visma-profimedia-0803292219-CVR-400x267.webp 400w, https:\/\/d2p6e6u75xmxt8.cloudfront.net\/6\/2023\/09\/Vuelta-Jumbo-Visma-profimedia-0803292219-CVR-272x182.webp 272w\" sizes=\"auto, (max-width: 990px) 100vw, 990px\" \/><\/a><\/p>\n<h2><strong>El Bora de Roglic<\/strong><\/h2>\n<p>En el ciclismo actual hay seis corredores que, cuando est\u00e1n en forma, son pr\u00e1cticamente imbatibles. Solo se pueden pelear entre ellos. <strong>Van Aert, Van der Poel, Pogacar, Roglic, Vingegaard y Remco Evenepoel.<\/strong> Por eso no era normal que un equipo, el Jumbo Visma, tuviese al 50% de las grandes estrellas. Para 2023 ya hab\u00eda decidido separar a sus l\u00edderes en las Grandes Vueltas. Para Roglic el Giro, para Vingegaard el Tour. Estaba previsto que en La Vuelta solo estuviese el esloveno, pero se apunt\u00f3 a \u00faltima hora el dan\u00e9s. El resultado lo pudimos ver en la carretera. El beneficiado fue Kuss, pero <a href=\"https:\/\/www.welovecycling.com\/es\/2023\/03\/29\/roglic-vs-evenepoel-una-rivalidad-que-solo-acaba-de-empezar\/\">Roglic<\/a> ten\u00eda todas las papeletas para salir del equipo si quer\u00eda optar al Tour de Francia 2024.<\/p>\n<p>Hubo rumores todo el verano. Movistar, Ineos&#8230; y al final el esloveno ha fichado por un Bora que est\u00e1 cambiando su rol para optar a grandes vueltas. Ya gan\u00f3 el Giro 2022 con Hindley y para 2024 se ha reforzado con Daniel Felipe Mart\u00ednez, que deja Ineos. El conjunto alem\u00e1n puede presentar un bloque muy solido para el Tour de 2024 con Roglic, Martinez, Higuita, Hindley, Knmna, Jungels, Vlasov&#8230;. y Uijtdebroeks, la joven perla belga que ya dio muestras de calidad en La Vuelta 2024<\/p>\n<h2><strong>El culebr\u00f3n Carlos Rodr\u00edguez<\/strong><\/h2>\n<p>En el mes de mayo todas las webs especializadas daban por hecho el fichaje de <strong>Carlos Rodr\u00edguez<\/strong> por el Movistar. Hab\u00eda un precontrato con el equipo de Eusebio Unzu\u00e9 y parec\u00eda un movimiento l\u00f3gico para ambos. El conjunto navarro hab\u00eda perdido a Alejandro Valverde y Enric Mas no parec\u00eda dar la talla suficiente para optar al Tour y La Vuelta. Carlos Rodr\u00edguez, con una trayector\u00eda ascendente, era el recambio perfecto.<\/p>\n<p>Pero el <strong>Tour de Francia 2023 de Carlos Rodr\u00edguez fue el mejor de los tres l\u00edderes del equipo Ineos<\/strong>. Se llev\u00f3 una etapa por delante de Vingegaard y Pogacar, estuvo con opciones de podio hasta su ca\u00edda y demostr\u00f3 que era un hombre adecuado para vueltas de tres semanas. Algo que no pudo hacer Pidcock que se acab\u00f3 desinflando en los Alpes. As\u00ed que despu\u00e9s del Tour todo cambi\u00f3. Ineos quiso amarrar al ciclista de Almu\u00f1ecar, sobre todo despu\u00e9s de ver como Roglic se les alejaba y que Tao ya hab\u00eda firmado por Trek. Se iban a quedar sin un gran l\u00edder para el Tour y eso en una estructura que compite en presupuesto con las m\u00e1s potentes del mundo era inconcebible. As\u00ed que convencieron a Carlos, que rompi\u00f3 su precontrato con Movistar y en La Vuelta ya anunci\u00f3 que renovaba su compromiso con los ingleses.<\/p>\n<h2><strong>Lidl Trek y Movistar<\/strong><\/h2>\n<p>La llegada de Lidl como nuevo patrocinador a mitad de 2023 (se cambi\u00f3 el nombre justo antes del Tour) ha dado nuevos aires al conjuuto norteamericano. M\u00e1s presupuesto para hacerse con un l\u00edder para las grandes vueltas. El fichaje de<strong> Tao<\/strong>, que venci\u00f3 el Giro de 2020, da alas a un equipo que ya ten\u00eda a <strong>Ciccone y Skeljmose,<\/strong> dos seguros de vida para cazar etapas, y al que tambi\u00e9n llegan Bagioli, Verona, Oomen, Konrad y el vers\u00e1til Jonathan Milan.<\/p>\n<p>Movistar ha empezado a buscar un segundo patrocinador para poder hacer movimientos similares al de Trek. As\u00ed lo anunci\u00f3 en septiembre, pero todav\u00eda no se ha confirmado nada. Su presupuesto, por ahora, es similar al de a\u00f1os anteriores. Por eso no ha podido renovar a Matteo Jorgenson, su ciclista joven con m\u00e1s proyecci\u00f3n, que se va a Jumbo, y el fichaje estrella es <strong>Nairo Quintana,<\/strong> que vuelve despu\u00e9s de estar un a\u00f1o en el dique seco por su positivo por Tramadol en el Tour.<\/p>\n<p><a href=\"https:\/\/d2p6e6u75xmxt8.cloudfront.net\/6\/2018\/03\/profimedia-0362386674.jpg\"><img loading=\"lazy\" decoding=\"async\" class=\"size-large wp-image-2403\" src=\"https:\/\/d2p6e6u75xmxt8.cloudfront.net\/6\/2018\/03\/profimedia-0362386674-1024x682.jpg\" alt=\"\" width=\"1024\" height=\"682\" srcset=\"https:\/\/d2p6e6u75xmxt8.cloudfront.net\/6\/2018\/03\/profimedia-0362386674-1024x682.jpg 1024w, https:\/\/d2p6e6u75xmxt8.cloudfront.net\/6\/2018\/03\/profimedia-0362386674-300x200.jpg 300w, https:\/\/d2p6e6u75xmxt8.cloudfront.net\/6\/2018\/03\/profimedia-0362386674-768x512.jpg 768w, https:\/\/d2p6e6u75xmxt8.cloudfront.net\/6\/2018\/03\/profimedia-0362386674-272x182.jpg 272w, https:\/\/d2p6e6u75xmxt8.cloudfront.net\/6\/2018\/03\/profimedia-0362386674.jpg 1250w\" sizes=\"auto, (max-width: 1024px) 100vw, 1024px\" \/><\/a><\/p>\n","protected":false},"excerpt":{"rendered":"<p>Los peri\u00f3dicos deportivos, hace a\u00f1os. utilizaban los veranos para &#8216;vender&#8217; fichajes futboleros en sus portadas. Despu\u00e9s todo cambi\u00f3 y en [&hellip;]<\/p>\n","protected":false},"author":29,"featured_media":9225,"comment_status":"open","ping_status":"open","sticky":false,"template":"","format":"standard","meta":{"footnotes":""},"categories":[7],"tags":[],"global-categories":[1164],"class_list":["post-10389","post","type-post","status-publish","format-standard","has-post-thumbnail","hentry","category-carretera","global-categories-cycling"],"yoast_head":"<!-- This site is optimized with the Yoast SEO Premium plugin v25.3 (Yoast SEO v25.9) - https:\/\/yoast.com\/wordpress\/plugins\/seo\/ -->\n<title>Mercado de fichajes ciclistas 2023\/24: \u00bfSe est\u00e1 futbolizando? - \u0160koda We Love Cycling - Spain<\/title>\n<meta name=\"description\" content=\"Mercado de fichajes ciclistas 2023\/2024 \u00bfSe est\u00e1 futbolizando? Rumores, culebrones, fusiones, fichajes, sanciones.... Un invierno movido.\" \/>\n<meta name=\"robots\" content=\"index, follow, max-snippet:-1, max-image-preview:large, max-video-preview:-1\" \/>\n<link rel=\"canonical\" href=\"https:\/\/www.welovecycling.com\/es\/2023\/11\/14\/mercado-de-fichajes-ciclistas-2023-24-se-esta-futbolizando\/\" \/>\n<meta property=\"og:locale\" content=\"es_ES\" \/>\n<meta property=\"og:type\" content=\"article\" \/>\n<meta property=\"og:title\" content=\"Mercado de fichajes ciclistas 2023\/24: \u00bfSe est\u00e1 futbolizando?\" \/>\n<meta property=\"og:description\" content=\"Mercado de fichajes ciclistas 2023\/2024 \u00bfSe est\u00e1 futbolizando? Rumores, culebrones, fusiones, fichajes, sanciones.... Un invierno movido.\" \/>\n<meta property=\"og:url\" content=\"https:\/\/www.welovecycling.com\/es\/2023\/11\/14\/mercado-de-fichajes-ciclistas-2023-24-se-esta-futbolizando\/\" \/>\n<meta property=\"og:site_name\" content=\"\u0160koda We Love Cycling - Spain\" \/>\n<meta property=\"article:published_time\" content=\"2023-11-14T09:21:37+00:00\" \/>\n<meta property=\"og:image\" content=\"https:\/\/d2p6e6u75xmxt8.cloudfront.net\/6\/2022\/08\/Primoz-Roglic-SKODA-Green-Jersey-La-Vuelta-profimedia-0715187548-CVR.jpg\" \/>\n\t<meta property=\"og:image:width\" content=\"990\" \/>\n\t<meta property=\"og:image:height\" content=\"660\" \/>\n\t<meta property=\"og:image:type\" content=\"image\/jpeg\" \/>\n<meta name=\"author\" content=\"We Love Cycling Spain\" \/>\n<meta name=\"twitter:card\" content=\"summary_large_image\" \/>\n<meta name=\"twitter:description\" content=\"Mercado de fichajes ciclistas 2023\/2024 \u00bfSe est\u00e1 futbolizando? Rumores, culebrones, fusiones, fichajes, sanciones.... Un invierno movido.\" \/>\n<meta name=\"twitter:label1\" content=\"Written by\" \/>\n\t<meta name=\"twitter:data1\" content=\"Luis Ortega @ciclored\" \/>\n\t<meta name=\"twitter:label2\" content=\"Est. reading time\" \/>\n\t<meta name=\"twitter:data2\" content=\"5 minutes\" \/>\n<script type=\"application\/ld+json\" class=\"yoast-schema-graph\">{\"@context\":\"https:\/\/schema.org\",\"@graph\":[{\"@type\":\"WebPage\",\"@id\":\"https:\/\/www.welovecycling.com\/es\/2023\/11\/14\/mercado-de-fichajes-ciclistas-2023-24-se-esta-futbolizando\/\",\"url\":\"https:\/\/www.welovecycling.com\/es\/2023\/11\/14\/mercado-de-fichajes-ciclistas-2023-24-se-esta-futbolizando\/\",\"name\":\"Mercado de fichajes ciclistas 2023\/24: \u00bfSe est\u00e1 futbolizando? - \u0160koda We Love Cycling - Spain\",\"isPartOf\":{\"@id\":\"https:\/\/www.welovecycling.com\/es\/#website\"},\"primaryImageOfPage\":{\"@id\":\"https:\/\/www.welovecycling.com\/es\/2023\/11\/14\/mercado-de-fichajes-ciclistas-2023-24-se-esta-futbolizando\/#primaryimage\"},\"image\":{\"@id\":\"https:\/\/www.welovecycling.com\/es\/2023\/11\/14\/mercado-de-fichajes-ciclistas-2023-24-se-esta-futbolizando\/#primaryimage\"},\"thumbnailUrl\":\"https:\/\/d2p6e6u75xmxt8.cloudfront.net\/6\/2022\/08\/Primoz-Roglic-SKODA-Green-Jersey-La-Vuelta-profimedia-0715187548-CVR.jpg\",\"datePublished\":\"2023-11-14T09:21:37+00:00\",\"author\":{\"@id\":\"https:\/\/www.welovecycling.com\/es\/#\/schema\/person\/deb61715b5812698ee79fb96f343ccd4\"},\"description\":\"Mercado de fichajes ciclistas 2023\/2024 \u00bfSe est\u00e1 futbolizando? Rumores, culebrones, fusiones, fichajes, sanciones.... Un invierno movido.\",\"breadcrumb\":{\"@id\":\"https:\/\/www.welovecycling.com\/es\/2023\/11\/14\/mercado-de-fichajes-ciclistas-2023-24-se-esta-futbolizando\/#breadcrumb\"},\"inLanguage\":\"es-ES\",\"potentialAction\":[{\"@type\":\"ReadAction\",\"target\":[\"https:\/\/www.welovecycling.com\/es\/2023\/11\/14\/mercado-de-fichajes-ciclistas-2023-24-se-esta-futbolizando\/\"]}]},{\"@type\":\"ImageObject\",\"inLanguage\":\"es-ES\",\"@id\":\"https:\/\/www.welovecycling.com\/es\/2023\/11\/14\/mercado-de-fichajes-ciclistas-2023-24-se-esta-futbolizando\/#primaryimage\",\"url\":\"https:\/\/d2p6e6u75xmxt8.cloudfront.net\/6\/2022\/08\/Primoz-Roglic-SKODA-Green-Jersey-La-Vuelta-profimedia-0715187548-CVR.jpg\",\"contentUrl\":\"https:\/\/d2p6e6u75xmxt8.cloudfront.net\/6\/2022\/08\/Primoz-Roglic-SKODA-Green-Jersey-La-Vuelta-profimedia-0715187548-CVR.jpg\",\"width\":990,\"height\":660,\"caption\":\"Rogli\u010d at La Vuelta\"},{\"@type\":\"BreadcrumbList\",\"@id\":\"https:\/\/www.welovecycling.com\/es\/2023\/11\/14\/mercado-de-fichajes-ciclistas-2023-24-se-esta-futbolizando\/#breadcrumb\",\"itemListElement\":[{\"@type\":\"ListItem\",\"position\":1,\"name\":\"Home\",\"item\":\"https:\/\/www.welovecycling.com\/es\/\"},{\"@type\":\"ListItem\",\"position\":2,\"name\":\"Mercado de fichajes ciclistas 2023\/24: \u00bfSe est\u00e1 futbolizando?\"}]},{\"@type\":\"WebSite\",\"@id\":\"https:\/\/www.welovecycling.com\/es\/#website\",\"url\":\"https:\/\/www.welovecycling.com\/es\/\",\"name\":\"\u0160koda We Love Cycling - Spain\",\"description\":\"\u0160koda WeLoveCycling Spain\",\"potentialAction\":[{\"@type\":\"SearchAction\",\"target\":{\"@type\":\"EntryPoint\",\"urlTemplate\":\"https:\/\/www.welovecycling.com\/es\/?s={search_term_string}\"},\"query-input\":{\"@type\":\"PropertyValueSpecification\",\"valueRequired\":true,\"valueName\":\"search_term_string\"}}],\"inLanguage\":\"es-ES\"},{\"@type\":\"Person\",\"@id\":\"https:\/\/www.welovecycling.com\/es\/#\/schema\/person\/deb61715b5812698ee79fb96f343ccd4\",\"name\":\"We Love Cycling Spain\",\"image\":{\"@type\":\"ImageObject\",\"inLanguage\":\"es-ES\",\"@id\":\"https:\/\/www.welovecycling.com\/es\/#\/schema\/person\/image\/\",\"url\":\"https:\/\/secure.gravatar.com\/avatar\/c824b04e6df0e37a03219d0b6481672889df542894588964102459e46513159c?s=96&d=mm&r=g\",\"contentUrl\":\"https:\/\/secure.gravatar.com\/avatar\/c824b04e6df0e37a03219d0b6481672889df542894588964102459e46513159c?s=96&d=mm&r=g\",\"caption\":\"We Love Cycling Spain\"},\"url\":\"https:\/\/www.welovecycling.com\/es\/author\/amunoz\/\"}]}<\/script>\n<!-- \/ Yoast SEO Premium plugin. -->","yoast_head_json":{"title":"Mercado de fichajes ciclistas 2023\/24: \u00bfSe est\u00e1 futbolizando? - \u0160koda We Love Cycling - Spain","description":"Mercado de fichajes ciclistas 2023\/2024 \u00bfSe est\u00e1 futbolizando? Rumores, culebrones, fusiones, fichajes, sanciones.... Un invierno movido.","robots":{"index":"index","follow":"follow","max-snippet":"max-snippet:-1","max-image-preview":"max-image-preview:large","max-video-preview":"max-video-preview:-1"},"canonical":"https:\/\/www.welovecycling.com\/es\/2023\/11\/14\/mercado-de-fichajes-ciclistas-2023-24-se-esta-futbolizando\/","og_locale":"es_ES","og_type":"article","og_title":"Mercado de fichajes ciclistas 2023\/24: \u00bfSe est\u00e1 futbolizando?","og_description":"Mercado de fichajes ciclistas 2023\/2024 \u00bfSe est\u00e1 futbolizando? Rumores, culebrones, fusiones, fichajes, sanciones.... Un invierno movido.","og_url":"https:\/\/www.welovecycling.com\/es\/2023\/11\/14\/mercado-de-fichajes-ciclistas-2023-24-se-esta-futbolizando\/","og_site_name":"\u0160koda We Love Cycling - Spain","article_published_time":"2023-11-14T09:21:37+00:00","og_image":[{"width":990,"height":660,"url":"https:\/\/d2p6e6u75xmxt8.cloudfront.net\/6\/2022\/08\/Primoz-Roglic-SKODA-Green-Jersey-La-Vuelta-profimedia-0715187548-CVR.jpg","type":"image\/jpeg"}],"author":"We Love Cycling Spain","twitter_card":"summary_large_image","twitter_description":"Mercado de fichajes ciclistas 2023\/2024 \u00bfSe est\u00e1 futbolizando? Rumores, culebrones, fusiones, fichajes, sanciones.... Un invierno movido.","twitter_misc":{"Written by":"Luis Ortega @ciclored","Est. reading time":"5 minutes"},"schema":{"@context":"https:\/\/schema.org","@graph":[{"@type":"WebPage","@id":"https:\/\/www.welovecycling.com\/es\/2023\/11\/14\/mercado-de-fichajes-ciclistas-2023-24-se-esta-futbolizando\/","url":"https:\/\/www.welovecycling.com\/es\/2023\/11\/14\/mercado-de-fichajes-ciclistas-2023-24-se-esta-futbolizando\/","name":"Mercado de fichajes ciclistas 2023\/24: \u00bfSe est\u00e1 futbolizando? - \u0160koda We Love Cycling - Spain","isPartOf":{"@id":"https:\/\/www.welovecycling.com\/es\/#website"},"primaryImageOfPage":{"@id":"https:\/\/www.welovecycling.com\/es\/2023\/11\/14\/mercado-de-fichajes-ciclistas-2023-24-se-esta-futbolizando\/#primaryimage"},"image":{"@id":"https:\/\/www.welovecycling.com\/es\/2023\/11\/14\/mercado-de-fichajes-ciclistas-2023-24-se-esta-futbolizando\/#primaryimage"},"thumbnailUrl":"https:\/\/d2p6e6u75xmxt8.cloudfront.net\/6\/2022\/08\/Primoz-Roglic-SKODA-Green-Jersey-La-Vuelta-profimedia-0715187548-CVR.jpg","datePublished":"2023-11-14T09:21:37+00:00","author":{"@id":"https:\/\/www.welovecycling.com\/es\/#\/schema\/person\/deb61715b5812698ee79fb96f343ccd4"},"description":"Mercado de fichajes ciclistas 2023\/2024 \u00bfSe est\u00e1 futbolizando? Rumores, culebrones, fusiones, fichajes, sanciones.... Un invierno movido.","breadcrumb":{"@id":"https:\/\/www.welovecycling.com\/es\/2023\/11\/14\/mercado-de-fichajes-ciclistas-2023-24-se-esta-futbolizando\/#breadcrumb"},"inLanguage":"es-ES","potentialAction":[{"@type":"ReadAction","target":["https:\/\/www.welovecycling.com\/es\/2023\/11\/14\/mercado-de-fichajes-ciclistas-2023-24-se-esta-futbolizando\/"]}]},{"@type":"ImageObject","inLanguage":"es-ES","@id":"https:\/\/www.welovecycling.com\/es\/2023\/11\/14\/mercado-de-fichajes-ciclistas-2023-24-se-esta-futbolizando\/#primaryimage","url":"https:\/\/d2p6e6u75xmxt8.cloudfront.net\/6\/2022\/08\/Primoz-Roglic-SKODA-Green-Jersey-La-Vuelta-profimedia-0715187548-CVR.jpg","contentUrl":"https:\/\/d2p6e6u75xmxt8.cloudfront.net\/6\/2022\/08\/Primoz-Roglic-SKODA-Green-Jersey-La-Vuelta-profimedia-0715187548-CVR.jpg","width":990,"height":660,"caption":"Rogli\u010d at La Vuelta"},{"@type":"BreadcrumbList","@id":"https:\/\/www.welovecycling.com\/es\/2023\/11\/14\/mercado-de-fichajes-ciclistas-2023-24-se-esta-futbolizando\/#breadcrumb","itemListElement":[{"@type":"ListItem","position":1,"name":"Home","item":"https:\/\/www.welovecycling.com\/es\/"},{"@type":"ListItem","position":2,"name":"Mercado de fichajes ciclistas 2023\/24: \u00bfSe est\u00e1 futbolizando?"}]},{"@type":"WebSite","@id":"https:\/\/www.welovecycling.com\/es\/#website","url":"https:\/\/www.welovecycling.com\/es\/","name":"\u0160koda We Love Cycling - Spain","description":"\u0160koda WeLoveCycling Spain","potentialAction":[{"@type":"SearchAction","target":{"@type":"EntryPoint","urlTemplate":"https:\/\/www.welovecycling.com\/es\/?s={search_term_string}"},"query-input":{"@type":"PropertyValueSpecification","valueRequired":true,"valueName":"search_term_string"}}],"inLanguage":"es-ES"},{"@type":"Person","@id":"https:\/\/www.welovecycling.com\/es\/#\/schema\/person\/deb61715b5812698ee79fb96f343ccd4","name":"We Love Cycling Spain","image":{"@type":"ImageObject","inLanguage":"es-ES","@id":"https:\/\/www.welovecycling.com\/es\/#\/schema\/person\/image\/","url":"https:\/\/secure.gravatar.com\/avatar\/c824b04e6df0e37a03219d0b6481672889df542894588964102459e46513159c?s=96&d=mm&r=g","contentUrl":"https:\/\/secure.gravatar.com\/avatar\/c824b04e6df0e37a03219d0b6481672889df542894588964102459e46513159c?s=96&d=mm&r=g","caption":"We Love Cycling Spain"},"url":"https:\/\/www.welovecycling.com\/es\/author\/amunoz\/"}]}},"_links":{"self":[{"href":"https:\/\/www.welovecycling.com\/es\/wp-json\/wp\/v2\/posts\/10389","targetHints":{"allow":["GET"]}}],"collection":[{"href":"https:\/\/www.welovecycling.com\/es\/wp-json\/wp\/v2\/posts"}],"about":[{"href":"https:\/\/www.welovecycling.com\/es\/wp-json\/wp\/v2\/types\/post"}],"author":[{"embeddable":true,"href":"https:\/\/www.welovecycling.com\/es\/wp-json\/wp\/v2\/users\/29"}],"replies":[{"embeddable":true,"href":"https:\/\/www.welovecycling.com\/es\/wp-json\/wp\/v2\/comments?post=10389"}],"version-history":[{"count":1,"href":"https:\/\/www.welovecycling.com\/es\/wp-json\/wp\/v2\/posts\/10389\/revisions"}],"predecessor-version":[{"id":10390,"href":"https:\/\/www.welovecycling.com\/es\/wp-json\/wp\/v2\/posts\/10389\/revisions\/10390"}],"wp:featuredmedia":[{"embeddable":true,"href":"https:\/\/www.welovecycling.com\/es\/wp-json\/wp\/v2\/media\/9225"}],"wp:attachment":[{"href":"https:\/\/www.welovecycling.com\/es\/wp-json\/wp\/v2\/media?parent=10389"}],"wp:term":[{"taxonomy":"category","embeddable":true,"href":"https:\/\/www.welovecycling.com\/es\/wp-json\/wp\/v2\/categories?post=10389"},{"taxonomy":"post_tag","embeddable":true,"href":"https:\/\/www.welovecycling.com\/es\/wp-json\/wp\/v2\/tags?post=10389"},{"taxonomy":"global-categories","embeddable":true,"href":"https:\/\/www.welovecycling.com\/es\/wp-json\/wp\/v2\/global-categories?post=10389"}],"curies":[{"name":"wp","href":"https:\/\/api.w.org\/{rel}","templated":true}]}}