{"id":10379,"date":"2023-11-09T20:04:10","date_gmt":"2023-11-09T18:04:10","guid":{"rendered":"https:\/\/www.welovecycling.com\/es\/?p=10379"},"modified":"2023-11-09T20:04:10","modified_gmt":"2023-11-09T18:04:10","slug":"suecia-gravel","status":"publish","type":"post","link":"https:\/\/www.welovecycling.com\/es\/2023\/11\/09\/suecia-gravel\/","title":{"rendered":"Suecia Gravel: 12 dias, 2,250 kil\u00f3metros, 20.000 metros de desnivel"},"content":{"rendered":"<p style=\"font-weight: 400;\"><strong>\u00bfHa so\u00f1ado alguna vez con recorrer Suecia en gravel de norte a sur? Suena tentador, \u00bfverdad? Una aut\u00e9ntica aventura en la que recorrer los caminos de grava y las peque\u00f1as carreteras por las zonas m\u00e1s bellas del pa\u00eds n\u00f3rdico. Bueno, si es as\u00ed, puede resultar ser un bocado que en realidad no podr\u00e1s masticar.<\/strong><\/p>\n<p><!--more--><\/p>\n<p style=\"font-weight: 400;\">El documental de \u0160koda Unmapping Sweden, en el que seis valientes ciclistas se enfrentan a la tit\u00e1nica tarea de recorrer los 2.250 km que separan Kiruna, en el norte, de Smygehuk, en el sur, te dar\u00e1 alguna que otra pista. \u00bfEst\u00e1s listo para unirte a ellos en este traicionero viaje? \u00bfEst\u00e1s listo para ponerte en su piel durante unos 40 minutos y sentir lo que es recorrer m\u00e1s de 2.250 kil\u00f3metros en menos de 12 d\u00edas?<\/p>\n<lite-youtube videoid=LIKG_lrrQd0 params=\"enablejsapi=1\" style=\"background-image: url('https:\/\/i.ytimg.com\/vi_webp\/LIKG_lrrQd0\/maxresdefault.webp');\"><\/lite-youtube>\n<h2><strong>Antes de la carrera<\/strong><\/h2>\n<p style=\"font-weight: 400;\">La ruta pone a prueba la voluntad de los<a href=\"https:\/\/www.welovecycling.com\/es\/2023\/04\/19\/entrenamiento-gravel\/\"> graveleros.<\/a> M\u00e1s que una carrera, es un experimento social. Naturalmente, no cualquiera podr\u00eda haber sido elegido para participar. De 1.800 aspirantes, s\u00f3lo seis pasaron el corte: Kajsa, Maja, Mattias, Amir, Andreas y Marie. Aun as\u00ed, antes de emprender este largo y agotador viaje, fueron sometidos a exhaustivas pruebas f\u00edsicas y mentales. Tales distancias pueden parecer pan comido sobre el papel, pero una vez en la carretera, cada kil\u00f3metro te clava otro clavo en los m\u00fasculos y te abre otra peque\u00f1a fractura en la cabeza. Por eso, un viaje tan largo requiere ayuda profesional.<\/p>\n<p style=\"font-weight: 400;\">Todos los participantes estaban muy preparados para el recorrido. Ten\u00edan en su palmar\u00e9s kilometrajes fenomenales, pero nada tan exigente como 2.250 km con 20.000 metros de desnivel. Por ello, \u0160koda les proporcion\u00f3 un <a href=\"https:\/\/www.welovecycling.com\/wide\/2023\/07\/04\/the-tdf-training-strategies-of-pro-cyclists-throughout-the-years\/\">campo de entrenamiento<\/a> muy intensivo antes de emprender el viaje.<\/p>\n<h2><strong>La carrera<\/strong><\/h2>\n<p style=\"font-weight: 400;\">La carrera en s\u00ed es nada menos que una ruta de ensue\u00f1o. Atraviesa algunas de las zonas m\u00e1s bellas de Suecia, llenas de vida salvaje, belleza natural y, por desgracia para los competidores, muchos mosquitos. La ruta comienza en Kiruna, en el norte de Suecia. Se extiende a lo largo de 2.250 kil\u00f3metros hasta Smygehuk. Por el camino, todos los ciclistas recorrieron m\u00e1s de 20.000 metros de desnivel. El truco: ten\u00edan que hacerlo en menos de 12 d\u00edas. Por lo tanto, las matem\u00e1ticas indican que los ciclistas tuvieron que recorrer m\u00e1s de 200 kil\u00f3metros al d\u00eda. Por el camino, ten\u00edan que ser autosuficientes. Eso significa que todo lo que necesitaban deb\u00eda estar en su bicicleta: comida, equipo para dormir, ropa. As\u00ed que, \u00bfadivinas lo pesadas que llegaron a ser las bicicletas?<\/p>\n<lite-youtube videoid=q0sUB0fid0k params=\"enablejsapi=1\" style=\"background-image: url('https:\/\/i.ytimg.com\/vi_webp\/q0sUB0fid0k\/maxresdefault.webp');\"><\/lite-youtube>\n<h2><strong>La salida<\/strong><\/h2>\n<p style=\"font-weight: 400;\">Contemplar las caras de los participantes en la salida era ilusionante. O bien no se daban cuenta de lo que se les ven\u00eda encima, o bien a\u00fan estaban llenos de adrenalina por haber iniciado este viaje \u00e9pico. Su energ\u00eda era simplemente contagiosa, y viendo el documental, uno no puede evitar sentirse tambi\u00e9n parte del equipo \u0160koda. La primera duda surge cuando los participantes miden el peso de su bicicleta: 20-22 kg. Puede parecer poco, pero llevar semejante carga durante 12 d\u00edas seguidos a raz\u00f3n de m\u00e1s de 200 km diarios es poco menos que una tortura, como los h\u00e9roes estaban a punto de descubrir.<\/p>\n<h2><strong>Los problemas<\/strong><\/h2>\n<p>El primer d\u00eda no hubo m\u00e1s que diversi\u00f3n. Bromas, risas y buenos momentos acompa\u00f1aron a los participantes. Por desgracia, dur\u00f3 poco. No es sencillo atravesar Suecia con gravel.<\/p>\n<p>Lo m\u00e1s interesante de todo el documental es c\u00f3mo viven los participantes en sus bicis. Toda su rutina &#8211; c\u00f3mo duermen, c\u00f3mo se protegen de los mosquitos y c\u00f3mo comen &#8211; se representa como si estuvieras all\u00ed. La moral alta se ve r\u00e1pidamente ahogada por la primera tormenta, que r\u00e1pidamente se convierte en una tormenta de granizo y truenos.<\/p>\n<p>Comienza entonces el declive mental y f\u00edsico. El hambre, el dolor, el insomnio, la fatiga. Todo est\u00e1 captado con brillantez. Y si no lloras al final de la segunda parte, es que eres de acero.<\/p>\n<lite-youtube videoid=nqbYoCS2Mpk params=\"enablejsapi=1\" style=\"background-image: url('https:\/\/i.ytimg.com\/vi_webp\/nqbYoCS2Mpk\/maxresdefault.webp');\"><\/lite-youtube>\n<h2><strong>El final<\/strong><\/h2>\n<p>Al final del documental, llorar\u00e1s, reir\u00e1s y sentir\u00e1s rabia y remordimiento junto con los participantes. Sentir\u00e1s su dolor, su hambre, su agotamiento y su angustia. Recibir\u00e1 con l\u00e1grimas en los ojos un apoyo inesperado y recuperar\u00e1 la fe en la humanidad. Una vez m\u00e1s, se sentir\u00e1 parte de una comunidad, de algo m\u00e1s grande. Pero lo m\u00e1s importante es que al final, a orillas del Mar B\u00e1ltico, lo celebrar\u00e1s junto con los finalistas y todo el equipo \u0160koda que lo hizo posible.<\/p>\n<p>Ralph Waldo Emerson dijo una vez: &#8220;No es el destino, es el viaje&#8221;, pero en <a href=\"https:\/\/www.youtube.com\/watch?v=LIKG_lrrQd0\">Unmapping Sweden<\/a> se trata de ambas cosas. Se trata de los ciclistas que vencieron las adversidades, la angustia, el tiempo, todas sus barreras mentales y consiguieron conquistar no s\u00f3lo la naturaleza sueca, sino a s\u00ed mismos por el camino.<\/p>\n<p>\u00danase a los h\u00e9roes en su camino y vea todo el emocionante documental. Es una aventura que no querr\u00e1 perderse.<\/p>\n","protected":false},"excerpt":{"rendered":"<p>\u00bfHa so\u00f1ado alguna vez con recorrer Suecia en gravel de norte a sur? Suena tentador, \u00bfverdad? Una aut\u00e9ntica aventura en [&hellip;]<\/p>\n","protected":false},"author":29,"featured_media":10380,"comment_status":"open","ping_status":"open","sticky":false,"template":"","format":"standard","meta":{"footnotes":""},"categories":[9],"tags":[],"global-categories":[],"class_list":["post-10379","post","type-post","status-publish","format-standard","has-post-thumbnail","hentry","category-mtb-aventura"],"yoast_head":"<!-- This site is optimized with the Yoast SEO Premium plugin v25.3 (Yoast SEO v25.9) - https:\/\/yoast.com\/wordpress\/plugins\/seo\/ -->\n<title>Unmapping Sweden: Atravesando Suecia en gravel<\/title>\n<meta name=\"description\" content=\"Unmapping Sweden: Atravesando Suecia en gravel. El documental de una carrera de 2.250 kil\u00f3metros y 12 d\u00edas para atravesar Suecia.\" \/>\n<meta name=\"robots\" content=\"index, follow, max-snippet:-1, max-image-preview:large, max-video-preview:-1\" \/>\n<link rel=\"canonical\" href=\"https:\/\/www.welovecycling.com\/es\/2023\/11\/09\/suecia-gravel\/\" \/>\n<meta property=\"og:locale\" content=\"es_ES\" \/>\n<meta property=\"og:type\" content=\"article\" \/>\n<meta property=\"og:title\" content=\"Suecia Gravel: 12 dias, 2,250 kil\u00f3metros, 20.000 metros de desnivel\" \/>\n<meta property=\"og:description\" content=\"Unmapping Sweden: Atravesando Suecia en gravel. El documental de una carrera de 2.250 kil\u00f3metros y 12 d\u00edas para atravesar Suecia.\" \/>\n<meta property=\"og:url\" content=\"https:\/\/www.welovecycling.com\/es\/2023\/11\/09\/suecia-gravel\/\" \/>\n<meta property=\"og:site_name\" content=\"\u0160koda We Love Cycling - Spain\" \/>\n<meta property=\"article:published_time\" content=\"2023-11-09T18:04:10+00:00\" \/>\n<meta property=\"og:image\" content=\"https:\/\/d2p6e6u75xmxt8.cloudfront.net\/6\/2023\/11\/Unmapping-Sweden-CVR.webp\" \/>\n\t<meta property=\"og:image:width\" content=\"990\" \/>\n\t<meta property=\"og:image:height\" content=\"660\" \/>\n\t<meta property=\"og:image:type\" content=\"image\/webp\" \/>\n<meta name=\"author\" content=\"We Love Cycling Spain\" \/>\n<meta name=\"twitter:card\" content=\"summary_large_image\" \/>\n<meta name=\"twitter:description\" content=\"Unmapping Sweden: Atravesando Suecia en gravel. El documental de una carrera de 2.250 kil\u00f3metros y 12 d\u00edas para atravesar Suecia.\" \/>\n<meta name=\"twitter:label1\" content=\"Written by\" \/>\n\t<meta name=\"twitter:data1\" content=\"Martin Atanasov\" \/>\n\t<meta name=\"twitter:label2\" content=\"Est. reading time\" \/>\n\t<meta name=\"twitter:data2\" content=\"4\" \/>\n<script type=\"application\/ld+json\" class=\"yoast-schema-graph\">{\"@context\":\"https:\/\/schema.org\",\"@graph\":[{\"@type\":\"WebPage\",\"@id\":\"https:\/\/www.welovecycling.com\/es\/2023\/11\/09\/suecia-gravel\/\",\"url\":\"https:\/\/www.welovecycling.com\/es\/2023\/11\/09\/suecia-gravel\/\",\"name\":\"Unmapping Sweden: Atravesando Suecia en gravel\",\"isPartOf\":{\"@id\":\"https:\/\/www.welovecycling.com\/es\/#website\"},\"primaryImageOfPage\":{\"@id\":\"https:\/\/www.welovecycling.com\/es\/2023\/11\/09\/suecia-gravel\/#primaryimage\"},\"image\":{\"@id\":\"https:\/\/www.welovecycling.com\/es\/2023\/11\/09\/suecia-gravel\/#primaryimage\"},\"thumbnailUrl\":\"https:\/\/d2p6e6u75xmxt8.cloudfront.net\/6\/2023\/11\/Unmapping-Sweden-CVR.webp\",\"datePublished\":\"2023-11-09T18:04:10+00:00\",\"author\":{\"@id\":\"https:\/\/www.welovecycling.com\/es\/#\/schema\/person\/deb61715b5812698ee79fb96f343ccd4\"},\"description\":\"Unmapping Sweden: Atravesando Suecia en gravel. El documental de una carrera de 2.250 kil\u00f3metros y 12 d\u00edas para atravesar Suecia.\",\"breadcrumb\":{\"@id\":\"https:\/\/www.welovecycling.com\/es\/2023\/11\/09\/suecia-gravel\/#breadcrumb\"},\"inLanguage\":\"es-ES\",\"potentialAction\":[{\"@type\":\"ReadAction\",\"target\":[\"https:\/\/www.welovecycling.com\/es\/2023\/11\/09\/suecia-gravel\/\"]}]},{\"@type\":\"ImageObject\",\"inLanguage\":\"es-ES\",\"@id\":\"https:\/\/www.welovecycling.com\/es\/2023\/11\/09\/suecia-gravel\/#primaryimage\",\"url\":\"https:\/\/d2p6e6u75xmxt8.cloudfront.net\/6\/2023\/11\/Unmapping-Sweden-CVR.webp\",\"contentUrl\":\"https:\/\/d2p6e6u75xmxt8.cloudfront.net\/6\/2023\/11\/Unmapping-Sweden-CVR.webp\",\"width\":990,\"height\":660,\"caption\":\"Unmapping Sweden\"},{\"@type\":\"BreadcrumbList\",\"@id\":\"https:\/\/www.welovecycling.com\/es\/2023\/11\/09\/suecia-gravel\/#breadcrumb\",\"itemListElement\":[{\"@type\":\"ListItem\",\"position\":1,\"name\":\"Home\",\"item\":\"https:\/\/www.welovecycling.com\/es\/\"},{\"@type\":\"ListItem\",\"position\":2,\"name\":\"Suecia Gravel: 12 dias, 2,250 kil\u00f3metros, 20.000 metros de desnivel\"}]},{\"@type\":\"WebSite\",\"@id\":\"https:\/\/www.welovecycling.com\/es\/#website\",\"url\":\"https:\/\/www.welovecycling.com\/es\/\",\"name\":\"\u0160koda We Love Cycling - Spain\",\"description\":\"\u0160koda WeLoveCycling Spain\",\"potentialAction\":[{\"@type\":\"SearchAction\",\"target\":{\"@type\":\"EntryPoint\",\"urlTemplate\":\"https:\/\/www.welovecycling.com\/es\/?s={search_term_string}\"},\"query-input\":{\"@type\":\"PropertyValueSpecification\",\"valueRequired\":true,\"valueName\":\"search_term_string\"}}],\"inLanguage\":\"es-ES\"},{\"@type\":\"Person\",\"@id\":\"https:\/\/www.welovecycling.com\/es\/#\/schema\/person\/deb61715b5812698ee79fb96f343ccd4\",\"name\":\"We Love Cycling Spain\",\"image\":{\"@type\":\"ImageObject\",\"inLanguage\":\"es-ES\",\"@id\":\"https:\/\/www.welovecycling.com\/es\/#\/schema\/person\/image\/\",\"url\":\"https:\/\/secure.gravatar.com\/avatar\/c824b04e6df0e37a03219d0b6481672889df542894588964102459e46513159c?s=96&d=mm&r=g\",\"contentUrl\":\"https:\/\/secure.gravatar.com\/avatar\/c824b04e6df0e37a03219d0b6481672889df542894588964102459e46513159c?s=96&d=mm&r=g\",\"caption\":\"We Love Cycling Spain\"},\"url\":\"https:\/\/www.welovecycling.com\/es\/author\/amunoz\/\"}]}<\/script>\n<!-- \/ Yoast SEO Premium plugin. -->","yoast_head_json":{"title":"Unmapping Sweden: Atravesando Suecia en gravel","description":"Unmapping Sweden: Atravesando Suecia en gravel. El documental de una carrera de 2.250 kil\u00f3metros y 12 d\u00edas para atravesar Suecia.","robots":{"index":"index","follow":"follow","max-snippet":"max-snippet:-1","max-image-preview":"max-image-preview:large","max-video-preview":"max-video-preview:-1"},"canonical":"https:\/\/www.welovecycling.com\/es\/2023\/11\/09\/suecia-gravel\/","og_locale":"es_ES","og_type":"article","og_title":"Suecia Gravel: 12 dias, 2,250 kil\u00f3metros, 20.000 metros de desnivel","og_description":"Unmapping Sweden: Atravesando Suecia en gravel. El documental de una carrera de 2.250 kil\u00f3metros y 12 d\u00edas para atravesar Suecia.","og_url":"https:\/\/www.welovecycling.com\/es\/2023\/11\/09\/suecia-gravel\/","og_site_name":"\u0160koda We Love Cycling - Spain","article_published_time":"2023-11-09T18:04:10+00:00","og_image":[{"width":990,"height":660,"url":"https:\/\/d2p6e6u75xmxt8.cloudfront.net\/6\/2023\/11\/Unmapping-Sweden-CVR.webp","type":"image\/webp"}],"author":"We Love Cycling Spain","twitter_card":"summary_large_image","twitter_description":"Unmapping Sweden: Atravesando Suecia en gravel. El documental de una carrera de 2.250 kil\u00f3metros y 12 d\u00edas para atravesar Suecia.","twitter_misc":{"Written by":"Martin Atanasov","Est. reading time":"4"},"schema":{"@context":"https:\/\/schema.org","@graph":[{"@type":"WebPage","@id":"https:\/\/www.welovecycling.com\/es\/2023\/11\/09\/suecia-gravel\/","url":"https:\/\/www.welovecycling.com\/es\/2023\/11\/09\/suecia-gravel\/","name":"Unmapping Sweden: Atravesando Suecia en gravel","isPartOf":{"@id":"https:\/\/www.welovecycling.com\/es\/#website"},"primaryImageOfPage":{"@id":"https:\/\/www.welovecycling.com\/es\/2023\/11\/09\/suecia-gravel\/#primaryimage"},"image":{"@id":"https:\/\/www.welovecycling.com\/es\/2023\/11\/09\/suecia-gravel\/#primaryimage"},"thumbnailUrl":"https:\/\/d2p6e6u75xmxt8.cloudfront.net\/6\/2023\/11\/Unmapping-Sweden-CVR.webp","datePublished":"2023-11-09T18:04:10+00:00","author":{"@id":"https:\/\/www.welovecycling.com\/es\/#\/schema\/person\/deb61715b5812698ee79fb96f343ccd4"},"description":"Unmapping Sweden: Atravesando Suecia en gravel. El documental de una carrera de 2.250 kil\u00f3metros y 12 d\u00edas para atravesar Suecia.","breadcrumb":{"@id":"https:\/\/www.welovecycling.com\/es\/2023\/11\/09\/suecia-gravel\/#breadcrumb"},"inLanguage":"es-ES","potentialAction":[{"@type":"ReadAction","target":["https:\/\/www.welovecycling.com\/es\/2023\/11\/09\/suecia-gravel\/"]}]},{"@type":"ImageObject","inLanguage":"es-ES","@id":"https:\/\/www.welovecycling.com\/es\/2023\/11\/09\/suecia-gravel\/#primaryimage","url":"https:\/\/d2p6e6u75xmxt8.cloudfront.net\/6\/2023\/11\/Unmapping-Sweden-CVR.webp","contentUrl":"https:\/\/d2p6e6u75xmxt8.cloudfront.net\/6\/2023\/11\/Unmapping-Sweden-CVR.webp","width":990,"height":660,"caption":"Unmapping Sweden"},{"@type":"BreadcrumbList","@id":"https:\/\/www.welovecycling.com\/es\/2023\/11\/09\/suecia-gravel\/#breadcrumb","itemListElement":[{"@type":"ListItem","position":1,"name":"Home","item":"https:\/\/www.welovecycling.com\/es\/"},{"@type":"ListItem","position":2,"name":"Suecia Gravel: 12 dias, 2,250 kil\u00f3metros, 20.000 metros de desnivel"}]},{"@type":"WebSite","@id":"https:\/\/www.welovecycling.com\/es\/#website","url":"https:\/\/www.welovecycling.com\/es\/","name":"\u0160koda We Love Cycling - Spain","description":"\u0160koda WeLoveCycling Spain","potentialAction":[{"@type":"SearchAction","target":{"@type":"EntryPoint","urlTemplate":"https:\/\/www.welovecycling.com\/es\/?s={search_term_string}"},"query-input":{"@type":"PropertyValueSpecification","valueRequired":true,"valueName":"search_term_string"}}],"inLanguage":"es-ES"},{"@type":"Person","@id":"https:\/\/www.welovecycling.com\/es\/#\/schema\/person\/deb61715b5812698ee79fb96f343ccd4","name":"We Love Cycling Spain","image":{"@type":"ImageObject","inLanguage":"es-ES","@id":"https:\/\/www.welovecycling.com\/es\/#\/schema\/person\/image\/","url":"https:\/\/secure.gravatar.com\/avatar\/c824b04e6df0e37a03219d0b6481672889df542894588964102459e46513159c?s=96&d=mm&r=g","contentUrl":"https:\/\/secure.gravatar.com\/avatar\/c824b04e6df0e37a03219d0b6481672889df542894588964102459e46513159c?s=96&d=mm&r=g","caption":"We Love Cycling Spain"},"url":"https:\/\/www.welovecycling.com\/es\/author\/amunoz\/"}]}},"_links":{"self":[{"href":"https:\/\/www.welovecycling.com\/es\/wp-json\/wp\/v2\/posts\/10379","targetHints":{"allow":["GET"]}}],"collection":[{"href":"https:\/\/www.welovecycling.com\/es\/wp-json\/wp\/v2\/posts"}],"about":[{"href":"https:\/\/www.welovecycling.com\/es\/wp-json\/wp\/v2\/types\/post"}],"author":[{"embeddable":true,"href":"https:\/\/www.welovecycling.com\/es\/wp-json\/wp\/v2\/users\/29"}],"replies":[{"embeddable":true,"href":"https:\/\/www.welovecycling.com\/es\/wp-json\/wp\/v2\/comments?post=10379"}],"version-history":[{"count":1,"href":"https:\/\/www.welovecycling.com\/es\/wp-json\/wp\/v2\/posts\/10379\/revisions"}],"predecessor-version":[{"id":10381,"href":"https:\/\/www.welovecycling.com\/es\/wp-json\/wp\/v2\/posts\/10379\/revisions\/10381"}],"wp:featuredmedia":[{"embeddable":true,"href":"https:\/\/www.welovecycling.com\/es\/wp-json\/wp\/v2\/media\/10380"}],"wp:attachment":[{"href":"https:\/\/www.welovecycling.com\/es\/wp-json\/wp\/v2\/media?parent=10379"}],"wp:term":[{"taxonomy":"category","embeddable":true,"href":"https:\/\/www.welovecycling.com\/es\/wp-json\/wp\/v2\/categories?post=10379"},{"taxonomy":"post_tag","embeddable":true,"href":"https:\/\/www.welovecycling.com\/es\/wp-json\/wp\/v2\/tags?post=10379"},{"taxonomy":"global-categories","embeddable":true,"href":"https:\/\/www.welovecycling.com\/es\/wp-json\/wp\/v2\/global-categories?post=10379"}],"curies":[{"name":"wp","href":"https:\/\/api.w.org\/{rel}","templated":true}]}}