{"id":10374,"date":"2023-11-08T12:58:03","date_gmt":"2023-11-08T10:58:03","guid":{"rendered":"https:\/\/www.welovecycling.com\/es\/?p=10374"},"modified":"2023-11-08T12:58:03","modified_gmt":"2023-11-08T10:58:03","slug":"master-en-adoquines","status":"publish","type":"post","link":"https:\/\/www.welovecycling.com\/es\/2023\/11\/08\/master-en-adoquines\/","title":{"rendered":"Master en adoquines  \u2013 \u00bfPor qu\u00e9 los atravesamos?"},"content":{"rendered":"<p style=\"font-weight: 400;\"><strong>Rodar sobre adoquines no es una experiencia especialmente agradable, sobre todo en una bicicleta de carretera sin suspensi\u00f3n. \u00bfPor qu\u00e9 los ciclistas de carretera se lo hacen a s\u00ed mismos? \u00bfY por qu\u00e9 hay carreras sobre esta superficie infernal? Veamos la explicaci\u00f3n.<\/strong><\/p>\n<p><!--more--><\/p>\n<p style=\"font-weight: 400;\">Los adoquines se han utilizado en las carreteras durante miles de a\u00f1os porque proporcionan una superficie duradera que drena el agua de lluvia, no se estropea con las heladas y no es demasiado polvorienta. Tuvieron una importancia crucial en la Edad Media, cuando los caballos y los carruajes eran el principal medio de transporte, y se convirtieron en la norma en el siglo XIX. Pero ahora estamos en el siglo XXI y hay superficies mucho m\u00e1s lisas entre las que elegir. Entonces, \u00bfpor qu\u00e9 insisten los ciclistas en rodar sobre adoquines?<\/p>\n<h2><strong>Dificultad a\u00f1adida para los profesionales<\/strong><\/h2>\n<p style=\"font-weight: 400;\">Los adoquines, tambi\u00e9n conocidos como pav\u00e9 en franc\u00e9s, se a\u00f1adieron originalmente como parte de las carreras ciclistas para aumentar la dificultad para los ciclistas. Los tramos adoquinados de estas carreras, con sus piedras dentadas y a veces sueltas, superficies resbaladizas y huecos impredecibles, crean un entorno \u00fanico y traicionero que pone a prueba las habilidades y la resistencia del pelot\u00f3n. Algunas de estas carreras son anteriores incluso al Tour de Francia y a\u00fan siguen vigentes.<\/p>\n<h2><strong>Adoquines cl\u00e1sicos<\/strong><\/h2>\n<p>Las m\u00e1s conocidas son las cl\u00e1sicas adoquinadas, 4 carreras celebradas en marzo y abril que cuentan con numerosos sectores de pav\u00e9. Dos de estas carreras se han elevado a la categor\u00eda de monumentos del ciclismo y son tan duras que incluso los corredores profesionales suelen limitarse a intentar terminarlas, por muy lejos que est\u00e9n del ganador.<\/p>\n<p><strong><a href=\"https:\/\/www.welovecycling.com\/es\/2023\/04\/12\/guia-de-adoquines-de-la-paris-roubaix\/\">Par\u00eds-Roubaix<\/a>:<\/strong> Se trata de la cl\u00e1sica adoquinada m\u00e1s antigua, disputada por primera vez en 1896. Suele considerarse la m\u00e1s dif\u00edcil de todas, con 20 sectores adoquinados.<br \/>\n<a href=\"https:\/\/www.welovecycling.com\/es\/2022\/04\/07\/tour-flandes-2022\/\"><strong>Tour de Flandes:<\/strong><\/a> Es el segundo de los 2 monumentos, junto con la Par\u00eds-Roubaix, y se corri\u00f3 por primera vez en 1913. Es famosa por sus subidas cortas y empinadas y, por supuesto, por sus numerosos tramos adoquinados.<br \/>\n<strong>Gent-Wevelgem:<\/strong> Esta cl\u00e1sica adoquinada se disputa el \u00faltimo domingo antes del Tour de Flandes y se celebra anualmente desde 1934.<br \/>\n<strong>E3 Harelbeke:<\/strong> Se corri\u00f3 por primera vez en 1958, lo que la convierte en la m\u00e1s reciente, pero se ha desarrollado plenamente hasta convertirse en un evento prestigioso y deseable.<\/p>\n<p>Ahora ya sabemos por qu\u00e9 empez\u00f3 la locura del ciclismo sobre adoquines. Es muy comprensible si tenemos en cuenta que la carrera de pav\u00e9 m\u00e1s famosa se cre\u00f3 en el siglo XIX. La pregunta sigue siendo c\u00f3mo ha sobrevivido esta problem\u00e1tica superficie ciclista en las carreras hasta nuestros d\u00edas. Una parte de la respuesta puede estar en las emocionantes historias que suelen deparar las carreras sobre adoquines.<\/p>\n<figure id=\"attachment_10375\" aria-describedby=\"caption-attachment-10375\" style=\"width: 990px\" class=\"wp-caption alignnone\"><a href=\"https:\/\/d2p6e6u75xmxt8.cloudfront.net\/6\/2023\/11\/Paris-Roubaix-Cobbles-Cycling-profimedia-0769212404.webp\"><img loading=\"lazy\" decoding=\"async\" class=\"size-full wp-image-10375\" src=\"https:\/\/d2p6e6u75xmxt8.cloudfront.net\/6\/2023\/11\/Paris-Roubaix-Cobbles-Cycling-profimedia-0769212404.webp\" alt=\"Paris-Roubaix\" width=\"990\" height=\"660\" srcset=\"https:\/\/d2p6e6u75xmxt8.cloudfront.net\/6\/2023\/11\/Paris-Roubaix-Cobbles-Cycling-profimedia-0769212404.webp 990w, https:\/\/d2p6e6u75xmxt8.cloudfront.net\/6\/2023\/11\/Paris-Roubaix-Cobbles-Cycling-profimedia-0769212404-300x200.webp 300w, https:\/\/d2p6e6u75xmxt8.cloudfront.net\/6\/2023\/11\/Paris-Roubaix-Cobbles-Cycling-profimedia-0769212404-768x512.webp 768w, https:\/\/d2p6e6u75xmxt8.cloudfront.net\/6\/2023\/11\/Paris-Roubaix-Cobbles-Cycling-profimedia-0769212404-400x267.webp 400w, https:\/\/d2p6e6u75xmxt8.cloudfront.net\/6\/2023\/11\/Paris-Roubaix-Cobbles-Cycling-profimedia-0769212404-272x182.webp 272w\" sizes=\"auto, (max-width: 990px) 100vw, 990px\" \/><\/a><figcaption id=\"caption-attachment-10375\" class=\"wp-caption-text\">Paris-Roubaix, los adoquines m\u00e1s m\u00edticos. \u00a9 Profimedia<\/figcaption><\/figure>\n<h2><strong><br \/>\nTour de Francia 2014, etapa 5<\/strong><\/h2>\n<p>La etapa del Tour de Francia 2014 de Ypres a Arenberg Porte du Hainaut, se vio empa\u00f1ada por la lluvia, que convierte el pav\u00e9 en una superficie extremadamente impredecible. A pesar de los esfuerzos de los organizadores por mitigar el caos eliminando dos sectores de pav\u00e9, las carreteras mojadas dejaron diezmado el pelot\u00f3n de varios favoritos. <a href=\"https:\/\/www.welovecycling.com\/wide\/2023\/07\/25\/the-story-of-chris-froome-and-his-legendary-mont-ventoux-push\/\">Chris Froome<\/a>, el vigente campe\u00f3n, se estrell\u00f3 antes de los primeros adoquines y abandon\u00f3 la carrera tras una segunda ca\u00edda. Otros, como Andrew Talansky y Tejay van Garderen, tambi\u00e9n se fueron al suelo, mientras que Alberto Contador perdi\u00f3 tiempo por problemas mec\u00e1nicos.<\/p>\n<p>En medio de este campo de batalla, fue Vincenzo Nibali quien mejor bail\u00f3 sobre los adoquines, distanci\u00e1ndose del resto de los favoritos. Aunque Lars Boom se hizo con la victoria del d\u00eda, fue Nibali, con una mezcla de suerte, habilidad y el apoyo de Lieuwe Westra, quien hizo la carrera y, en \u00faltima instancia, consigui\u00f3 asegurarse la victoria en la general. Se podr\u00eda argumentar que la p\u00e9rdida de muchos otros competidores de la general hizo que el Tour fuera menos emocionante, pero la emoci\u00f3n que aportaron los adoquines es innegable.<\/p>\n<h2><strong>Paris-Roubaix 2016<\/strong><\/h2>\n<p>Mat Hayman ten\u00eda fama de ser un gregario fiel y trabajador que renunciaba a sus ambiciones de ganar carreras en favor de ayudar a sus compa\u00f1eros de equipo. Pero los adoquines de la Par\u00eds-Roubaix de 2016 le depararon algo totalmente inesperado: la mayor victoria de toda su carrera. Lleg\u00f3 a la carrera como un veterano, aparentemente pasado de vueltas, que ten\u00eda pocas probabilidades de estar siquiera en el sprint final. Su triunfo sobre el tetracampe\u00f3n de Roubaix, Tom Boonen, fue po\u00e9tico. Boonen parec\u00eda destinado a una hist\u00f3rica 5\u00aa victoria, pero en lugar de eso, tuvimos una gran sorpresa.<\/p>\n<p>Varios a\u00f1os antes, Hayman estaba en posici\u00f3n de ganar, pero un error t\u00e1ctico le cost\u00f3 el triunfo. Parec\u00eda que esa podr\u00eda haber sido la mejor oportunidad de Hayman de ganar el monumento. En 2016, era mayor y tambi\u00e9n se recuperaba de una lesi\u00f3n que le oblig\u00f3 a entrenar bajo techo durante la mayor parte de marzo. La inesperada victoria de Hayman es un testimonio del poder de la garra y la determinaci\u00f3n.<\/p>\n<h2><strong>Impacto en la cultura ciclista<\/strong><\/h2>\n<p>Historias como las anteriores pasan a formar parte de la tradici\u00f3n ciclista y atraen a las nuevas generaciones hacia los adoquines. Y no se trata s\u00f3lo de los ciclistas que intentan probarse a s\u00ed mismos, sino tambi\u00e9n de los espectadores que disfrutan con los emocionantes e impredecibles desenlaces, y los desaf\u00edos inusuales. Parece que, tanto si lo practicas t\u00fa mismo como si ves a otros hacerlo, el pav\u00e9 tiene alguna cualidad m\u00edtica que le permite sobrevivir.<\/p>\n<p>Si te ha picado el gusanillo del adoqu\u00edn, sigue leyendo. La pr\u00f3xima vez veremos c\u00f3mo prepararte y conquistar esta superficie ciclista aunque no seas un profesional.<\/p>\n","protected":false},"excerpt":{"rendered":"<p>Rodar sobre adoquines no es una experiencia especialmente agradable, sobre todo en una bicicleta de carretera sin suspensi\u00f3n. \u00bfPor qu\u00e9 [&hellip;]<\/p>\n","protected":false},"author":29,"featured_media":10377,"comment_status":"open","ping_status":"open","sticky":false,"template":"","format":"standard","meta":{"footnotes":""},"categories":[7],"tags":[2269,40],"global-categories":[],"class_list":["post-10374","post","type-post","status-publish","format-standard","has-post-thumbnail","hentry","category-carretera","tag-adoquines","tag-paris-roubaix"],"yoast_head":"<!-- This site is optimized with the Yoast SEO Premium plugin v25.3 (Yoast SEO v25.9) - https:\/\/yoast.com\/wordpress\/plugins\/seo\/ -->\n<title>Master en adoquines \u2013 \u00bfPor qu\u00e9 los atravesamos? - \u0160koda We Love Cycling - Spain<\/title>\n<meta name=\"description\" content=\"Master en adoquines. Las razones por las que el ciclismo profesional utiliza esta superficie para sus carreras. Cultura ciclista.\" \/>\n<meta name=\"robots\" content=\"index, follow, max-snippet:-1, max-image-preview:large, max-video-preview:-1\" \/>\n<link rel=\"canonical\" href=\"https:\/\/www.welovecycling.com\/es\/2023\/11\/08\/master-en-adoquines\/\" \/>\n<meta property=\"og:locale\" content=\"es_ES\" \/>\n<meta property=\"og:type\" content=\"article\" \/>\n<meta property=\"og:title\" content=\"Master en adoquines \u2013 \u00bfPor qu\u00e9 los atravesamos?\" \/>\n<meta property=\"og:description\" content=\"Master en adoquines. Las razones por las que el ciclismo profesional utiliza esta superficie para sus carreras. Cultura ciclista.\" \/>\n<meta property=\"og:url\" content=\"https:\/\/www.welovecycling.com\/es\/2023\/11\/08\/master-en-adoquines\/\" \/>\n<meta property=\"og:site_name\" content=\"\u0160koda We Love Cycling - Spain\" \/>\n<meta property=\"article:published_time\" content=\"2023-11-08T10:58:03+00:00\" \/>\n<meta property=\"og:image\" content=\"https:\/\/d2p6e6u75xmxt8.cloudfront.net\/6\/2023\/11\/Paris-Roubaix-Cobbles-Cycling-profimedia-0368013213-CVR-1.webp\" \/>\n\t<meta property=\"og:image:width\" content=\"990\" \/>\n\t<meta property=\"og:image:height\" content=\"660\" \/>\n\t<meta property=\"og:image:type\" content=\"image\/webp\" \/>\n<meta name=\"author\" content=\"We Love Cycling Spain\" \/>\n<meta name=\"twitter:card\" content=\"summary_large_image\" \/>\n<meta name=\"twitter:description\" content=\"Master en adoquines. Las razones por las que el ciclismo profesional utiliza esta superficie para sus carreras. Cultura ciclista.\" \/>\n<meta name=\"twitter:label1\" content=\"Written by\" \/>\n\t<meta name=\"twitter:data1\" content=\"Jiri Kaloc\" \/>\n\t<meta name=\"twitter:label2\" content=\"Est. reading time\" \/>\n\t<meta name=\"twitter:data2\" content=\"4\" \/>\n<script type=\"application\/ld+json\" class=\"yoast-schema-graph\">{\"@context\":\"https:\/\/schema.org\",\"@graph\":[{\"@type\":\"WebPage\",\"@id\":\"https:\/\/www.welovecycling.com\/es\/2023\/11\/08\/master-en-adoquines\/\",\"url\":\"https:\/\/www.welovecycling.com\/es\/2023\/11\/08\/master-en-adoquines\/\",\"name\":\"Master en adoquines \u2013 \u00bfPor qu\u00e9 los atravesamos? - \u0160koda We Love Cycling - Spain\",\"isPartOf\":{\"@id\":\"https:\/\/www.welovecycling.com\/es\/#website\"},\"primaryImageOfPage\":{\"@id\":\"https:\/\/www.welovecycling.com\/es\/2023\/11\/08\/master-en-adoquines\/#primaryimage\"},\"image\":{\"@id\":\"https:\/\/www.welovecycling.com\/es\/2023\/11\/08\/master-en-adoquines\/#primaryimage\"},\"thumbnailUrl\":\"https:\/\/d2p6e6u75xmxt8.cloudfront.net\/6\/2023\/11\/Paris-Roubaix-Cobbles-Cycling-profimedia-0368013213-CVR-1.webp\",\"datePublished\":\"2023-11-08T10:58:03+00:00\",\"author\":{\"@id\":\"https:\/\/www.welovecycling.com\/es\/#\/schema\/person\/deb61715b5812698ee79fb96f343ccd4\"},\"description\":\"Master en adoquines. Las razones por las que el ciclismo profesional utiliza esta superficie para sus carreras. Cultura ciclista.\",\"breadcrumb\":{\"@id\":\"https:\/\/www.welovecycling.com\/es\/2023\/11\/08\/master-en-adoquines\/#breadcrumb\"},\"inLanguage\":\"es-ES\",\"potentialAction\":[{\"@type\":\"ReadAction\",\"target\":[\"https:\/\/www.welovecycling.com\/es\/2023\/11\/08\/master-en-adoquines\/\"]}]},{\"@type\":\"ImageObject\",\"inLanguage\":\"es-ES\",\"@id\":\"https:\/\/www.welovecycling.com\/es\/2023\/11\/08\/master-en-adoquines\/#primaryimage\",\"url\":\"https:\/\/d2p6e6u75xmxt8.cloudfront.net\/6\/2023\/11\/Paris-Roubaix-Cobbles-Cycling-profimedia-0368013213-CVR-1.webp\",\"contentUrl\":\"https:\/\/d2p6e6u75xmxt8.cloudfront.net\/6\/2023\/11\/Paris-Roubaix-Cobbles-Cycling-profimedia-0368013213-CVR-1.webp\",\"width\":990,\"height\":660,\"caption\":\"Paris-Roubaix\"},{\"@type\":\"BreadcrumbList\",\"@id\":\"https:\/\/www.welovecycling.com\/es\/2023\/11\/08\/master-en-adoquines\/#breadcrumb\",\"itemListElement\":[{\"@type\":\"ListItem\",\"position\":1,\"name\":\"Home\",\"item\":\"https:\/\/www.welovecycling.com\/es\/\"},{\"@type\":\"ListItem\",\"position\":2,\"name\":\"Master en adoquines \u2013 \u00bfPor qu\u00e9 los atravesamos?\"}]},{\"@type\":\"WebSite\",\"@id\":\"https:\/\/www.welovecycling.com\/es\/#website\",\"url\":\"https:\/\/www.welovecycling.com\/es\/\",\"name\":\"\u0160koda We Love Cycling - Spain\",\"description\":\"\u0160koda WeLoveCycling Spain\",\"potentialAction\":[{\"@type\":\"SearchAction\",\"target\":{\"@type\":\"EntryPoint\",\"urlTemplate\":\"https:\/\/www.welovecycling.com\/es\/?s={search_term_string}\"},\"query-input\":{\"@type\":\"PropertyValueSpecification\",\"valueRequired\":true,\"valueName\":\"search_term_string\"}}],\"inLanguage\":\"es-ES\"},{\"@type\":\"Person\",\"@id\":\"https:\/\/www.welovecycling.com\/es\/#\/schema\/person\/deb61715b5812698ee79fb96f343ccd4\",\"name\":\"We Love Cycling Spain\",\"image\":{\"@type\":\"ImageObject\",\"inLanguage\":\"es-ES\",\"@id\":\"https:\/\/www.welovecycling.com\/es\/#\/schema\/person\/image\/\",\"url\":\"https:\/\/secure.gravatar.com\/avatar\/c824b04e6df0e37a03219d0b6481672889df542894588964102459e46513159c?s=96&d=mm&r=g\",\"contentUrl\":\"https:\/\/secure.gravatar.com\/avatar\/c824b04e6df0e37a03219d0b6481672889df542894588964102459e46513159c?s=96&d=mm&r=g\",\"caption\":\"We Love Cycling Spain\"},\"url\":\"https:\/\/www.welovecycling.com\/es\/author\/amunoz\/\"}]}<\/script>\n<!-- \/ Yoast SEO Premium plugin. -->","yoast_head_json":{"title":"Master en adoquines \u2013 \u00bfPor qu\u00e9 los atravesamos? - \u0160koda We Love Cycling - Spain","description":"Master en adoquines. Las razones por las que el ciclismo profesional utiliza esta superficie para sus carreras. Cultura ciclista.","robots":{"index":"index","follow":"follow","max-snippet":"max-snippet:-1","max-image-preview":"max-image-preview:large","max-video-preview":"max-video-preview:-1"},"canonical":"https:\/\/www.welovecycling.com\/es\/2023\/11\/08\/master-en-adoquines\/","og_locale":"es_ES","og_type":"article","og_title":"Master en adoquines \u2013 \u00bfPor qu\u00e9 los atravesamos?","og_description":"Master en adoquines. Las razones por las que el ciclismo profesional utiliza esta superficie para sus carreras. Cultura ciclista.","og_url":"https:\/\/www.welovecycling.com\/es\/2023\/11\/08\/master-en-adoquines\/","og_site_name":"\u0160koda We Love Cycling - Spain","article_published_time":"2023-11-08T10:58:03+00:00","og_image":[{"width":990,"height":660,"url":"https:\/\/d2p6e6u75xmxt8.cloudfront.net\/6\/2023\/11\/Paris-Roubaix-Cobbles-Cycling-profimedia-0368013213-CVR-1.webp","type":"image\/webp"}],"author":"We Love Cycling Spain","twitter_card":"summary_large_image","twitter_description":"Master en adoquines. Las razones por las que el ciclismo profesional utiliza esta superficie para sus carreras. Cultura ciclista.","twitter_misc":{"Written by":"Jiri Kaloc","Est. reading time":"4"},"schema":{"@context":"https:\/\/schema.org","@graph":[{"@type":"WebPage","@id":"https:\/\/www.welovecycling.com\/es\/2023\/11\/08\/master-en-adoquines\/","url":"https:\/\/www.welovecycling.com\/es\/2023\/11\/08\/master-en-adoquines\/","name":"Master en adoquines \u2013 \u00bfPor qu\u00e9 los atravesamos? - \u0160koda We Love Cycling - Spain","isPartOf":{"@id":"https:\/\/www.welovecycling.com\/es\/#website"},"primaryImageOfPage":{"@id":"https:\/\/www.welovecycling.com\/es\/2023\/11\/08\/master-en-adoquines\/#primaryimage"},"image":{"@id":"https:\/\/www.welovecycling.com\/es\/2023\/11\/08\/master-en-adoquines\/#primaryimage"},"thumbnailUrl":"https:\/\/d2p6e6u75xmxt8.cloudfront.net\/6\/2023\/11\/Paris-Roubaix-Cobbles-Cycling-profimedia-0368013213-CVR-1.webp","datePublished":"2023-11-08T10:58:03+00:00","author":{"@id":"https:\/\/www.welovecycling.com\/es\/#\/schema\/person\/deb61715b5812698ee79fb96f343ccd4"},"description":"Master en adoquines. Las razones por las que el ciclismo profesional utiliza esta superficie para sus carreras. Cultura ciclista.","breadcrumb":{"@id":"https:\/\/www.welovecycling.com\/es\/2023\/11\/08\/master-en-adoquines\/#breadcrumb"},"inLanguage":"es-ES","potentialAction":[{"@type":"ReadAction","target":["https:\/\/www.welovecycling.com\/es\/2023\/11\/08\/master-en-adoquines\/"]}]},{"@type":"ImageObject","inLanguage":"es-ES","@id":"https:\/\/www.welovecycling.com\/es\/2023\/11\/08\/master-en-adoquines\/#primaryimage","url":"https:\/\/d2p6e6u75xmxt8.cloudfront.net\/6\/2023\/11\/Paris-Roubaix-Cobbles-Cycling-profimedia-0368013213-CVR-1.webp","contentUrl":"https:\/\/d2p6e6u75xmxt8.cloudfront.net\/6\/2023\/11\/Paris-Roubaix-Cobbles-Cycling-profimedia-0368013213-CVR-1.webp","width":990,"height":660,"caption":"Paris-Roubaix"},{"@type":"BreadcrumbList","@id":"https:\/\/www.welovecycling.com\/es\/2023\/11\/08\/master-en-adoquines\/#breadcrumb","itemListElement":[{"@type":"ListItem","position":1,"name":"Home","item":"https:\/\/www.welovecycling.com\/es\/"},{"@type":"ListItem","position":2,"name":"Master en adoquines \u2013 \u00bfPor qu\u00e9 los atravesamos?"}]},{"@type":"WebSite","@id":"https:\/\/www.welovecycling.com\/es\/#website","url":"https:\/\/www.welovecycling.com\/es\/","name":"\u0160koda We Love Cycling - Spain","description":"\u0160koda WeLoveCycling Spain","potentialAction":[{"@type":"SearchAction","target":{"@type":"EntryPoint","urlTemplate":"https:\/\/www.welovecycling.com\/es\/?s={search_term_string}"},"query-input":{"@type":"PropertyValueSpecification","valueRequired":true,"valueName":"search_term_string"}}],"inLanguage":"es-ES"},{"@type":"Person","@id":"https:\/\/www.welovecycling.com\/es\/#\/schema\/person\/deb61715b5812698ee79fb96f343ccd4","name":"We Love Cycling Spain","image":{"@type":"ImageObject","inLanguage":"es-ES","@id":"https:\/\/www.welovecycling.com\/es\/#\/schema\/person\/image\/","url":"https:\/\/secure.gravatar.com\/avatar\/c824b04e6df0e37a03219d0b6481672889df542894588964102459e46513159c?s=96&d=mm&r=g","contentUrl":"https:\/\/secure.gravatar.com\/avatar\/c824b04e6df0e37a03219d0b6481672889df542894588964102459e46513159c?s=96&d=mm&r=g","caption":"We Love Cycling Spain"},"url":"https:\/\/www.welovecycling.com\/es\/author\/amunoz\/"}]}},"_links":{"self":[{"href":"https:\/\/www.welovecycling.com\/es\/wp-json\/wp\/v2\/posts\/10374","targetHints":{"allow":["GET"]}}],"collection":[{"href":"https:\/\/www.welovecycling.com\/es\/wp-json\/wp\/v2\/posts"}],"about":[{"href":"https:\/\/www.welovecycling.com\/es\/wp-json\/wp\/v2\/types\/post"}],"author":[{"embeddable":true,"href":"https:\/\/www.welovecycling.com\/es\/wp-json\/wp\/v2\/users\/29"}],"replies":[{"embeddable":true,"href":"https:\/\/www.welovecycling.com\/es\/wp-json\/wp\/v2\/comments?post=10374"}],"version-history":[{"count":2,"href":"https:\/\/www.welovecycling.com\/es\/wp-json\/wp\/v2\/posts\/10374\/revisions"}],"predecessor-version":[{"id":10378,"href":"https:\/\/www.welovecycling.com\/es\/wp-json\/wp\/v2\/posts\/10374\/revisions\/10378"}],"wp:featuredmedia":[{"embeddable":true,"href":"https:\/\/www.welovecycling.com\/es\/wp-json\/wp\/v2\/media\/10377"}],"wp:attachment":[{"href":"https:\/\/www.welovecycling.com\/es\/wp-json\/wp\/v2\/media?parent=10374"}],"wp:term":[{"taxonomy":"category","embeddable":true,"href":"https:\/\/www.welovecycling.com\/es\/wp-json\/wp\/v2\/categories?post=10374"},{"taxonomy":"post_tag","embeddable":true,"href":"https:\/\/www.welovecycling.com\/es\/wp-json\/wp\/v2\/tags?post=10374"},{"taxonomy":"global-categories","embeddable":true,"href":"https:\/\/www.welovecycling.com\/es\/wp-json\/wp\/v2\/global-categories?post=10374"}],"curies":[{"name":"wp","href":"https:\/\/api.w.org\/{rel}","templated":true}]}}