{"id":10370,"date":"2023-11-05T13:13:26","date_gmt":"2023-11-05T11:13:26","guid":{"rendered":"https:\/\/www.welovecycling.com\/es\/?p=10370"},"modified":"2023-11-05T13:13:26","modified_gmt":"2023-11-05T11:13:26","slug":"miedo-ciclista-mal-tiempo","status":"publish","type":"post","link":"https:\/\/www.welovecycling.com\/es\/2023\/11\/05\/miedo-ciclista-mal-tiempo\/","title":{"rendered":"Como superar el miedo ciclista al mal tiempo"},"content":{"rendered":"<p style=\"font-weight: 400;\"><strong>El mal tiempo puede ser el enemigo de tu bicicleta si le tienes miedo. El primer paso para sentirte c\u00f3modo montando en bicicleta con mal tiempo es asegurarte de que llevas el equipo adecuado y de que sabes a qu\u00e9 atenerte. Repasemos algunos aspectos b\u00e1sicos.<\/strong><\/p>\n<p><!--more--><\/p>\n<h2><strong>No te precipites<\/strong><\/h2>\n<p style=\"font-weight: 400;\">Si tienes malos recuerdos de montar en bicicleta con mal tiempo o simplemente no est\u00e1s seguro de c\u00f3mo te desenvolver\u00edas, lo mejor es que te lo tomes con calma. Puedes empezar pedaleando con lluvia ligera e ir subiendo gradualmente a condiciones m\u00e1s dif\u00edciles. Tambi\u00e9n deber\u00edas hablar con otros ciclistas de confianza sobre tu miedo al mal tiempo. Pueden darte apoyo y consejos, y ayudarte a ganar perspectiva.<\/p>\n<h2><strong>Prep\u00e1rate para lo que te espera<\/strong><\/h2>\n<p>Algunas cosas cambian en el ciclismo cuando llega el mal tiempo. Esto no significa que no puedas mantenerte seguro, simplemente tienes que adaptarte a la nueva situaci\u00f3n.<\/p>\n<p><strong>Ten en cuenta la distancia de frenado:<\/strong> El mal tiempo equivale a carreteras mojadas y eso significa una mayor distancia de frenado. La tracci\u00f3n es peor y el frenado no es tan eficaz, aunque tengas frenos de disco. Ten especial cuidado con la pintura h\u00fameda de la calzada, el acero mojado, como los ra\u00edles, y las hojas mojadas, ya que son los elementos m\u00e1s resbaladizos.<\/p>\n<p><strong>Mant\u00e9n la temperatura corporal:<\/strong> La ropa adecuada es esencial para el mal tiempo. Un chubasquero es imprescindible. Te mantendr\u00e1 seco, te ayudar\u00e1 a conservar el calor corporal y te proteger\u00e1 del viento. Pero si sientes que el ciclismo con mal tiempo no te mantiene lo suficientemente caliente, prep\u00e1rate para hacer la llamada para parar y buscar refugio.<\/p>\n<p style=\"font-weight: 400;\"><strong>Ten cuidado en caso de tormenta;<\/strong> Es importante saber que los neum\u00e1ticos de las bicicletas no te proteger\u00e1n de los rayos. La energ\u00eda que emiten es demasiado alta y los neum\u00e1ticos son demasiado peque\u00f1os para aislarte. Si crees que es probable que caigan rayos, lo mejor es <a href=\"https:\/\/www.welovecycling.com\/wide\/2021\/08\/02\/what-to-do-when-a-thunderstorm-hits-while-youre-riding\/\">que busques refugio<\/a> en un edificio\u00a0 o bajo un puente.<\/p>\n<figure id=\"attachment_10371\" aria-describedby=\"caption-attachment-10371\" style=\"width: 1000px\" class=\"wp-caption alignnone\"><a href=\"https:\/\/d2p6e6u75xmxt8.cloudfront.net\/6\/2023\/11\/Cyclist-in-rain-profimedia-0626313863.webp\"><img loading=\"lazy\" decoding=\"async\" class=\"wp-image-10371 size-full\" src=\"https:\/\/d2p6e6u75xmxt8.cloudfront.net\/6\/2023\/11\/Cyclist-in-rain-profimedia-0626313863.webp\" alt=\"Cycling in bad weather\" width=\"1000\" height=\"666\" srcset=\"https:\/\/d2p6e6u75xmxt8.cloudfront.net\/6\/2023\/11\/Cyclist-in-rain-profimedia-0626313863.webp 1000w, https:\/\/d2p6e6u75xmxt8.cloudfront.net\/6\/2023\/11\/Cyclist-in-rain-profimedia-0626313863-300x200.webp 300w, https:\/\/d2p6e6u75xmxt8.cloudfront.net\/6\/2023\/11\/Cyclist-in-rain-profimedia-0626313863-768x511.webp 768w, https:\/\/d2p6e6u75xmxt8.cloudfront.net\/6\/2023\/11\/Cyclist-in-rain-profimedia-0626313863-400x266.webp 400w, https:\/\/d2p6e6u75xmxt8.cloudfront.net\/6\/2023\/11\/Cyclist-in-rain-profimedia-0626313863-272x182.webp 272w\" sizes=\"auto, (max-width: 1000px) 100vw, 1000px\" \/><\/a><figcaption id=\"caption-attachment-10371\" class=\"wp-caption-text\">El mal tiempo puede ser tu enemigo si le tienes miedo. \u00a9 Profimedia<\/figcaption><\/figure>\n<h2><strong><br \/>\nPrep\u00e1rate para los contratiempos<\/strong><\/h2>\n<p>Esto nos lleva a otro miedo que suelen tener los ciclistas relacionado con el mal tiempo. El miedo a quedarse tirado lejos de casa. Probablemente puedas evitar que el mal tiempo sea la causa de esto <a href=\"https:\/\/www.welovecycling.com\/es\/2022\/06\/02\/navegar-crear-rutas-ciclistas\/\">planificando adecuadamente tu ruta<\/a> en funci\u00f3n de la previsi\u00f3n. Y debes llevar tu tel\u00e9fono cuando circules lejos de casa, sobre todo cuando haya probabilidades de mal tiempo, para poder pedir ayuda. Tambi\u00e9n es una buena costumbre avisar a alguien de ad\u00f3nde te diriges y por cu\u00e1nto tiempo.<\/p>\n<p>La segunda raz\u00f3n m\u00e1s com\u00fan por la que los ciclistas se quedan tirados lejos de casa son los problemas mec\u00e1nicos. Ser incapaz de hacer frente a problemas mec\u00e1nicos puede aumentar mucho este temor. Para superarlo, debes tener las herramientas y unos conocimientos b\u00e1sicos sobre c\u00f3mo arreglar los problemas m\u00e1s comunes.<\/p>\n<p><strong>Arreglar un pinchazo:<\/strong> Recuerda llevar una c\u00e1mara de repuesto, desmontables para neum\u00e1ticos y algo con lo que inflar la c\u00e1mara (los cartuchos de CO2 son ligeros y c\u00f3modos, pero una bomba puede utilizarse varias veces). Lo ideal es que practiques en casa c\u00f3mo arreglar un pinchazo.<\/p>\n<p><strong>Reparar una cadena rota:<\/strong> Romper una cadena es raro, pero es un gran problema cuando ocurre lejos de cualquier ayuda. Por suerte, tambi\u00e9n es f\u00e1cil de arreglar. Necesitas una multiherramienta con un <a href=\"https:\/\/www.welovecycling.com\/es\/2021\/02\/19\/herramientas-imprescindibles-para-ciclistas\/\">tronchacadenas<\/a> para quitar el eslab\u00f3n da\u00f1ado, as\u00ed como un &#8220;Powerlink&#8221; para volver a unir los extremos r\u00e1pidamente y sin herramientas. Esto puede ser muy \u00fatil en viajes largos.<\/p>\n<p>Con el equipo, las herramientas y los conocimientos adecuados en tu haber, podr\u00e1s superar tus miedos y sentirte m\u00e1s seguro al pedalear, independientemente del tiempo que haga o de la distancia que te separe de casa.<\/p>\n","protected":false},"excerpt":{"rendered":"<p>El mal tiempo puede ser el enemigo de tu bicicleta si le tienes miedo. El primer paso para sentirte c\u00f3modo [&hellip;]<\/p>\n","protected":false},"author":29,"featured_media":8507,"comment_status":"open","ping_status":"open","sticky":false,"template":"","format":"standard","meta":{"footnotes":""},"categories":[7,9],"tags":[],"global-categories":[],"class_list":["post-10370","post","type-post","status-publish","format-standard","has-post-thumbnail","hentry","category-carretera","category-mtb-aventura"],"yoast_head":"<!-- This site is optimized with the Yoast SEO Premium plugin v25.3 (Yoast SEO v25.9) - https:\/\/yoast.com\/wordpress\/plugins\/seo\/ -->\n<title>Como superar el miedo ciclista al mal tiempo - \u0160koda We Love Cycling - Spain<\/title>\n<meta name=\"description\" content=\"Como superar el miedo ciclista al mal tiempo. Lo importante es la preparaci\u00f3n de ropa y condiciones t\u00e9cnicas para superar los peores d\u00edas.\" \/>\n<meta name=\"robots\" content=\"index, follow, max-snippet:-1, max-image-preview:large, max-video-preview:-1\" \/>\n<link rel=\"canonical\" href=\"https:\/\/www.welovecycling.com\/es\/2023\/11\/05\/miedo-ciclista-mal-tiempo\/\" \/>\n<meta property=\"og:locale\" content=\"es_ES\" \/>\n<meta property=\"og:type\" content=\"article\" \/>\n<meta property=\"og:title\" content=\"Como superar el miedo ciclista al mal tiempo\" \/>\n<meta property=\"og:description\" content=\"Como superar el miedo ciclista al mal tiempo. Lo importante es la preparaci\u00f3n de ropa y condiciones t\u00e9cnicas para superar los peores d\u00edas.\" \/>\n<meta property=\"og:url\" content=\"https:\/\/www.welovecycling.com\/es\/2023\/11\/05\/miedo-ciclista-mal-tiempo\/\" \/>\n<meta property=\"og:site_name\" content=\"\u0160koda We Love Cycling - Spain\" \/>\n<meta property=\"article:published_time\" content=\"2023-11-05T11:13:26+00:00\" \/>\n<meta property=\"og:image\" content=\"https:\/\/d2p6e6u75xmxt8.cloudfront.net\/6\/2021\/12\/Cyclists-training-profimedia-0646228305-CVR.jpg\" \/>\n\t<meta property=\"og:image:width\" content=\"1366\" \/>\n\t<meta property=\"og:image:height\" content=\"600\" \/>\n\t<meta property=\"og:image:type\" content=\"image\/jpeg\" \/>\n<meta name=\"author\" content=\"We Love Cycling Spain\" \/>\n<meta name=\"twitter:card\" content=\"summary_large_image\" \/>\n<meta name=\"twitter:description\" content=\"Como superar el miedo ciclista al mal tiempo. Lo importante es la preparaci\u00f3n de ropa y condiciones t\u00e9cnicas para superar los peores d\u00edas.\" \/>\n<meta name=\"twitter:label1\" content=\"Written by\" \/>\n\t<meta name=\"twitter:data1\" content=\"Jiri Kaloc\" \/>\n\t<meta name=\"twitter:label2\" content=\"Est. reading time\" \/>\n\t<meta name=\"twitter:data2\" content=\"3\" \/>\n<script type=\"application\/ld+json\" class=\"yoast-schema-graph\">{\"@context\":\"https:\/\/schema.org\",\"@graph\":[{\"@type\":\"WebPage\",\"@id\":\"https:\/\/www.welovecycling.com\/es\/2023\/11\/05\/miedo-ciclista-mal-tiempo\/\",\"url\":\"https:\/\/www.welovecycling.com\/es\/2023\/11\/05\/miedo-ciclista-mal-tiempo\/\",\"name\":\"Como superar el miedo ciclista al mal tiempo - \u0160koda We Love Cycling - Spain\",\"isPartOf\":{\"@id\":\"https:\/\/www.welovecycling.com\/es\/#website\"},\"primaryImageOfPage\":{\"@id\":\"https:\/\/www.welovecycling.com\/es\/2023\/11\/05\/miedo-ciclista-mal-tiempo\/#primaryimage\"},\"image\":{\"@id\":\"https:\/\/www.welovecycling.com\/es\/2023\/11\/05\/miedo-ciclista-mal-tiempo\/#primaryimage\"},\"thumbnailUrl\":\"https:\/\/d2p6e6u75xmxt8.cloudfront.net\/6\/2021\/12\/Cyclists-training-profimedia-0646228305-CVR.jpg\",\"datePublished\":\"2023-11-05T11:13:26+00:00\",\"author\":{\"@id\":\"https:\/\/www.welovecycling.com\/es\/#\/schema\/person\/deb61715b5812698ee79fb96f343ccd4\"},\"description\":\"Como superar el miedo ciclista al mal tiempo. Lo importante es la preparaci\u00f3n de ropa y condiciones t\u00e9cnicas para superar los peores d\u00edas.\",\"breadcrumb\":{\"@id\":\"https:\/\/www.welovecycling.com\/es\/2023\/11\/05\/miedo-ciclista-mal-tiempo\/#breadcrumb\"},\"inLanguage\":\"es-ES\",\"potentialAction\":[{\"@type\":\"ReadAction\",\"target\":[\"https:\/\/www.welovecycling.com\/es\/2023\/11\/05\/miedo-ciclista-mal-tiempo\/\"]}]},{\"@type\":\"ImageObject\",\"inLanguage\":\"es-ES\",\"@id\":\"https:\/\/www.welovecycling.com\/es\/2023\/11\/05\/miedo-ciclista-mal-tiempo\/#primaryimage\",\"url\":\"https:\/\/d2p6e6u75xmxt8.cloudfront.net\/6\/2021\/12\/Cyclists-training-profimedia-0646228305-CVR.jpg\",\"contentUrl\":\"https:\/\/d2p6e6u75xmxt8.cloudfront.net\/6\/2021\/12\/Cyclists-training-profimedia-0646228305-CVR.jpg\",\"width\":1366,\"height\":600,\"caption\":\"Cycling training\"},{\"@type\":\"BreadcrumbList\",\"@id\":\"https:\/\/www.welovecycling.com\/es\/2023\/11\/05\/miedo-ciclista-mal-tiempo\/#breadcrumb\",\"itemListElement\":[{\"@type\":\"ListItem\",\"position\":1,\"name\":\"Home\",\"item\":\"https:\/\/www.welovecycling.com\/es\/\"},{\"@type\":\"ListItem\",\"position\":2,\"name\":\"Como superar el miedo ciclista al mal tiempo\"}]},{\"@type\":\"WebSite\",\"@id\":\"https:\/\/www.welovecycling.com\/es\/#website\",\"url\":\"https:\/\/www.welovecycling.com\/es\/\",\"name\":\"\u0160koda We Love Cycling - Spain\",\"description\":\"\u0160koda WeLoveCycling Spain\",\"potentialAction\":[{\"@type\":\"SearchAction\",\"target\":{\"@type\":\"EntryPoint\",\"urlTemplate\":\"https:\/\/www.welovecycling.com\/es\/?s={search_term_string}\"},\"query-input\":{\"@type\":\"PropertyValueSpecification\",\"valueRequired\":true,\"valueName\":\"search_term_string\"}}],\"inLanguage\":\"es-ES\"},{\"@type\":\"Person\",\"@id\":\"https:\/\/www.welovecycling.com\/es\/#\/schema\/person\/deb61715b5812698ee79fb96f343ccd4\",\"name\":\"We Love Cycling Spain\",\"image\":{\"@type\":\"ImageObject\",\"inLanguage\":\"es-ES\",\"@id\":\"https:\/\/www.welovecycling.com\/es\/#\/schema\/person\/image\/\",\"url\":\"https:\/\/secure.gravatar.com\/avatar\/c824b04e6df0e37a03219d0b6481672889df542894588964102459e46513159c?s=96&d=mm&r=g\",\"contentUrl\":\"https:\/\/secure.gravatar.com\/avatar\/c824b04e6df0e37a03219d0b6481672889df542894588964102459e46513159c?s=96&d=mm&r=g\",\"caption\":\"We Love Cycling Spain\"},\"url\":\"https:\/\/www.welovecycling.com\/es\/author\/amunoz\/\"}]}<\/script>\n<!-- \/ Yoast SEO Premium plugin. -->","yoast_head_json":{"title":"Como superar el miedo ciclista al mal tiempo - \u0160koda We Love Cycling - Spain","description":"Como superar el miedo ciclista al mal tiempo. Lo importante es la preparaci\u00f3n de ropa y condiciones t\u00e9cnicas para superar los peores d\u00edas.","robots":{"index":"index","follow":"follow","max-snippet":"max-snippet:-1","max-image-preview":"max-image-preview:large","max-video-preview":"max-video-preview:-1"},"canonical":"https:\/\/www.welovecycling.com\/es\/2023\/11\/05\/miedo-ciclista-mal-tiempo\/","og_locale":"es_ES","og_type":"article","og_title":"Como superar el miedo ciclista al mal tiempo","og_description":"Como superar el miedo ciclista al mal tiempo. Lo importante es la preparaci\u00f3n de ropa y condiciones t\u00e9cnicas para superar los peores d\u00edas.","og_url":"https:\/\/www.welovecycling.com\/es\/2023\/11\/05\/miedo-ciclista-mal-tiempo\/","og_site_name":"\u0160koda We Love Cycling - Spain","article_published_time":"2023-11-05T11:13:26+00:00","og_image":[{"width":1366,"height":600,"url":"https:\/\/d2p6e6u75xmxt8.cloudfront.net\/6\/2021\/12\/Cyclists-training-profimedia-0646228305-CVR.jpg","type":"image\/jpeg"}],"author":"We Love Cycling Spain","twitter_card":"summary_large_image","twitter_description":"Como superar el miedo ciclista al mal tiempo. Lo importante es la preparaci\u00f3n de ropa y condiciones t\u00e9cnicas para superar los peores d\u00edas.","twitter_misc":{"Written by":"Jiri Kaloc","Est. reading time":"3"},"schema":{"@context":"https:\/\/schema.org","@graph":[{"@type":"WebPage","@id":"https:\/\/www.welovecycling.com\/es\/2023\/11\/05\/miedo-ciclista-mal-tiempo\/","url":"https:\/\/www.welovecycling.com\/es\/2023\/11\/05\/miedo-ciclista-mal-tiempo\/","name":"Como superar el miedo ciclista al mal tiempo - \u0160koda We Love Cycling - Spain","isPartOf":{"@id":"https:\/\/www.welovecycling.com\/es\/#website"},"primaryImageOfPage":{"@id":"https:\/\/www.welovecycling.com\/es\/2023\/11\/05\/miedo-ciclista-mal-tiempo\/#primaryimage"},"image":{"@id":"https:\/\/www.welovecycling.com\/es\/2023\/11\/05\/miedo-ciclista-mal-tiempo\/#primaryimage"},"thumbnailUrl":"https:\/\/d2p6e6u75xmxt8.cloudfront.net\/6\/2021\/12\/Cyclists-training-profimedia-0646228305-CVR.jpg","datePublished":"2023-11-05T11:13:26+00:00","author":{"@id":"https:\/\/www.welovecycling.com\/es\/#\/schema\/person\/deb61715b5812698ee79fb96f343ccd4"},"description":"Como superar el miedo ciclista al mal tiempo. Lo importante es la preparaci\u00f3n de ropa y condiciones t\u00e9cnicas para superar los peores d\u00edas.","breadcrumb":{"@id":"https:\/\/www.welovecycling.com\/es\/2023\/11\/05\/miedo-ciclista-mal-tiempo\/#breadcrumb"},"inLanguage":"es-ES","potentialAction":[{"@type":"ReadAction","target":["https:\/\/www.welovecycling.com\/es\/2023\/11\/05\/miedo-ciclista-mal-tiempo\/"]}]},{"@type":"ImageObject","inLanguage":"es-ES","@id":"https:\/\/www.welovecycling.com\/es\/2023\/11\/05\/miedo-ciclista-mal-tiempo\/#primaryimage","url":"https:\/\/d2p6e6u75xmxt8.cloudfront.net\/6\/2021\/12\/Cyclists-training-profimedia-0646228305-CVR.jpg","contentUrl":"https:\/\/d2p6e6u75xmxt8.cloudfront.net\/6\/2021\/12\/Cyclists-training-profimedia-0646228305-CVR.jpg","width":1366,"height":600,"caption":"Cycling training"},{"@type":"BreadcrumbList","@id":"https:\/\/www.welovecycling.com\/es\/2023\/11\/05\/miedo-ciclista-mal-tiempo\/#breadcrumb","itemListElement":[{"@type":"ListItem","position":1,"name":"Home","item":"https:\/\/www.welovecycling.com\/es\/"},{"@type":"ListItem","position":2,"name":"Como superar el miedo ciclista al mal tiempo"}]},{"@type":"WebSite","@id":"https:\/\/www.welovecycling.com\/es\/#website","url":"https:\/\/www.welovecycling.com\/es\/","name":"\u0160koda We Love Cycling - Spain","description":"\u0160koda WeLoveCycling Spain","potentialAction":[{"@type":"SearchAction","target":{"@type":"EntryPoint","urlTemplate":"https:\/\/www.welovecycling.com\/es\/?s={search_term_string}"},"query-input":{"@type":"PropertyValueSpecification","valueRequired":true,"valueName":"search_term_string"}}],"inLanguage":"es-ES"},{"@type":"Person","@id":"https:\/\/www.welovecycling.com\/es\/#\/schema\/person\/deb61715b5812698ee79fb96f343ccd4","name":"We Love Cycling Spain","image":{"@type":"ImageObject","inLanguage":"es-ES","@id":"https:\/\/www.welovecycling.com\/es\/#\/schema\/person\/image\/","url":"https:\/\/secure.gravatar.com\/avatar\/c824b04e6df0e37a03219d0b6481672889df542894588964102459e46513159c?s=96&d=mm&r=g","contentUrl":"https:\/\/secure.gravatar.com\/avatar\/c824b04e6df0e37a03219d0b6481672889df542894588964102459e46513159c?s=96&d=mm&r=g","caption":"We Love Cycling Spain"},"url":"https:\/\/www.welovecycling.com\/es\/author\/amunoz\/"}]}},"_links":{"self":[{"href":"https:\/\/www.welovecycling.com\/es\/wp-json\/wp\/v2\/posts\/10370","targetHints":{"allow":["GET"]}}],"collection":[{"href":"https:\/\/www.welovecycling.com\/es\/wp-json\/wp\/v2\/posts"}],"about":[{"href":"https:\/\/www.welovecycling.com\/es\/wp-json\/wp\/v2\/types\/post"}],"author":[{"embeddable":true,"href":"https:\/\/www.welovecycling.com\/es\/wp-json\/wp\/v2\/users\/29"}],"replies":[{"embeddable":true,"href":"https:\/\/www.welovecycling.com\/es\/wp-json\/wp\/v2\/comments?post=10370"}],"version-history":[{"count":2,"href":"https:\/\/www.welovecycling.com\/es\/wp-json\/wp\/v2\/posts\/10370\/revisions"}],"predecessor-version":[{"id":10373,"href":"https:\/\/www.welovecycling.com\/es\/wp-json\/wp\/v2\/posts\/10370\/revisions\/10373"}],"wp:featuredmedia":[{"embeddable":true,"href":"https:\/\/www.welovecycling.com\/es\/wp-json\/wp\/v2\/media\/8507"}],"wp:attachment":[{"href":"https:\/\/www.welovecycling.com\/es\/wp-json\/wp\/v2\/media?parent=10370"}],"wp:term":[{"taxonomy":"category","embeddable":true,"href":"https:\/\/www.welovecycling.com\/es\/wp-json\/wp\/v2\/categories?post=10370"},{"taxonomy":"post_tag","embeddable":true,"href":"https:\/\/www.welovecycling.com\/es\/wp-json\/wp\/v2\/tags?post=10370"},{"taxonomy":"global-categories","embeddable":true,"href":"https:\/\/www.welovecycling.com\/es\/wp-json\/wp\/v2\/global-categories?post=10370"}],"curies":[{"name":"wp","href":"https:\/\/api.w.org\/{rel}","templated":true}]}}