{"id":10367,"date":"2023-10-31T13:17:22","date_gmt":"2023-10-31T11:17:22","guid":{"rendered":"https:\/\/www.welovecycling.com\/es\/?p=10367"},"modified":"2023-10-31T13:17:22","modified_gmt":"2023-10-31T11:17:22","slug":"tour-femenino","status":"publish","type":"post","link":"https:\/\/www.welovecycling.com\/es\/2023\/10\/31\/tour-femenino\/","title":{"rendered":"El Tour Femenino encuentra su modelo"},"content":{"rendered":"<p style=\"font-weight: 400;\"><strong>El recorrido del Tour Femenino 2024 asienta un modelo que ya se esboz\u00f3 en la primera edici\u00f3n de 2022 y que se termin\u00f3 de perfilar en 2023. Una carrera de una semana buscando el cl\u00edmax para los \u00faltimos d\u00edas coincidiendo con la alta monta\u00f1a y con alg\u00fan mito creado por la edici\u00f3n masculina. En 2022 fue el Gran Ballon de Alsace, primer puerto subido por el Tour, en 2023, el Tourmalet, el m\u00e1s visitado y para 2024 toca Alpe d&#8217;Huez, la leyenda de los Alpes con sus 21 curvas y donde tendr\u00e1n que hacer hueco entre sus carteles a una mujer.\u00a0<\/strong><\/p>\n<p style=\"font-weight: 400;\"><!--more--><\/p>\n<p>Pero ojo, que no es la primera vez que el Tour Femenino llega a <a href=\"https:\/\/www.welovecycling.com\/es\/2019\/05\/29\/los-puertos-desconocidos-de-los-alpes-franceses\/\">Alpe d&#8217;Huez<\/a>, como tampoco fue en 2023 la primera visita a Tourmalet. Dori Ruano, que para estas cosas tiene una memoria prodigiosa, recuerda que en 1992 en el denominado Tour Cycliste F\u00e9minin, que ya no organizaba ASO, tuvieron etapa en Tourmalet y que despu\u00e9s de nueve etapas la carrera acab\u00f3 en Alpe d&#8217;Huez con las dos estrellas del momento, <a href=\"https:\/\/es.wikipedia.org\/wiki\/Leontien_van_Moorsel\">Leontien Van Moorsel<\/a> y Jeannie Longo sprintando desde parado en la cima porque se estaban jugando el Tour por un pu\u00f1ado de segundos. El triunfo de etapa y la general fue para la holandesa, pero nadie escribi\u00f3 su nombre en los carteles que cuentas las 21 curvas de Alpe d&#8217;Huez.<\/p>\n<p>Aquel Tour del 92 se retras\u00f3 a finales de agosto para no coincidir con los JJ OO de Barcelona. Ahora, 32 a\u00f1os despu\u00e9s, el Tour de France tambi\u00e9n retrasa sus fechas. De la \u00faltima semana de julio, justo despu\u00e9s de la carrera masculina, a\u00a0 un d\u00eda despu\u00e9s de la finalizaci\u00f3n de los Juegos Olimpicos de Par\u00eds. La carrera comenzar\u00e1 un lunes 12 de agosto y acabar\u00e1 el domingo 18. Pierde un d\u00eda de competici\u00f3n (normalmente empezaba en domingo), pero mantiene el n\u00famero de etapas porque la segunda tendr\u00e1 dos sectores.<\/p>\n<h3 style=\"font-weight: 400;\"><strong>GRAND DEPART HOLAND\u00c9S Y CL\u00c1SICAS<\/strong><\/h3>\n<p>Para alejarse del bullicio de la Francia post-ol\u00edmpica el Tour arrancar\u00e1 por primera vez, desde que lo organiza ASO, fuera del hex\u00e1gono. <a href=\"https:\/\/www.letourfemmes.fr\/fr\/grand-depart\/grand-depart-2024\">Elige Paises Bajos,<\/a> la cantera m\u00e1s prol\u00edfica del ciclismo femenino. Eso implica que los problemas para las ciclistas los dos primeros d\u00edas ser\u00e1n el viento y los trazados inveros\u00edmiles por circuitos urbanos.<\/p>\n<p>El Tour se abre con una etapa de 124 kil\u00f3metros entre La Haya y Rotterdam que dif\u00edcilmente superar\u00e1 los 200 metros de desnivel. Se mueve siempre entre 0 y 10 metros de altitud. Al d\u00eda siguiente m\u00e1s de lo mismo, pero dividido en dos sectores. Por la ma\u00f1ana etapa-criterium plana de 67 kil\u00f3metros entre Doordrecth y Rotterdam. Y por la tarde una crono-pr\u00f3logo urbana de 6,3 kil\u00f3metros en Rotterdam que ya marcar\u00e1 algunas diferencias.<\/p>\n<p>La cuarta etapa, el mi\u00e9rcoles 14 de agosto, une los finales de Amstel Gold Race y <a href=\"https:\/\/www.welovecycling.com\/es\/2023\/08\/31\/monumento-ciclista\/\">Lieja Bastogne Lieja<\/a> (las metas de ambas cl\u00e1sicas est\u00e1n a solo 30 kil\u00f3metros). Salida en Valkenburg, meta de la carrera holandesa, y de partida cuatro muros, Bemelberg (que se pasa dos veces), Cauberg y Geulhemeberg. Transici\u00f3n hac\u00eda las Ardenas belgas por el Mont Theux y final id\u00e9ntico a la Lieja-Bastogne-Lieja con <a href=\"https:\/\/www.welovecycling.com\/es\/2022\/04\/29\/muros-de-valonia\/\">La Redoute<\/a>, Cote des Forges, Roche Aux Faucons y bajada hasta la ciudad valona. Un d\u00eda perfecto para Vollering y Niewiadoma. Tambi\u00e9n para Kopecky, pero la belga est\u00e1 dudando si apostar por los JJOO o el Tour.<\/p>\n<p>Las velocistas tendr\u00e1n que agotar sus opciones en la quinta etapa camino de Ammeville, aunque hay una cota de tercera a 15 de meta que puede dejar fuera a algunas de las mujeres m\u00e1s r\u00e1pidas.<\/p>\n<p><img loading=\"lazy\" decoding=\"async\" class=\"alignnone size-extra-large\" src=\"https:\/\/img.aso.fr\/core_app\/img-cycling-trf-jpg\/tdffaz24-profil-etape-4\/32050\/0:0,2481:1631-960-0-90\/062bc\" width=\"960\" height=\"631\" \/><\/p>\n<h3 style=\"font-weight: 400;\"><strong>FINAL ALPINO<\/strong><\/h3>\n<p>La monta\u00f1a en el Tour de Francia Femme llega el fin de semana y lo hace de forma progresiva. La sexta etapa, que se disputa el viernes 16 de agosto, transcurre por los Pre Alpes y tiene cinco puertos de monta\u00f1a y 160 kil\u00f3metros. Los dos \u00faltimos, La Roche du Pret y Col des Fins van pr\u00e1cticamente seguidos y suman una ascensi\u00f3n <strong>de 13 kil\u00f3metros al 6% de media<\/strong>. Suficiente para romper la carrera, porque desde la cima solo hay 15 kil\u00f3metros de bajada y llano hasta la meta de Morteau.<\/p>\n<p>El s\u00e1bado 17 de agosto se visita uno de los lugares que suenan a Tour de Francia. Le Grand Bornand, ciudad de entrada\/salida a los grandes Alpes. Otros 170 kil\u00f3metros con terreno accidentado de salida y para acabar un puerto de 13 kil\u00f3metros. El resultado de unir el Col de Saint Jean de Sixt, casi 6 kil\u00f3metros al 5,1% con la subida final a <strong>Le Grand Bornand, siete kil\u00f3metros al 5,1%<\/strong>, donde est\u00e1 situada la l\u00ednea de meta.<br \/>\n<img loading=\"lazy\" decoding=\"async\" class=\"alignnone size-extra-large\" src=\"https:\/\/img.aso.fr\/core_app\/img-cycling-trf-jpg\/tdffaz24-profil-etape-7\/32053\/0:0,2481:1631-960-0-90\/e3323\" width=\"960\" height=\"631\" \/>El fin de fiesta del Tour Femme no pod\u00eda haber encontrado un lugar m\u00e1s ic\u00f3nico para que la carrera termine de alcanzar sus cotas de inter\u00e9s televisivo. Llegar a Alpe d Huez asegura que va a estar repleto de aficionados holandeses, que no pierden una ocasi\u00f3n as\u00ed para celebrar una fiesta. Otra cosa es la emoci\u00f3n que pueda tener la competici\u00f3n para ese d\u00eda. Sin Van Vleuten, el SD Worx de Demi Vollering y Lotte Kopecky se antoja como el dominador absoluto de la carrera. Est\u00e1 <a href=\"https:\/\/www.welovecycling.com\/es\/2023\/10\/16\/mundial-gravel\/\">Niewiadoma<\/a>, que ya hizo un gran papel en la edici\u00f3n de 2023 y es la actual campeona del mundo gravel. La polaca parece la gran rival, aunque en una etapa como la dise\u00f1ada hay margen para grandes explosiones.<\/p>\n<p>Los 150 kil\u00f3metros arrancan con el Col de Tamie para hacer a escapada, un llano de 35 kil\u00f3metros para consolidarla y el paso previo por el <strong>Glandon<\/strong> para romper la carrera. El coloso alpino tiene los 10 kil\u00f3metros finales a una media del 9%. Desde su cima hay un largo descenso de 30 kil\u00f3metros y un llano de ocho antes de <strong>Alpe d&#8217;Huez<\/strong>. All\u00ed su rampa inicial al 13%\u00a0 y las curvas donde baja el desnivel acabar\u00e1n decidiendo el nombre de la ganadora.<\/p>\n<p><img loading=\"lazy\" decoding=\"async\" class=\"alignnone size-extra-large\" src=\"https:\/\/img.aso.fr\/core_app\/img-cycling-trf-jpg\/tdffaz24-profil-etape-8\/32054\/0:0,2481:1631-960-0-90\/8b0ac\" width=\"960\" height=\"631\" \/><\/p>\n","protected":false},"excerpt":{"rendered":"<p>El recorrido del Tour Femenino 2024 asienta un modelo que ya se esboz\u00f3 en la primera edici\u00f3n de 2022 y [&hellip;]<\/p>\n","protected":false},"author":29,"featured_media":10368,"comment_status":"open","ping_status":"open","sticky":false,"template":"","format":"standard","meta":{"footnotes":""},"categories":[7],"tags":[2263],"global-categories":[1164],"class_list":["post-10367","post","type-post","status-publish","format-standard","has-post-thumbnail","hentry","category-carretera","tag-tour-femme","global-categories-cycling"],"yoast_head":"<!-- This site is optimized with the Yoast SEO Premium plugin v25.3 (Yoast SEO v25.9) - https:\/\/yoast.com\/wordpress\/plugins\/seo\/ -->\n<title>El Tour Femenino encuentra su modelo - \u0160koda We Love Cycling - Spain<\/title>\n<meta name=\"description\" content=\"El Tour Femenino encuentra su modelo. El recorrido del Tour de Francia femenino 2024 que finaliza en Alpe d Huez.\" \/>\n<meta name=\"robots\" content=\"index, follow, max-snippet:-1, max-image-preview:large, max-video-preview:-1\" \/>\n<link rel=\"canonical\" href=\"https:\/\/www.welovecycling.com\/es\/2023\/10\/31\/tour-femenino\/\" \/>\n<meta property=\"og:locale\" content=\"es_ES\" \/>\n<meta property=\"og:type\" content=\"article\" \/>\n<meta property=\"og:title\" content=\"El Tour Femenino encuentra su modelo\" \/>\n<meta property=\"og:description\" content=\"El Tour Femenino encuentra su modelo. El recorrido del Tour de Francia femenino 2024 que finaliza en Alpe d Huez.\" \/>\n<meta property=\"og:url\" content=\"https:\/\/www.welovecycling.com\/es\/2023\/10\/31\/tour-femenino\/\" \/>\n<meta property=\"og:site_name\" content=\"\u0160koda We Love Cycling - Spain\" \/>\n<meta property=\"article:published_time\" content=\"2023-10-31T11:17:22+00:00\" \/>\n<meta property=\"og:image\" content=\"https:\/\/d2p6e6u75xmxt8.cloudfront.net\/6\/2023\/10\/Tour-Femenino-2024-mapa-scaled.webp\" \/>\n\t<meta property=\"og:image:width\" content=\"1707\" \/>\n\t<meta property=\"og:image:height\" content=\"2560\" \/>\n\t<meta property=\"og:image:type\" content=\"image\/webp\" \/>\n<meta name=\"author\" content=\"We Love Cycling Spain\" \/>\n<meta name=\"twitter:card\" content=\"summary_large_image\" \/>\n<meta name=\"twitter:description\" content=\"El Tour Femenino encuentra su modelo. El recorrido del Tour de Francia femenino 2024 que finaliza en Alpe d Huez.\" \/>\n<meta name=\"twitter:label1\" content=\"Written by\" \/>\n\t<meta name=\"twitter:data1\" content=\"Luis Ortega @Ciclored\" \/>\n\t<meta name=\"twitter:label2\" content=\"Est. reading time\" \/>\n\t<meta name=\"twitter:data2\" content=\"5 minutes\" \/>\n<script type=\"application\/ld+json\" class=\"yoast-schema-graph\">{\"@context\":\"https:\/\/schema.org\",\"@graph\":[{\"@type\":\"WebPage\",\"@id\":\"https:\/\/www.welovecycling.com\/es\/2023\/10\/31\/tour-femenino\/\",\"url\":\"https:\/\/www.welovecycling.com\/es\/2023\/10\/31\/tour-femenino\/\",\"name\":\"El Tour Femenino encuentra su modelo - \u0160koda We Love Cycling - Spain\",\"isPartOf\":{\"@id\":\"https:\/\/www.welovecycling.com\/es\/#website\"},\"primaryImageOfPage\":{\"@id\":\"https:\/\/www.welovecycling.com\/es\/2023\/10\/31\/tour-femenino\/#primaryimage\"},\"image\":{\"@id\":\"https:\/\/www.welovecycling.com\/es\/2023\/10\/31\/tour-femenino\/#primaryimage\"},\"thumbnailUrl\":\"https:\/\/d2p6e6u75xmxt8.cloudfront.net\/6\/2023\/10\/Tour-Femenino-2024-mapa-scaled.webp\",\"datePublished\":\"2023-10-31T11:17:22+00:00\",\"author\":{\"@id\":\"https:\/\/www.welovecycling.com\/es\/#\/schema\/person\/deb61715b5812698ee79fb96f343ccd4\"},\"description\":\"El Tour Femenino encuentra su modelo. El recorrido del Tour de Francia femenino 2024 que finaliza en Alpe d Huez.\",\"breadcrumb\":{\"@id\":\"https:\/\/www.welovecycling.com\/es\/2023\/10\/31\/tour-femenino\/#breadcrumb\"},\"inLanguage\":\"es-ES\",\"potentialAction\":[{\"@type\":\"ReadAction\",\"target\":[\"https:\/\/www.welovecycling.com\/es\/2023\/10\/31\/tour-femenino\/\"]}]},{\"@type\":\"ImageObject\",\"inLanguage\":\"es-ES\",\"@id\":\"https:\/\/www.welovecycling.com\/es\/2023\/10\/31\/tour-femenino\/#primaryimage\",\"url\":\"https:\/\/d2p6e6u75xmxt8.cloudfront.net\/6\/2023\/10\/Tour-Femenino-2024-mapa-scaled.webp\",\"contentUrl\":\"https:\/\/d2p6e6u75xmxt8.cloudfront.net\/6\/2023\/10\/Tour-Femenino-2024-mapa-scaled.webp\",\"width\":1707,\"height\":2560},{\"@type\":\"BreadcrumbList\",\"@id\":\"https:\/\/www.welovecycling.com\/es\/2023\/10\/31\/tour-femenino\/#breadcrumb\",\"itemListElement\":[{\"@type\":\"ListItem\",\"position\":1,\"name\":\"Home\",\"item\":\"https:\/\/www.welovecycling.com\/es\/\"},{\"@type\":\"ListItem\",\"position\":2,\"name\":\"El Tour Femenino encuentra su modelo\"}]},{\"@type\":\"WebSite\",\"@id\":\"https:\/\/www.welovecycling.com\/es\/#website\",\"url\":\"https:\/\/www.welovecycling.com\/es\/\",\"name\":\"\u0160koda We Love Cycling - Spain\",\"description\":\"\u0160koda WeLoveCycling Spain\",\"potentialAction\":[{\"@type\":\"SearchAction\",\"target\":{\"@type\":\"EntryPoint\",\"urlTemplate\":\"https:\/\/www.welovecycling.com\/es\/?s={search_term_string}\"},\"query-input\":{\"@type\":\"PropertyValueSpecification\",\"valueRequired\":true,\"valueName\":\"search_term_string\"}}],\"inLanguage\":\"es-ES\"},{\"@type\":\"Person\",\"@id\":\"https:\/\/www.welovecycling.com\/es\/#\/schema\/person\/deb61715b5812698ee79fb96f343ccd4\",\"name\":\"We Love Cycling Spain\",\"image\":{\"@type\":\"ImageObject\",\"inLanguage\":\"es-ES\",\"@id\":\"https:\/\/www.welovecycling.com\/es\/#\/schema\/person\/image\/\",\"url\":\"https:\/\/secure.gravatar.com\/avatar\/c824b04e6df0e37a03219d0b6481672889df542894588964102459e46513159c?s=96&d=mm&r=g\",\"contentUrl\":\"https:\/\/secure.gravatar.com\/avatar\/c824b04e6df0e37a03219d0b6481672889df542894588964102459e46513159c?s=96&d=mm&r=g\",\"caption\":\"We Love Cycling Spain\"},\"url\":\"https:\/\/www.welovecycling.com\/es\/author\/amunoz\/\"}]}<\/script>\n<!-- \/ Yoast SEO Premium plugin. -->","yoast_head_json":{"title":"El Tour Femenino encuentra su modelo - \u0160koda We Love Cycling - Spain","description":"El Tour Femenino encuentra su modelo. El recorrido del Tour de Francia femenino 2024 que finaliza en Alpe d Huez.","robots":{"index":"index","follow":"follow","max-snippet":"max-snippet:-1","max-image-preview":"max-image-preview:large","max-video-preview":"max-video-preview:-1"},"canonical":"https:\/\/www.welovecycling.com\/es\/2023\/10\/31\/tour-femenino\/","og_locale":"es_ES","og_type":"article","og_title":"El Tour Femenino encuentra su modelo","og_description":"El Tour Femenino encuentra su modelo. El recorrido del Tour de Francia femenino 2024 que finaliza en Alpe d Huez.","og_url":"https:\/\/www.welovecycling.com\/es\/2023\/10\/31\/tour-femenino\/","og_site_name":"\u0160koda We Love Cycling - Spain","article_published_time":"2023-10-31T11:17:22+00:00","og_image":[{"width":1707,"height":2560,"url":"https:\/\/d2p6e6u75xmxt8.cloudfront.net\/6\/2023\/10\/Tour-Femenino-2024-mapa-scaled.webp","type":"image\/webp"}],"author":"We Love Cycling Spain","twitter_card":"summary_large_image","twitter_description":"El Tour Femenino encuentra su modelo. El recorrido del Tour de Francia femenino 2024 que finaliza en Alpe d Huez.","twitter_misc":{"Written by":"Luis Ortega @Ciclored","Est. reading time":"5 minutes"},"schema":{"@context":"https:\/\/schema.org","@graph":[{"@type":"WebPage","@id":"https:\/\/www.welovecycling.com\/es\/2023\/10\/31\/tour-femenino\/","url":"https:\/\/www.welovecycling.com\/es\/2023\/10\/31\/tour-femenino\/","name":"El Tour Femenino encuentra su modelo - \u0160koda We Love Cycling - Spain","isPartOf":{"@id":"https:\/\/www.welovecycling.com\/es\/#website"},"primaryImageOfPage":{"@id":"https:\/\/www.welovecycling.com\/es\/2023\/10\/31\/tour-femenino\/#primaryimage"},"image":{"@id":"https:\/\/www.welovecycling.com\/es\/2023\/10\/31\/tour-femenino\/#primaryimage"},"thumbnailUrl":"https:\/\/d2p6e6u75xmxt8.cloudfront.net\/6\/2023\/10\/Tour-Femenino-2024-mapa-scaled.webp","datePublished":"2023-10-31T11:17:22+00:00","author":{"@id":"https:\/\/www.welovecycling.com\/es\/#\/schema\/person\/deb61715b5812698ee79fb96f343ccd4"},"description":"El Tour Femenino encuentra su modelo. El recorrido del Tour de Francia femenino 2024 que finaliza en Alpe d Huez.","breadcrumb":{"@id":"https:\/\/www.welovecycling.com\/es\/2023\/10\/31\/tour-femenino\/#breadcrumb"},"inLanguage":"es-ES","potentialAction":[{"@type":"ReadAction","target":["https:\/\/www.welovecycling.com\/es\/2023\/10\/31\/tour-femenino\/"]}]},{"@type":"ImageObject","inLanguage":"es-ES","@id":"https:\/\/www.welovecycling.com\/es\/2023\/10\/31\/tour-femenino\/#primaryimage","url":"https:\/\/d2p6e6u75xmxt8.cloudfront.net\/6\/2023\/10\/Tour-Femenino-2024-mapa-scaled.webp","contentUrl":"https:\/\/d2p6e6u75xmxt8.cloudfront.net\/6\/2023\/10\/Tour-Femenino-2024-mapa-scaled.webp","width":1707,"height":2560},{"@type":"BreadcrumbList","@id":"https:\/\/www.welovecycling.com\/es\/2023\/10\/31\/tour-femenino\/#breadcrumb","itemListElement":[{"@type":"ListItem","position":1,"name":"Home","item":"https:\/\/www.welovecycling.com\/es\/"},{"@type":"ListItem","position":2,"name":"El Tour Femenino encuentra su modelo"}]},{"@type":"WebSite","@id":"https:\/\/www.welovecycling.com\/es\/#website","url":"https:\/\/www.welovecycling.com\/es\/","name":"\u0160koda We Love Cycling - Spain","description":"\u0160koda WeLoveCycling Spain","potentialAction":[{"@type":"SearchAction","target":{"@type":"EntryPoint","urlTemplate":"https:\/\/www.welovecycling.com\/es\/?s={search_term_string}"},"query-input":{"@type":"PropertyValueSpecification","valueRequired":true,"valueName":"search_term_string"}}],"inLanguage":"es-ES"},{"@type":"Person","@id":"https:\/\/www.welovecycling.com\/es\/#\/schema\/person\/deb61715b5812698ee79fb96f343ccd4","name":"We Love Cycling Spain","image":{"@type":"ImageObject","inLanguage":"es-ES","@id":"https:\/\/www.welovecycling.com\/es\/#\/schema\/person\/image\/","url":"https:\/\/secure.gravatar.com\/avatar\/c824b04e6df0e37a03219d0b6481672889df542894588964102459e46513159c?s=96&d=mm&r=g","contentUrl":"https:\/\/secure.gravatar.com\/avatar\/c824b04e6df0e37a03219d0b6481672889df542894588964102459e46513159c?s=96&d=mm&r=g","caption":"We Love Cycling Spain"},"url":"https:\/\/www.welovecycling.com\/es\/author\/amunoz\/"}]}},"_links":{"self":[{"href":"https:\/\/www.welovecycling.com\/es\/wp-json\/wp\/v2\/posts\/10367","targetHints":{"allow":["GET"]}}],"collection":[{"href":"https:\/\/www.welovecycling.com\/es\/wp-json\/wp\/v2\/posts"}],"about":[{"href":"https:\/\/www.welovecycling.com\/es\/wp-json\/wp\/v2\/types\/post"}],"author":[{"embeddable":true,"href":"https:\/\/www.welovecycling.com\/es\/wp-json\/wp\/v2\/users\/29"}],"replies":[{"embeddable":true,"href":"https:\/\/www.welovecycling.com\/es\/wp-json\/wp\/v2\/comments?post=10367"}],"version-history":[{"count":1,"href":"https:\/\/www.welovecycling.com\/es\/wp-json\/wp\/v2\/posts\/10367\/revisions"}],"predecessor-version":[{"id":10369,"href":"https:\/\/www.welovecycling.com\/es\/wp-json\/wp\/v2\/posts\/10367\/revisions\/10369"}],"wp:featuredmedia":[{"embeddable":true,"href":"https:\/\/www.welovecycling.com\/es\/wp-json\/wp\/v2\/media\/10368"}],"wp:attachment":[{"href":"https:\/\/www.welovecycling.com\/es\/wp-json\/wp\/v2\/media?parent=10367"}],"wp:term":[{"taxonomy":"category","embeddable":true,"href":"https:\/\/www.welovecycling.com\/es\/wp-json\/wp\/v2\/categories?post=10367"},{"taxonomy":"post_tag","embeddable":true,"href":"https:\/\/www.welovecycling.com\/es\/wp-json\/wp\/v2\/tags?post=10367"},{"taxonomy":"global-categories","embeddable":true,"href":"https:\/\/www.welovecycling.com\/es\/wp-json\/wp\/v2\/global-categories?post=10367"}],"curies":[{"name":"wp","href":"https:\/\/api.w.org\/{rel}","templated":true}]}}