{"id":10361,"date":"2023-10-30T10:18:44","date_gmt":"2023-10-30T08:18:44","guid":{"rendered":"https:\/\/www.welovecycling.com\/es\/?p=10361"},"modified":"2023-10-30T10:18:44","modified_gmt":"2023-10-30T08:18:44","slug":"destinos-mtb","status":"publish","type":"post","link":"https:\/\/www.welovecycling.com\/es\/2023\/10\/30\/destinos-mtb\/","title":{"rendered":"Los mejores destinos MTB en oto\u00f1o"},"content":{"rendered":"<p style=\"font-weight: 400;\"><strong>Por fin ha llegado el oto\u00f1o. S\u00ed, cuesta creerlo con las altas temperaturas, pero el oto\u00f1o ya est\u00e1 aqu\u00ed, y es hora de que los ciclistas de MTB emigremos. Naturalmente, los Alpes y los pa\u00edses n\u00f3rdicos ser\u00e1n los primeros en cerrar sus temporadas, al igual que las estaciones de los Altos Pirineos. Sin embargo, montar en MTB no es una adicci\u00f3n estacional. Es un prurito de 24 horas al d\u00eda, 7 d\u00edas a la semana, 365 d\u00edas al a\u00f1o que hay que rascar con regularidad. Entonces, \u00bfa d\u00f3nde hay que ir? Pues bien, hemos preparado 5 de los mejores destinos para montar en MTB durante este oto\u00f1o.<\/strong><\/p>\n<p><!--more--><\/p>\n<h2><strong>1.\u00a0\u00a0 Tirol de Sur, Italia<\/strong><\/h2>\n<p>Normalmente, ser\u00edamos los primeros en sugerir salir de los Alpes a medida que los d\u00edas se hacen m\u00e1s cortos y las noches m\u00e1s fr\u00edas. Sin embargo, este a\u00f1o, gracias a El Ni\u00f1o, el tiempo va a ser inusualmente c\u00e1lido, al menos hasta enero. As\u00ed que, ciclistas de MTB, alegraos. Este fen\u00f3meno meteorol\u00f3gico nos permitir\u00e1 disfrutar de la alta monta\u00f1a durante m\u00e1s tiempo. Aun as\u00ed, te sugerimos que te limites a las laderas meridionales. De hecho, el Tirol del Sur es el lugar perfecto.<\/p>\n<p>La regi\u00f3n cuenta con m\u00e1s de 500 kil\u00f3metros de senderos. Hay para todos los gustos. Ya seas un entusiasta del DH, un ciclista de XC o un fan\u00e1tico del Enduro, <a href=\"https:\/\/www.welovecycling.com\/wide\/2021\/12\/02\/a-bikers-paradise-shredding-the-solden-trails-with-the-skoda-kodiaq\/\">disfrutar\u00e1s de lo lindo en el Tirol del Sur<\/a>. Contar con una ciudad c\u00e9ntrica como Bolzano, famosa por su infraestructura favorable a las bicicletas, es sin duda una invitaci\u00f3n dif\u00edcil de rechazar. Pero si adem\u00e1s incluimos la magn\u00edfica mezcla de cerveza austriaca y comida italiana, esta sugerencia resulta sencillamente irresistible.<\/p>\n<p style=\"font-weight: 400;\">Aun as\u00ed, aseg\u00farate de seguir las condiciones meteorol\u00f3gicas, ya que estar en los Alpes durante los meses de oto\u00f1o significa que la lluvia y la nieve no tardan en llegar, y si no est\u00e1s bien preparado, podr\u00edas encontrarte en apuros.<\/p>\n<h2><strong>2.\u00a0\u00a0 Rijeka, Croacia<\/strong><\/h2>\n<figure id=\"attachment_10362\" aria-describedby=\"caption-attachment-10362\" style=\"width: 990px\" class=\"wp-caption alignnone\"><a href=\"https:\/\/d2p6e6u75xmxt8.cloudfront.net\/6\/2023\/10\/Vojak-Croatia-MTB-profimedia-0788248642-CVR.webp\"><img loading=\"lazy\" decoding=\"async\" class=\"wp-image-10362 size-full\" src=\"https:\/\/d2p6e6u75xmxt8.cloudfront.net\/6\/2023\/10\/Vojak-Croatia-MTB-profimedia-0788248642-CVR.webp\" alt=\"Mount Vojak\" width=\"990\" height=\"660\" srcset=\"https:\/\/d2p6e6u75xmxt8.cloudfront.net\/6\/2023\/10\/Vojak-Croatia-MTB-profimedia-0788248642-CVR.webp 990w, https:\/\/d2p6e6u75xmxt8.cloudfront.net\/6\/2023\/10\/Vojak-Croatia-MTB-profimedia-0788248642-CVR-300x200.webp 300w, https:\/\/d2p6e6u75xmxt8.cloudfront.net\/6\/2023\/10\/Vojak-Croatia-MTB-profimedia-0788248642-CVR-768x512.webp 768w, https:\/\/d2p6e6u75xmxt8.cloudfront.net\/6\/2023\/10\/Vojak-Croatia-MTB-profimedia-0788248642-CVR-400x267.webp 400w, https:\/\/d2p6e6u75xmxt8.cloudfront.net\/6\/2023\/10\/Vojak-Croatia-MTB-profimedia-0788248642-CVR-272x182.webp 272w\" sizes=\"auto, (max-width: 990px) 100vw, 990px\" \/><\/a><figcaption id=\"caption-attachment-10362\" class=\"wp-caption-text\">Las vistas del Mount Vojak. \u00a9 Profimediea<\/figcaption><\/figure>\n<p>Aunque ir a islas mediterr\u00e1neas como Mallorca, Sicilia, Grecia o Canarias es una obviedad durante el verano, tambi\u00e9n puedes disfrutarlas durante el invierno. Adem\u00e1s, nos gustar\u00eda ampliar tu visi\u00f3n del mundo y llevarte a algunos destinos nuevos. Croacia es el lugar perfecto para empezar.<\/p>\n<p>La regi\u00f3n de Istria y la ciudad central de Rijeka son probablemente los mejores lugares para experimentar Croacia con tu bicicleta de monta\u00f1a. Aunque las infraestructuras de DH y MTB no est\u00e1n tan desarrolladas como en Europa Central y Occidental, la naturaleza intacta y los senderos serenos y salvajes con vistas a la costa d\u00e1lmata son algo que no se puede describir con palabras. Hay que ver esta belleza.<\/p>\n<p>Si decides visitar Istria este oto\u00f1o, debes probar la emblem\u00e1tica ascensi\u00f3n en bucle Rijeka &#8211; Monte Vojak. Es una forma fant\u00e1stica de ver la cruda campi\u00f1a croata. La <a href=\"https:\/\/www.rollingexistence.com\/routes\/cycling-the-parenzana-trail\/\">ruta de Parenzana<\/a> tambi\u00e9n deber\u00eda estar en tu lista, ya que este antiguo ferrocarril convertido en ruta ciclista es m\u00e1s que suficiente para proporcionarte la experiencia de adrenalina que busca.<\/p>\n<p style=\"font-weight: 400;\">Y si lo tuyo es el cicloturismo, Croacia es tu para\u00edso. Los lugare\u00f1os son muy amables, y por el camino probar\u00e1s comidas y bebidas deliciosas. Eso s\u00ed, aseg\u00farate de llevar ropa de abrigo. El tiempo puede llegar a ser g\u00e9lido durante la noche, as\u00ed que mejor estar preparado.<\/p>\n<h2><strong>3.\u00a0\u00a0 M\u00e1laga, Espa\u00f1a<\/strong><\/h2>\n<p>M\u00e1laga es a menudo olvidada por los ciclistas de MTB a pesar de sus m\u00e1s que seductores senderos. Ya sea por el calor abrasador durante los meses de verano o por el terreno predominantemente polvoriento, los entusiastas del MTB suelen pasar por alto esta tierra de ensue\u00f1o para los ciclistas. Pues bien, la ausencia de multitudes en los senderos es uno de los mayores atractivos de esta joya oculta.<\/p>\n<p>Un inconveniente considerable es que s\u00f3lo se puede acceder a todas las rutas de MTB a trav\u00e9s de caminos de tierra, lo que complica un poco el transporte. No obstante, si te gusta pedalear y explorar, M\u00e1laga tiene mucho que ofrecer. Tanto si eliges la brisa fresca del Parque Natural Montes de M\u00e1laga, los senderos salvajes de la Sierra De Tejeda, o las pistas mucho m\u00e1s f\u00e1ciles y aptas para principiantes cerca de la costa, tienes muchas opciones. Si te gusta el Enduro, la zona de Los Almendrales es una visita obligada.<\/p>\n<p>Pero M\u00e1laga tiene mucho m\u00e1s que ofrecer. Tiene trazados de DH excepcionales como la R3 y Alhaur\u00edn, as\u00ed como bonitas opciones de XC como La Techa. Mezcla todo eso con una comida espectacular, unos lugare\u00f1os m\u00e1s que acogedores y algunos de los mejores vinos del mundo, y tendr\u00e1s unas vacaciones de 5 estrellas. \u00bfQu\u00e9 m\u00e1s se puede pedir?<\/p>\n<h2><strong>4.\u00a0\u00a0 Liguria, Italia<\/strong><\/h2>\n<figure id=\"attachment_10363\" aria-describedby=\"caption-attachment-10363\" style=\"width: 1080px\" class=\"wp-caption alignnone\"><a href=\"https:\/\/d2p6e6u75xmxt8.cloudfront.net\/6\/2023\/10\/finale_ligure_dominika3.webp\"><img loading=\"lazy\" decoding=\"async\" class=\"wp-image-10363 size-full\" src=\"https:\/\/d2p6e6u75xmxt8.cloudfront.net\/6\/2023\/10\/finale_ligure_dominika3.webp\" alt=\"Finale Ligure\" width=\"1080\" height=\"720\" srcset=\"https:\/\/d2p6e6u75xmxt8.cloudfront.net\/6\/2023\/10\/finale_ligure_dominika3.webp 1080w, https:\/\/d2p6e6u75xmxt8.cloudfront.net\/6\/2023\/10\/finale_ligure_dominika3-300x200.webp 300w, https:\/\/d2p6e6u75xmxt8.cloudfront.net\/6\/2023\/10\/finale_ligure_dominika3-1024x683.webp 1024w, https:\/\/d2p6e6u75xmxt8.cloudfront.net\/6\/2023\/10\/finale_ligure_dominika3-768x512.webp 768w, https:\/\/d2p6e6u75xmxt8.cloudfront.net\/6\/2023\/10\/finale_ligure_dominika3-400x267.webp 400w, https:\/\/d2p6e6u75xmxt8.cloudfront.net\/6\/2023\/10\/finale_ligure_dominika3-272x182.webp 272w\" sizes=\"auto, (max-width: 1080px) 100vw, 1080px\" \/><\/a><figcaption id=\"caption-attachment-10363\" class=\"wp-caption-text\">Liguria tiene una red espectacular de trails de enduro.<\/figcaption><\/figure>\n<p>Hablando de buen vino y buena comida, Italia est\u00e1 ah\u00ed, en el mapa, \u00bfno? Con una tradici\u00f3n excepcional en todo tipo de actividades ciclistas, no es de extra\u00f1ar que algunas de las mejores pistas de BTT se encuentren aqu\u00ed. Finale Ligure es la creme de la creme en lo que a ciclismo de monta\u00f1a se refiere. Esta peque\u00f1a ciudad encajonada entre M\u00f3naco y San Remo ofrece amplias opciones. Lo mejor de todo es que, a pesar de estar en primera l\u00ednea de los Alpes, el clima mediterr\u00e1neo y el resguardo de los fr\u00edos vientos del norte y del oeste hacen de este lugar uno de los m\u00e1s c\u00e1lidos durante todo el a\u00f1o. Naturalmente, los ciclistas acuden en masa durante los meses finales del oto\u00f1o, y los paseos contin\u00faan incluso durante el invierno.<\/p>\n<p>La zona cuenta con m\u00e1s de 90 senderos distintos, que cubren m\u00e1s de 350 km de recorrido costero. Los lugare\u00f1os han aprovechado este clima \u00fanico y ofrecen servicios de lanzadera hasta la cima, a casi 1.000 metros de altitud. Ni que decir tiene que el descenso es sencillamente incre\u00edble, con magn\u00edficas vistas de la costa mediterr\u00e1nea y el agua azul zafiro. \u00bfY la cocina italiana? No hace falta dar muchos detalles m\u00e1s.<\/p>\n<h2><strong>5.\u00a0\u00a0 Costa Azul, Francia<\/strong><\/h2>\n<p>Por \u00faltimo, no podemos hacer una lista de destinos favoritos para practicar ciclismo en oto\u00f1o sin a\u00f1adir la Costa Azul. No es casualidad que la mayor\u00eda de los ciclistas de talla mundial prefieran pasar aqu\u00ed el invierno. El tiempo es magn\u00edfico y uno de los mejores del continente durante los meses fr\u00edos. El \u00fanico problema es que a principios de oto\u00f1o puede hacer un poco de calor cerca del mar, mientras que en las monta\u00f1as el tiempo es cada vez m\u00e1s fr\u00edo. Hay un gran contraste de temperatura.<\/p>\n<p>Por otro lado, hay mucho que ver en las monta\u00f1as. Y los senderos son magn\u00edficos. Desde el tranquilo La Brague hasta el t\u00e9cnico L&#8217;escarene, cada ciclista de MTB puede encontrar un trozo de para\u00edso. Lo mejor de todo es que si te cansas de subir monta\u00f1as, siempre puedes hacer una excursi\u00f3n de un d\u00eda a M\u00f3naco y visitar por tu cuenta el lujos\u00edsimo principado.<\/p>\n<p>El resto est\u00e1 m\u00e1s claro que el agua. Vino franc\u00e9s excepcional, marisco en abundancia y, por supuesto, una vida nocturna de \u00e9xtasis.<\/p>\n<h2><strong>\u00bfEst\u00e1s listo para hacer las maletas?<\/strong><\/h2>\n<p style=\"font-weight: 400;\">Pues no hay prisa. El invierno va a ser suave, lo que no es tan bueno para nuestro ecosistema, pero en lo que respecta a la BTT, seguro que nos abre algunas puertas. As\u00ed que aprovecha El Ni\u00f1o y haz algunas salidas en MTB memorables este oto\u00f1o. Qui\u00e9n sabe, el a\u00f1o que viene puede que haya nieve.<\/p>\n","protected":false},"excerpt":{"rendered":"<p>Por fin ha llegado el oto\u00f1o. S\u00ed, cuesta creerlo con las altas temperaturas, pero el oto\u00f1o ya est\u00e1 aqu\u00ed, y [&hellip;]<\/p>\n","protected":false},"author":29,"featured_media":10365,"comment_status":"open","ping_status":"open","sticky":false,"template":"","format":"standard","meta":{"footnotes":""},"categories":[9],"tags":[162],"global-categories":[],"class_list":["post-10361","post","type-post","status-publish","format-standard","has-post-thumbnail","hentry","category-mtb-aventura","tag-mtb"],"yoast_head":"<!-- This site is optimized with the Yoast SEO Premium plugin v25.3 (Yoast SEO v25.9) - https:\/\/yoast.com\/wordpress\/plugins\/seo\/ -->\n<title>Los mejores destinos MTB en oto\u00f1o - \u0160koda We Love Cycling - Spain<\/title>\n<meta name=\"description\" content=\"Los mejores destinos MTB en oto\u00f1o. Desde Croacia o el Tirol a la Costa Azul, Liguria y la costa malague\u00f1a.\" \/>\n<meta name=\"robots\" content=\"index, follow, max-snippet:-1, max-image-preview:large, max-video-preview:-1\" \/>\n<link rel=\"canonical\" href=\"https:\/\/www.welovecycling.com\/es\/2023\/10\/30\/destinos-mtb\/\" \/>\n<meta property=\"og:locale\" content=\"es_ES\" \/>\n<meta property=\"og:type\" content=\"article\" \/>\n<meta property=\"og:title\" content=\"Los mejores destinos MTB en oto\u00f1o\" \/>\n<meta property=\"og:description\" content=\"Los mejores destinos MTB en oto\u00f1o. Desde Croacia o el Tirol a la Costa Azul, Liguria y la costa malague\u00f1a.\" \/>\n<meta property=\"og:url\" content=\"https:\/\/www.welovecycling.com\/es\/2023\/10\/30\/destinos-mtb\/\" \/>\n<meta property=\"og:site_name\" content=\"\u0160koda We Love Cycling - Spain\" \/>\n<meta property=\"article:published_time\" content=\"2023-10-30T08:18:44+00:00\" \/>\n<meta property=\"og:image\" content=\"https:\/\/d2p6e6u75xmxt8.cloudfront.net\/6\/2023\/10\/Parenzana-Croatia-profimedia-0703675557-CVR.webp\" \/>\n\t<meta property=\"og:image:width\" content=\"990\" \/>\n\t<meta property=\"og:image:height\" content=\"660\" \/>\n\t<meta property=\"og:image:type\" content=\"image\/webp\" \/>\n<meta name=\"author\" content=\"We Love Cycling Spain\" \/>\n<meta name=\"twitter:card\" content=\"summary_large_image\" \/>\n<meta name=\"twitter:description\" content=\"Los mejores destinos MTB en oto\u00f1o. Desde Croacia o el Tirol a la Costa Azul, Liguria y la costa malague\u00f1a.\" \/>\n<meta name=\"twitter:label1\" content=\"Written by\" \/>\n\t<meta name=\"twitter:data1\" content=\"Martin Atanasov\" \/>\n\t<meta name=\"twitter:label2\" content=\"Est. reading time\" \/>\n\t<meta name=\"twitter:data2\" content=\"5\" \/>\n<script type=\"application\/ld+json\" class=\"yoast-schema-graph\">{\"@context\":\"https:\/\/schema.org\",\"@graph\":[{\"@type\":\"WebPage\",\"@id\":\"https:\/\/www.welovecycling.com\/es\/2023\/10\/30\/destinos-mtb\/\",\"url\":\"https:\/\/www.welovecycling.com\/es\/2023\/10\/30\/destinos-mtb\/\",\"name\":\"Los mejores destinos MTB en oto\u00f1o - \u0160koda We Love Cycling - Spain\",\"isPartOf\":{\"@id\":\"https:\/\/www.welovecycling.com\/es\/#website\"},\"primaryImageOfPage\":{\"@id\":\"https:\/\/www.welovecycling.com\/es\/2023\/10\/30\/destinos-mtb\/#primaryimage\"},\"image\":{\"@id\":\"https:\/\/www.welovecycling.com\/es\/2023\/10\/30\/destinos-mtb\/#primaryimage\"},\"thumbnailUrl\":\"https:\/\/d2p6e6u75xmxt8.cloudfront.net\/6\/2023\/10\/Parenzana-Croatia-profimedia-0703675557-CVR.webp\",\"datePublished\":\"2023-10-30T08:18:44+00:00\",\"author\":{\"@id\":\"https:\/\/www.welovecycling.com\/es\/#\/schema\/person\/deb61715b5812698ee79fb96f343ccd4\"},\"description\":\"Los mejores destinos MTB en oto\u00f1o. Desde Croacia o el Tirol a la Costa Azul, Liguria y la costa malague\u00f1a.\",\"breadcrumb\":{\"@id\":\"https:\/\/www.welovecycling.com\/es\/2023\/10\/30\/destinos-mtb\/#breadcrumb\"},\"inLanguage\":\"es-ES\",\"potentialAction\":[{\"@type\":\"ReadAction\",\"target\":[\"https:\/\/www.welovecycling.com\/es\/2023\/10\/30\/destinos-mtb\/\"]}]},{\"@type\":\"ImageObject\",\"inLanguage\":\"es-ES\",\"@id\":\"https:\/\/www.welovecycling.com\/es\/2023\/10\/30\/destinos-mtb\/#primaryimage\",\"url\":\"https:\/\/d2p6e6u75xmxt8.cloudfront.net\/6\/2023\/10\/Parenzana-Croatia-profimedia-0703675557-CVR.webp\",\"contentUrl\":\"https:\/\/d2p6e6u75xmxt8.cloudfront.net\/6\/2023\/10\/Parenzana-Croatia-profimedia-0703675557-CVR.webp\",\"width\":990,\"height\":660},{\"@type\":\"BreadcrumbList\",\"@id\":\"https:\/\/www.welovecycling.com\/es\/2023\/10\/30\/destinos-mtb\/#breadcrumb\",\"itemListElement\":[{\"@type\":\"ListItem\",\"position\":1,\"name\":\"Home\",\"item\":\"https:\/\/www.welovecycling.com\/es\/\"},{\"@type\":\"ListItem\",\"position\":2,\"name\":\"Los mejores destinos MTB en oto\u00f1o\"}]},{\"@type\":\"WebSite\",\"@id\":\"https:\/\/www.welovecycling.com\/es\/#website\",\"url\":\"https:\/\/www.welovecycling.com\/es\/\",\"name\":\"\u0160koda We Love Cycling - Spain\",\"description\":\"\u0160koda WeLoveCycling Spain\",\"potentialAction\":[{\"@type\":\"SearchAction\",\"target\":{\"@type\":\"EntryPoint\",\"urlTemplate\":\"https:\/\/www.welovecycling.com\/es\/?s={search_term_string}\"},\"query-input\":{\"@type\":\"PropertyValueSpecification\",\"valueRequired\":true,\"valueName\":\"search_term_string\"}}],\"inLanguage\":\"es-ES\"},{\"@type\":\"Person\",\"@id\":\"https:\/\/www.welovecycling.com\/es\/#\/schema\/person\/deb61715b5812698ee79fb96f343ccd4\",\"name\":\"We Love Cycling Spain\",\"image\":{\"@type\":\"ImageObject\",\"inLanguage\":\"es-ES\",\"@id\":\"https:\/\/www.welovecycling.com\/es\/#\/schema\/person\/image\/\",\"url\":\"https:\/\/secure.gravatar.com\/avatar\/c824b04e6df0e37a03219d0b6481672889df542894588964102459e46513159c?s=96&d=mm&r=g\",\"contentUrl\":\"https:\/\/secure.gravatar.com\/avatar\/c824b04e6df0e37a03219d0b6481672889df542894588964102459e46513159c?s=96&d=mm&r=g\",\"caption\":\"We Love Cycling Spain\"},\"url\":\"https:\/\/www.welovecycling.com\/es\/author\/amunoz\/\"}]}<\/script>\n<!-- \/ Yoast SEO Premium plugin. -->","yoast_head_json":{"title":"Los mejores destinos MTB en oto\u00f1o - \u0160koda We Love Cycling - Spain","description":"Los mejores destinos MTB en oto\u00f1o. Desde Croacia o el Tirol a la Costa Azul, Liguria y la costa malague\u00f1a.","robots":{"index":"index","follow":"follow","max-snippet":"max-snippet:-1","max-image-preview":"max-image-preview:large","max-video-preview":"max-video-preview:-1"},"canonical":"https:\/\/www.welovecycling.com\/es\/2023\/10\/30\/destinos-mtb\/","og_locale":"es_ES","og_type":"article","og_title":"Los mejores destinos MTB en oto\u00f1o","og_description":"Los mejores destinos MTB en oto\u00f1o. Desde Croacia o el Tirol a la Costa Azul, Liguria y la costa malague\u00f1a.","og_url":"https:\/\/www.welovecycling.com\/es\/2023\/10\/30\/destinos-mtb\/","og_site_name":"\u0160koda We Love Cycling - Spain","article_published_time":"2023-10-30T08:18:44+00:00","og_image":[{"width":990,"height":660,"url":"https:\/\/d2p6e6u75xmxt8.cloudfront.net\/6\/2023\/10\/Parenzana-Croatia-profimedia-0703675557-CVR.webp","type":"image\/webp"}],"author":"We Love Cycling Spain","twitter_card":"summary_large_image","twitter_description":"Los mejores destinos MTB en oto\u00f1o. Desde Croacia o el Tirol a la Costa Azul, Liguria y la costa malague\u00f1a.","twitter_misc":{"Written by":"Martin Atanasov","Est. reading time":"5"},"schema":{"@context":"https:\/\/schema.org","@graph":[{"@type":"WebPage","@id":"https:\/\/www.welovecycling.com\/es\/2023\/10\/30\/destinos-mtb\/","url":"https:\/\/www.welovecycling.com\/es\/2023\/10\/30\/destinos-mtb\/","name":"Los mejores destinos MTB en oto\u00f1o - \u0160koda We Love Cycling - Spain","isPartOf":{"@id":"https:\/\/www.welovecycling.com\/es\/#website"},"primaryImageOfPage":{"@id":"https:\/\/www.welovecycling.com\/es\/2023\/10\/30\/destinos-mtb\/#primaryimage"},"image":{"@id":"https:\/\/www.welovecycling.com\/es\/2023\/10\/30\/destinos-mtb\/#primaryimage"},"thumbnailUrl":"https:\/\/d2p6e6u75xmxt8.cloudfront.net\/6\/2023\/10\/Parenzana-Croatia-profimedia-0703675557-CVR.webp","datePublished":"2023-10-30T08:18:44+00:00","author":{"@id":"https:\/\/www.welovecycling.com\/es\/#\/schema\/person\/deb61715b5812698ee79fb96f343ccd4"},"description":"Los mejores destinos MTB en oto\u00f1o. Desde Croacia o el Tirol a la Costa Azul, Liguria y la costa malague\u00f1a.","breadcrumb":{"@id":"https:\/\/www.welovecycling.com\/es\/2023\/10\/30\/destinos-mtb\/#breadcrumb"},"inLanguage":"es-ES","potentialAction":[{"@type":"ReadAction","target":["https:\/\/www.welovecycling.com\/es\/2023\/10\/30\/destinos-mtb\/"]}]},{"@type":"ImageObject","inLanguage":"es-ES","@id":"https:\/\/www.welovecycling.com\/es\/2023\/10\/30\/destinos-mtb\/#primaryimage","url":"https:\/\/d2p6e6u75xmxt8.cloudfront.net\/6\/2023\/10\/Parenzana-Croatia-profimedia-0703675557-CVR.webp","contentUrl":"https:\/\/d2p6e6u75xmxt8.cloudfront.net\/6\/2023\/10\/Parenzana-Croatia-profimedia-0703675557-CVR.webp","width":990,"height":660},{"@type":"BreadcrumbList","@id":"https:\/\/www.welovecycling.com\/es\/2023\/10\/30\/destinos-mtb\/#breadcrumb","itemListElement":[{"@type":"ListItem","position":1,"name":"Home","item":"https:\/\/www.welovecycling.com\/es\/"},{"@type":"ListItem","position":2,"name":"Los mejores destinos MTB en oto\u00f1o"}]},{"@type":"WebSite","@id":"https:\/\/www.welovecycling.com\/es\/#website","url":"https:\/\/www.welovecycling.com\/es\/","name":"\u0160koda We Love Cycling - Spain","description":"\u0160koda WeLoveCycling Spain","potentialAction":[{"@type":"SearchAction","target":{"@type":"EntryPoint","urlTemplate":"https:\/\/www.welovecycling.com\/es\/?s={search_term_string}"},"query-input":{"@type":"PropertyValueSpecification","valueRequired":true,"valueName":"search_term_string"}}],"inLanguage":"es-ES"},{"@type":"Person","@id":"https:\/\/www.welovecycling.com\/es\/#\/schema\/person\/deb61715b5812698ee79fb96f343ccd4","name":"We Love Cycling Spain","image":{"@type":"ImageObject","inLanguage":"es-ES","@id":"https:\/\/www.welovecycling.com\/es\/#\/schema\/person\/image\/","url":"https:\/\/secure.gravatar.com\/avatar\/c824b04e6df0e37a03219d0b6481672889df542894588964102459e46513159c?s=96&d=mm&r=g","contentUrl":"https:\/\/secure.gravatar.com\/avatar\/c824b04e6df0e37a03219d0b6481672889df542894588964102459e46513159c?s=96&d=mm&r=g","caption":"We Love Cycling Spain"},"url":"https:\/\/www.welovecycling.com\/es\/author\/amunoz\/"}]}},"_links":{"self":[{"href":"https:\/\/www.welovecycling.com\/es\/wp-json\/wp\/v2\/posts\/10361","targetHints":{"allow":["GET"]}}],"collection":[{"href":"https:\/\/www.welovecycling.com\/es\/wp-json\/wp\/v2\/posts"}],"about":[{"href":"https:\/\/www.welovecycling.com\/es\/wp-json\/wp\/v2\/types\/post"}],"author":[{"embeddable":true,"href":"https:\/\/www.welovecycling.com\/es\/wp-json\/wp\/v2\/users\/29"}],"replies":[{"embeddable":true,"href":"https:\/\/www.welovecycling.com\/es\/wp-json\/wp\/v2\/comments?post=10361"}],"version-history":[{"count":2,"href":"https:\/\/www.welovecycling.com\/es\/wp-json\/wp\/v2\/posts\/10361\/revisions"}],"predecessor-version":[{"id":10366,"href":"https:\/\/www.welovecycling.com\/es\/wp-json\/wp\/v2\/posts\/10361\/revisions\/10366"}],"wp:featuredmedia":[{"embeddable":true,"href":"https:\/\/www.welovecycling.com\/es\/wp-json\/wp\/v2\/media\/10365"}],"wp:attachment":[{"href":"https:\/\/www.welovecycling.com\/es\/wp-json\/wp\/v2\/media?parent=10361"}],"wp:term":[{"taxonomy":"category","embeddable":true,"href":"https:\/\/www.welovecycling.com\/es\/wp-json\/wp\/v2\/categories?post=10361"},{"taxonomy":"post_tag","embeddable":true,"href":"https:\/\/www.welovecycling.com\/es\/wp-json\/wp\/v2\/tags?post=10361"},{"taxonomy":"global-categories","embeddable":true,"href":"https:\/\/www.welovecycling.com\/es\/wp-json\/wp\/v2\/global-categories?post=10361"}],"curies":[{"name":"wp","href":"https:\/\/api.w.org\/{rel}","templated":true}]}}