{"id":10331,"date":"2023-10-16T21:19:59","date_gmt":"2023-10-16T19:19:59","guid":{"rendered":"https:\/\/www.welovecycling.com\/es\/?p=10331"},"modified":"2023-10-16T21:21:57","modified_gmt":"2023-10-16T19:21:57","slug":"mundial-gravel","status":"publish","type":"post","link":"https:\/\/www.welovecycling.com\/es\/2023\/10\/16\/mundial-gravel\/","title":{"rendered":"El m\u00e1gico momento de ganar un Mundial de Gravel por Kasia Niewiadoma"},"content":{"rendered":"<p><strong>Todav\u00eda estoy entusiasmada con todo lo que pas\u00f3 en los Campeonatos del Mundo de la UCI. Ten\u00eda a mis amigos y a mi familia conmigo, as\u00ed que la celebraci\u00f3n tras pasar la l\u00ednea de meta fue un intercambio de energ\u00eda real y extremadamente positivo. El a\u00f1o pasado pedale\u00e9 con Lachy Morton, que ven\u00eda de correr la primera edici\u00f3n del Mundial de Gravel en Italia. Me cont\u00f3 lo alucinante que hab\u00eda sido la experiencia y, desde entonces, no he dejado de pensar que me encantar\u00eda ganar esa carrera alg\u00fan d\u00eda. Estoy muy contenta de no haber tenido que esperar demasiado y de haberlo conseguido en mi primer intento.<\/strong><\/p>\n<p><!--more--><\/p>\n<p>Ponerse el maillot arco iris y ver alzarse tu bandera nacional mientras empieza a sonar el himno nacional es un momento con el que sue\u00f1a todo atleta. Subes al podio lleno de felicidad, orgullo, satisfacci\u00f3n y una enorme sensaci\u00f3n de logro.<\/p>\n<h2><strong>Una carrera salvaje en condiciones complicadas<\/strong><\/h2>\n<p>Es una pena que la carrera no haya tenido una mejor cobertura. Me hubiera gustado que la gente nos hubiera visto correr porque, desde el kil\u00f3metro cero, hab\u00eda una din\u00e1mica incre\u00edble y un ritmo muy alto por parte del equipo italiano. Despu\u00e9s de s\u00f3lo 30 km, nos quedamos en un pelot\u00f3n de 25 ciclistas. El recorrido era muy exigente, t\u00e9cnico y agotador al final, con muchas subidas cortas pero empinadas.<\/p>\n<p>Tuve un momento de debilidad al principio de la carrera, pero a medida que pasaban los repechos recuper\u00e9 la confianza y me centr\u00e9 en los \u00faltimos 25 km, que hab\u00eda reconocido el d\u00eda anterior. Sab\u00eda que mi mejor oportunidad estar\u00eda en una subida de 400 metros con una pendiente media del 15%. Lo di todo all\u00ed y consegu\u00ed escaparme en solitario. El resto de la carrera fue incre\u00edble porque recib\u00ed mucho apoyo de la gente que me animaba a lo largo de la carretera. Los \u00faltimos 500 metros fueron incre\u00edbles porque ten\u00eda una diferencia lo suficientemente grande como para poder celebrar la victoria sin apresurarme a llegar a la meta.<\/p>\n<p>Tambi\u00e9n tuve la suerte de montar la nueva Canyon Grail. La bicicleta ya est\u00e1 a la venta oficialmente, y me alegro de que el p\u00fablico tenga acceso a ella. Desde el momento en que me sub\u00ed a la bicicleta, supe que pod\u00eda hacer magia. La sent\u00ed muy natural y, en cierto modo, similar a montar en una bicicleta de carretera, por lo que la transici\u00f3n no requiri\u00f3 muchos ajustes. Esta bici es muy c\u00f3moda, f\u00e1cil de manejar, r\u00edgida y te da una sensaci\u00f3n de ligereza y seguridad al pasar por tramos t\u00e9cnicos rocosos o con ra\u00edces.<\/p>\n<figure id=\"attachment_10333\" aria-describedby=\"caption-attachment-10333\" style=\"width: 990px\" class=\"wp-caption alignnone\"><a href=\"https:\/\/d2p6e6u75xmxt8.cloudfront.net\/6\/2023\/10\/Kasia-Niewiadoma-UCI-Gravel-Championships.webp\"><img loading=\"lazy\" decoding=\"async\" class=\"size-full wp-image-10333\" src=\"https:\/\/d2p6e6u75xmxt8.cloudfront.net\/6\/2023\/10\/Kasia-Niewiadoma-UCI-Gravel-Championships.webp\" alt=\"Kasia Niewiadoma\" width=\"990\" height=\"660\" srcset=\"https:\/\/d2p6e6u75xmxt8.cloudfront.net\/6\/2023\/10\/Kasia-Niewiadoma-UCI-Gravel-Championships.webp 990w, https:\/\/d2p6e6u75xmxt8.cloudfront.net\/6\/2023\/10\/Kasia-Niewiadoma-UCI-Gravel-Championships-300x200.webp 300w, https:\/\/d2p6e6u75xmxt8.cloudfront.net\/6\/2023\/10\/Kasia-Niewiadoma-UCI-Gravel-Championships-768x512.webp 768w, https:\/\/d2p6e6u75xmxt8.cloudfront.net\/6\/2023\/10\/Kasia-Niewiadoma-UCI-Gravel-Championships-400x267.webp 400w, https:\/\/d2p6e6u75xmxt8.cloudfront.net\/6\/2023\/10\/Kasia-Niewiadoma-UCI-Gravel-Championships-272x182.webp 272w\" sizes=\"auto, (max-width: 990px) 100vw, 990px\" \/><\/a><figcaption id=\"caption-attachment-10333\" class=\"wp-caption-text\">El triunfo de Kasia. \u00a9 Profimedia<\/figcaption><\/figure>\n<h2><strong><br \/>\nLa decepcionante falta de cobertura televisiva<\/strong><\/h2>\n<p>Como ya he dicho, todo el mundo estaba indignado hasta cierto punto por la falta de cobertura televisiva. Fue la \u00fanica decepci\u00f3n, pero es realmente descorazonador que un acontecimiento tan extraordinario no se haya visto m\u00e1s ampliamente. Tener una retransmisi\u00f3n televisiva es una prioridad absoluta para nosotros, los ciclistas, porque es la \u00fanica manera de que nuestro deporte obtenga el reconocimiento que merece. No s\u00f3lo permite a los aficionados seguir y presenciar nuestros incansables esfuerzos en un recorrido tan exigente, sino que tambi\u00e9n inspira a m\u00e1s gente a unirse a la comunidad de las carreras de gravel. La inclusi\u00f3n y la visibilidad son esenciales para el crecimiento de este deporte, y esperamos una mejor cobertura en el futuro<\/p>\n<h2><strong>Mis mejores momentos escalando\u00a0<\/strong><\/h2>\n<p>No obstante, estoy muy contenta de haber puesto esta guinda a mi temporada. He seguido mi instinto de darle a mi cuerpo un buen descanso antes de este reto final. Me tom\u00e9 un descanso del entrenamiento riguroso y de los viajes constantes, permitiendo que mi cuerpo se recuperara por completo. Durante esos diez d\u00edas de descanso, tuve la oportunidad de embarcarme en salidas de aventura con mi pareja y amigos, que no s\u00f3lo rejuvenecieron mi estado f\u00edsico, sino que tambi\u00e9n me ayudaron a descomprimirme y a redescubrir el placer del ciclismo. A veces, son los momentos de relajaci\u00f3n y de pura diversi\u00f3n los que dan los mejores resultados. Esta vez, mi mentalidad renovada me llev\u00f3 a una impresionante escalada en los Campeonatos del Mundo de Gravel de la UCI, poniendo de relieve la importancia del equilibrio tanto en el entrenamiento como en el disfrute.<\/p>\n<p>Esos momentos en la l\u00ednea de meta y durante la rueda de prensa de <a href=\"https:\/\/www.uci.org\/competition-hub\/2023-uci-gravel-world-championships\/Rk12QsObKDJH6Vt59mvvK\">entrega de la medalla de oro<\/a> son tan especiales porque las sensaciones que desbordan tu mente y tu cuerpo son indescriptibles. Te sientes incre\u00edblemente feliz, como si estuvieras flotando en el espacio. Recibir grandes sonrisas y abrazos sinceros te hace comprender que todo el esfuerzo que dedicas a entrenar y todos los fracasos merecen tanto la pena.<\/p>\n<h2><strong>El futuro del gravel<\/strong><\/h2>\n<p>Las carreras del gravel son similares a las de carretera en cuanto a esfuerzos prolongados y tiempo dedicado a concentrarse en la carrera, as\u00ed que me aficion\u00e9 a ellas de forma natural. Ser bueno t\u00e9cnicamente y gestionar bien el consumo de energ\u00eda son aspectos vitales. Lo aprend\u00ed de todos mis fracasos anteriores. Me encantan las carreras sobre tierra, sobre todo ahora que puedo llevar el maillot arco iris, pero las carreras en carretera seguir\u00e1n siendo mi prioridad el a\u00f1o que viene, ya que mi objetivo es ganar los Juegos Ol\u00edmpicos y el Tour de Francia. Una vez que tenga un periodo de relajaci\u00f3n, volver\u00e9 con mucho gusto al gravel<\/p>\n<p>En definitiva, ganar el Mundial de Gravel ha sido un <a href=\"https:\/\/www.welovecycling.com\/wide\/2023\/10\/09\/kasia-niewiadoma-strikes-gold-in-uci-gravel-world-championships\/\">sue\u00f1o hecho realidad<\/a>. Los retos, las emociones y el incre\u00edble apoyo que recib\u00ed lo convirtieron en un momento realmente m\u00e1gico de mi carrera. Las carreras sobre grava tienen un futuro brillante y estoy deseando ver ad\u00f3nde nos llevan. Gracias a todos por compartir este incre\u00edble viaje conmigo.<\/p>\n","protected":false},"excerpt":{"rendered":"<p>Todav\u00eda estoy entusiasmada con todo lo que pas\u00f3 en los Campeonatos del Mundo de la UCI. Ten\u00eda a mis amigos [&hellip;]<\/p>\n","protected":false},"author":29,"featured_media":10337,"comment_status":"open","ping_status":"open","sticky":false,"template":"","format":"standard","meta":{"footnotes":""},"categories":[7],"tags":[2266],"global-categories":[],"class_list":["post-10331","post","type-post","status-publish","format-standard","has-post-thumbnail","hentry","category-carretera","tag-mundial-gravel"],"yoast_head":"<!-- This site is optimized with the Yoast SEO Premium plugin v25.3 (Yoast SEO v25.9) - https:\/\/yoast.com\/wordpress\/plugins\/seo\/ -->\n<title>El momento de ganar un Mundial de Gravel por Kasia Niewiadoma<\/title>\n<meta name=\"description\" content=\"El m\u00e1gico momento de ganar un Mundial de Gravel por Kasia Niewiadoma. La ciclista polaca nos cuenta su experiencia en en gravel.\" \/>\n<meta name=\"robots\" content=\"index, follow, max-snippet:-1, max-image-preview:large, max-video-preview:-1\" \/>\n<link rel=\"canonical\" href=\"https:\/\/www.welovecycling.com\/es\/2023\/10\/16\/mundial-gravel\/\" \/>\n<meta property=\"og:locale\" content=\"es_ES\" \/>\n<meta property=\"og:type\" content=\"article\" \/>\n<meta property=\"og:title\" content=\"El m\u00e1gico momento de ganar un Mundial de Gravel por Kasia Niewiadoma\" \/>\n<meta property=\"og:description\" content=\"El m\u00e1gico momento de ganar un Mundial de Gravel por Kasia Niewiadoma. La ciclista polaca nos cuenta su experiencia en en gravel.\" \/>\n<meta property=\"og:url\" content=\"https:\/\/www.welovecycling.com\/es\/2023\/10\/16\/mundial-gravel\/\" \/>\n<meta property=\"og:site_name\" content=\"\u0160koda We Love Cycling - Spain\" \/>\n<meta property=\"article:published_time\" content=\"2023-10-16T19:19:59+00:00\" \/>\n<meta property=\"article:modified_time\" content=\"2023-10-16T19:21:57+00:00\" \/>\n<meta property=\"og:image\" content=\"https:\/\/d2p6e6u75xmxt8.cloudfront.net\/6\/2023\/10\/Kasia-Niewiadoma-profimedia-0811769541-CVR.webp\" \/>\n\t<meta property=\"og:image:width\" content=\"990\" \/>\n\t<meta property=\"og:image:height\" content=\"660\" \/>\n\t<meta property=\"og:image:type\" content=\"image\/webp\" \/>\n<meta name=\"author\" content=\"We Love Cycling Spain\" \/>\n<meta name=\"twitter:card\" content=\"summary_large_image\" \/>\n<meta name=\"twitter:description\" content=\"El m\u00e1gico momento de ganar un Mundial de Gravel por Kasia Niewiadoma. La ciclista polaca nos cuenta su experiencia en en gravel.\" \/>\n<meta name=\"twitter:label1\" content=\"Written by\" \/>\n\t<meta name=\"twitter:data1\" content=\"Kasia Niewiadoma\" \/>\n\t<meta name=\"twitter:label2\" content=\"Est. reading time\" \/>\n\t<meta name=\"twitter:data2\" content=\"4\" \/>\n<script type=\"application\/ld+json\" class=\"yoast-schema-graph\">{\"@context\":\"https:\/\/schema.org\",\"@graph\":[{\"@type\":\"WebPage\",\"@id\":\"https:\/\/www.welovecycling.com\/es\/2023\/10\/16\/mundial-gravel\/\",\"url\":\"https:\/\/www.welovecycling.com\/es\/2023\/10\/16\/mundial-gravel\/\",\"name\":\"El momento de ganar un Mundial de Gravel por Kasia Niewiadoma\",\"isPartOf\":{\"@id\":\"https:\/\/www.welovecycling.com\/es\/#website\"},\"primaryImageOfPage\":{\"@id\":\"https:\/\/www.welovecycling.com\/es\/2023\/10\/16\/mundial-gravel\/#primaryimage\"},\"image\":{\"@id\":\"https:\/\/www.welovecycling.com\/es\/2023\/10\/16\/mundial-gravel\/#primaryimage\"},\"thumbnailUrl\":\"https:\/\/d2p6e6u75xmxt8.cloudfront.net\/6\/2023\/10\/Kasia-Niewiadoma-profimedia-0811769541-CVR.webp\",\"datePublished\":\"2023-10-16T19:19:59+00:00\",\"dateModified\":\"2023-10-16T19:21:57+00:00\",\"author\":{\"@id\":\"https:\/\/www.welovecycling.com\/es\/#\/schema\/person\/deb61715b5812698ee79fb96f343ccd4\"},\"description\":\"El m\u00e1gico momento de ganar un Mundial de Gravel por Kasia Niewiadoma. La ciclista polaca nos cuenta su experiencia en en gravel.\",\"breadcrumb\":{\"@id\":\"https:\/\/www.welovecycling.com\/es\/2023\/10\/16\/mundial-gravel\/#breadcrumb\"},\"inLanguage\":\"es-ES\",\"potentialAction\":[{\"@type\":\"ReadAction\",\"target\":[\"https:\/\/www.welovecycling.com\/es\/2023\/10\/16\/mundial-gravel\/\"]}]},{\"@type\":\"ImageObject\",\"inLanguage\":\"es-ES\",\"@id\":\"https:\/\/www.welovecycling.com\/es\/2023\/10\/16\/mundial-gravel\/#primaryimage\",\"url\":\"https:\/\/d2p6e6u75xmxt8.cloudfront.net\/6\/2023\/10\/Kasia-Niewiadoma-profimedia-0811769541-CVR.webp\",\"contentUrl\":\"https:\/\/d2p6e6u75xmxt8.cloudfront.net\/6\/2023\/10\/Kasia-Niewiadoma-profimedia-0811769541-CVR.webp\",\"width\":990,\"height\":660,\"caption\":\"Kasia Niewiadoma\"},{\"@type\":\"BreadcrumbList\",\"@id\":\"https:\/\/www.welovecycling.com\/es\/2023\/10\/16\/mundial-gravel\/#breadcrumb\",\"itemListElement\":[{\"@type\":\"ListItem\",\"position\":1,\"name\":\"Home\",\"item\":\"https:\/\/www.welovecycling.com\/es\/\"},{\"@type\":\"ListItem\",\"position\":2,\"name\":\"El m\u00e1gico momento de ganar un Mundial de Gravel por Kasia Niewiadoma\"}]},{\"@type\":\"WebSite\",\"@id\":\"https:\/\/www.welovecycling.com\/es\/#website\",\"url\":\"https:\/\/www.welovecycling.com\/es\/\",\"name\":\"\u0160koda We Love Cycling - Spain\",\"description\":\"\u0160koda WeLoveCycling Spain\",\"potentialAction\":[{\"@type\":\"SearchAction\",\"target\":{\"@type\":\"EntryPoint\",\"urlTemplate\":\"https:\/\/www.welovecycling.com\/es\/?s={search_term_string}\"},\"query-input\":{\"@type\":\"PropertyValueSpecification\",\"valueRequired\":true,\"valueName\":\"search_term_string\"}}],\"inLanguage\":\"es-ES\"},{\"@type\":\"Person\",\"@id\":\"https:\/\/www.welovecycling.com\/es\/#\/schema\/person\/deb61715b5812698ee79fb96f343ccd4\",\"name\":\"We Love Cycling Spain\",\"image\":{\"@type\":\"ImageObject\",\"inLanguage\":\"es-ES\",\"@id\":\"https:\/\/www.welovecycling.com\/es\/#\/schema\/person\/image\/\",\"url\":\"https:\/\/secure.gravatar.com\/avatar\/c824b04e6df0e37a03219d0b6481672889df542894588964102459e46513159c?s=96&d=mm&r=g\",\"contentUrl\":\"https:\/\/secure.gravatar.com\/avatar\/c824b04e6df0e37a03219d0b6481672889df542894588964102459e46513159c?s=96&d=mm&r=g\",\"caption\":\"We Love Cycling Spain\"},\"url\":\"https:\/\/www.welovecycling.com\/es\/author\/amunoz\/\"}]}<\/script>\n<!-- \/ Yoast SEO Premium plugin. -->","yoast_head_json":{"title":"El momento de ganar un Mundial de Gravel por Kasia Niewiadoma","description":"El m\u00e1gico momento de ganar un Mundial de Gravel por Kasia Niewiadoma. La ciclista polaca nos cuenta su experiencia en en gravel.","robots":{"index":"index","follow":"follow","max-snippet":"max-snippet:-1","max-image-preview":"max-image-preview:large","max-video-preview":"max-video-preview:-1"},"canonical":"https:\/\/www.welovecycling.com\/es\/2023\/10\/16\/mundial-gravel\/","og_locale":"es_ES","og_type":"article","og_title":"El m\u00e1gico momento de ganar un Mundial de Gravel por Kasia Niewiadoma","og_description":"El m\u00e1gico momento de ganar un Mundial de Gravel por Kasia Niewiadoma. La ciclista polaca nos cuenta su experiencia en en gravel.","og_url":"https:\/\/www.welovecycling.com\/es\/2023\/10\/16\/mundial-gravel\/","og_site_name":"\u0160koda We Love Cycling - Spain","article_published_time":"2023-10-16T19:19:59+00:00","article_modified_time":"2023-10-16T19:21:57+00:00","og_image":[{"width":990,"height":660,"url":"https:\/\/d2p6e6u75xmxt8.cloudfront.net\/6\/2023\/10\/Kasia-Niewiadoma-profimedia-0811769541-CVR.webp","type":"image\/webp"}],"author":"We Love Cycling Spain","twitter_card":"summary_large_image","twitter_description":"El m\u00e1gico momento de ganar un Mundial de Gravel por Kasia Niewiadoma. La ciclista polaca nos cuenta su experiencia en en gravel.","twitter_misc":{"Written by":"Kasia Niewiadoma","Est. reading time":"4"},"schema":{"@context":"https:\/\/schema.org","@graph":[{"@type":"WebPage","@id":"https:\/\/www.welovecycling.com\/es\/2023\/10\/16\/mundial-gravel\/","url":"https:\/\/www.welovecycling.com\/es\/2023\/10\/16\/mundial-gravel\/","name":"El momento de ganar un Mundial de Gravel por Kasia Niewiadoma","isPartOf":{"@id":"https:\/\/www.welovecycling.com\/es\/#website"},"primaryImageOfPage":{"@id":"https:\/\/www.welovecycling.com\/es\/2023\/10\/16\/mundial-gravel\/#primaryimage"},"image":{"@id":"https:\/\/www.welovecycling.com\/es\/2023\/10\/16\/mundial-gravel\/#primaryimage"},"thumbnailUrl":"https:\/\/d2p6e6u75xmxt8.cloudfront.net\/6\/2023\/10\/Kasia-Niewiadoma-profimedia-0811769541-CVR.webp","datePublished":"2023-10-16T19:19:59+00:00","dateModified":"2023-10-16T19:21:57+00:00","author":{"@id":"https:\/\/www.welovecycling.com\/es\/#\/schema\/person\/deb61715b5812698ee79fb96f343ccd4"},"description":"El m\u00e1gico momento de ganar un Mundial de Gravel por Kasia Niewiadoma. La ciclista polaca nos cuenta su experiencia en en gravel.","breadcrumb":{"@id":"https:\/\/www.welovecycling.com\/es\/2023\/10\/16\/mundial-gravel\/#breadcrumb"},"inLanguage":"es-ES","potentialAction":[{"@type":"ReadAction","target":["https:\/\/www.welovecycling.com\/es\/2023\/10\/16\/mundial-gravel\/"]}]},{"@type":"ImageObject","inLanguage":"es-ES","@id":"https:\/\/www.welovecycling.com\/es\/2023\/10\/16\/mundial-gravel\/#primaryimage","url":"https:\/\/d2p6e6u75xmxt8.cloudfront.net\/6\/2023\/10\/Kasia-Niewiadoma-profimedia-0811769541-CVR.webp","contentUrl":"https:\/\/d2p6e6u75xmxt8.cloudfront.net\/6\/2023\/10\/Kasia-Niewiadoma-profimedia-0811769541-CVR.webp","width":990,"height":660,"caption":"Kasia Niewiadoma"},{"@type":"BreadcrumbList","@id":"https:\/\/www.welovecycling.com\/es\/2023\/10\/16\/mundial-gravel\/#breadcrumb","itemListElement":[{"@type":"ListItem","position":1,"name":"Home","item":"https:\/\/www.welovecycling.com\/es\/"},{"@type":"ListItem","position":2,"name":"El m\u00e1gico momento de ganar un Mundial de Gravel por Kasia Niewiadoma"}]},{"@type":"WebSite","@id":"https:\/\/www.welovecycling.com\/es\/#website","url":"https:\/\/www.welovecycling.com\/es\/","name":"\u0160koda We Love Cycling - Spain","description":"\u0160koda WeLoveCycling Spain","potentialAction":[{"@type":"SearchAction","target":{"@type":"EntryPoint","urlTemplate":"https:\/\/www.welovecycling.com\/es\/?s={search_term_string}"},"query-input":{"@type":"PropertyValueSpecification","valueRequired":true,"valueName":"search_term_string"}}],"inLanguage":"es-ES"},{"@type":"Person","@id":"https:\/\/www.welovecycling.com\/es\/#\/schema\/person\/deb61715b5812698ee79fb96f343ccd4","name":"We Love Cycling Spain","image":{"@type":"ImageObject","inLanguage":"es-ES","@id":"https:\/\/www.welovecycling.com\/es\/#\/schema\/person\/image\/","url":"https:\/\/secure.gravatar.com\/avatar\/c824b04e6df0e37a03219d0b6481672889df542894588964102459e46513159c?s=96&d=mm&r=g","contentUrl":"https:\/\/secure.gravatar.com\/avatar\/c824b04e6df0e37a03219d0b6481672889df542894588964102459e46513159c?s=96&d=mm&r=g","caption":"We Love Cycling Spain"},"url":"https:\/\/www.welovecycling.com\/es\/author\/amunoz\/"}]}},"_links":{"self":[{"href":"https:\/\/www.welovecycling.com\/es\/wp-json\/wp\/v2\/posts\/10331","targetHints":{"allow":["GET"]}}],"collection":[{"href":"https:\/\/www.welovecycling.com\/es\/wp-json\/wp\/v2\/posts"}],"about":[{"href":"https:\/\/www.welovecycling.com\/es\/wp-json\/wp\/v2\/types\/post"}],"author":[{"embeddable":true,"href":"https:\/\/www.welovecycling.com\/es\/wp-json\/wp\/v2\/users\/29"}],"replies":[{"embeddable":true,"href":"https:\/\/www.welovecycling.com\/es\/wp-json\/wp\/v2\/comments?post=10331"}],"version-history":[{"count":3,"href":"https:\/\/www.welovecycling.com\/es\/wp-json\/wp\/v2\/posts\/10331\/revisions"}],"predecessor-version":[{"id":10346,"href":"https:\/\/www.welovecycling.com\/es\/wp-json\/wp\/v2\/posts\/10331\/revisions\/10346"}],"wp:featuredmedia":[{"embeddable":true,"href":"https:\/\/www.welovecycling.com\/es\/wp-json\/wp\/v2\/media\/10337"}],"wp:attachment":[{"href":"https:\/\/www.welovecycling.com\/es\/wp-json\/wp\/v2\/media?parent=10331"}],"wp:term":[{"taxonomy":"category","embeddable":true,"href":"https:\/\/www.welovecycling.com\/es\/wp-json\/wp\/v2\/categories?post=10331"},{"taxonomy":"post_tag","embeddable":true,"href":"https:\/\/www.welovecycling.com\/es\/wp-json\/wp\/v2\/tags?post=10331"},{"taxonomy":"global-categories","embeddable":true,"href":"https:\/\/www.welovecycling.com\/es\/wp-json\/wp\/v2\/global-categories?post=10331"}],"curies":[{"name":"wp","href":"https:\/\/api.w.org\/{rel}","templated":true}]}}