{"id":10325,"date":"2023-10-13T23:41:21","date_gmt":"2023-10-13T21:41:21","guid":{"rendered":"https:\/\/www.welovecycling.com\/es\/?p=10325"},"modified":"2023-10-13T23:41:21","modified_gmt":"2023-10-13T21:41:21","slug":"ciclismo-nocturno","status":"publish","type":"post","link":"https:\/\/www.welovecycling.com\/es\/2023\/10\/13\/ciclismo-nocturno\/","title":{"rendered":"Ciclismo Nocturno \u2013 Equipamiento esencial"},"content":{"rendered":"<p style=\"font-weight: 400;\"><strong>Todo el mundo sabe que necesita una buena luz para montar en bicicleta de noche, pero \u00bfCon qu\u00e9 intensidad? \u00bfY d\u00f3nde colocar los elementos reflectantes? Echemos un vistazo al equipo b\u00e1sico para disfrutar del ciclismo nocturno con seguridad.<\/strong><\/p>\n<p><!--more--><\/p>\n<h2><strong>\u00bfQu\u00e9 potencia deben tener las luces?<\/strong><\/h2>\n<p>Siempre debes llevar al menos 2 luces en tu bicicleta para el ciclismo nocturno. Una delante para iluminar la carretera y otra detr\u00e1s para que te vean los veh\u00edculos que circulan detr\u00e1s. La luz delantera debe ser blanca y lo suficientemente brillante para el tipo de conducci\u00f3n nocturna que est\u00e9s planeando. \u00c9stas son las situaciones m\u00e1s habituales.<\/p>\n<p>100-200 l\u00famenes son suficientes para entornos urbanos pavimentados iluminados con farolas<br \/>\n400-600 l\u00famenes son buenos para carreteras comarcales con terreno predecible pero sin otra iluminaci\u00f3n<br \/>\n1.000 l\u00famenes son necesarios para MTB en los que el terreno es mucho menos predecible.<\/p>\n<p>A modo de comparaci\u00f3n, un faro de coche suele tener entre 700 y 1.200 l\u00famenes, pero los l\u00famenes no lo son todo. La \u00f3ptica y el enfoque desempe\u00f1an un papel muy importante en el alcance de la luz y en la distancia a la que puedes verla o ser visto mientras la utilizas. Cuando se trata de tu <a href=\"https:\/\/www.welovecycling.com\/wide\/2020\/10\/16\/bike-lights-101-answers-to-your-faqs\/\">luz trasera<\/a>, s\u00f3lo necesitas entre 50 y 100 l\u00famenes para que los dem\u00e1s puedan verte desde una distancia segura.<\/p>\n<h2><strong>\u00bfLuces intermitentes o fijas?<\/strong><\/h2>\n<p style=\"font-weight: 400;\">La posibilidad de elegir entre luces fijas o intermitentes depende de la normativa de cada pa\u00eds. Los residentes en el Reino Unido pueden utilizar luces intermitentes, mientras que en Alemania est\u00e1 prohibido. Aqu\u00ed tienes un resumen de las normas de varios pa\u00edses europeos.<\/p>\n<figure id=\"attachment_10326\" aria-describedby=\"caption-attachment-10326\" style=\"width: 894px\" class=\"wp-caption alignnone\"><a href=\"https:\/\/d2p6e6u75xmxt8.cloudfront.net\/6\/2023\/10\/MTB-Night-profimedia-0501070455-CVR.webp\"><img loading=\"lazy\" decoding=\"async\" class=\"wp-image-10326 size-full\" src=\"https:\/\/d2p6e6u75xmxt8.cloudfront.net\/6\/2023\/10\/MTB-Night-profimedia-0501070455-CVR.webp\" alt=\"Night cycling\" width=\"894\" height=\"596\" srcset=\"https:\/\/d2p6e6u75xmxt8.cloudfront.net\/6\/2023\/10\/MTB-Night-profimedia-0501070455-CVR.webp 894w, https:\/\/d2p6e6u75xmxt8.cloudfront.net\/6\/2023\/10\/MTB-Night-profimedia-0501070455-CVR-300x200.webp 300w, https:\/\/d2p6e6u75xmxt8.cloudfront.net\/6\/2023\/10\/MTB-Night-profimedia-0501070455-CVR-768x512.webp 768w, https:\/\/d2p6e6u75xmxt8.cloudfront.net\/6\/2023\/10\/MTB-Night-profimedia-0501070455-CVR-400x267.webp 400w, https:\/\/d2p6e6u75xmxt8.cloudfront.net\/6\/2023\/10\/MTB-Night-profimedia-0501070455-CVR-272x182.webp 272w\" sizes=\"auto, (max-width: 894px) 100vw, 894px\" \/><\/a><figcaption id=\"caption-attachment-10326\" class=\"wp-caption-text\">Asegurate de conocer la normativa de cada pa\u00eds. \u00a9 Profimedia<\/figcaption><\/figure>\n<ul>\n<li>\n<strong>Reino Unido:<\/strong> Las luces intermitentes est\u00e1n permitidas tanto en la parte delantera como en la trasera, siempre que parpadeen con una frecuencia de 1 a 4 destellos por segundo.<br \/>\n<strong>B\u00e9lgica:<\/strong> Es legal el uso de luces intermitentes en las bicicletas.<br \/>\n<strong>Rep\u00fablica Checa:<\/strong> Las luces intermitentes est\u00e1n permitidas tanto en la parte delantera como en la trasera, siempre que se utilicen en condiciones adecuadas.<br \/>\n<strong>Pa\u00edses Bajos:<\/strong> Las luces intermitentes no est\u00e1n permitidas en la parte delantera, pero la normativa no menciona expl\u00edcitamente su uso en la parte trasera.<br \/>\n<strong>Alemania:<\/strong> Las luces intermitentes no est\u00e1n permitidas ni delante ni detr\u00e1s, ya que se considera que distraen a los dem\u00e1s usuarios de la carretera.<br \/>\n<strong>Austria:<\/strong> Las luces intermitentes delanteras no est\u00e1n permitidas, pero la normativa no menciona expl\u00edcitamente su uso para las luces traseras.<br \/>\n<strong>Francia:<\/strong> La venta de bicicletas que no est\u00e9n equipadas con sistemas de iluminaci\u00f3n conformes a la ley puede considerarse una infracci\u00f3n, pero no se menciona expl\u00edcitamente el requisito de las luces intermitentes.<\/p>\n<p>As\u00ed que, si tienes la opci\u00f3n, \u00bfpor cu\u00e1l deber\u00edas decantarte? Hay estudios que sugieren que una luz delantera intermitente puede ser m\u00e1s visible que una fija. Pero en el mundo real hay que tener en cuenta otros factores. La mayor\u00eda de los faros de las bicis son m\u00e1s luminosos que las luces traseras, y tambi\u00e9n suelen utilizar haces anchos sin corte, lo que podr\u00eda cegar a los conductores o a otros ciclistas. Cualquier ciclista que se haya encontrado en un camino con una luz intermitente en su direcci\u00f3n lo sabe. As\u00ed que, para una luz delantera, es mejor utilizar una luz fija en la mayor\u00eda de los escenarios.<\/li>\n<\/ul>\n<h2><strong>A\u00f1ade reflectantes<\/strong><\/h2>\n<p>Para mejorar a\u00fan m\u00e1s tu visibilidad durante una ruta de ciclismo nocturno y permitir que los dem\u00e1s te identifiquen como ciclista, utiliza ropa y accesorios reflectantes. Los estudios han demostrado que llevar reflectores en los pedales o los tobillos te ayudar\u00e1 a destacar m\u00e1s, ya que los conductores notar\u00e1n el movimiento el\u00edptico de tus pedales y sabr\u00e1n que deben acercarse a ti con seguridad. Para una mejor visibilidad lateral, puedes colocar reflectores en el interior de los radios.<\/p>\n<p>Tambi\u00e9n es buena idea llevar elementos reflectantes en tu ropa de ciclismo, as\u00ed como en los guantes, el casco o la mochila. Una buena forma de conseguirlo es utilizar cinta reflectante. No s\u00f3lo puede aplicarse a guardabarros, cuadros y otras piezas de la bicicleta, sino tambi\u00e9n a tu propia ropa. Cuantos m\u00e1s elementos reflectantes, m\u00e1s posibilidades tendr\u00e1s de ser visible para otras personas en la carretera.<\/p>\n<h2><strong>Ropa adecuada<\/strong><\/h2>\n<p>Adem\u00e1s de la visibilidad, tambi\u00e9n hay que asegurarse de no pasar demasiado fr\u00edo. Las temperaturas nocturnas pueden sorprenderte, ya que siempre bajan, incluso en verano. Si vas a montar en bicicleta con regularidad durante los meses m\u00e1s fr\u00edos, invierte en un conjunto de ropa ciclista de invierno, marcar\u00e1 una gran diferencia. Los guantes de dedos, las mallas y los calcetines m\u00e1s gruesos te ayudar\u00e1n a mantener las extremidades m\u00e1s calientes. La bruma o la niebla tambi\u00e9n pueden enfriarte, as\u00ed que merece la pena llevar capas exteriores resistentes al agua, aunque no esperes que llueva.<\/p>\n<p>Con todo esto, deber\u00edas estar listo para experimentar el mundo del ciclismo nocturno. Todo lo que queda antes de salir es planificar la ruta. En el pr\u00f3ximo art\u00edculo te daremos algunos consejos al respecto.<\/p>\n","protected":false},"excerpt":{"rendered":"<p>Todo el mundo sabe que necesita una buena luz para montar en bicicleta de noche, pero \u00bfCon qu\u00e9 intensidad? \u00bfY [&hellip;]<\/p>\n","protected":false},"author":29,"featured_media":10328,"comment_status":"open","ping_status":"open","sticky":false,"template":"","format":"standard","meta":{"footnotes":""},"categories":[7,9],"tags":[],"global-categories":[],"class_list":["post-10325","post","type-post","status-publish","format-standard","has-post-thumbnail","hentry","category-carretera","category-mtb-aventura"],"yoast_head":"<!-- This site is optimized with the Yoast SEO Premium plugin v25.3 (Yoast SEO v25.9) - https:\/\/yoast.com\/wordpress\/plugins\/seo\/ -->\n<title>Ciclismo Nocturno \u2013 Equipamiento esencial<\/title>\n<meta name=\"description\" content=\"Ciclismo nocturno. El equipamiento esencial que debes llevar. Desde las luces a los reflectantes o la ropa adecuada.\" \/>\n<meta name=\"robots\" content=\"index, follow, max-snippet:-1, max-image-preview:large, max-video-preview:-1\" \/>\n<link rel=\"canonical\" href=\"https:\/\/www.welovecycling.com\/es\/2023\/10\/13\/ciclismo-nocturno\/\" \/>\n<meta property=\"og:locale\" content=\"es_ES\" \/>\n<meta property=\"og:type\" content=\"article\" \/>\n<meta property=\"og:title\" content=\"Ciclismo Nocturno \u2013 Equipamiento esencial\" \/>\n<meta property=\"og:description\" content=\"Ciclismo nocturno. El equipamiento esencial que debes llevar. Desde las luces a los reflectantes o la ropa adecuada.\" \/>\n<meta property=\"og:url\" content=\"https:\/\/www.welovecycling.com\/es\/2023\/10\/13\/ciclismo-nocturno\/\" \/>\n<meta property=\"og:site_name\" content=\"\u0160koda We Love Cycling - Spain\" \/>\n<meta property=\"article:published_time\" content=\"2023-10-13T21:41:21+00:00\" \/>\n<meta property=\"og:image\" content=\"https:\/\/d2p6e6u75xmxt8.cloudfront.net\/6\/2023\/10\/Night-Sunset-Bicycle-profimedia-0802798851-CVR.webp\" \/>\n\t<meta property=\"og:image:width\" content=\"990\" \/>\n\t<meta property=\"og:image:height\" content=\"660\" \/>\n\t<meta property=\"og:image:type\" content=\"image\/webp\" \/>\n<meta name=\"author\" content=\"We Love Cycling Spain\" \/>\n<meta name=\"twitter:card\" content=\"summary_large_image\" \/>\n<meta name=\"twitter:description\" content=\"Ciclismo nocturno. El equipamiento esencial que debes llevar. Desde las luces a los reflectantes o la ropa adecuada.\" \/>\n<meta name=\"twitter:label1\" content=\"Written by\" \/>\n\t<meta name=\"twitter:data1\" content=\"Jiri Kaloc\" \/>\n\t<meta name=\"twitter:label2\" content=\"Est. reading time\" \/>\n\t<meta name=\"twitter:data2\" content=\"4\" \/>\n<script type=\"application\/ld+json\" class=\"yoast-schema-graph\">{\"@context\":\"https:\/\/schema.org\",\"@graph\":[{\"@type\":\"WebPage\",\"@id\":\"https:\/\/www.welovecycling.com\/es\/2023\/10\/13\/ciclismo-nocturno\/\",\"url\":\"https:\/\/www.welovecycling.com\/es\/2023\/10\/13\/ciclismo-nocturno\/\",\"name\":\"Ciclismo Nocturno \u2013 Equipamiento esencial\",\"isPartOf\":{\"@id\":\"https:\/\/www.welovecycling.com\/es\/#website\"},\"primaryImageOfPage\":{\"@id\":\"https:\/\/www.welovecycling.com\/es\/2023\/10\/13\/ciclismo-nocturno\/#primaryimage\"},\"image\":{\"@id\":\"https:\/\/www.welovecycling.com\/es\/2023\/10\/13\/ciclismo-nocturno\/#primaryimage\"},\"thumbnailUrl\":\"https:\/\/d2p6e6u75xmxt8.cloudfront.net\/6\/2023\/10\/Night-Sunset-Bicycle-profimedia-0802798851-CVR.webp\",\"datePublished\":\"2023-10-13T21:41:21+00:00\",\"author\":{\"@id\":\"https:\/\/www.welovecycling.com\/es\/#\/schema\/person\/deb61715b5812698ee79fb96f343ccd4\"},\"description\":\"Ciclismo nocturno. El equipamiento esencial que debes llevar. Desde las luces a los reflectantes o la ropa adecuada.\",\"breadcrumb\":{\"@id\":\"https:\/\/www.welovecycling.com\/es\/2023\/10\/13\/ciclismo-nocturno\/#breadcrumb\"},\"inLanguage\":\"es-ES\",\"potentialAction\":[{\"@type\":\"ReadAction\",\"target\":[\"https:\/\/www.welovecycling.com\/es\/2023\/10\/13\/ciclismo-nocturno\/\"]}]},{\"@type\":\"ImageObject\",\"inLanguage\":\"es-ES\",\"@id\":\"https:\/\/www.welovecycling.com\/es\/2023\/10\/13\/ciclismo-nocturno\/#primaryimage\",\"url\":\"https:\/\/d2p6e6u75xmxt8.cloudfront.net\/6\/2023\/10\/Night-Sunset-Bicycle-profimedia-0802798851-CVR.webp\",\"contentUrl\":\"https:\/\/d2p6e6u75xmxt8.cloudfront.net\/6\/2023\/10\/Night-Sunset-Bicycle-profimedia-0802798851-CVR.webp\",\"width\":990,\"height\":660,\"caption\":\"Night cycling\"},{\"@type\":\"BreadcrumbList\",\"@id\":\"https:\/\/www.welovecycling.com\/es\/2023\/10\/13\/ciclismo-nocturno\/#breadcrumb\",\"itemListElement\":[{\"@type\":\"ListItem\",\"position\":1,\"name\":\"Home\",\"item\":\"https:\/\/www.welovecycling.com\/es\/\"},{\"@type\":\"ListItem\",\"position\":2,\"name\":\"Ciclismo Nocturno \u2013 Equipamiento esencial\"}]},{\"@type\":\"WebSite\",\"@id\":\"https:\/\/www.welovecycling.com\/es\/#website\",\"url\":\"https:\/\/www.welovecycling.com\/es\/\",\"name\":\"\u0160koda We Love Cycling - Spain\",\"description\":\"\u0160koda WeLoveCycling Spain\",\"potentialAction\":[{\"@type\":\"SearchAction\",\"target\":{\"@type\":\"EntryPoint\",\"urlTemplate\":\"https:\/\/www.welovecycling.com\/es\/?s={search_term_string}\"},\"query-input\":{\"@type\":\"PropertyValueSpecification\",\"valueRequired\":true,\"valueName\":\"search_term_string\"}}],\"inLanguage\":\"es-ES\"},{\"@type\":\"Person\",\"@id\":\"https:\/\/www.welovecycling.com\/es\/#\/schema\/person\/deb61715b5812698ee79fb96f343ccd4\",\"name\":\"We Love Cycling Spain\",\"image\":{\"@type\":\"ImageObject\",\"inLanguage\":\"es-ES\",\"@id\":\"https:\/\/www.welovecycling.com\/es\/#\/schema\/person\/image\/\",\"url\":\"https:\/\/secure.gravatar.com\/avatar\/c824b04e6df0e37a03219d0b6481672889df542894588964102459e46513159c?s=96&d=mm&r=g\",\"contentUrl\":\"https:\/\/secure.gravatar.com\/avatar\/c824b04e6df0e37a03219d0b6481672889df542894588964102459e46513159c?s=96&d=mm&r=g\",\"caption\":\"We Love Cycling Spain\"},\"url\":\"https:\/\/www.welovecycling.com\/es\/author\/amunoz\/\"}]}<\/script>\n<!-- \/ Yoast SEO Premium plugin. -->","yoast_head_json":{"title":"Ciclismo Nocturno \u2013 Equipamiento esencial","description":"Ciclismo nocturno. El equipamiento esencial que debes llevar. Desde las luces a los reflectantes o la ropa adecuada.","robots":{"index":"index","follow":"follow","max-snippet":"max-snippet:-1","max-image-preview":"max-image-preview:large","max-video-preview":"max-video-preview:-1"},"canonical":"https:\/\/www.welovecycling.com\/es\/2023\/10\/13\/ciclismo-nocturno\/","og_locale":"es_ES","og_type":"article","og_title":"Ciclismo Nocturno \u2013 Equipamiento esencial","og_description":"Ciclismo nocturno. El equipamiento esencial que debes llevar. Desde las luces a los reflectantes o la ropa adecuada.","og_url":"https:\/\/www.welovecycling.com\/es\/2023\/10\/13\/ciclismo-nocturno\/","og_site_name":"\u0160koda We Love Cycling - Spain","article_published_time":"2023-10-13T21:41:21+00:00","og_image":[{"width":990,"height":660,"url":"https:\/\/d2p6e6u75xmxt8.cloudfront.net\/6\/2023\/10\/Night-Sunset-Bicycle-profimedia-0802798851-CVR.webp","type":"image\/webp"}],"author":"We Love Cycling Spain","twitter_card":"summary_large_image","twitter_description":"Ciclismo nocturno. El equipamiento esencial que debes llevar. Desde las luces a los reflectantes o la ropa adecuada.","twitter_misc":{"Written by":"Jiri Kaloc","Est. reading time":"4"},"schema":{"@context":"https:\/\/schema.org","@graph":[{"@type":"WebPage","@id":"https:\/\/www.welovecycling.com\/es\/2023\/10\/13\/ciclismo-nocturno\/","url":"https:\/\/www.welovecycling.com\/es\/2023\/10\/13\/ciclismo-nocturno\/","name":"Ciclismo Nocturno \u2013 Equipamiento esencial","isPartOf":{"@id":"https:\/\/www.welovecycling.com\/es\/#website"},"primaryImageOfPage":{"@id":"https:\/\/www.welovecycling.com\/es\/2023\/10\/13\/ciclismo-nocturno\/#primaryimage"},"image":{"@id":"https:\/\/www.welovecycling.com\/es\/2023\/10\/13\/ciclismo-nocturno\/#primaryimage"},"thumbnailUrl":"https:\/\/d2p6e6u75xmxt8.cloudfront.net\/6\/2023\/10\/Night-Sunset-Bicycle-profimedia-0802798851-CVR.webp","datePublished":"2023-10-13T21:41:21+00:00","author":{"@id":"https:\/\/www.welovecycling.com\/es\/#\/schema\/person\/deb61715b5812698ee79fb96f343ccd4"},"description":"Ciclismo nocturno. El equipamiento esencial que debes llevar. Desde las luces a los reflectantes o la ropa adecuada.","breadcrumb":{"@id":"https:\/\/www.welovecycling.com\/es\/2023\/10\/13\/ciclismo-nocturno\/#breadcrumb"},"inLanguage":"es-ES","potentialAction":[{"@type":"ReadAction","target":["https:\/\/www.welovecycling.com\/es\/2023\/10\/13\/ciclismo-nocturno\/"]}]},{"@type":"ImageObject","inLanguage":"es-ES","@id":"https:\/\/www.welovecycling.com\/es\/2023\/10\/13\/ciclismo-nocturno\/#primaryimage","url":"https:\/\/d2p6e6u75xmxt8.cloudfront.net\/6\/2023\/10\/Night-Sunset-Bicycle-profimedia-0802798851-CVR.webp","contentUrl":"https:\/\/d2p6e6u75xmxt8.cloudfront.net\/6\/2023\/10\/Night-Sunset-Bicycle-profimedia-0802798851-CVR.webp","width":990,"height":660,"caption":"Night cycling"},{"@type":"BreadcrumbList","@id":"https:\/\/www.welovecycling.com\/es\/2023\/10\/13\/ciclismo-nocturno\/#breadcrumb","itemListElement":[{"@type":"ListItem","position":1,"name":"Home","item":"https:\/\/www.welovecycling.com\/es\/"},{"@type":"ListItem","position":2,"name":"Ciclismo Nocturno \u2013 Equipamiento esencial"}]},{"@type":"WebSite","@id":"https:\/\/www.welovecycling.com\/es\/#website","url":"https:\/\/www.welovecycling.com\/es\/","name":"\u0160koda We Love Cycling - Spain","description":"\u0160koda WeLoveCycling Spain","potentialAction":[{"@type":"SearchAction","target":{"@type":"EntryPoint","urlTemplate":"https:\/\/www.welovecycling.com\/es\/?s={search_term_string}"},"query-input":{"@type":"PropertyValueSpecification","valueRequired":true,"valueName":"search_term_string"}}],"inLanguage":"es-ES"},{"@type":"Person","@id":"https:\/\/www.welovecycling.com\/es\/#\/schema\/person\/deb61715b5812698ee79fb96f343ccd4","name":"We Love Cycling Spain","image":{"@type":"ImageObject","inLanguage":"es-ES","@id":"https:\/\/www.welovecycling.com\/es\/#\/schema\/person\/image\/","url":"https:\/\/secure.gravatar.com\/avatar\/c824b04e6df0e37a03219d0b6481672889df542894588964102459e46513159c?s=96&d=mm&r=g","contentUrl":"https:\/\/secure.gravatar.com\/avatar\/c824b04e6df0e37a03219d0b6481672889df542894588964102459e46513159c?s=96&d=mm&r=g","caption":"We Love Cycling Spain"},"url":"https:\/\/www.welovecycling.com\/es\/author\/amunoz\/"}]}},"_links":{"self":[{"href":"https:\/\/www.welovecycling.com\/es\/wp-json\/wp\/v2\/posts\/10325","targetHints":{"allow":["GET"]}}],"collection":[{"href":"https:\/\/www.welovecycling.com\/es\/wp-json\/wp\/v2\/posts"}],"about":[{"href":"https:\/\/www.welovecycling.com\/es\/wp-json\/wp\/v2\/types\/post"}],"author":[{"embeddable":true,"href":"https:\/\/www.welovecycling.com\/es\/wp-json\/wp\/v2\/users\/29"}],"replies":[{"embeddable":true,"href":"https:\/\/www.welovecycling.com\/es\/wp-json\/wp\/v2\/comments?post=10325"}],"version-history":[{"count":2,"href":"https:\/\/www.welovecycling.com\/es\/wp-json\/wp\/v2\/posts\/10325\/revisions"}],"predecessor-version":[{"id":10329,"href":"https:\/\/www.welovecycling.com\/es\/wp-json\/wp\/v2\/posts\/10325\/revisions\/10329"}],"wp:featuredmedia":[{"embeddable":true,"href":"https:\/\/www.welovecycling.com\/es\/wp-json\/wp\/v2\/media\/10328"}],"wp:attachment":[{"href":"https:\/\/www.welovecycling.com\/es\/wp-json\/wp\/v2\/media?parent=10325"}],"wp:term":[{"taxonomy":"category","embeddable":true,"href":"https:\/\/www.welovecycling.com\/es\/wp-json\/wp\/v2\/categories?post=10325"},{"taxonomy":"post_tag","embeddable":true,"href":"https:\/\/www.welovecycling.com\/es\/wp-json\/wp\/v2\/tags?post=10325"},{"taxonomy":"global-categories","embeddable":true,"href":"https:\/\/www.welovecycling.com\/es\/wp-json\/wp\/v2\/global-categories?post=10325"}],"curies":[{"name":"wp","href":"https:\/\/api.w.org\/{rel}","templated":true}]}}