{"id":10321,"date":"2023-10-12T20:03:05","date_gmt":"2023-10-12T18:03:05","guid":{"rendered":"https:\/\/www.welovecycling.com\/es\/?p=10321"},"modified":"2023-10-11T20:20:41","modified_gmt":"2023-10-11T18:20:41","slug":"buenos-escaladores","status":"publish","type":"post","link":"https:\/\/www.welovecycling.com\/es\/2023\/10\/12\/buenos-escaladores\/","title":{"rendered":"\u00bfQu\u00e9 condiciones tienen los buenos escaladores?"},"content":{"rendered":"<p style=\"font-weight: 400;\"><strong>Hay muchos buenos escaladores en un pelot\u00f3n World Tour, capaces de ganar una etapa en cualquiera de las Grandes Vueltas. Y como hoy en d\u00eda las Grandes Vueltas ponen m\u00e1s \u00e9nfasis en las etapas de monta\u00f1a, porque son las m\u00e1s espectaculares y por lo tanto atraen a m\u00e1s gente a este deporte, los j\u00f3venes corredores que se incorporan a las carreras de carretera son cada vez m\u00e1s h\u00e1biles escalando monta\u00f1as.<\/strong><\/p>\n<p><!--more--><\/p>\n<p>Pero si hay muchos buenos escaladores en este deporte, s\u00f3lo hay unos pocos grandes escaladores, los que son capaces de subir todas las monta\u00f1as de una Gran Vuelta de tres semanas sin perder tiempo con sus rivales y, a continuaci\u00f3n, son capaces de realizar una larga ascensi\u00f3n ganadora en la pendiente m\u00e1s dura en plena carrera. Probablemente, el mejor escalador del mundo en la actualidad es el dos veces ganador del Tour de Francia <a href=\"https:\/\/www.welovecycling.com\/es\/2023\/09\/03\/vingegaard-y-pogacar-batieron-record-vatios-tour\/\">Jonas Vingegaard<\/a>, del Jumbo-Visma. Seg\u00fan su entrenador, Tim Heemskerk, una raz\u00f3n importante de su \u00e9xito es fisiol\u00f3gica.<\/p>\n<p>&#8220;Su mayor cualidad es que puede producir la potencia que pedalea durante el entrenamiento tambi\u00e9n al final de una carrera, incluso en un recorrido de tres semanas&#8221;, declar\u00f3 a la revista holandesa <a href=\"https:\/\/wielerrevue.nl\/artikel\/582788\/tim-heemskerk-trainer-van-vingegaard-met-de-juiste-prikkels-raakt-hij-heel-snel-in-vorm\/\">Wieler Revue<\/a>. &#8220;Los verdaderos escaladores se distinguen de los menos escaladores por producir sus mejores valores al final de la carrera. No muestran casi ning\u00fan descenso. Puede hacerlo en altitud y en condiciones c\u00e1lidas&#8221;.<\/p>\n<p style=\"font-weight: 400;\">Heemskerk cit\u00f3 otras cualidades que distinguen a su protegido de los dem\u00e1s. Una de ellas es que su cuerpo responde muy r\u00e1pidamente al entrenamiento. &#8220;De todos los corredores con los que he trabajado, Jonas es el que puede ponerse en forma m\u00e1s r\u00e1pidamente si se le dan los incentivos adecuados&#8221;, dijo. Y el cuerpo de Vingegaard se adapta r\u00e1pidamente al entrenamiento y a las condiciones cambiantes. &#8220;Tu cuerpo sigue adapt\u00e1ndose. El cuerpo tiene memoria&#8221;, explica. &#8220;As\u00ed que si acumulas sesiones de entrenamiento en altitud, te adaptar\u00e1s m\u00e1s r\u00e1pidamente cuando est\u00e9s en altitud. Jonas es alguien que se adapta r\u00e1pidamente cuando surgen ciertos tipos de desaf\u00edos, como la altitud, el calor o la enfermedad&#8221;. Por \u00faltimo, el dan\u00e9s entrena muy duro, especialmente para <a href=\"http:\/\/letour.fr\">el Tour<\/a>. &#8220;Esta en altitud durante m\u00e1s de cinco semanas antes del Tour&#8221;, afirma su entrenador.<\/p>\n<figure id=\"attachment_10236\" aria-describedby=\"caption-attachment-10236\" style=\"width: 1250px\" class=\"wp-caption alignnone\"><a href=\"https:\/\/d2p6e6u75xmxt8.cloudfront.net\/6\/2023\/09\/Vingegaard-profimedia-0787337751.webp\"><img loading=\"lazy\" decoding=\"async\" class=\"wp-image-10236 size-full\" src=\"https:\/\/d2p6e6u75xmxt8.cloudfront.net\/6\/2023\/09\/Vingegaard-profimedia-0787337751.webp\" alt=\"Jonas Vingegaard\" width=\"1250\" height=\"833\" srcset=\"https:\/\/d2p6e6u75xmxt8.cloudfront.net\/6\/2023\/09\/Vingegaard-profimedia-0787337751.webp 1250w, https:\/\/d2p6e6u75xmxt8.cloudfront.net\/6\/2023\/09\/Vingegaard-profimedia-0787337751-300x200.webp 300w, https:\/\/d2p6e6u75xmxt8.cloudfront.net\/6\/2023\/09\/Vingegaard-profimedia-0787337751-1024x682.webp 1024w, https:\/\/d2p6e6u75xmxt8.cloudfront.net\/6\/2023\/09\/Vingegaard-profimedia-0787337751-768x512.webp 768w, https:\/\/d2p6e6u75xmxt8.cloudfront.net\/6\/2023\/09\/Vingegaard-profimedia-0787337751-400x267.webp 400w, https:\/\/d2p6e6u75xmxt8.cloudfront.net\/6\/2023\/09\/Vingegaard-profimedia-0787337751-272x182.webp 272w\" sizes=\"auto, (max-width: 1250px) 100vw, 1250px\" \/><\/a><figcaption id=\"caption-attachment-10236\" class=\"wp-caption-text\">Hemos visto grandes exhibiciones en la alta monta\u00f1a del Tour de Jonas Vingegaard. \u00a9 Profimedia<\/figcaption><\/figure>\n<p style=\"font-weight: 400;\">\nAs\u00ed que, seg\u00fan el entrenador del mejor escalador del pelot\u00f3n, la fisiolog\u00eda de un corredor es esencial para escalar. En otras palabras, el cuerpo importa. Por ejemplo, aunque Wout van Aert (Jumbo-Visma) es un ciclista polifac\u00e9tico y muy buen escalador, con 1,90 m y 78 kg, probablemente sea demasiado corpulento para convertirse en un escalador lo suficientemente bueno como para ganar una Gran Vuelta, a menos que, como \u00e9l mismo ha dicho, pierda mucho peso, algo que no est\u00e1 dispuesto a hacer.<\/p>\n<p>Por otro lado, su compa\u00f1ero de equipo <strong>Vingegaard puede tener el tama\u00f1o ideal para un escalador, con 1,71 m y s\u00f3lo 60 kg. Dividiendo su peso por su altura se obtiene una cifra de 0,350.<\/strong> Esa cifra representa el peso medio soportado por 1 cm de la complexi\u00f3n del ciclista.\u00a0 En comparaci\u00f3n, la proporci\u00f3n de masa corporal de Van Aert es de 0,410, considerablemente m\u00e1s peso por cm que Vingegaard. Esa cifra para otros corredores es:<strong> Primo\u017e Rogli\u010d, 0,367; Tadej Poga\u010dar, 0,375; Remco Evenepoel, 0,356<\/strong>. As\u00ed que una de las razones por las que Vingegaard es capaz de producir m\u00e1s potencia en las subidas que sus rivales es simplemente porque lleva menos peso proporcional en su chasis.<\/p>\n<p>Estas cifras deben tomarse con cautela, ya que no tienen una base cient\u00edfica, los ciclistas modifican sus cuerpos a lo largo de los entrenamientos y es casi seguro que pierden peso en una carrera de tres semanas. Pero es interesante que Van Aert y su rival de toda la vida Mathieu Van der Poel (Alpecin-Deceuninck) tienen una relaci\u00f3n peso\/estatura casi id\u00e9ntica y son el mismo tipo de corredores y nunca ganar\u00e1n una Gran Vuelta. Mientras que Chris Froome, ganador de cuatro Tours, tiene una relaci\u00f3n id\u00e9ntica a la de Rogli\u010d.<\/p>\n<p>Otro aspecto de la escalada es que la <strong>aerodin\u00e1mica juega un papel poco importante<\/strong> en el tipo de subida larga y empinada que suele decidir una Gran Vuelta, porque los ciclistas simplemente no suben lo suficientemente r\u00e1pido. Por eso, un corredor con una aerodin\u00e1mica superior sobre la bicicleta, como Evenepoel, puede estar en desventaja si depende de este aspecto de su ciclismo para ganar una gran etapa de monta\u00f1a. Sin embargo, el l\u00edder del Soudal-QuickStep parece tener el tipo de cuerpo adecuado para convertirse en un escalador de \u00e9lite y, sin duda, entrena lo suficientemente duro. Pero, por supuesto, <strong>la escalada es mucho m\u00e1s que el tama\u00f1o corporal y el entrenamiento.<\/strong><\/p>\n<p>El componente m\u00e1s infravalorado de la escalada puede ser la t\u00e9cnica del ciclista, es decir, c\u00f3mo gira los pedales mientras sube una monta\u00f1a y c\u00f3mo desperdicia la menor parte de su esfuerzo. Es interesante que los mejores escaladores, como Vingegaard, sean tambi\u00e9n excelentes contrarrelojistas. La contrarreloj del dan\u00e9s en el Tour de Francia de este a\u00f1o fue un aut\u00e9ntico espect\u00e1culo, ya que bati\u00f3 a su rival m\u00e1s cercano, Poga\u010dar, por la asombrosa cifra de <a href=\"https:\/\/www.welovecycling.com\/es\/2023\/09\/11\/vatios-crono-tour\/\">1 min 38 s en s\u00f3lo 22,4 km.<\/a> Esto sugiere que Vingegaard no s\u00f3lo es el mejor escalador del pelot\u00f3n, sino que tambi\u00e9n puede ser el mejor ciclista, ya que <strong>pedalea con m\u00e1s eficacia que nadie<\/strong>. Al final, aunque tengas el cuerpo ideal y entrenes duro, todo se reduce a tu capacidad para girar los pedales mejor que tus rivales.<\/p>\n","protected":false},"excerpt":{"rendered":"<p>Hay muchos buenos escaladores en un pelot\u00f3n World Tour, capaces de ganar una etapa en cualquiera de las Grandes Vueltas. [&hellip;]<\/p>\n","protected":false},"author":29,"featured_media":10323,"comment_status":"open","ping_status":"open","sticky":false,"template":"","format":"standard","meta":{"footnotes":""},"categories":[7],"tags":[2190,168],"global-categories":[],"class_list":["post-10321","post","type-post","status-publish","format-standard","has-post-thumbnail","hentry","category-carretera","tag-escalador","tag-tour"],"yoast_head":"<!-- This site is optimized with the Yoast SEO Premium plugin v25.3 (Yoast SEO v25.9) - https:\/\/yoast.com\/wordpress\/plugins\/seo\/ -->\n<title>\u00bfQu\u00e9 condiciones tienen los buenos escaladores? - \u0160koda We Love Cycling - Spain<\/title>\n<meta name=\"description\" content=\"\u00bfQu\u00e9 condiciones tienen los buenos escaladores? Los par\u00e1metros que sirven para medir qu\u00e9 ciclistas suben bien los puertos.\" \/>\n<meta name=\"robots\" content=\"index, follow, max-snippet:-1, max-image-preview:large, max-video-preview:-1\" \/>\n<link rel=\"canonical\" href=\"https:\/\/www.welovecycling.com\/es\/2023\/10\/12\/buenos-escaladores\/\" \/>\n<meta property=\"og:locale\" content=\"es_ES\" \/>\n<meta property=\"og:type\" content=\"article\" \/>\n<meta property=\"og:title\" content=\"\u00bfQu\u00e9 condiciones tienen los buenos escaladores?\" \/>\n<meta property=\"og:description\" content=\"\u00bfQu\u00e9 condiciones tienen los buenos escaladores? Los par\u00e1metros que sirven para medir qu\u00e9 ciclistas suben bien los puertos.\" \/>\n<meta property=\"og:url\" content=\"https:\/\/www.welovecycling.com\/es\/2023\/10\/12\/buenos-escaladores\/\" \/>\n<meta property=\"og:site_name\" content=\"\u0160koda We Love Cycling - Spain\" \/>\n<meta property=\"article:published_time\" content=\"2023-10-12T18:03:05+00:00\" \/>\n<meta property=\"og:image\" content=\"https:\/\/d2p6e6u75xmxt8.cloudfront.net\/6\/2023\/10\/Vingegaard-Climb-Tour-de-France-profimedia-0787362707-CVR.webp\" \/>\n\t<meta property=\"og:image:width\" content=\"990\" \/>\n\t<meta property=\"og:image:height\" content=\"660\" \/>\n\t<meta property=\"og:image:type\" content=\"image\/webp\" \/>\n<meta name=\"author\" content=\"We Love Cycling Spain\" \/>\n<meta name=\"twitter:card\" content=\"summary_large_image\" \/>\n<meta name=\"twitter:description\" content=\"\u00bfQu\u00e9 condiciones tienen los buenos escaladores? Los par\u00e1metros que sirven para medir qu\u00e9 ciclistas suben bien los puertos.\" \/>\n<meta name=\"twitter:label1\" content=\"Written by\" \/>\n\t<meta name=\"twitter:data1\" content=\"Siegfried Mortkowitz\" \/>\n\t<meta name=\"twitter:label2\" content=\"Est. reading time\" \/>\n\t<meta name=\"twitter:data2\" content=\"4\" \/>\n<script type=\"application\/ld+json\" class=\"yoast-schema-graph\">{\"@context\":\"https:\/\/schema.org\",\"@graph\":[{\"@type\":\"WebPage\",\"@id\":\"https:\/\/www.welovecycling.com\/es\/2023\/10\/12\/buenos-escaladores\/\",\"url\":\"https:\/\/www.welovecycling.com\/es\/2023\/10\/12\/buenos-escaladores\/\",\"name\":\"\u00bfQu\u00e9 condiciones tienen los buenos escaladores? - \u0160koda We Love Cycling - Spain\",\"isPartOf\":{\"@id\":\"https:\/\/www.welovecycling.com\/es\/#website\"},\"primaryImageOfPage\":{\"@id\":\"https:\/\/www.welovecycling.com\/es\/2023\/10\/12\/buenos-escaladores\/#primaryimage\"},\"image\":{\"@id\":\"https:\/\/www.welovecycling.com\/es\/2023\/10\/12\/buenos-escaladores\/#primaryimage\"},\"thumbnailUrl\":\"https:\/\/d2p6e6u75xmxt8.cloudfront.net\/6\/2023\/10\/Vingegaard-Climb-Tour-de-France-profimedia-0787362707-CVR.webp\",\"datePublished\":\"2023-10-12T18:03:05+00:00\",\"author\":{\"@id\":\"https:\/\/www.welovecycling.com\/es\/#\/schema\/person\/deb61715b5812698ee79fb96f343ccd4\"},\"description\":\"\u00bfQu\u00e9 condiciones tienen los buenos escaladores? Los par\u00e1metros que sirven para medir qu\u00e9 ciclistas suben bien los puertos.\",\"breadcrumb\":{\"@id\":\"https:\/\/www.welovecycling.com\/es\/2023\/10\/12\/buenos-escaladores\/#breadcrumb\"},\"inLanguage\":\"es-ES\",\"potentialAction\":[{\"@type\":\"ReadAction\",\"target\":[\"https:\/\/www.welovecycling.com\/es\/2023\/10\/12\/buenos-escaladores\/\"]}]},{\"@type\":\"ImageObject\",\"inLanguage\":\"es-ES\",\"@id\":\"https:\/\/www.welovecycling.com\/es\/2023\/10\/12\/buenos-escaladores\/#primaryimage\",\"url\":\"https:\/\/d2p6e6u75xmxt8.cloudfront.net\/6\/2023\/10\/Vingegaard-Climb-Tour-de-France-profimedia-0787362707-CVR.webp\",\"contentUrl\":\"https:\/\/d2p6e6u75xmxt8.cloudfront.net\/6\/2023\/10\/Vingegaard-Climb-Tour-de-France-profimedia-0787362707-CVR.webp\",\"width\":990,\"height\":660,\"caption\":\"Vingegaard Climbing\"},{\"@type\":\"BreadcrumbList\",\"@id\":\"https:\/\/www.welovecycling.com\/es\/2023\/10\/12\/buenos-escaladores\/#breadcrumb\",\"itemListElement\":[{\"@type\":\"ListItem\",\"position\":1,\"name\":\"Home\",\"item\":\"https:\/\/www.welovecycling.com\/es\/\"},{\"@type\":\"ListItem\",\"position\":2,\"name\":\"\u00bfQu\u00e9 condiciones tienen los buenos escaladores?\"}]},{\"@type\":\"WebSite\",\"@id\":\"https:\/\/www.welovecycling.com\/es\/#website\",\"url\":\"https:\/\/www.welovecycling.com\/es\/\",\"name\":\"\u0160koda We Love Cycling - Spain\",\"description\":\"\u0160koda WeLoveCycling Spain\",\"potentialAction\":[{\"@type\":\"SearchAction\",\"target\":{\"@type\":\"EntryPoint\",\"urlTemplate\":\"https:\/\/www.welovecycling.com\/es\/?s={search_term_string}\"},\"query-input\":{\"@type\":\"PropertyValueSpecification\",\"valueRequired\":true,\"valueName\":\"search_term_string\"}}],\"inLanguage\":\"es-ES\"},{\"@type\":\"Person\",\"@id\":\"https:\/\/www.welovecycling.com\/es\/#\/schema\/person\/deb61715b5812698ee79fb96f343ccd4\",\"name\":\"We Love Cycling Spain\",\"image\":{\"@type\":\"ImageObject\",\"inLanguage\":\"es-ES\",\"@id\":\"https:\/\/www.welovecycling.com\/es\/#\/schema\/person\/image\/\",\"url\":\"https:\/\/secure.gravatar.com\/avatar\/c824b04e6df0e37a03219d0b6481672889df542894588964102459e46513159c?s=96&d=mm&r=g\",\"contentUrl\":\"https:\/\/secure.gravatar.com\/avatar\/c824b04e6df0e37a03219d0b6481672889df542894588964102459e46513159c?s=96&d=mm&r=g\",\"caption\":\"We Love Cycling Spain\"},\"url\":\"https:\/\/www.welovecycling.com\/es\/author\/amunoz\/\"}]}<\/script>\n<!-- \/ Yoast SEO Premium plugin. -->","yoast_head_json":{"title":"\u00bfQu\u00e9 condiciones tienen los buenos escaladores? - \u0160koda We Love Cycling - Spain","description":"\u00bfQu\u00e9 condiciones tienen los buenos escaladores? Los par\u00e1metros que sirven para medir qu\u00e9 ciclistas suben bien los puertos.","robots":{"index":"index","follow":"follow","max-snippet":"max-snippet:-1","max-image-preview":"max-image-preview:large","max-video-preview":"max-video-preview:-1"},"canonical":"https:\/\/www.welovecycling.com\/es\/2023\/10\/12\/buenos-escaladores\/","og_locale":"es_ES","og_type":"article","og_title":"\u00bfQu\u00e9 condiciones tienen los buenos escaladores?","og_description":"\u00bfQu\u00e9 condiciones tienen los buenos escaladores? Los par\u00e1metros que sirven para medir qu\u00e9 ciclistas suben bien los puertos.","og_url":"https:\/\/www.welovecycling.com\/es\/2023\/10\/12\/buenos-escaladores\/","og_site_name":"\u0160koda We Love Cycling - Spain","article_published_time":"2023-10-12T18:03:05+00:00","og_image":[{"width":990,"height":660,"url":"https:\/\/d2p6e6u75xmxt8.cloudfront.net\/6\/2023\/10\/Vingegaard-Climb-Tour-de-France-profimedia-0787362707-CVR.webp","type":"image\/webp"}],"author":"We Love Cycling Spain","twitter_card":"summary_large_image","twitter_description":"\u00bfQu\u00e9 condiciones tienen los buenos escaladores? Los par\u00e1metros que sirven para medir qu\u00e9 ciclistas suben bien los puertos.","twitter_misc":{"Written by":"Siegfried Mortkowitz","Est. reading time":"4"},"schema":{"@context":"https:\/\/schema.org","@graph":[{"@type":"WebPage","@id":"https:\/\/www.welovecycling.com\/es\/2023\/10\/12\/buenos-escaladores\/","url":"https:\/\/www.welovecycling.com\/es\/2023\/10\/12\/buenos-escaladores\/","name":"\u00bfQu\u00e9 condiciones tienen los buenos escaladores? - \u0160koda We Love Cycling - Spain","isPartOf":{"@id":"https:\/\/www.welovecycling.com\/es\/#website"},"primaryImageOfPage":{"@id":"https:\/\/www.welovecycling.com\/es\/2023\/10\/12\/buenos-escaladores\/#primaryimage"},"image":{"@id":"https:\/\/www.welovecycling.com\/es\/2023\/10\/12\/buenos-escaladores\/#primaryimage"},"thumbnailUrl":"https:\/\/d2p6e6u75xmxt8.cloudfront.net\/6\/2023\/10\/Vingegaard-Climb-Tour-de-France-profimedia-0787362707-CVR.webp","datePublished":"2023-10-12T18:03:05+00:00","author":{"@id":"https:\/\/www.welovecycling.com\/es\/#\/schema\/person\/deb61715b5812698ee79fb96f343ccd4"},"description":"\u00bfQu\u00e9 condiciones tienen los buenos escaladores? Los par\u00e1metros que sirven para medir qu\u00e9 ciclistas suben bien los puertos.","breadcrumb":{"@id":"https:\/\/www.welovecycling.com\/es\/2023\/10\/12\/buenos-escaladores\/#breadcrumb"},"inLanguage":"es-ES","potentialAction":[{"@type":"ReadAction","target":["https:\/\/www.welovecycling.com\/es\/2023\/10\/12\/buenos-escaladores\/"]}]},{"@type":"ImageObject","inLanguage":"es-ES","@id":"https:\/\/www.welovecycling.com\/es\/2023\/10\/12\/buenos-escaladores\/#primaryimage","url":"https:\/\/d2p6e6u75xmxt8.cloudfront.net\/6\/2023\/10\/Vingegaard-Climb-Tour-de-France-profimedia-0787362707-CVR.webp","contentUrl":"https:\/\/d2p6e6u75xmxt8.cloudfront.net\/6\/2023\/10\/Vingegaard-Climb-Tour-de-France-profimedia-0787362707-CVR.webp","width":990,"height":660,"caption":"Vingegaard Climbing"},{"@type":"BreadcrumbList","@id":"https:\/\/www.welovecycling.com\/es\/2023\/10\/12\/buenos-escaladores\/#breadcrumb","itemListElement":[{"@type":"ListItem","position":1,"name":"Home","item":"https:\/\/www.welovecycling.com\/es\/"},{"@type":"ListItem","position":2,"name":"\u00bfQu\u00e9 condiciones tienen los buenos escaladores?"}]},{"@type":"WebSite","@id":"https:\/\/www.welovecycling.com\/es\/#website","url":"https:\/\/www.welovecycling.com\/es\/","name":"\u0160koda We Love Cycling - Spain","description":"\u0160koda WeLoveCycling Spain","potentialAction":[{"@type":"SearchAction","target":{"@type":"EntryPoint","urlTemplate":"https:\/\/www.welovecycling.com\/es\/?s={search_term_string}"},"query-input":{"@type":"PropertyValueSpecification","valueRequired":true,"valueName":"search_term_string"}}],"inLanguage":"es-ES"},{"@type":"Person","@id":"https:\/\/www.welovecycling.com\/es\/#\/schema\/person\/deb61715b5812698ee79fb96f343ccd4","name":"We Love Cycling Spain","image":{"@type":"ImageObject","inLanguage":"es-ES","@id":"https:\/\/www.welovecycling.com\/es\/#\/schema\/person\/image\/","url":"https:\/\/secure.gravatar.com\/avatar\/c824b04e6df0e37a03219d0b6481672889df542894588964102459e46513159c?s=96&d=mm&r=g","contentUrl":"https:\/\/secure.gravatar.com\/avatar\/c824b04e6df0e37a03219d0b6481672889df542894588964102459e46513159c?s=96&d=mm&r=g","caption":"We Love Cycling Spain"},"url":"https:\/\/www.welovecycling.com\/es\/author\/amunoz\/"}]}},"_links":{"self":[{"href":"https:\/\/www.welovecycling.com\/es\/wp-json\/wp\/v2\/posts\/10321","targetHints":{"allow":["GET"]}}],"collection":[{"href":"https:\/\/www.welovecycling.com\/es\/wp-json\/wp\/v2\/posts"}],"about":[{"href":"https:\/\/www.welovecycling.com\/es\/wp-json\/wp\/v2\/types\/post"}],"author":[{"embeddable":true,"href":"https:\/\/www.welovecycling.com\/es\/wp-json\/wp\/v2\/users\/29"}],"replies":[{"embeddable":true,"href":"https:\/\/www.welovecycling.com\/es\/wp-json\/wp\/v2\/comments?post=10321"}],"version-history":[{"count":2,"href":"https:\/\/www.welovecycling.com\/es\/wp-json\/wp\/v2\/posts\/10321\/revisions"}],"predecessor-version":[{"id":10324,"href":"https:\/\/www.welovecycling.com\/es\/wp-json\/wp\/v2\/posts\/10321\/revisions\/10324"}],"wp:featuredmedia":[{"embeddable":true,"href":"https:\/\/www.welovecycling.com\/es\/wp-json\/wp\/v2\/media\/10323"}],"wp:attachment":[{"href":"https:\/\/www.welovecycling.com\/es\/wp-json\/wp\/v2\/media?parent=10321"}],"wp:term":[{"taxonomy":"category","embeddable":true,"href":"https:\/\/www.welovecycling.com\/es\/wp-json\/wp\/v2\/categories?post=10321"},{"taxonomy":"post_tag","embeddable":true,"href":"https:\/\/www.welovecycling.com\/es\/wp-json\/wp\/v2\/tags?post=10321"},{"taxonomy":"global-categories","embeddable":true,"href":"https:\/\/www.welovecycling.com\/es\/wp-json\/wp\/v2\/global-categories?post=10321"}],"curies":[{"name":"wp","href":"https:\/\/api.w.org\/{rel}","templated":true}]}}