{"id":10317,"date":"2023-10-11T19:57:09","date_gmt":"2023-10-11T17:57:09","guid":{"rendered":"https:\/\/www.welovecycling.com\/es\/?p=10317"},"modified":"2023-10-11T19:57:09","modified_gmt":"2023-10-11T17:57:09","slug":"carreteros-vs-montaneros","status":"publish","type":"post","link":"https:\/\/www.welovecycling.com\/es\/2023\/10\/11\/carreteros-vs-montaneros\/","title":{"rendered":"Carreteros vs monta\u00f1eros en la \u0160koda Titan Desert Almer\u00eda 2023"},"content":{"rendered":"<p><strong>Aunque es mucho acotar todo lo que sucedi\u00f3 en los cuatro d\u00edas de competici\u00f3n de la \u0160koda Titan Desert Almer\u00eda 2023, un buen resumen ser\u00eda la &#8216;derrota&#8217; de los carreteros vs los monta\u00f1eros en la categor\u00eda masculina, ya que en la femenina no hubo casi batalla. Francisco Herrero en chicos y Tessa Kortekaas en chicas cumplieron con los pron\u00f3sticos que a priori les daban entre los favoritos para el triunfo, aunque siempre hay una intrahistoira det\u00e1s.<\/strong><\/p>\n<p><!--more--><br \/>\nLa de la <strong>\u0160koda Titan Desert Almer\u00eda 2023 <\/strong>empez\u00f3 el s\u00e1bado 7 de octubre con una primera etapa de 100 kil\u00f3metros y m\u00e1s de 1.000 metros de desnivel acumulado por el Cabo de Gata. Salida y meta en El Toyo, donde estaba situado hotel oficial y un recorrido que ya conocen los participantes de las tres ediciones previas del desaf\u00edo del desierto almeriense.<\/p>\n<p>Las rampas de los acantilados del <strong>Cabo de Gata<\/strong> y los planos posteriores no sirvieron a los especialistas en BTT para soltar a <a href=\"https:\/\/www.instagram.com\/luislesanchez\/?hl=es\">Luis Le\u00f3n S\u00e1nchez<\/a> y <a href=\"https:\/\/twitter.com\/luisangelmate?lang=es\">Luis \u00c1ngel Mat\u00e9<\/a>, dos carreteros todav\u00eda en activo que demostraron su calidad y su capacidad para rodar r\u00e1pido. Solo las ramblas finales, que era la zona m\u00e1s t\u00e9cnica del recorrido, permitieron a Francisco Herrero, del Cannondale Vas Arabay, dejar atr\u00e1s a los carreteros y sacarles 20 segundos en meta.<\/p>\n<p>En categor\u00eda femenina Tessa Kortekaas no esper\u00f3 a la zona m\u00e1s dura para empezar a abrir ventajas. March\u00f3 escapada casi todo el d\u00eda y super\u00f3 a sus rivales en todos los terrenos. En meta, los cuatro minutos de diferencia sobre Ariadna R\u00f3denas del <strong>\u0160koda We love Cycling<\/strong>, eran demasiado para pensar que pudiese haber remontada.<\/p>\n<p>En la <a href=\"https:\/\/www.welovecycling.com\/es\/2023\/10\/04\/la-skoda-titan-desert-almeria-2023-mira-al-velefique\/\">segunda etapa la subida a Huebro,<\/a> con muchos tramos de carretera, permiti\u00f3 a Luis \u00c1ngel Mat\u00e9 conseguir una ventaja de dos minutos sobre el resto de favoritos. Parec\u00eda algo definitivo, pero en BTT las subidas son tan importantes como las bajadas y el marbell\u00ed perdi\u00f3 toda su ventaja descendiendo hasta Turrillas. Lo que parec\u00eda una jornada clave para que los carreteros derrotaran a los de BTT acab\u00f3 con el triunfo de etapa Miguel Mu\u00f1oz, compa\u00f1ero del l\u00edder Francisco Herrero en el Cannondale Vas Arabay, y con el grupo de favoritos compacto a la espera de la jornada clave de Velefique. Por su parte, Tessa Kortekaas sigui\u00f3 sin dar margen a sus rivales. Escapada en la subida a Huebro y un minuto y medio m\u00e1s de ventaja sobre R\u00f3denas.<\/p>\n<p><iframe loading=\"lazy\" title=\"YouTube video player\" src=\"https:\/\/www.youtube-nocookie.com\/embed\/tSoNqDb-5Io?si=NS6RwQY63v2HtIG_\" width=\"560\" height=\"315\" frameborder=\"0\" allowfullscreen=\"allowfullscreen\"><\/iframe><\/p>\n<h3><strong>ETAPA \u0160KODA WE LOVE CYCLING Y \u0160KODA CHALLENGE<\/strong><\/h3>\n<p>La etapa <strong>\u0160koda Welovecycling<\/strong> se antojaba decisiva para general, sobre todo porque dentro de la ascensi\u00f3n a Velefique estaba el <strong>\u0160koda Challenge, <\/strong>que daba 60 segundos de bonificaci\u00f3n a los ciclistas que hicieran mejor tiempo en el tramo. Entre los dos primeros de la categor\u00eda masculina solo hab\u00eda 25 segundos de diferencia, aunque en la femenina la distancia era casi definitiva.<\/p>\n<p>El m\u00e1s r\u00e1pido en el segmento de escalada a <strong>Velefique fue Luis \u00c1ngel Mat\u00e9,<\/strong> que ya hab\u00eda demostrado sus dotes de escalador en la segunda etapa. Pero volvi\u00f3 a pecar en largo descenso al Alto de Velefique y no pudo seguir al tr\u00edo de expertos en BTT. Guerrero, Mu\u00f1oz y el l\u00edder Fran Herrero. Entre los tres se encargaron de sacar tiempo en la bajada al marbell\u00ed, que no pudo enganchar en el terreno llano hasta el circuito de Almer\u00eda. El triunfo se fue para Guerrero, pero Herrero sum\u00f3 dos minutos de ventaja sobre Luis Le\u00f3n S\u00e1nchez, su principal rival, y dej\u00f3 casi sentenciada la general. Mat\u00e9 acabar\u00eda perdiendo en meta m\u00e1s de 10 minutos con los favoritos. <strong>Tessa Kortekaas<\/strong> dej\u00f3 resuelta la categor\u00eda femenina. No solo se adjudic\u00f3 con solvencia el , sino que acab\u00f3 la etapa con m\u00e1s de 18 minutos sobre Ariadna R\u00f3denas.<\/p>\n<p><iframe loading=\"lazy\" title=\"YouTube video player\" src=\"https:\/\/www.youtube-nocookie.com\/embed\/7MVRsCYCPtU?si=jxNYCDr-nOBQ8diS\" width=\"560\" height=\"315\" frameborder=\"0\" allowfullscreen=\"allowfullscreen\"><\/iframe><\/p>\n<p>Para la \u00faltima etapa solo quedaba confirmar lo que se hab\u00eda visto en las tres anteriores y as\u00ed fue. En categor\u00eda masculina sigui\u00f3 el dominio del Cannondale Vas Arabay. Sus dos hombres m\u00e1s fuertes, <strong>Mu\u00f1oz y Herrero,<\/strong> se escaparon para acabar firmando en meta la tercera victoria parcial del equipo y el dominio de la general, que dej\u00f3 a Herrero primereo y Mu\u00f1oz segundo acompa\u00f1ados en el podio de un Luis Le\u00f3n S\u00e1nchez que debut\u00f3 con un magnifico nivel. Quien si consigui\u00f3 el pleno fue Kortekaas en la categor\u00eda femenina. Cuarta etapa y triunfo en la general despu\u00e9s de llevarse la <strong>\u0160koda Titan Desert Morocco 2023 hace solo unos meses.<\/strong><\/p>\n","protected":false},"excerpt":{"rendered":"<p>Aunque es mucho acotar todo lo que sucedi\u00f3 en los cuatro d\u00edas de competici\u00f3n de la \u0160koda Titan Desert Almer\u00eda [&hellip;]<\/p>\n","protected":false},"author":29,"featured_media":10319,"comment_status":"open","ping_status":"open","sticky":false,"template":"","format":"standard","meta":{"footnotes":""},"categories":[9],"tags":[],"global-categories":[1164],"class_list":["post-10317","post","type-post","status-publish","format-standard","has-post-thumbnail","hentry","category-mtb-aventura","global-categories-cycling"],"yoast_head":"<!-- This site is optimized with the Yoast SEO Premium plugin v25.3 (Yoast SEO v25.9) - https:\/\/yoast.com\/wordpress\/plugins\/seo\/ -->\n<title>Carreteros vs monta\u00f1eros en la \u0160koda Titan Desert Almer\u00eda 2023 - \u0160koda We Love Cycling - Spain<\/title>\n<meta name=\"description\" content=\"Carreteros vs monta\u00f1eros en la \u0160koda Titan Desert Almer\u00eda 2023. El triunfo cay\u00f3 del lado de los especialistas en BTT.\" \/>\n<meta name=\"robots\" content=\"index, follow, max-snippet:-1, max-image-preview:large, max-video-preview:-1\" \/>\n<link rel=\"canonical\" href=\"https:\/\/www.welovecycling.com\/es\/2023\/10\/11\/carreteros-vs-montaneros\/\" \/>\n<meta property=\"og:locale\" content=\"es_ES\" \/>\n<meta property=\"og:type\" content=\"article\" \/>\n<meta property=\"og:title\" content=\"Carreteros vs monta\u00f1eros en la \u0160koda Titan Desert Almer\u00eda 2023\" \/>\n<meta property=\"og:description\" content=\"Carreteros vs monta\u00f1eros en la \u0160koda Titan Desert Almer\u00eda 2023. El triunfo cay\u00f3 del lado de los especialistas en BTT.\" \/>\n<meta property=\"og:url\" content=\"https:\/\/www.welovecycling.com\/es\/2023\/10\/11\/carreteros-vs-montaneros\/\" \/>\n<meta property=\"og:site_name\" content=\"\u0160koda We Love Cycling - Spain\" \/>\n<meta property=\"article:published_time\" content=\"2023-10-11T17:57:09+00:00\" \/>\n<meta property=\"og:image\" content=\"https:\/\/d2p6e6u75xmxt8.cloudfront.net\/6\/2023\/10\/titan_22023.webp\" \/>\n\t<meta property=\"og:image:width\" content=\"1280\" \/>\n\t<meta property=\"og:image:height\" content=\"853\" \/>\n\t<meta property=\"og:image:type\" content=\"image\/webp\" \/>\n<meta name=\"author\" content=\"We Love Cycling Spain\" \/>\n<meta name=\"twitter:card\" content=\"summary_large_image\" \/>\n<meta name=\"twitter:description\" content=\"Carreteros vs monta\u00f1eros en la \u0160koda Titan Desert Almer\u00eda 2023. El triunfo cay\u00f3 del lado de los especialistas en BTT.\" \/>\n<meta name=\"twitter:label1\" content=\"Written by\" \/>\n\t<meta name=\"twitter:data1\" content=\"Luis Ortega @ciclored\" \/>\n\t<meta name=\"twitter:label2\" content=\"Est. reading time\" \/>\n\t<meta name=\"twitter:data2\" content=\"4 minutes\" \/>\n<script type=\"application\/ld+json\" class=\"yoast-schema-graph\">{\"@context\":\"https:\/\/schema.org\",\"@graph\":[{\"@type\":\"WebPage\",\"@id\":\"https:\/\/www.welovecycling.com\/es\/2023\/10\/11\/carreteros-vs-montaneros\/\",\"url\":\"https:\/\/www.welovecycling.com\/es\/2023\/10\/11\/carreteros-vs-montaneros\/\",\"name\":\"Carreteros vs monta\u00f1eros en la \u0160koda Titan Desert Almer\u00eda 2023 - \u0160koda We Love Cycling - Spain\",\"isPartOf\":{\"@id\":\"https:\/\/www.welovecycling.com\/es\/#website\"},\"primaryImageOfPage\":{\"@id\":\"https:\/\/www.welovecycling.com\/es\/2023\/10\/11\/carreteros-vs-montaneros\/#primaryimage\"},\"image\":{\"@id\":\"https:\/\/www.welovecycling.com\/es\/2023\/10\/11\/carreteros-vs-montaneros\/#primaryimage\"},\"thumbnailUrl\":\"https:\/\/d2p6e6u75xmxt8.cloudfront.net\/6\/2023\/10\/titan_22023.webp\",\"datePublished\":\"2023-10-11T17:57:09+00:00\",\"author\":{\"@id\":\"https:\/\/www.welovecycling.com\/es\/#\/schema\/person\/deb61715b5812698ee79fb96f343ccd4\"},\"description\":\"Carreteros vs monta\u00f1eros en la \u0160koda Titan Desert Almer\u00eda 2023. El triunfo cay\u00f3 del lado de los especialistas en BTT.\",\"breadcrumb\":{\"@id\":\"https:\/\/www.welovecycling.com\/es\/2023\/10\/11\/carreteros-vs-montaneros\/#breadcrumb\"},\"inLanguage\":\"es-ES\",\"potentialAction\":[{\"@type\":\"ReadAction\",\"target\":[\"https:\/\/www.welovecycling.com\/es\/2023\/10\/11\/carreteros-vs-montaneros\/\"]}]},{\"@type\":\"ImageObject\",\"inLanguage\":\"es-ES\",\"@id\":\"https:\/\/www.welovecycling.com\/es\/2023\/10\/11\/carreteros-vs-montaneros\/#primaryimage\",\"url\":\"https:\/\/d2p6e6u75xmxt8.cloudfront.net\/6\/2023\/10\/titan_22023.webp\",\"contentUrl\":\"https:\/\/d2p6e6u75xmxt8.cloudfront.net\/6\/2023\/10\/titan_22023.webp\",\"width\":1280,\"height\":853},{\"@type\":\"BreadcrumbList\",\"@id\":\"https:\/\/www.welovecycling.com\/es\/2023\/10\/11\/carreteros-vs-montaneros\/#breadcrumb\",\"itemListElement\":[{\"@type\":\"ListItem\",\"position\":1,\"name\":\"Home\",\"item\":\"https:\/\/www.welovecycling.com\/es\/\"},{\"@type\":\"ListItem\",\"position\":2,\"name\":\"Carreteros vs monta\u00f1eros en la \u0160koda Titan Desert Almer\u00eda 2023\"}]},{\"@type\":\"WebSite\",\"@id\":\"https:\/\/www.welovecycling.com\/es\/#website\",\"url\":\"https:\/\/www.welovecycling.com\/es\/\",\"name\":\"\u0160koda We Love Cycling - Spain\",\"description\":\"\u0160koda WeLoveCycling Spain\",\"potentialAction\":[{\"@type\":\"SearchAction\",\"target\":{\"@type\":\"EntryPoint\",\"urlTemplate\":\"https:\/\/www.welovecycling.com\/es\/?s={search_term_string}\"},\"query-input\":{\"@type\":\"PropertyValueSpecification\",\"valueRequired\":true,\"valueName\":\"search_term_string\"}}],\"inLanguage\":\"es-ES\"},{\"@type\":\"Person\",\"@id\":\"https:\/\/www.welovecycling.com\/es\/#\/schema\/person\/deb61715b5812698ee79fb96f343ccd4\",\"name\":\"We Love Cycling Spain\",\"image\":{\"@type\":\"ImageObject\",\"inLanguage\":\"es-ES\",\"@id\":\"https:\/\/www.welovecycling.com\/es\/#\/schema\/person\/image\/\",\"url\":\"https:\/\/secure.gravatar.com\/avatar\/c824b04e6df0e37a03219d0b6481672889df542894588964102459e46513159c?s=96&d=mm&r=g\",\"contentUrl\":\"https:\/\/secure.gravatar.com\/avatar\/c824b04e6df0e37a03219d0b6481672889df542894588964102459e46513159c?s=96&d=mm&r=g\",\"caption\":\"We Love Cycling Spain\"},\"url\":\"https:\/\/www.welovecycling.com\/es\/author\/amunoz\/\"}]}<\/script>\n<!-- \/ Yoast SEO Premium plugin. -->","yoast_head_json":{"title":"Carreteros vs monta\u00f1eros en la \u0160koda Titan Desert Almer\u00eda 2023 - \u0160koda We Love Cycling - Spain","description":"Carreteros vs monta\u00f1eros en la \u0160koda Titan Desert Almer\u00eda 2023. El triunfo cay\u00f3 del lado de los especialistas en BTT.","robots":{"index":"index","follow":"follow","max-snippet":"max-snippet:-1","max-image-preview":"max-image-preview:large","max-video-preview":"max-video-preview:-1"},"canonical":"https:\/\/www.welovecycling.com\/es\/2023\/10\/11\/carreteros-vs-montaneros\/","og_locale":"es_ES","og_type":"article","og_title":"Carreteros vs monta\u00f1eros en la \u0160koda Titan Desert Almer\u00eda 2023","og_description":"Carreteros vs monta\u00f1eros en la \u0160koda Titan Desert Almer\u00eda 2023. El triunfo cay\u00f3 del lado de los especialistas en BTT.","og_url":"https:\/\/www.welovecycling.com\/es\/2023\/10\/11\/carreteros-vs-montaneros\/","og_site_name":"\u0160koda We Love Cycling - Spain","article_published_time":"2023-10-11T17:57:09+00:00","og_image":[{"width":1280,"height":853,"url":"https:\/\/d2p6e6u75xmxt8.cloudfront.net\/6\/2023\/10\/titan_22023.webp","type":"image\/webp"}],"author":"We Love Cycling Spain","twitter_card":"summary_large_image","twitter_description":"Carreteros vs monta\u00f1eros en la \u0160koda Titan Desert Almer\u00eda 2023. El triunfo cay\u00f3 del lado de los especialistas en BTT.","twitter_misc":{"Written by":"Luis Ortega @ciclored","Est. reading time":"4 minutes"},"schema":{"@context":"https:\/\/schema.org","@graph":[{"@type":"WebPage","@id":"https:\/\/www.welovecycling.com\/es\/2023\/10\/11\/carreteros-vs-montaneros\/","url":"https:\/\/www.welovecycling.com\/es\/2023\/10\/11\/carreteros-vs-montaneros\/","name":"Carreteros vs monta\u00f1eros en la \u0160koda Titan Desert Almer\u00eda 2023 - \u0160koda We Love Cycling - Spain","isPartOf":{"@id":"https:\/\/www.welovecycling.com\/es\/#website"},"primaryImageOfPage":{"@id":"https:\/\/www.welovecycling.com\/es\/2023\/10\/11\/carreteros-vs-montaneros\/#primaryimage"},"image":{"@id":"https:\/\/www.welovecycling.com\/es\/2023\/10\/11\/carreteros-vs-montaneros\/#primaryimage"},"thumbnailUrl":"https:\/\/d2p6e6u75xmxt8.cloudfront.net\/6\/2023\/10\/titan_22023.webp","datePublished":"2023-10-11T17:57:09+00:00","author":{"@id":"https:\/\/www.welovecycling.com\/es\/#\/schema\/person\/deb61715b5812698ee79fb96f343ccd4"},"description":"Carreteros vs monta\u00f1eros en la \u0160koda Titan Desert Almer\u00eda 2023. El triunfo cay\u00f3 del lado de los especialistas en BTT.","breadcrumb":{"@id":"https:\/\/www.welovecycling.com\/es\/2023\/10\/11\/carreteros-vs-montaneros\/#breadcrumb"},"inLanguage":"es-ES","potentialAction":[{"@type":"ReadAction","target":["https:\/\/www.welovecycling.com\/es\/2023\/10\/11\/carreteros-vs-montaneros\/"]}]},{"@type":"ImageObject","inLanguage":"es-ES","@id":"https:\/\/www.welovecycling.com\/es\/2023\/10\/11\/carreteros-vs-montaneros\/#primaryimage","url":"https:\/\/d2p6e6u75xmxt8.cloudfront.net\/6\/2023\/10\/titan_22023.webp","contentUrl":"https:\/\/d2p6e6u75xmxt8.cloudfront.net\/6\/2023\/10\/titan_22023.webp","width":1280,"height":853},{"@type":"BreadcrumbList","@id":"https:\/\/www.welovecycling.com\/es\/2023\/10\/11\/carreteros-vs-montaneros\/#breadcrumb","itemListElement":[{"@type":"ListItem","position":1,"name":"Home","item":"https:\/\/www.welovecycling.com\/es\/"},{"@type":"ListItem","position":2,"name":"Carreteros vs monta\u00f1eros en la \u0160koda Titan Desert Almer\u00eda 2023"}]},{"@type":"WebSite","@id":"https:\/\/www.welovecycling.com\/es\/#website","url":"https:\/\/www.welovecycling.com\/es\/","name":"\u0160koda We Love Cycling - Spain","description":"\u0160koda WeLoveCycling Spain","potentialAction":[{"@type":"SearchAction","target":{"@type":"EntryPoint","urlTemplate":"https:\/\/www.welovecycling.com\/es\/?s={search_term_string}"},"query-input":{"@type":"PropertyValueSpecification","valueRequired":true,"valueName":"search_term_string"}}],"inLanguage":"es-ES"},{"@type":"Person","@id":"https:\/\/www.welovecycling.com\/es\/#\/schema\/person\/deb61715b5812698ee79fb96f343ccd4","name":"We Love Cycling Spain","image":{"@type":"ImageObject","inLanguage":"es-ES","@id":"https:\/\/www.welovecycling.com\/es\/#\/schema\/person\/image\/","url":"https:\/\/secure.gravatar.com\/avatar\/c824b04e6df0e37a03219d0b6481672889df542894588964102459e46513159c?s=96&d=mm&r=g","contentUrl":"https:\/\/secure.gravatar.com\/avatar\/c824b04e6df0e37a03219d0b6481672889df542894588964102459e46513159c?s=96&d=mm&r=g","caption":"We Love Cycling Spain"},"url":"https:\/\/www.welovecycling.com\/es\/author\/amunoz\/"}]}},"_links":{"self":[{"href":"https:\/\/www.welovecycling.com\/es\/wp-json\/wp\/v2\/posts\/10317","targetHints":{"allow":["GET"]}}],"collection":[{"href":"https:\/\/www.welovecycling.com\/es\/wp-json\/wp\/v2\/posts"}],"about":[{"href":"https:\/\/www.welovecycling.com\/es\/wp-json\/wp\/v2\/types\/post"}],"author":[{"embeddable":true,"href":"https:\/\/www.welovecycling.com\/es\/wp-json\/wp\/v2\/users\/29"}],"replies":[{"embeddable":true,"href":"https:\/\/www.welovecycling.com\/es\/wp-json\/wp\/v2\/comments?post=10317"}],"version-history":[{"count":2,"href":"https:\/\/www.welovecycling.com\/es\/wp-json\/wp\/v2\/posts\/10317\/revisions"}],"predecessor-version":[{"id":10320,"href":"https:\/\/www.welovecycling.com\/es\/wp-json\/wp\/v2\/posts\/10317\/revisions\/10320"}],"wp:featuredmedia":[{"embeddable":true,"href":"https:\/\/www.welovecycling.com\/es\/wp-json\/wp\/v2\/media\/10319"}],"wp:attachment":[{"href":"https:\/\/www.welovecycling.com\/es\/wp-json\/wp\/v2\/media?parent=10317"}],"wp:term":[{"taxonomy":"category","embeddable":true,"href":"https:\/\/www.welovecycling.com\/es\/wp-json\/wp\/v2\/categories?post=10317"},{"taxonomy":"post_tag","embeddable":true,"href":"https:\/\/www.welovecycling.com\/es\/wp-json\/wp\/v2\/tags?post=10317"},{"taxonomy":"global-categories","embeddable":true,"href":"https:\/\/www.welovecycling.com\/es\/wp-json\/wp\/v2\/global-categories?post=10317"}],"curies":[{"name":"wp","href":"https:\/\/api.w.org\/{rel}","templated":true}]}}