{"id":10313,"date":"2023-10-04T11:29:22","date_gmt":"2023-10-04T09:29:22","guid":{"rendered":"https:\/\/www.welovecycling.com\/es\/?p=10313"},"modified":"2023-10-04T11:29:22","modified_gmt":"2023-10-04T09:29:22","slug":"la-skoda-titan-desert-almeria-2023-mira-al-velefique","status":"publish","type":"post","link":"https:\/\/www.welovecycling.com\/es\/2023\/10\/04\/la-skoda-titan-desert-almeria-2023-mira-al-velefique\/","title":{"rendered":"La \u0160koda Titan Desert Almer\u00eda 2023 mira al Velefique"},"content":{"rendered":"<p><strong>La alta monta\u00f1a volver\u00e1 a ser decisiva.\u00a0 Este s\u00e1bado arranca la \u0160koda Titan Desert Almer\u00eda 2023, que llega a su cuarta edici\u00f3n, con el Velefique como juez de una prueba que ya tiene su car\u00e1cter propio. Cuatro d\u00edas de competici\u00f3n, 339 kil\u00f3metros, m\u00e1s de 6.000 metros de desnivel, ramblas, el desierto de Tabernas y sobre todo una subida que ya se ha convertido en ic\u00f3nica y que ser\u00e1 clave para conocer el nombre de los sucesores del matrimonio Looser, vencedores en 2022.\u00a0 Betal\u00fa, Herrero, Hermida y los &#8216;carreteros&#8217; Mat\u00e9 y Luis Le\u00f3n S\u00e1nchez entre los hombres y Kortekaas y R\u00f3denas entre las mujeres, los aspirantes.<\/strong><\/p>\n<p><!--more--><br \/>\nLa <strong>\u0160koda Titan Desert Almer\u00eda 2023 tiene marcado el lunes 9 de octubre como jornada clave. Ser\u00e1 la tercera etapa, denominada \u0160koda We Love Cycling, con 93 kil\u00f3metros y 2.360 metros de desnivel. <\/strong>Arrancar\u00e1 del Circuito Costa de Almer\u00eda de Tabernas para ascender el <strong><a href=\"https:\/\/www.welovecycling.com\/es\/2022\/10\/14\/skoda-titan-desert-almeria-2022-en-casa-de-los-looser\/\">Alto de Velefique<\/a>. <\/strong>No solamente el puerto m\u00e1s duro de toda al Titan 2023, sino que adem\u00e1s est\u00e1 premiado con el <strong>\u0160koda Challenge,<\/strong> un tramo de 10 kil\u00f3metros de la ascensi\u00f3n que dar\u00e1 60 segundos de bonificaci\u00f3n a los primeros en llegar y que pueden ser claves para la resoluci\u00f3n final de esta edici\u00f3n.<\/p>\n<h3><strong>ETAPAS<\/strong><\/h3>\n<p>La <strong>\u0160koda Titan Desert Almer\u00eda 2023 <\/strong>empezar\u00e1 para los participantes el viernes 06 de octubre, cuando todos deben hacer el check in previo en el<strong> Hotel de El Toyo. En esta edici\u00f3n esa ser\u00e1 la base para las <a href=\"https:\/\/skodatitandesertalmeria.com\/recorrido\/\">cuatro etapas<\/a>. Ese es el primero de los cambios. <\/strong>El segundo, que se prescinde del pr\u00f3logo y que el<strong> s\u00e1bado 07 de octubre <\/strong>la primera jornada que afrontar\u00e1n los m\u00e1s de 400 participantes ya tiene<strong> 100 kil\u00f3metros y m\u00e1s de 1.000 metros de desnivel acumulado.<br \/>\n<\/strong><br \/>\nEs una jornada ya cl\u00e1sica de la carrera de Almer\u00eda. Los primeros 50 kil\u00f3metros discurren pr\u00e1cticamente paralelos al mar por el Cabo de Gata. Son los m\u00e1s t\u00e9cnicos y complicados, con zonas pedregosas y estrechas. El retorno, pr\u00e1cticamente llano y por pistas anchas se suele encontrar viento de cara y sobre todo una zona de ramblas complicada de superar.<\/p>\n<p>La <strong>segunda etapa tambi\u00e9n parte de El Toyo<\/strong> y en solo 64 kil\u00f3metros supera m\u00e1s de 1.500 metros de desnivel. Los primeros kil\u00f3metros son ligera subida hacia N\u00edjar, donde arranca la parte m\u00e1s dura del puerto con rampas complicadas pero por un terreno bien alisado. El final es pr\u00e1cticamente en descenso hasta Tabernas, pero por zonas t\u00e9cnicas que seguramente marcar\u00e1n diferencias entre los favoritos. Desde Tabernas habr\u00e1 traslado en bus hasta el hotel oficial en El Toyo.<\/p>\n<p>La etapa 3 <strong>\u0160koda We Love Cycling <\/strong>arranca con un traslado hasta Tabernas para afrontar la etapa reina. El inicio es pr\u00e1cticamente plano y por senderos anchos, pero siempre en continua ascensi\u00f3n. Todo cambia en el kil\u00f3metro 25 cuando se empieza a subir el<strong> Alto de Velefique <\/strong>con el tramo bonificado <strong>\u0160koda Challenge <\/strong>de 60 segundos. Cuando acabe todav\u00eda restar\u00e1n m\u00e1s de 10 kil\u00f3metros de ascensi\u00f3n, aunque sin tantos desniveles. En el kil\u00f3metro 55 se afronta una larga bajada, t\u00e9cnica al principio, y que termina con 20 kil\u00f3metros pr\u00e1cticamentes llanos hasta volver a Tabernas.<\/p>\n<div class=\"embed-controller-wrapper\">\n<div class=\"embed-wrapper\"><iframe title=\"STAGE 3 - \u0160KODA WE LOVE CYCLING I \u0160KODA TITAN DESERT ALMER\u00cdA 2023\" width=\"500\" height=\"281\" data-src=\"https:\/\/www.youtube.com\/embed\/rnrTV2uO5wM?feature=oembed&#038;si=Fnf6lo7sDCUjCvSb&#038;enablejsapi=1\" frameborder=\"0\" allow=\"accelerometer; autoplay; clipboard-write; encrypted-media; gyroscope; picture-in-picture; web-share\" referrerpolicy=\"strict-origin-when-cross-origin\" allowfullscreen><\/iframe><\/div>\n<\/div>\n<p>La <strong>\u0160koda Titan Desert Almer\u00eda 2023 <\/strong>se despide con una etapa cl\u00e1sica. Traslado hasta Tabernas para afrontar 74 kil\u00f3metros y m\u00e1s de 1.000 metros de desnivel. Muchos discurren dentro de de la Base Militar \u00c1lvarez de Sotomayor, acuartelamiento de la Brigada Rey Alfonso XIII II de La Legi\u00f3n, con continuos subeybaja capaces de romper el ritmo a cualquiera. El final es casi llano, pero acabar\u00e1 decidiendo el nombre de los ganadores y otorgando el t\u00edtulo de finisher al resto.<\/p>\n<h3><strong>FAVORITOS<\/strong><\/h3>\n<p>En la categor\u00eda masculina todos miran al\u00a0 \u2018zorro del desierto\u2019, <strong>Josep Betal\u00fa, con el r\u00e9cord de victorias en la \u0160koda Titan Desert Morocco.\u00a0 Para hacerle frente est\u00e1n veteranos <\/strong>como <strong>Miquel<\/strong>\u00a0<strong>Faus<\/strong>,\u00a0<strong>Fran<\/strong>\u00a0<strong>Herrero, Miguel Mu\u00f1oz, Nicol\u00e1s Mercader o <a href=\"https:\/\/www.welovecycling.com\/es\/2022\/05\/14\/vatios-titan-desert\/\">Tomi Misser<\/a>, que corre con el equipo \u0160koda We Love Cycling <\/strong>y en este 2023 ya sum\u00f3 el t\u00edtulo en La Cape Epic<strong>.<\/strong><\/p>\n<p>Pero la gran atracci\u00f3n de este 2023 ser\u00e1 el murciano <strong>Luis Le\u00f3n S\u00e1nchez, que colg\u00f3 la bicicleta de carretera hace menos de un mes en La Vuelta a Espa\u00f1a. <\/strong>No ha tardado demasiado en convencerse para afrontar el reto de la Titan. Junto a \u00e9l otro cl\u00e1sico del pelot\u00f3n espa\u00f1ol<strong>, <a href=\"https:\/\/www.marca.com\/ciclismo\/2023\/08\/15\/64dbb41346163f58778b4577.html#:~:text=Mat%C3%A9%20logr%C3%B3%20este%20martes%20la,Pharma)%2C%20tercero%20a%2047.\">Luis Angel Mat\u00e9<\/a>, que ya hizo la \u0160koda Titan Desert Almer\u00eda 2022 <\/strong>y que en este 2023 se ha reencontrado con la victoria en la Volta a Portugal<strong>.\u00a0<\/strong><\/p>\n<p><strong>Jos\u00e9 Antonio Hermida<\/strong>, uno de los grandes bikers espa\u00f1oles de la historia, poco tiene que envidiar al palmar\u00e9s de \u2018Luisle\u2019: cinco participaciones en Juegos Ol\u00edmpicos, plata en Atenas 2004, campe\u00f3n del mundo, ex n\u00famero uno del mundo en XCO (cross country ol\u00edmpico) y ganador de varias pruebas de la Copa del Mundo.<\/p>\n<p><a href=\"https:\/\/d2p6e6u75xmxt8.cloudfront.net\/6\/2022\/10\/skoda_challenge_titan.webp\"><img loading=\"lazy\" decoding=\"async\" class=\"aligncenter size-full wp-image-9347\" src=\"https:\/\/d2p6e6u75xmxt8.cloudfront.net\/6\/2022\/10\/skoda_challenge_titan.webp\" alt=\"\" width=\"1024\" height=\"682\" srcset=\"https:\/\/d2p6e6u75xmxt8.cloudfront.net\/6\/2022\/10\/skoda_challenge_titan.webp 1024w, https:\/\/d2p6e6u75xmxt8.cloudfront.net\/6\/2022\/10\/skoda_challenge_titan-300x200.webp 300w, https:\/\/d2p6e6u75xmxt8.cloudfront.net\/6\/2022\/10\/skoda_challenge_titan-768x512.webp 768w, https:\/\/d2p6e6u75xmxt8.cloudfront.net\/6\/2022\/10\/skoda_challenge_titan-272x182.webp 272w\" sizes=\"auto, (max-width: 1024px) 100vw, 1024px\" \/><\/a><\/p>\n<p>En categor\u00eda femenina la m\u00e1xima favorita es la neerlandesa afincada en Espa\u00f1a <strong>Tessa Kortekaas<\/strong> , que ya dio una aut\u00e9ntica exhibici\u00f3n en la \u00faltima \u0160koda Titan Desert Morocco, de la que sali\u00f3 vencedora de la general y con una actuaci\u00f3n para la historia en la quinta etapa de la carrera.<\/p>\n<p><strong>Su gran rival ser\u00e1 Ariadna R\u00f3denas<\/strong>, del Mondraker <strong>\u0160koda We Love Cycling<\/strong>,\u00a0 que cuenta en su palmar\u00e9s con la \u0160koda Titan Desert Morocco y la NEOM Titan Desert Saudi Arabia. Solo le queda Almer\u00eda para poder hacerse con las tres pruebas del universo Titan World Series.<\/p>\n","protected":false},"excerpt":{"rendered":"<p>La alta monta\u00f1a volver\u00e1 a ser decisiva.\u00a0 Este s\u00e1bado arranca la \u0160koda Titan Desert Almer\u00eda 2023, que llega a su [&hellip;]<\/p>\n","protected":false},"author":29,"featured_media":9348,"comment_status":"open","ping_status":"open","sticky":false,"template":"","format":"standard","meta":{"footnotes":""},"categories":[9],"tags":[2199,2264,2265],"global-categories":[1164],"class_list":["post-10313","post","type-post","status-publish","format-standard","has-post-thumbnail","hentry","category-mtb-aventura","tag-skoda-titan-desert-almeria","tag-skoda-titan-desert-almeria-2023","tag-titan-desert-almeria-2023","global-categories-cycling"],"yoast_head":"<!-- This site is optimized with the Yoast SEO Premium plugin v25.3 (Yoast SEO v25.9) - https:\/\/yoast.com\/wordpress\/plugins\/seo\/ -->\n<title>La \u0160koda Titan Desert Almer\u00eda 2023 mira al Velefique - \u0160koda We Love Cycling - Spain<\/title>\n<meta name=\"description\" content=\"Este s\u00e1bado arranca la \u0160koda Titan Desert Almer\u00eda 2023, que llega a su cuarta edici\u00f3n, con el Velefique como juez de una prueba\" \/>\n<meta name=\"robots\" content=\"index, follow, max-snippet:-1, max-image-preview:large, max-video-preview:-1\" \/>\n<link rel=\"canonical\" href=\"https:\/\/www.welovecycling.com\/es\/2023\/10\/04\/la-skoda-titan-desert-almeria-2023-mira-al-velefique\/\" \/>\n<meta property=\"og:locale\" content=\"es_ES\" \/>\n<meta property=\"og:type\" content=\"article\" \/>\n<meta property=\"og:title\" content=\"La \u0160koda Titan Desert Almer\u00eda 2023 mira al Velefique\" \/>\n<meta property=\"og:description\" content=\"Este s\u00e1bado arranca la \u0160koda Titan Desert Almer\u00eda 2023, que llega a su cuarta edici\u00f3n, con el Velefique como juez de una prueba\" \/>\n<meta property=\"og:url\" content=\"https:\/\/www.welovecycling.com\/es\/2023\/10\/04\/la-skoda-titan-desert-almeria-2023-mira-al-velefique\/\" \/>\n<meta property=\"og:site_name\" content=\"\u0160koda We Love Cycling - Spain\" \/>\n<meta property=\"article:published_time\" content=\"2023-10-04T09:29:22+00:00\" \/>\n<meta property=\"og:image\" content=\"https:\/\/d2p6e6u75xmxt8.cloudfront.net\/6\/2022\/10\/Titan-Deser-Almeria-chicas.webp\" \/>\n\t<meta property=\"og:image:width\" content=\"1024\" \/>\n\t<meta property=\"og:image:height\" content=\"682\" \/>\n\t<meta property=\"og:image:type\" content=\"image\/webp\" \/>\n<meta name=\"author\" content=\"We Love Cycling Spain\" \/>\n<meta name=\"twitter:card\" content=\"summary_large_image\" \/>\n<meta name=\"twitter:description\" content=\"Este s\u00e1bado arranca la \u0160koda Titan Desert Almer\u00eda 2023, que llega a su cuarta edici\u00f3n, con el Velefique como juez de una prueba\" \/>\n<meta name=\"twitter:label1\" content=\"Written by\" \/>\n\t<meta name=\"twitter:data1\" content=\"Luis Ortega @Ciclored\" \/>\n\t<meta name=\"twitter:label2\" content=\"Est. reading time\" \/>\n\t<meta name=\"twitter:data2\" content=\"5 minutes\" \/>\n<script type=\"application\/ld+json\" class=\"yoast-schema-graph\">{\"@context\":\"https:\/\/schema.org\",\"@graph\":[{\"@type\":\"WebPage\",\"@id\":\"https:\/\/www.welovecycling.com\/es\/2023\/10\/04\/la-skoda-titan-desert-almeria-2023-mira-al-velefique\/\",\"url\":\"https:\/\/www.welovecycling.com\/es\/2023\/10\/04\/la-skoda-titan-desert-almeria-2023-mira-al-velefique\/\",\"name\":\"La \u0160koda Titan Desert Almer\u00eda 2023 mira al Velefique - \u0160koda We Love Cycling - Spain\",\"isPartOf\":{\"@id\":\"https:\/\/www.welovecycling.com\/es\/#website\"},\"primaryImageOfPage\":{\"@id\":\"https:\/\/www.welovecycling.com\/es\/2023\/10\/04\/la-skoda-titan-desert-almeria-2023-mira-al-velefique\/#primaryimage\"},\"image\":{\"@id\":\"https:\/\/www.welovecycling.com\/es\/2023\/10\/04\/la-skoda-titan-desert-almeria-2023-mira-al-velefique\/#primaryimage\"},\"thumbnailUrl\":\"https:\/\/d2p6e6u75xmxt8.cloudfront.net\/6\/2022\/10\/Titan-Deser-Almeria-chicas.webp\",\"datePublished\":\"2023-10-04T09:29:22+00:00\",\"author\":{\"@id\":\"https:\/\/www.welovecycling.com\/es\/#\/schema\/person\/deb61715b5812698ee79fb96f343ccd4\"},\"description\":\"Este s\u00e1bado arranca la \u0160koda Titan Desert Almer\u00eda 2023, que llega a su cuarta edici\u00f3n, con el Velefique como juez de una prueba\",\"breadcrumb\":{\"@id\":\"https:\/\/www.welovecycling.com\/es\/2023\/10\/04\/la-skoda-titan-desert-almeria-2023-mira-al-velefique\/#breadcrumb\"},\"inLanguage\":\"es-ES\",\"potentialAction\":[{\"@type\":\"ReadAction\",\"target\":[\"https:\/\/www.welovecycling.com\/es\/2023\/10\/04\/la-skoda-titan-desert-almeria-2023-mira-al-velefique\/\"]}]},{\"@type\":\"ImageObject\",\"inLanguage\":\"es-ES\",\"@id\":\"https:\/\/www.welovecycling.com\/es\/2023\/10\/04\/la-skoda-titan-desert-almeria-2023-mira-al-velefique\/#primaryimage\",\"url\":\"https:\/\/d2p6e6u75xmxt8.cloudfront.net\/6\/2022\/10\/Titan-Deser-Almeria-chicas.webp\",\"contentUrl\":\"https:\/\/d2p6e6u75xmxt8.cloudfront.net\/6\/2022\/10\/Titan-Deser-Almeria-chicas.webp\",\"width\":1024,\"height\":682},{\"@type\":\"BreadcrumbList\",\"@id\":\"https:\/\/www.welovecycling.com\/es\/2023\/10\/04\/la-skoda-titan-desert-almeria-2023-mira-al-velefique\/#breadcrumb\",\"itemListElement\":[{\"@type\":\"ListItem\",\"position\":1,\"name\":\"Home\",\"item\":\"https:\/\/www.welovecycling.com\/es\/\"},{\"@type\":\"ListItem\",\"position\":2,\"name\":\"La \u0160koda Titan Desert Almer\u00eda 2023 mira al Velefique\"}]},{\"@type\":\"WebSite\",\"@id\":\"https:\/\/www.welovecycling.com\/es\/#website\",\"url\":\"https:\/\/www.welovecycling.com\/es\/\",\"name\":\"\u0160koda We Love Cycling - Spain\",\"description\":\"\u0160koda WeLoveCycling Spain\",\"potentialAction\":[{\"@type\":\"SearchAction\",\"target\":{\"@type\":\"EntryPoint\",\"urlTemplate\":\"https:\/\/www.welovecycling.com\/es\/?s={search_term_string}\"},\"query-input\":{\"@type\":\"PropertyValueSpecification\",\"valueRequired\":true,\"valueName\":\"search_term_string\"}}],\"inLanguage\":\"es-ES\"},{\"@type\":\"Person\",\"@id\":\"https:\/\/www.welovecycling.com\/es\/#\/schema\/person\/deb61715b5812698ee79fb96f343ccd4\",\"name\":\"We Love Cycling Spain\",\"image\":{\"@type\":\"ImageObject\",\"inLanguage\":\"es-ES\",\"@id\":\"https:\/\/www.welovecycling.com\/es\/#\/schema\/person\/image\/\",\"url\":\"https:\/\/secure.gravatar.com\/avatar\/c824b04e6df0e37a03219d0b6481672889df542894588964102459e46513159c?s=96&d=mm&r=g\",\"contentUrl\":\"https:\/\/secure.gravatar.com\/avatar\/c824b04e6df0e37a03219d0b6481672889df542894588964102459e46513159c?s=96&d=mm&r=g\",\"caption\":\"We Love Cycling Spain\"},\"url\":\"https:\/\/www.welovecycling.com\/es\/author\/amunoz\/\"}]}<\/script>\n<!-- \/ Yoast SEO Premium plugin. -->","yoast_head_json":{"title":"La \u0160koda Titan Desert Almer\u00eda 2023 mira al Velefique - \u0160koda We Love Cycling - Spain","description":"Este s\u00e1bado arranca la \u0160koda Titan Desert Almer\u00eda 2023, que llega a su cuarta edici\u00f3n, con el Velefique como juez de una prueba","robots":{"index":"index","follow":"follow","max-snippet":"max-snippet:-1","max-image-preview":"max-image-preview:large","max-video-preview":"max-video-preview:-1"},"canonical":"https:\/\/www.welovecycling.com\/es\/2023\/10\/04\/la-skoda-titan-desert-almeria-2023-mira-al-velefique\/","og_locale":"es_ES","og_type":"article","og_title":"La \u0160koda Titan Desert Almer\u00eda 2023 mira al Velefique","og_description":"Este s\u00e1bado arranca la \u0160koda Titan Desert Almer\u00eda 2023, que llega a su cuarta edici\u00f3n, con el Velefique como juez de una prueba","og_url":"https:\/\/www.welovecycling.com\/es\/2023\/10\/04\/la-skoda-titan-desert-almeria-2023-mira-al-velefique\/","og_site_name":"\u0160koda We Love Cycling - Spain","article_published_time":"2023-10-04T09:29:22+00:00","og_image":[{"width":1024,"height":682,"url":"https:\/\/d2p6e6u75xmxt8.cloudfront.net\/6\/2022\/10\/Titan-Deser-Almeria-chicas.webp","type":"image\/webp"}],"author":"We Love Cycling Spain","twitter_card":"summary_large_image","twitter_description":"Este s\u00e1bado arranca la \u0160koda Titan Desert Almer\u00eda 2023, que llega a su cuarta edici\u00f3n, con el Velefique como juez de una prueba","twitter_misc":{"Written by":"Luis Ortega @Ciclored","Est. reading time":"5 minutes"},"schema":{"@context":"https:\/\/schema.org","@graph":[{"@type":"WebPage","@id":"https:\/\/www.welovecycling.com\/es\/2023\/10\/04\/la-skoda-titan-desert-almeria-2023-mira-al-velefique\/","url":"https:\/\/www.welovecycling.com\/es\/2023\/10\/04\/la-skoda-titan-desert-almeria-2023-mira-al-velefique\/","name":"La \u0160koda Titan Desert Almer\u00eda 2023 mira al Velefique - \u0160koda We Love Cycling - Spain","isPartOf":{"@id":"https:\/\/www.welovecycling.com\/es\/#website"},"primaryImageOfPage":{"@id":"https:\/\/www.welovecycling.com\/es\/2023\/10\/04\/la-skoda-titan-desert-almeria-2023-mira-al-velefique\/#primaryimage"},"image":{"@id":"https:\/\/www.welovecycling.com\/es\/2023\/10\/04\/la-skoda-titan-desert-almeria-2023-mira-al-velefique\/#primaryimage"},"thumbnailUrl":"https:\/\/d2p6e6u75xmxt8.cloudfront.net\/6\/2022\/10\/Titan-Deser-Almeria-chicas.webp","datePublished":"2023-10-04T09:29:22+00:00","author":{"@id":"https:\/\/www.welovecycling.com\/es\/#\/schema\/person\/deb61715b5812698ee79fb96f343ccd4"},"description":"Este s\u00e1bado arranca la \u0160koda Titan Desert Almer\u00eda 2023, que llega a su cuarta edici\u00f3n, con el Velefique como juez de una prueba","breadcrumb":{"@id":"https:\/\/www.welovecycling.com\/es\/2023\/10\/04\/la-skoda-titan-desert-almeria-2023-mira-al-velefique\/#breadcrumb"},"inLanguage":"es-ES","potentialAction":[{"@type":"ReadAction","target":["https:\/\/www.welovecycling.com\/es\/2023\/10\/04\/la-skoda-titan-desert-almeria-2023-mira-al-velefique\/"]}]},{"@type":"ImageObject","inLanguage":"es-ES","@id":"https:\/\/www.welovecycling.com\/es\/2023\/10\/04\/la-skoda-titan-desert-almeria-2023-mira-al-velefique\/#primaryimage","url":"https:\/\/d2p6e6u75xmxt8.cloudfront.net\/6\/2022\/10\/Titan-Deser-Almeria-chicas.webp","contentUrl":"https:\/\/d2p6e6u75xmxt8.cloudfront.net\/6\/2022\/10\/Titan-Deser-Almeria-chicas.webp","width":1024,"height":682},{"@type":"BreadcrumbList","@id":"https:\/\/www.welovecycling.com\/es\/2023\/10\/04\/la-skoda-titan-desert-almeria-2023-mira-al-velefique\/#breadcrumb","itemListElement":[{"@type":"ListItem","position":1,"name":"Home","item":"https:\/\/www.welovecycling.com\/es\/"},{"@type":"ListItem","position":2,"name":"La \u0160koda Titan Desert Almer\u00eda 2023 mira al Velefique"}]},{"@type":"WebSite","@id":"https:\/\/www.welovecycling.com\/es\/#website","url":"https:\/\/www.welovecycling.com\/es\/","name":"\u0160koda We Love Cycling - Spain","description":"\u0160koda WeLoveCycling Spain","potentialAction":[{"@type":"SearchAction","target":{"@type":"EntryPoint","urlTemplate":"https:\/\/www.welovecycling.com\/es\/?s={search_term_string}"},"query-input":{"@type":"PropertyValueSpecification","valueRequired":true,"valueName":"search_term_string"}}],"inLanguage":"es-ES"},{"@type":"Person","@id":"https:\/\/www.welovecycling.com\/es\/#\/schema\/person\/deb61715b5812698ee79fb96f343ccd4","name":"We Love Cycling Spain","image":{"@type":"ImageObject","inLanguage":"es-ES","@id":"https:\/\/www.welovecycling.com\/es\/#\/schema\/person\/image\/","url":"https:\/\/secure.gravatar.com\/avatar\/c824b04e6df0e37a03219d0b6481672889df542894588964102459e46513159c?s=96&d=mm&r=g","contentUrl":"https:\/\/secure.gravatar.com\/avatar\/c824b04e6df0e37a03219d0b6481672889df542894588964102459e46513159c?s=96&d=mm&r=g","caption":"We Love Cycling Spain"},"url":"https:\/\/www.welovecycling.com\/es\/author\/amunoz\/"}]}},"_links":{"self":[{"href":"https:\/\/www.welovecycling.com\/es\/wp-json\/wp\/v2\/posts\/10313","targetHints":{"allow":["GET"]}}],"collection":[{"href":"https:\/\/www.welovecycling.com\/es\/wp-json\/wp\/v2\/posts"}],"about":[{"href":"https:\/\/www.welovecycling.com\/es\/wp-json\/wp\/v2\/types\/post"}],"author":[{"embeddable":true,"href":"https:\/\/www.welovecycling.com\/es\/wp-json\/wp\/v2\/users\/29"}],"replies":[{"embeddable":true,"href":"https:\/\/www.welovecycling.com\/es\/wp-json\/wp\/v2\/comments?post=10313"}],"version-history":[{"count":2,"href":"https:\/\/www.welovecycling.com\/es\/wp-json\/wp\/v2\/posts\/10313\/revisions"}],"predecessor-version":[{"id":10315,"href":"https:\/\/www.welovecycling.com\/es\/wp-json\/wp\/v2\/posts\/10313\/revisions\/10315"}],"wp:featuredmedia":[{"embeddable":true,"href":"https:\/\/www.welovecycling.com\/es\/wp-json\/wp\/v2\/media\/9348"}],"wp:attachment":[{"href":"https:\/\/www.welovecycling.com\/es\/wp-json\/wp\/v2\/media?parent=10313"}],"wp:term":[{"taxonomy":"category","embeddable":true,"href":"https:\/\/www.welovecycling.com\/es\/wp-json\/wp\/v2\/categories?post=10313"},{"taxonomy":"post_tag","embeddable":true,"href":"https:\/\/www.welovecycling.com\/es\/wp-json\/wp\/v2\/tags?post=10313"},{"taxonomy":"global-categories","embeddable":true,"href":"https:\/\/www.welovecycling.com\/es\/wp-json\/wp\/v2\/global-categories?post=10313"}],"curies":[{"name":"wp","href":"https:\/\/api.w.org\/{rel}","templated":true}]}}