{"id":10303,"date":"2023-10-03T12:40:06","date_gmt":"2023-10-03T10:40:06","guid":{"rendered":"https:\/\/www.welovecycling.com\/es\/?p=10303"},"modified":"2023-10-03T00:47:52","modified_gmt":"2023-10-02T22:47:52","slug":"vatios-tour-femenino-2023","status":"publish","type":"post","link":"https:\/\/www.welovecycling.com\/es\/2023\/10\/03\/vatios-tour-femenino-2023\/","title":{"rendered":"Cuantos vatios se movieron en el Tour Femenino 2023"},"content":{"rendered":"<p style=\"font-weight: 400;\"><strong>Tour de France Femmes avec Zwift 2023 nos mostr\u00f3 que las mujeres tambi\u00e9n est\u00e1n dando cifras incre\u00edbles de vatios potencia este a\u00f1o. Echemos un vistazo a algunas de las incre\u00edbles actuaciones en escapadas, contrarrelojes y subidas.<\/strong><\/p>\n<p><!--more--><\/p>\n<h2><strong>Escapada<\/strong><\/h2>\n<p>Despu\u00e9s de s\u00f3lo 24 km en la etapa 3 del Tour de Francia Femmes avec Zwift de este a\u00f1o, vimos a 14 corredoras formar una escapada que gradualmente gan\u00f3 unos 10 minutos sobre el pelot\u00f3n. A falta de 28 km para el final de la etapa, Yara Kastelijn luch\u00f3 con Audrey Cordon-Ragot por los puntos de bonificaci\u00f3n en el sprint intermedio. Perdi\u00f3 el sprint, pero decidi\u00f3 continuar y pudo distanciarse de la escapada.<\/p>\n<p>De vuelta en el pelot\u00f3n, <a href=\"https:\/\/www.welovecycling.com\/es\/2023\/07\/30\/sorpasso-tourmalet\/\">Annemiek van Vleuten<\/a> y Demi Vollering se atacaron mutuamente, adelgazando el pelot\u00f3n. El d\u00fao de la CG consigui\u00f3 alcanzar a la escapada, pero Yara Kastelijn segu\u00eda teniendo m\u00e1s de 1 minuto de ventaja cuando cruz\u00f3 la l\u00ednea de meta. Estas son las impresionantes cifras de potencia que Kastelijn consigui\u00f3 durante sus 37 minutos de carrera en solitario, en los que tuvo que subir la C\u00f4te de Moyrazes y la C\u00f4te de Lavernhe para ganar la etapa.<\/p>\n<p style=\"font-weight: 400;\"><strong>Kastelijn (37 minutos escapada antes de meta)<\/strong>: potencia media 238W (~4,6W\/kg)<\/p>\n<p style=\"font-weight: 400;\"><strong>Kastelijn (C\u00f4te de Moyrazes):<\/strong> tiempo 13:21; potencia media 265W (~5,1W\/kg)<\/p>\n<figure id=\"attachment_10306\" aria-describedby=\"caption-attachment-10306\" style=\"width: 1250px\" class=\"wp-caption alignnone\"><a href=\"https:\/\/d2p6e6u75xmxt8.cloudfront.net\/6\/2023\/10\/Tour-de-France-Femmes-profimedia-0793396485.webp\"><img loading=\"lazy\" decoding=\"async\" class=\"size-full wp-image-10306\" src=\"https:\/\/d2p6e6u75xmxt8.cloudfront.net\/6\/2023\/10\/Tour-de-France-Femmes-profimedia-0793396485.webp\" alt=\"\" width=\"1250\" height=\"833\" srcset=\"https:\/\/d2p6e6u75xmxt8.cloudfront.net\/6\/2023\/10\/Tour-de-France-Femmes-profimedia-0793396485.webp 1250w, https:\/\/d2p6e6u75xmxt8.cloudfront.net\/6\/2023\/10\/Tour-de-France-Femmes-profimedia-0793396485-300x200.webp 300w, https:\/\/d2p6e6u75xmxt8.cloudfront.net\/6\/2023\/10\/Tour-de-France-Femmes-profimedia-0793396485-1024x682.webp 1024w, https:\/\/d2p6e6u75xmxt8.cloudfront.net\/6\/2023\/10\/Tour-de-France-Femmes-profimedia-0793396485-768x512.webp 768w, https:\/\/d2p6e6u75xmxt8.cloudfront.net\/6\/2023\/10\/Tour-de-France-Femmes-profimedia-0793396485-400x267.webp 400w, https:\/\/d2p6e6u75xmxt8.cloudfront.net\/6\/2023\/10\/Tour-de-France-Femmes-profimedia-0793396485-272x182.webp 272w\" sizes=\"auto, (max-width: 1250px) 100vw, 1250px\" \/><\/a><figcaption id=\"caption-attachment-10306\" class=\"wp-caption-text\">Cedrine Kerbaol, Lotte Kopecky, Ashleigh Moolman y Yara Kastelijn en la salida de la 6\u00aa etapa del Tour de Francia Femmes avec Zwift<\/figcaption><\/figure>\n<h2><strong><br \/>\nCol d\u2019Aspin<\/strong><\/h2>\n<p style=\"font-weight: 400;\">La 7\u00aa etapa fue sin duda la m\u00e1s exigente y emocionante del Tour de Francia Femenino, con dos subidas \u00e9picas, el Col d&#8217;Aspin (12 km con una pendiente del 6,6%) y el Col du Tourmalet (17,2 km con una pendiente del 7,3%). Los equipos de la CG no se contuvieron y empezaron a presionar ya en el Col d&#8217;Aspin. Annemiek van Vleuten atac\u00f3 5 km antes de la cima del Col d&#8217;Aspin y s\u00f3lo Demi Vollering y Kasia Niewiadoma pudieron seguirle.<\/p>\n<p style=\"font-weight: 400;\"><strong>Niewiadoma (Col d\u2019Aspin):<\/strong> tiempo34:51; Media de vatios 255W (~5.2W\/kg)<\/p>\n<h2><strong>Col du Tourmalet<\/strong><\/h2>\n<p>Kasia Niewiadoma fue capaz de escaparse de Van Vleuten y Vollering en el descenso del Col d&#8217;Aspin y consigui\u00f3 una ventaja de 58 segundos al entrar en el <a href=\"https:\/\/www.procyclingstats.com\/race\/tour-de-france-femmes\/2023\/stage-7\">Col du Tourmalet<\/a>. A pesar de la altitud cada vez mayor y de la dram\u00e1tica niebla, marc\u00f3 un ritmo de ascensi\u00f3n perfecto, en torno a los 255W. Demi Vollering atac\u00f3 a falta de 5,7 km para la meta e hizo la etapa de su vida. R\u00e1pidamente recort\u00f3 distancias con Niewiadoma y gan\u00f3 la etapa con casi 2 minutos de ventaja sobre Kasia. Vollering fue capaz de aumentar su esfuerzo en casi 0,5 W\/kg durante su ataque cuando todas los dem\u00e1s estaban al m\u00e1ximo, una escalada realmente incre\u00edble.<\/p>\n<p><strong>Vollering (Col du Tourmalet):<\/strong> tiempo 53:42; potencia media ~5,1W\/kg; \u00faltimos 5,7 km tiempo 20:06; potencia media ~5,5W\/kg<\/p>\n<h2><strong>Contrarreloj<\/strong><\/h2>\n<p>La \u00faltima etapa del Tour de Francia Femenino fue una contrarreloj individual de 22,6 km que inclu\u00eda una dura subida (1,4 km con una pendiente del 7,4%) en la parte central. Kasia <a href=\"https:\/\/www.welovecycling.com\/es\/2023\/08\/22\/tour-francia-femenino-2023-2\/\">Niewiadoma<\/a> luchaba por un puesto en el podio de la general y realiz\u00f3 una de las mejores contrarrelojes de su carrera. Pas\u00f3 la primera mitad del recorrido con una media de 270W (5,5W\/kg). No mantuvo la misma potencia en la segunda mitad, pero aun as\u00ed consigui\u00f3 terminar 9\u00aa en la etapa, superando en 18 segundos a Annemiek van Vleuten, la campeona del mundo de contrarreloj. Esta actuaci\u00f3n le asegur\u00f3 el tercer puesto en la general.<\/p>\n<p><strong>Niewiadoma (contrarreloj):<\/strong> tiempo 29:33; potencia media 259W (5,3W\/kg); potencia m\u00e1xima en 5 minutos 289W (5,9W\/kg)<\/p>\n","protected":false},"excerpt":{"rendered":"<p>Tour de France Femmes avec Zwift 2023 nos mostr\u00f3 que las mujeres tambi\u00e9n est\u00e1n dando cifras incre\u00edbles de vatios potencia [&hellip;]<\/p>\n","protected":false},"author":29,"featured_media":10310,"comment_status":"open","ping_status":"open","sticky":false,"template":"","format":"standard","meta":{"footnotes":""},"categories":[7,9],"tags":[572,2263],"global-categories":[],"class_list":["post-10303","post","type-post","status-publish","format-standard","has-post-thumbnail","hentry","category-carretera","category-mtb-aventura","tag-tour-femenino","tag-tour-femme"],"yoast_head":"<!-- This site is optimized with the Yoast SEO Premium plugin v25.3 (Yoast SEO v25.9) - https:\/\/yoast.com\/wordpress\/plugins\/seo\/ -->\n<title>Cuantos vatios se movieron en el Tour Femenino 2023 - \u0160koda We Love Cycling - Spain<\/title>\n<meta name=\"description\" content=\"Cuantos vatios se movieron en el Tour Femenino 2023. Desde el d\u00eda de Tourmalet y Aspin a la contrarreloj de Pau.\" \/>\n<meta name=\"robots\" content=\"index, follow, max-snippet:-1, max-image-preview:large, max-video-preview:-1\" \/>\n<link rel=\"canonical\" href=\"https:\/\/www.welovecycling.com\/es\/2023\/10\/03\/vatios-tour-femenino-2023\/\" \/>\n<meta property=\"og:locale\" content=\"es_ES\" \/>\n<meta property=\"og:type\" content=\"article\" \/>\n<meta property=\"og:title\" content=\"Cuantos vatios se movieron en el Tour Femenino 2023\" \/>\n<meta property=\"og:description\" content=\"Cuantos vatios se movieron en el Tour Femenino 2023. Desde el d\u00eda de Tourmalet y Aspin a la contrarreloj de Pau.\" \/>\n<meta property=\"og:url\" content=\"https:\/\/www.welovecycling.com\/es\/2023\/10\/03\/vatios-tour-femenino-2023\/\" \/>\n<meta property=\"og:site_name\" content=\"\u0160koda We Love Cycling - Spain\" \/>\n<meta property=\"article:published_time\" content=\"2023-10-03T10:40:06+00:00\" \/>\n<meta property=\"og:image\" content=\"https:\/\/d2p6e6u75xmxt8.cloudfront.net\/6\/2023\/10\/Tour-de-France-Femmes-profimedia-0792141696-CVR.webp\" \/>\n\t<meta property=\"og:image:width\" content=\"990\" \/>\n\t<meta property=\"og:image:height\" content=\"660\" \/>\n\t<meta property=\"og:image:type\" content=\"image\/webp\" \/>\n<meta name=\"author\" content=\"We Love Cycling Spain\" \/>\n<meta name=\"twitter:card\" content=\"summary_large_image\" \/>\n<meta name=\"twitter:description\" content=\"Cuantos vatios se movieron en el Tour Femenino 2023. Desde el d\u00eda de Tourmalet y Aspin a la contrarreloj de Pau.\" \/>\n<meta name=\"twitter:label1\" content=\"Written by\" \/>\n\t<meta name=\"twitter:data1\" content=\"Jiri Kaloc\" \/>\n\t<meta name=\"twitter:label2\" content=\"Est. reading time\" \/>\n\t<meta name=\"twitter:data2\" content=\"3\" \/>\n<script type=\"application\/ld+json\" class=\"yoast-schema-graph\">{\"@context\":\"https:\/\/schema.org\",\"@graph\":[{\"@type\":\"WebPage\",\"@id\":\"https:\/\/www.welovecycling.com\/es\/2023\/10\/03\/vatios-tour-femenino-2023\/\",\"url\":\"https:\/\/www.welovecycling.com\/es\/2023\/10\/03\/vatios-tour-femenino-2023\/\",\"name\":\"Cuantos vatios se movieron en el Tour Femenino 2023 - \u0160koda We Love Cycling - Spain\",\"isPartOf\":{\"@id\":\"https:\/\/www.welovecycling.com\/es\/#website\"},\"primaryImageOfPage\":{\"@id\":\"https:\/\/www.welovecycling.com\/es\/2023\/10\/03\/vatios-tour-femenino-2023\/#primaryimage\"},\"image\":{\"@id\":\"https:\/\/www.welovecycling.com\/es\/2023\/10\/03\/vatios-tour-femenino-2023\/#primaryimage\"},\"thumbnailUrl\":\"https:\/\/d2p6e6u75xmxt8.cloudfront.net\/6\/2023\/10\/Tour-de-France-Femmes-profimedia-0792141696-CVR.webp\",\"datePublished\":\"2023-10-03T10:40:06+00:00\",\"author\":{\"@id\":\"https:\/\/www.welovecycling.com\/es\/#\/schema\/person\/deb61715b5812698ee79fb96f343ccd4\"},\"description\":\"Cuantos vatios se movieron en el Tour Femenino 2023. Desde el d\u00eda de Tourmalet y Aspin a la contrarreloj de Pau.\",\"breadcrumb\":{\"@id\":\"https:\/\/www.welovecycling.com\/es\/2023\/10\/03\/vatios-tour-femenino-2023\/#breadcrumb\"},\"inLanguage\":\"es-ES\",\"potentialAction\":[{\"@type\":\"ReadAction\",\"target\":[\"https:\/\/www.welovecycling.com\/es\/2023\/10\/03\/vatios-tour-femenino-2023\/\"]}]},{\"@type\":\"ImageObject\",\"inLanguage\":\"es-ES\",\"@id\":\"https:\/\/www.welovecycling.com\/es\/2023\/10\/03\/vatios-tour-femenino-2023\/#primaryimage\",\"url\":\"https:\/\/d2p6e6u75xmxt8.cloudfront.net\/6\/2023\/10\/Tour-de-France-Femmes-profimedia-0792141696-CVR.webp\",\"contentUrl\":\"https:\/\/d2p6e6u75xmxt8.cloudfront.net\/6\/2023\/10\/Tour-de-France-Femmes-profimedia-0792141696-CVR.webp\",\"width\":990,\"height\":660,\"caption\":\"Tour de France Femmes\"},{\"@type\":\"BreadcrumbList\",\"@id\":\"https:\/\/www.welovecycling.com\/es\/2023\/10\/03\/vatios-tour-femenino-2023\/#breadcrumb\",\"itemListElement\":[{\"@type\":\"ListItem\",\"position\":1,\"name\":\"Home\",\"item\":\"https:\/\/www.welovecycling.com\/es\/\"},{\"@type\":\"ListItem\",\"position\":2,\"name\":\"Cuantos vatios se movieron en el Tour Femenino 2023\"}]},{\"@type\":\"WebSite\",\"@id\":\"https:\/\/www.welovecycling.com\/es\/#website\",\"url\":\"https:\/\/www.welovecycling.com\/es\/\",\"name\":\"\u0160koda We Love Cycling - Spain\",\"description\":\"\u0160koda WeLoveCycling Spain\",\"potentialAction\":[{\"@type\":\"SearchAction\",\"target\":{\"@type\":\"EntryPoint\",\"urlTemplate\":\"https:\/\/www.welovecycling.com\/es\/?s={search_term_string}\"},\"query-input\":{\"@type\":\"PropertyValueSpecification\",\"valueRequired\":true,\"valueName\":\"search_term_string\"}}],\"inLanguage\":\"es-ES\"},{\"@type\":\"Person\",\"@id\":\"https:\/\/www.welovecycling.com\/es\/#\/schema\/person\/deb61715b5812698ee79fb96f343ccd4\",\"name\":\"We Love Cycling Spain\",\"image\":{\"@type\":\"ImageObject\",\"inLanguage\":\"es-ES\",\"@id\":\"https:\/\/www.welovecycling.com\/es\/#\/schema\/person\/image\/\",\"url\":\"https:\/\/secure.gravatar.com\/avatar\/c824b04e6df0e37a03219d0b6481672889df542894588964102459e46513159c?s=96&d=mm&r=g\",\"contentUrl\":\"https:\/\/secure.gravatar.com\/avatar\/c824b04e6df0e37a03219d0b6481672889df542894588964102459e46513159c?s=96&d=mm&r=g\",\"caption\":\"We Love Cycling Spain\"},\"url\":\"https:\/\/www.welovecycling.com\/es\/author\/amunoz\/\"}]}<\/script>\n<!-- \/ Yoast SEO Premium plugin. -->","yoast_head_json":{"title":"Cuantos vatios se movieron en el Tour Femenino 2023 - \u0160koda We Love Cycling - Spain","description":"Cuantos vatios se movieron en el Tour Femenino 2023. Desde el d\u00eda de Tourmalet y Aspin a la contrarreloj de Pau.","robots":{"index":"index","follow":"follow","max-snippet":"max-snippet:-1","max-image-preview":"max-image-preview:large","max-video-preview":"max-video-preview:-1"},"canonical":"https:\/\/www.welovecycling.com\/es\/2023\/10\/03\/vatios-tour-femenino-2023\/","og_locale":"es_ES","og_type":"article","og_title":"Cuantos vatios se movieron en el Tour Femenino 2023","og_description":"Cuantos vatios se movieron en el Tour Femenino 2023. Desde el d\u00eda de Tourmalet y Aspin a la contrarreloj de Pau.","og_url":"https:\/\/www.welovecycling.com\/es\/2023\/10\/03\/vatios-tour-femenino-2023\/","og_site_name":"\u0160koda We Love Cycling - Spain","article_published_time":"2023-10-03T10:40:06+00:00","og_image":[{"width":990,"height":660,"url":"https:\/\/d2p6e6u75xmxt8.cloudfront.net\/6\/2023\/10\/Tour-de-France-Femmes-profimedia-0792141696-CVR.webp","type":"image\/webp"}],"author":"We Love Cycling Spain","twitter_card":"summary_large_image","twitter_description":"Cuantos vatios se movieron en el Tour Femenino 2023. Desde el d\u00eda de Tourmalet y Aspin a la contrarreloj de Pau.","twitter_misc":{"Written by":"Jiri Kaloc","Est. reading time":"3"},"schema":{"@context":"https:\/\/schema.org","@graph":[{"@type":"WebPage","@id":"https:\/\/www.welovecycling.com\/es\/2023\/10\/03\/vatios-tour-femenino-2023\/","url":"https:\/\/www.welovecycling.com\/es\/2023\/10\/03\/vatios-tour-femenino-2023\/","name":"Cuantos vatios se movieron en el Tour Femenino 2023 - \u0160koda We Love Cycling - Spain","isPartOf":{"@id":"https:\/\/www.welovecycling.com\/es\/#website"},"primaryImageOfPage":{"@id":"https:\/\/www.welovecycling.com\/es\/2023\/10\/03\/vatios-tour-femenino-2023\/#primaryimage"},"image":{"@id":"https:\/\/www.welovecycling.com\/es\/2023\/10\/03\/vatios-tour-femenino-2023\/#primaryimage"},"thumbnailUrl":"https:\/\/d2p6e6u75xmxt8.cloudfront.net\/6\/2023\/10\/Tour-de-France-Femmes-profimedia-0792141696-CVR.webp","datePublished":"2023-10-03T10:40:06+00:00","author":{"@id":"https:\/\/www.welovecycling.com\/es\/#\/schema\/person\/deb61715b5812698ee79fb96f343ccd4"},"description":"Cuantos vatios se movieron en el Tour Femenino 2023. Desde el d\u00eda de Tourmalet y Aspin a la contrarreloj de Pau.","breadcrumb":{"@id":"https:\/\/www.welovecycling.com\/es\/2023\/10\/03\/vatios-tour-femenino-2023\/#breadcrumb"},"inLanguage":"es-ES","potentialAction":[{"@type":"ReadAction","target":["https:\/\/www.welovecycling.com\/es\/2023\/10\/03\/vatios-tour-femenino-2023\/"]}]},{"@type":"ImageObject","inLanguage":"es-ES","@id":"https:\/\/www.welovecycling.com\/es\/2023\/10\/03\/vatios-tour-femenino-2023\/#primaryimage","url":"https:\/\/d2p6e6u75xmxt8.cloudfront.net\/6\/2023\/10\/Tour-de-France-Femmes-profimedia-0792141696-CVR.webp","contentUrl":"https:\/\/d2p6e6u75xmxt8.cloudfront.net\/6\/2023\/10\/Tour-de-France-Femmes-profimedia-0792141696-CVR.webp","width":990,"height":660,"caption":"Tour de France Femmes"},{"@type":"BreadcrumbList","@id":"https:\/\/www.welovecycling.com\/es\/2023\/10\/03\/vatios-tour-femenino-2023\/#breadcrumb","itemListElement":[{"@type":"ListItem","position":1,"name":"Home","item":"https:\/\/www.welovecycling.com\/es\/"},{"@type":"ListItem","position":2,"name":"Cuantos vatios se movieron en el Tour Femenino 2023"}]},{"@type":"WebSite","@id":"https:\/\/www.welovecycling.com\/es\/#website","url":"https:\/\/www.welovecycling.com\/es\/","name":"\u0160koda We Love Cycling - Spain","description":"\u0160koda WeLoveCycling Spain","potentialAction":[{"@type":"SearchAction","target":{"@type":"EntryPoint","urlTemplate":"https:\/\/www.welovecycling.com\/es\/?s={search_term_string}"},"query-input":{"@type":"PropertyValueSpecification","valueRequired":true,"valueName":"search_term_string"}}],"inLanguage":"es-ES"},{"@type":"Person","@id":"https:\/\/www.welovecycling.com\/es\/#\/schema\/person\/deb61715b5812698ee79fb96f343ccd4","name":"We Love Cycling Spain","image":{"@type":"ImageObject","inLanguage":"es-ES","@id":"https:\/\/www.welovecycling.com\/es\/#\/schema\/person\/image\/","url":"https:\/\/secure.gravatar.com\/avatar\/c824b04e6df0e37a03219d0b6481672889df542894588964102459e46513159c?s=96&d=mm&r=g","contentUrl":"https:\/\/secure.gravatar.com\/avatar\/c824b04e6df0e37a03219d0b6481672889df542894588964102459e46513159c?s=96&d=mm&r=g","caption":"We Love Cycling Spain"},"url":"https:\/\/www.welovecycling.com\/es\/author\/amunoz\/"}]}},"_links":{"self":[{"href":"https:\/\/www.welovecycling.com\/es\/wp-json\/wp\/v2\/posts\/10303","targetHints":{"allow":["GET"]}}],"collection":[{"href":"https:\/\/www.welovecycling.com\/es\/wp-json\/wp\/v2\/posts"}],"about":[{"href":"https:\/\/www.welovecycling.com\/es\/wp-json\/wp\/v2\/types\/post"}],"author":[{"embeddable":true,"href":"https:\/\/www.welovecycling.com\/es\/wp-json\/wp\/v2\/users\/29"}],"replies":[{"embeddable":true,"href":"https:\/\/www.welovecycling.com\/es\/wp-json\/wp\/v2\/comments?post=10303"}],"version-history":[{"count":2,"href":"https:\/\/www.welovecycling.com\/es\/wp-json\/wp\/v2\/posts\/10303\/revisions"}],"predecessor-version":[{"id":10312,"href":"https:\/\/www.welovecycling.com\/es\/wp-json\/wp\/v2\/posts\/10303\/revisions\/10312"}],"wp:featuredmedia":[{"embeddable":true,"href":"https:\/\/www.welovecycling.com\/es\/wp-json\/wp\/v2\/media\/10310"}],"wp:attachment":[{"href":"https:\/\/www.welovecycling.com\/es\/wp-json\/wp\/v2\/media?parent=10303"}],"wp:term":[{"taxonomy":"category","embeddable":true,"href":"https:\/\/www.welovecycling.com\/es\/wp-json\/wp\/v2\/categories?post=10303"},{"taxonomy":"post_tag","embeddable":true,"href":"https:\/\/www.welovecycling.com\/es\/wp-json\/wp\/v2\/tags?post=10303"},{"taxonomy":"global-categories","embeddable":true,"href":"https:\/\/www.welovecycling.com\/es\/wp-json\/wp\/v2\/global-categories?post=10303"}],"curies":[{"name":"wp","href":"https:\/\/api.w.org\/{rel}","templated":true}]}}