{"id":10292,"date":"2023-09-23T19:31:45","date_gmt":"2023-09-23T17:31:45","guid":{"rendered":"https:\/\/www.welovecycling.com\/es\/?p=10292"},"modified":"2023-09-23T19:31:45","modified_gmt":"2023-09-23T17:31:45","slug":"vatios-escapada","status":"publish","type":"post","link":"https:\/\/www.welovecycling.com\/es\/2023\/09\/23\/vatios-escapada\/","title":{"rendered":"\u00bfCu\u00e1ntos vatios se necesitan para ir en una escapada?"},"content":{"rendered":"<p style=\"font-weight: 400;\"><strong>La 18\u00aa etapa del Tour de Francia de este a\u00f1o demostr\u00f3 que las impresionantes cifras de potencia no son exclusivas de los escaladores y contrarrelojistas, sino que tambi\u00e9n pueden verse mover vatios en una escapada. Echemos un vistazo m\u00e1s de cerca a la haza\u00f1a que Kasper Asgreen logr\u00f3 con la ayuda de s\u00f3lo otros 3 corredores en una escapada que dur\u00f3 casi 185 km.<\/strong><\/p>\n<p><!--more--><\/p>\n<p style=\"font-weight: 400;\">Cuando <a href=\"https:\/\/www.procyclingstats.com\/rider\/kasper-asgreen\">Kasper Asgreen,<\/a> Victor Campenaerts y Jonas Abrahamsen se escaparon del pelot\u00f3n al comienzo de la etapa, no es de extra\u00f1ar que no fueran perseguidos. Nadie cre\u00eda que aguantar\u00edan mucho tiempo. Lo que sigui\u00f3 fue una escapada ejecutada a la perfecci\u00f3n a lo largo de los 184,9 km de la etapa, una verdadera clase magistral.<\/p>\n<h2><strong>Primeros 120 km de la escapada<\/strong><\/h2>\n<p>Los tres corredores s\u00f3lo tuvieron que emplear unos 2 minutos de dur\u00edsimo esfuerzo para distanciarse. El hecho de que se mantuvieran relativamente cerca del pelot\u00f3n, con s\u00f3lo 1 minuto de ventaja, signific\u00f3 que no fueron perseguidos muy duramente durante mucho tiempo. Esto les permiti\u00f3 conservar energ\u00eda y aumentar gradualmente su esfuerzo durante toda la etapa 18.<\/p>\n<p><strong>Abrahamsen (primeros 2 minutos):<\/strong> velocidad media 49,4 km\/h; potencia media 488W (6,3W\/kg)<\/p>\n<p><strong>Abrahamsen (primeros 120 km):<\/strong> velocidad media 42,1 km\/h; potencia media 303W (3,9W\/kg)<\/p>\n<h2><strong>Eenkhoorn se une a la escapada<\/strong><\/h2>\n<p>Muchos corredores intentaron acortar distancias entre el pelot\u00f3n y la escapada, pero ninguno lo consigui\u00f3 porque el Alpecin-Deceuninck impuso un fuerte ritmo para mantener la escapada tan cerca. A falta de unos 80 km, Pascal Eenkhoorn tambi\u00e9n lo intentaba. Estaba luchando a unos 10 segundos de la escapada, pero su compa\u00f1ero del Lotto Dstny Victor Campenaerts aminor\u00f3 la marcha para esperarle y ayudarle. A falta de unos 60 km, ambos consiguieron volver a la escapada.<\/p>\n<p><strong>Eenkhoorn (entrando en la escapada):<\/strong> potencia m\u00e1xima en 1 minuto 613W (8,8W\/kg); potencia en 20 minutos 366W (5,2W\/kg)<\/p>\n<figure id=\"attachment_10294\" aria-describedby=\"caption-attachment-10294\" style=\"width: 1250px\" class=\"wp-caption alignnone\"><a href=\"https:\/\/d2p6e6u75xmxt8.cloudfront.net\/6\/2023\/09\/Kasper-Asgreen-Breakaway-Tour-de-France-profimedia-0790598526.webp\"><img loading=\"lazy\" decoding=\"async\" class=\"size-full wp-image-10294\" src=\"https:\/\/d2p6e6u75xmxt8.cloudfront.net\/6\/2023\/09\/Kasper-Asgreen-Breakaway-Tour-de-France-profimedia-0790598526.webp\" alt=\"Asgreen at the Tour\" width=\"1250\" height=\"833\" srcset=\"https:\/\/d2p6e6u75xmxt8.cloudfront.net\/6\/2023\/09\/Kasper-Asgreen-Breakaway-Tour-de-France-profimedia-0790598526.webp 1250w, https:\/\/d2p6e6u75xmxt8.cloudfront.net\/6\/2023\/09\/Kasper-Asgreen-Breakaway-Tour-de-France-profimedia-0790598526-300x200.webp 300w, https:\/\/d2p6e6u75xmxt8.cloudfront.net\/6\/2023\/09\/Kasper-Asgreen-Breakaway-Tour-de-France-profimedia-0790598526-1024x682.webp 1024w, https:\/\/d2p6e6u75xmxt8.cloudfront.net\/6\/2023\/09\/Kasper-Asgreen-Breakaway-Tour-de-France-profimedia-0790598526-768x512.webp 768w, https:\/\/d2p6e6u75xmxt8.cloudfront.net\/6\/2023\/09\/Kasper-Asgreen-Breakaway-Tour-de-France-profimedia-0790598526-400x267.webp 400w, https:\/\/d2p6e6u75xmxt8.cloudfront.net\/6\/2023\/09\/Kasper-Asgreen-Breakaway-Tour-de-France-profimedia-0790598526-272x182.webp 272w\" sizes=\"auto, (max-width: 1250px) 100vw, 1250px\" \/><\/a><figcaption id=\"caption-attachment-10294\" class=\"wp-caption-text\">Kasper Asgreen\u00a0 y la escapada de la etapa 18 del Tour 2023.<\/figcaption><\/figure>\n<h2><strong><br \/>\n50 km a meta<\/strong><\/h2>\n<p>A falta de unos 50 km para la meta, los equipos de los velocistas empezaron a trabajar m\u00e1s duro para intentar atrapar a la escapada. La potencia de Abrahamsen subi\u00f3 significativamente mientras la escapada resist\u00eda ferozmente. En la \u00faltima hora de la etapa, alcanz\u00f3 una media de 49,8 km\/h y 388W de potencia (5W\/kg). Este es un gran salto desde los 3,9W\/kg que promedi\u00f3 en los primeros 120 km.<\/p>\n<p>Al entrar en los \u00faltimos 20 km de la carrera, los equipos de los velocistas entraron para echar abajo la escapada, pero la diferencia segu\u00eda siendo de unos 50 segundos y les costaba mucho reducirla. Los cuatro corredores de la escapada se acercaban a sus l\u00edmites para aguantar a sus perseguidores, lo que era evidente tanto por sus muecas como por sus<a href=\"https:\/\/www.welovecycling.com\/es\/2023\/09\/03\/vingegaard-y-pogacar-batieron-record-vatios-tour\/\"> cifras de potencia<\/a>.<\/p>\n<p><strong>Abrahamsen (Repecho a falta de 5 km):<\/strong> velocidad media 53,1 kmh; potencia media 404W (5,2W\/kg)<\/p>\n<h2><strong>El sprint final<\/strong><\/h2>\n<p>A falta de 5,5 km para la meta, la escapada se encontraba en una situaci\u00f3n desesperada, ya que su ventaja se hab\u00eda reducido a s\u00f3lo 18 segundos. Unos 3 km antes de la l\u00ednea de meta, la ventaja baj\u00f3 a 8 segundos y parec\u00eda casi seguro que ser\u00edan alcanzados. Gracias al incre\u00edble empuje de Victor Campanaerts, que prepar\u00f3 a su compa\u00f1ero Eenkhoorn para el sprint, la escapada resisti\u00f3. Al final, fue Kasper Asgreen quien gan\u00f3 el sprint por la victoria de etapa, con los velocistas del pelot\u00f3n llegando no m\u00e1s de 1 segundo despu\u00e9s que \u00e9l.<\/p>\n<p><strong>Abrahamsen (5 km finales):<\/strong> velocidad media 58,6 km\/h; potencia media: 460W (5,9W\/kg)<\/p>\n<p><strong>Abrahamsen (sprint final):<\/strong> potencia media 1204W (15,4W\/kg)<\/p>\n<h2><strong>185 km de la escapada<\/strong><\/h2>\n<p style=\"font-weight: 400;\">Tres corredores se metieron en una escapada en el km 0 y la mantuvieron hasta la l\u00ednea de meta de la 18\u00aa etapa sin tener nunca m\u00e1s de un minuto de ventaja sobre el pelot\u00f3n. Su capacidad para aumentar gradualmente sus esfuerzos a lo largo de los 185 km de ciclismo es probablemente lo que les permiti\u00f3 tener \u00e9xito. Aqu\u00ed el esfuerzo de 4 horas que hizo Jonas Abrahamsen, as\u00ed como su potencia media durante toda la etapa.<\/p>\n<ul>\n<li>Hora 1: 295W a 43,7 km\/h<br \/>\nHora 2: 297W a 40,0 km\/h<br \/>\nHora 3: 325W a 43,8 km\/h<br \/>\nHora 4: 386W a 50,2 km\/h<\/p>\n<p><strong>Abrahamsen (etapa 18):<\/strong> velocidad media 44,6 km\/h; potencia media 326W (4,2W\/kg)<\/li>\n<\/ul>\n","protected":false},"excerpt":{"rendered":"<p>La 18\u00aa etapa del Tour de Francia de este a\u00f1o demostr\u00f3 que las impresionantes cifras de potencia no son exclusivas [&hellip;]<\/p>\n","protected":false},"author":29,"featured_media":10298,"comment_status":"open","ping_status":"open","sticky":false,"template":"","format":"standard","meta":{"footnotes":""},"categories":[7],"tags":[2186],"global-categories":[],"class_list":["post-10292","post","type-post","status-publish","format-standard","has-post-thumbnail","hentry","category-carretera","tag-tour-2023"],"yoast_head":"<!-- This site is optimized with the Yoast SEO Premium plugin v25.3 (Yoast SEO v25.9) - https:\/\/yoast.com\/wordpress\/plugins\/seo\/ -->\n<title>\u00bfCu\u00e1ntos vatios se necesitan para ir en una escapada? - \u0160koda We Love Cycling - Spain<\/title>\n<meta name=\"description\" content=\"\u00bfCu\u00e1ntos vatios se necesitan para ir en una escapada? Los n\u00fameros espectaculares de la etapa 18 del Tour 2023 que gan\u00f3 Asgreen.\" \/>\n<meta name=\"robots\" content=\"index, follow, max-snippet:-1, max-image-preview:large, max-video-preview:-1\" \/>\n<link rel=\"canonical\" href=\"https:\/\/www.welovecycling.com\/es\/2023\/09\/23\/vatios-escapada\/\" \/>\n<meta property=\"og:locale\" content=\"es_ES\" \/>\n<meta property=\"og:type\" content=\"article\" \/>\n<meta property=\"og:title\" content=\"\u00bfCu\u00e1ntos vatios se necesitan para ir en una escapada?\" \/>\n<meta property=\"og:description\" content=\"\u00bfCu\u00e1ntos vatios se necesitan para ir en una escapada? Los n\u00fameros espectaculares de la etapa 18 del Tour 2023 que gan\u00f3 Asgreen.\" \/>\n<meta property=\"og:url\" content=\"https:\/\/www.welovecycling.com\/es\/2023\/09\/23\/vatios-escapada\/\" \/>\n<meta property=\"og:site_name\" content=\"\u0160koda We Love Cycling - Spain\" \/>\n<meta property=\"article:published_time\" content=\"2023-09-23T17:31:45+00:00\" \/>\n<meta property=\"og:image\" content=\"https:\/\/d2p6e6u75xmxt8.cloudfront.net\/6\/2023\/09\/Kasper-Asgreen-Eekhorn-Tour-de-France-profimedia-0790607548-CVR.webp\" \/>\n\t<meta property=\"og:image:width\" content=\"990\" \/>\n\t<meta property=\"og:image:height\" content=\"660\" \/>\n\t<meta property=\"og:image:type\" content=\"image\/webp\" \/>\n<meta name=\"author\" content=\"We Love Cycling Spain\" \/>\n<meta name=\"twitter:card\" content=\"summary_large_image\" \/>\n<meta name=\"twitter:description\" content=\"\u00bfCu\u00e1ntos vatios se necesitan para ir en una escapada? Los n\u00fameros espectaculares de la etapa 18 del Tour 2023 que gan\u00f3 Asgreen.\" \/>\n<meta name=\"twitter:label1\" content=\"Written by\" \/>\n\t<meta name=\"twitter:data1\" content=\"Jiri Kaloc\" \/>\n\t<meta name=\"twitter:label2\" content=\"Est. reading time\" \/>\n\t<meta name=\"twitter:data2\" content=\"4\" \/>\n<script type=\"application\/ld+json\" class=\"yoast-schema-graph\">{\"@context\":\"https:\/\/schema.org\",\"@graph\":[{\"@type\":\"WebPage\",\"@id\":\"https:\/\/www.welovecycling.com\/es\/2023\/09\/23\/vatios-escapada\/\",\"url\":\"https:\/\/www.welovecycling.com\/es\/2023\/09\/23\/vatios-escapada\/\",\"name\":\"\u00bfCu\u00e1ntos vatios se necesitan para ir en una escapada? - \u0160koda We Love Cycling - Spain\",\"isPartOf\":{\"@id\":\"https:\/\/www.welovecycling.com\/es\/#website\"},\"primaryImageOfPage\":{\"@id\":\"https:\/\/www.welovecycling.com\/es\/2023\/09\/23\/vatios-escapada\/#primaryimage\"},\"image\":{\"@id\":\"https:\/\/www.welovecycling.com\/es\/2023\/09\/23\/vatios-escapada\/#primaryimage\"},\"thumbnailUrl\":\"https:\/\/d2p6e6u75xmxt8.cloudfront.net\/6\/2023\/09\/Kasper-Asgreen-Eekhorn-Tour-de-France-profimedia-0790607548-CVR.webp\",\"datePublished\":\"2023-09-23T17:31:45+00:00\",\"author\":{\"@id\":\"https:\/\/www.welovecycling.com\/es\/#\/schema\/person\/deb61715b5812698ee79fb96f343ccd4\"},\"description\":\"\u00bfCu\u00e1ntos vatios se necesitan para ir en una escapada? Los n\u00fameros espectaculares de la etapa 18 del Tour 2023 que gan\u00f3 Asgreen.\",\"breadcrumb\":{\"@id\":\"https:\/\/www.welovecycling.com\/es\/2023\/09\/23\/vatios-escapada\/#breadcrumb\"},\"inLanguage\":\"es-ES\",\"potentialAction\":[{\"@type\":\"ReadAction\",\"target\":[\"https:\/\/www.welovecycling.com\/es\/2023\/09\/23\/vatios-escapada\/\"]}]},{\"@type\":\"ImageObject\",\"inLanguage\":\"es-ES\",\"@id\":\"https:\/\/www.welovecycling.com\/es\/2023\/09\/23\/vatios-escapada\/#primaryimage\",\"url\":\"https:\/\/d2p6e6u75xmxt8.cloudfront.net\/6\/2023\/09\/Kasper-Asgreen-Eekhorn-Tour-de-France-profimedia-0790607548-CVR.webp\",\"contentUrl\":\"https:\/\/d2p6e6u75xmxt8.cloudfront.net\/6\/2023\/09\/Kasper-Asgreen-Eekhorn-Tour-de-France-profimedia-0790607548-CVR.webp\",\"width\":990,\"height\":660,\"caption\":\"Kasper Asgreen\"},{\"@type\":\"BreadcrumbList\",\"@id\":\"https:\/\/www.welovecycling.com\/es\/2023\/09\/23\/vatios-escapada\/#breadcrumb\",\"itemListElement\":[{\"@type\":\"ListItem\",\"position\":1,\"name\":\"Home\",\"item\":\"https:\/\/www.welovecycling.com\/es\/\"},{\"@type\":\"ListItem\",\"position\":2,\"name\":\"\u00bfCu\u00e1ntos vatios se necesitan para ir en una escapada?\"}]},{\"@type\":\"WebSite\",\"@id\":\"https:\/\/www.welovecycling.com\/es\/#website\",\"url\":\"https:\/\/www.welovecycling.com\/es\/\",\"name\":\"\u0160koda We Love Cycling - Spain\",\"description\":\"\u0160koda WeLoveCycling Spain\",\"potentialAction\":[{\"@type\":\"SearchAction\",\"target\":{\"@type\":\"EntryPoint\",\"urlTemplate\":\"https:\/\/www.welovecycling.com\/es\/?s={search_term_string}\"},\"query-input\":{\"@type\":\"PropertyValueSpecification\",\"valueRequired\":true,\"valueName\":\"search_term_string\"}}],\"inLanguage\":\"es-ES\"},{\"@type\":\"Person\",\"@id\":\"https:\/\/www.welovecycling.com\/es\/#\/schema\/person\/deb61715b5812698ee79fb96f343ccd4\",\"name\":\"We Love Cycling Spain\",\"image\":{\"@type\":\"ImageObject\",\"inLanguage\":\"es-ES\",\"@id\":\"https:\/\/www.welovecycling.com\/es\/#\/schema\/person\/image\/\",\"url\":\"https:\/\/secure.gravatar.com\/avatar\/c824b04e6df0e37a03219d0b6481672889df542894588964102459e46513159c?s=96&d=mm&r=g\",\"contentUrl\":\"https:\/\/secure.gravatar.com\/avatar\/c824b04e6df0e37a03219d0b6481672889df542894588964102459e46513159c?s=96&d=mm&r=g\",\"caption\":\"We Love Cycling Spain\"},\"url\":\"https:\/\/www.welovecycling.com\/es\/author\/amunoz\/\"}]}<\/script>\n<!-- \/ Yoast SEO Premium plugin. -->","yoast_head_json":{"title":"\u00bfCu\u00e1ntos vatios se necesitan para ir en una escapada? - \u0160koda We Love Cycling - Spain","description":"\u00bfCu\u00e1ntos vatios se necesitan para ir en una escapada? Los n\u00fameros espectaculares de la etapa 18 del Tour 2023 que gan\u00f3 Asgreen.","robots":{"index":"index","follow":"follow","max-snippet":"max-snippet:-1","max-image-preview":"max-image-preview:large","max-video-preview":"max-video-preview:-1"},"canonical":"https:\/\/www.welovecycling.com\/es\/2023\/09\/23\/vatios-escapada\/","og_locale":"es_ES","og_type":"article","og_title":"\u00bfCu\u00e1ntos vatios se necesitan para ir en una escapada?","og_description":"\u00bfCu\u00e1ntos vatios se necesitan para ir en una escapada? Los n\u00fameros espectaculares de la etapa 18 del Tour 2023 que gan\u00f3 Asgreen.","og_url":"https:\/\/www.welovecycling.com\/es\/2023\/09\/23\/vatios-escapada\/","og_site_name":"\u0160koda We Love Cycling - Spain","article_published_time":"2023-09-23T17:31:45+00:00","og_image":[{"width":990,"height":660,"url":"https:\/\/d2p6e6u75xmxt8.cloudfront.net\/6\/2023\/09\/Kasper-Asgreen-Eekhorn-Tour-de-France-profimedia-0790607548-CVR.webp","type":"image\/webp"}],"author":"We Love Cycling Spain","twitter_card":"summary_large_image","twitter_description":"\u00bfCu\u00e1ntos vatios se necesitan para ir en una escapada? Los n\u00fameros espectaculares de la etapa 18 del Tour 2023 que gan\u00f3 Asgreen.","twitter_misc":{"Written by":"Jiri Kaloc","Est. reading time":"4"},"schema":{"@context":"https:\/\/schema.org","@graph":[{"@type":"WebPage","@id":"https:\/\/www.welovecycling.com\/es\/2023\/09\/23\/vatios-escapada\/","url":"https:\/\/www.welovecycling.com\/es\/2023\/09\/23\/vatios-escapada\/","name":"\u00bfCu\u00e1ntos vatios se necesitan para ir en una escapada? - \u0160koda We Love Cycling - Spain","isPartOf":{"@id":"https:\/\/www.welovecycling.com\/es\/#website"},"primaryImageOfPage":{"@id":"https:\/\/www.welovecycling.com\/es\/2023\/09\/23\/vatios-escapada\/#primaryimage"},"image":{"@id":"https:\/\/www.welovecycling.com\/es\/2023\/09\/23\/vatios-escapada\/#primaryimage"},"thumbnailUrl":"https:\/\/d2p6e6u75xmxt8.cloudfront.net\/6\/2023\/09\/Kasper-Asgreen-Eekhorn-Tour-de-France-profimedia-0790607548-CVR.webp","datePublished":"2023-09-23T17:31:45+00:00","author":{"@id":"https:\/\/www.welovecycling.com\/es\/#\/schema\/person\/deb61715b5812698ee79fb96f343ccd4"},"description":"\u00bfCu\u00e1ntos vatios se necesitan para ir en una escapada? Los n\u00fameros espectaculares de la etapa 18 del Tour 2023 que gan\u00f3 Asgreen.","breadcrumb":{"@id":"https:\/\/www.welovecycling.com\/es\/2023\/09\/23\/vatios-escapada\/#breadcrumb"},"inLanguage":"es-ES","potentialAction":[{"@type":"ReadAction","target":["https:\/\/www.welovecycling.com\/es\/2023\/09\/23\/vatios-escapada\/"]}]},{"@type":"ImageObject","inLanguage":"es-ES","@id":"https:\/\/www.welovecycling.com\/es\/2023\/09\/23\/vatios-escapada\/#primaryimage","url":"https:\/\/d2p6e6u75xmxt8.cloudfront.net\/6\/2023\/09\/Kasper-Asgreen-Eekhorn-Tour-de-France-profimedia-0790607548-CVR.webp","contentUrl":"https:\/\/d2p6e6u75xmxt8.cloudfront.net\/6\/2023\/09\/Kasper-Asgreen-Eekhorn-Tour-de-France-profimedia-0790607548-CVR.webp","width":990,"height":660,"caption":"Kasper Asgreen"},{"@type":"BreadcrumbList","@id":"https:\/\/www.welovecycling.com\/es\/2023\/09\/23\/vatios-escapada\/#breadcrumb","itemListElement":[{"@type":"ListItem","position":1,"name":"Home","item":"https:\/\/www.welovecycling.com\/es\/"},{"@type":"ListItem","position":2,"name":"\u00bfCu\u00e1ntos vatios se necesitan para ir en una escapada?"}]},{"@type":"WebSite","@id":"https:\/\/www.welovecycling.com\/es\/#website","url":"https:\/\/www.welovecycling.com\/es\/","name":"\u0160koda We Love Cycling - Spain","description":"\u0160koda WeLoveCycling Spain","potentialAction":[{"@type":"SearchAction","target":{"@type":"EntryPoint","urlTemplate":"https:\/\/www.welovecycling.com\/es\/?s={search_term_string}"},"query-input":{"@type":"PropertyValueSpecification","valueRequired":true,"valueName":"search_term_string"}}],"inLanguage":"es-ES"},{"@type":"Person","@id":"https:\/\/www.welovecycling.com\/es\/#\/schema\/person\/deb61715b5812698ee79fb96f343ccd4","name":"We Love Cycling Spain","image":{"@type":"ImageObject","inLanguage":"es-ES","@id":"https:\/\/www.welovecycling.com\/es\/#\/schema\/person\/image\/","url":"https:\/\/secure.gravatar.com\/avatar\/c824b04e6df0e37a03219d0b6481672889df542894588964102459e46513159c?s=96&d=mm&r=g","contentUrl":"https:\/\/secure.gravatar.com\/avatar\/c824b04e6df0e37a03219d0b6481672889df542894588964102459e46513159c?s=96&d=mm&r=g","caption":"We Love Cycling Spain"},"url":"https:\/\/www.welovecycling.com\/es\/author\/amunoz\/"}]}},"_links":{"self":[{"href":"https:\/\/www.welovecycling.com\/es\/wp-json\/wp\/v2\/posts\/10292","targetHints":{"allow":["GET"]}}],"collection":[{"href":"https:\/\/www.welovecycling.com\/es\/wp-json\/wp\/v2\/posts"}],"about":[{"href":"https:\/\/www.welovecycling.com\/es\/wp-json\/wp\/v2\/types\/post"}],"author":[{"embeddable":true,"href":"https:\/\/www.welovecycling.com\/es\/wp-json\/wp\/v2\/users\/29"}],"replies":[{"embeddable":true,"href":"https:\/\/www.welovecycling.com\/es\/wp-json\/wp\/v2\/comments?post=10292"}],"version-history":[{"count":2,"href":"https:\/\/www.welovecycling.com\/es\/wp-json\/wp\/v2\/posts\/10292\/revisions"}],"predecessor-version":[{"id":10299,"href":"https:\/\/www.welovecycling.com\/es\/wp-json\/wp\/v2\/posts\/10292\/revisions\/10299"}],"wp:featuredmedia":[{"embeddable":true,"href":"https:\/\/www.welovecycling.com\/es\/wp-json\/wp\/v2\/media\/10298"}],"wp:attachment":[{"href":"https:\/\/www.welovecycling.com\/es\/wp-json\/wp\/v2\/media?parent=10292"}],"wp:term":[{"taxonomy":"category","embeddable":true,"href":"https:\/\/www.welovecycling.com\/es\/wp-json\/wp\/v2\/categories?post=10292"},{"taxonomy":"post_tag","embeddable":true,"href":"https:\/\/www.welovecycling.com\/es\/wp-json\/wp\/v2\/tags?post=10292"},{"taxonomy":"global-categories","embeddable":true,"href":"https:\/\/www.welovecycling.com\/es\/wp-json\/wp\/v2\/global-categories?post=10292"}],"curies":[{"name":"wp","href":"https:\/\/api.w.org\/{rel}","templated":true}]}}