{"id":10255,"date":"2023-09-08T00:29:14","date_gmt":"2023-09-07T22:29:14","guid":{"rendered":"https:\/\/www.welovecycling.com\/es\/?p=10255"},"modified":"2023-09-08T00:29:14","modified_gmt":"2023-09-07T22:29:14","slug":"fortaleza-mental-ciclista","status":"publish","type":"post","link":"https:\/\/www.welovecycling.com\/es\/2023\/09\/08\/fortaleza-mental-ciclista\/","title":{"rendered":"La fortaleza mental de un ciclista en una vuelta de tres semanas"},"content":{"rendered":"<p style=\"font-weight: 400;\"><strong>Las vueltas de tres semanas no son s\u00f3lo una exigencia f\u00edsica, sino tambi\u00e9n una prueba de fortaleza mental ciclista. Ellos tienen que lidiar con el estr\u00e9s de competir todos los d\u00edas durante 3 semanas mientras se enfrentan a cosas como ca\u00eddas, aver\u00edas mec\u00e1nicas, enfermedades o fans animando peligrosamente cerca. Veamos c\u00f3mo se preparan para ello.<\/strong><\/p>\n<p><!--more--><\/p>\n<p>El desarrollo de la fortaleza mental ciclista comienza con el establecimiento de objetivos para la pr\u00f3xima temporada y la definici\u00f3n de un plan de entrenamiento que los respalde. Esto establece expectativas realistas y permite a los ciclistas sentir la satisfacci\u00f3n de haber dado lo mejor de s\u00ed mismos, aunque alguien o algo les haya impedido ganar.<\/p>\n<p>Pero incluso con la mejor preparaci\u00f3n f\u00edsica y la mejor mentalidad, hay muchas cosas que pueden salir mal durante esas tres largas semanas en una Gran Vuelta. Por eso, los ciclistas y sus entrenadores han desarrollado una serie de t\u00e1cticas y h\u00e1bitos que les ayudan a ser positivos y resilientes. Estas son algunas de las cosas m\u00e1s comunes que hacen los profesionales.<\/p>\n<h2><strong>Dividirlo en peque\u00f1as etapas<\/strong><\/h2>\n<p style=\"font-weight: 400;\">La perspectiva de dar lo mejor de uno mismo durante tres semanas seguidas puede resultar desalentadora tanto para los reci\u00e9n llegados como para los competidores veteranos. Por eso los entrenadores intentan dividir la Gran Vuelta en unidades m\u00e1s peque\u00f1as para los corredores. Establecen metas para cada corredor para cada semana, as\u00ed como objetivos para cada d\u00eda. Esto ayuda a los corredores a mantenerse concentrados y motivados. Hace que cada d\u00eda sea diferente, aunque la rutina siga siendo la misma.<\/p>\n<figure id=\"attachment_10256\" aria-describedby=\"caption-attachment-10256\" style=\"width: 990px\" class=\"wp-caption alignnone\"><a href=\"https:\/\/d2p6e6u75xmxt8.cloudfront.net\/6\/2023\/09\/Strade-Bianche-Donne-Women39s-Peloton-profimedia-0760309414-CVR.webp\"><img loading=\"lazy\" decoding=\"async\" class=\"wp-image-10256 size-full\" src=\"https:\/\/d2p6e6u75xmxt8.cloudfront.net\/6\/2023\/09\/Strade-Bianche-Donne-Women39s-Peloton-profimedia-0760309414-CVR.webp\" alt=\"Strade Bianche Donne\" width=\"990\" height=\"660\" srcset=\"https:\/\/d2p6e6u75xmxt8.cloudfront.net\/6\/2023\/09\/Strade-Bianche-Donne-Women39s-Peloton-profimedia-0760309414-CVR.webp 990w, https:\/\/d2p6e6u75xmxt8.cloudfront.net\/6\/2023\/09\/Strade-Bianche-Donne-Women39s-Peloton-profimedia-0760309414-CVR-300x200.webp 300w, https:\/\/d2p6e6u75xmxt8.cloudfront.net\/6\/2023\/09\/Strade-Bianche-Donne-Women39s-Peloton-profimedia-0760309414-CVR-768x512.webp 768w, https:\/\/d2p6e6u75xmxt8.cloudfront.net\/6\/2023\/09\/Strade-Bianche-Donne-Women39s-Peloton-profimedia-0760309414-CVR-400x267.webp 400w, https:\/\/d2p6e6u75xmxt8.cloudfront.net\/6\/2023\/09\/Strade-Bianche-Donne-Women39s-Peloton-profimedia-0760309414-CVR-272x182.webp 272w\" sizes=\"auto, (max-width: 990px) 100vw, 990px\" \/><\/a><figcaption id=\"caption-attachment-10256\" class=\"wp-caption-text\">El desarrollo de la resiliencia mental comienza con la fijaci\u00f3n de objetivos para la pr\u00f3xima temporada y la definici\u00f3n de un plan de entrenamiento que los respalde. \u00a9 Profimedia<\/figcaption><\/figure>\n<h2><strong><br \/>\nAprender a entender las emociones<\/strong><\/h2>\n<p style=\"font-weight: 400;\">Adem\u00e1s del esfuerzo f\u00edsico, los ciclistas se enfrentan a una monta\u00f1a rusa de emociones durante una Gran Vuelta. El papel de los entrenadores y psic\u00f3logos de equipo es ayudar a los ciclistas a comprender y trabajar con sus emociones. La ansiedad previa a la carrera es un ejemplo com\u00fan de emoci\u00f3n incomprendida. Muchos ciclistas piensan que no deber\u00edan sentirse ansiosos antes de una carrera si est\u00e1n bien preparados. As\u00ed que, cuando la ansiedad previa a la carrera aparece inevitablemente, sienten que algo va mal y entran en una mentalidad negativa. En realidad, ayuda a crear un tipo de excitaci\u00f3n que es necesaria y \u00fatil para el rendimiento.<\/p>\n<h2><strong>Autoconversaci\u00f3n \u00fatil<\/strong><\/h2>\n<p>Una estrategia com\u00fan para hacer frente a los altibajos de la carrera en una Gran Vuelta es desarrollar la autoconversaci\u00f3n. En un art\u00edculo anterior, entrevistamos a Lorenzo Fortunato, corredor del <a href=\"https:\/\/eolokometacyclingteam.com\/en\/\">EOLO KOMETA<\/a>, y nos habl\u00f3 de su autoconversaci\u00f3n.<\/p>\n<p>&#8220;Creo que es importante mantener la calma tanto en la carrera como despu\u00e9s de ella, no dejarse llevar por la emoci\u00f3n o los cambios de humor. Siempre me digo a m\u00ed mismo: &#8216;No te emociones cuando vayas r\u00e1pido, y no te deprimas cuando vayas lento&#8217;. Adem\u00e1s, creo que a la tercera semana, mis rivales estar\u00e1n cansados, lo que me ayuda a mantener la concentraci\u00f3n y la resistencia&#8221;<\/p>\n<p style=\"font-weight: 400;\">Si te interesa conocer m\u00e1s opiniones de los corredores del EOLO KOMETA, <a href=\"https:\/\/www.welovecycling.com\/es\/2023\/05\/12\/eolo-kometa-giro-23\/\">echa un vistazo al art\u00edculo<\/a> en el que hablamos con el capit\u00e1n de su equipo, un aspirante a la CG y un velocista.<\/p>\n<h2><strong>Desconectar<\/strong><\/h2>\n<p>Estar concentrado y pensar constantemente en la carrera es agotador. Es necesario cuando se practica el ciclismo, pero cuando termina la etapa, es importante relajarse y recuperarse. Es entonces cuando es importante saber desconectar el cerebro de pensar en la carrera. Elisabetta Borgia, psiquiatra del equipo Trek-Segafredo, describi\u00f3 en una entrevista c\u00f3mo lo hace.<\/p>\n<p><em>Es como estar totalmente concentrado en la carrera y luego intentar encontrar la manera de pensar en otra cosa. Desconectar de la carrera para fijarte en tus intereses, en tu pasi\u00f3n por la familia o en otra cosa. Como nuestro dep\u00f3sito de energ\u00eda es limitado, no debes seguir utiliz\u00e1ndolo cuando no lo necesitas.<\/em><\/p>\n<p>Tambi\u00e9n mencion\u00f3 otras cosas que hacen los corredores del Trek-Segafredo para desconectar entre etapas, como leer libros, videollamar a sus familias, ver pel\u00edculas en Netflix, meditar, escuchar m\u00fasica o echarse la siesta. Cualquier cosa que ayude a alejar la mente del corredor de la carrera es bienvenida.<\/p>\n<h2><strong>Mantener las buenas vibraciones<\/strong><\/h2>\n<p style=\"font-weight: 400;\">Es imposible evitar sentirse deca\u00eddo en alg\u00fan momento de una Gran Vuelta. Cuando la fatiga aumenta, una racha de mal tiempo puede ser suficiente para ponerte en un mal espacio mental. Aqu\u00ed es exactamente donde es necesario contar con una s\u00f3lida red de apoyo y una gran fortaleza mental ciclista. Estar rodeado de compa\u00f1eros de equipo puede ayudar a levantar el \u00e1nimo y proporcionar una sensaci\u00f3n de camarader\u00eda. Los equipos profesionales se esfuerzan por mantener el buen ambiente no s\u00f3lo entre los ciclistas, sino tambi\u00e9n entre el personal de apoyo, incluidos los directores, entrenadores, terapeutas, soigneurs y mec\u00e1nicos.<\/p>\n","protected":false},"excerpt":{"rendered":"<p>Las vueltas de tres semanas no son s\u00f3lo una exigencia f\u00edsica, sino tambi\u00e9n una prueba de fortaleza mental ciclista. Ellos [&hellip;]<\/p>\n","protected":false},"author":29,"featured_media":10261,"comment_status":"open","ping_status":"open","sticky":false,"template":"","format":"standard","meta":{"footnotes":""},"categories":[7],"tags":[651,168,2187],"global-categories":[],"class_list":["post-10255","post","type-post","status-publish","format-standard","has-post-thumbnail","hentry","category-carretera","tag-psicologia-ciclista","tag-tour","tag-vuelta"],"yoast_head":"<!-- This site is optimized with the Yoast SEO Premium plugin v25.3 (Yoast SEO v25.9) - https:\/\/yoast.com\/wordpress\/plugins\/seo\/ -->\n<title>La fortaleza mental de un ciclista en una vuelta de tres semanas - \u0160koda We Love Cycling - Spain<\/title>\n<meta name=\"description\" content=\"La fortaleza mental ciclista. Como hacen los corredores para aguantar una gran vuelta de tres semanas sin venirse abajo.\" \/>\n<meta name=\"robots\" content=\"index, follow, max-snippet:-1, max-image-preview:large, max-video-preview:-1\" \/>\n<link rel=\"canonical\" href=\"https:\/\/www.welovecycling.com\/es\/2023\/09\/08\/fortaleza-mental-ciclista\/\" \/>\n<meta property=\"og:locale\" content=\"es_ES\" \/>\n<meta property=\"og:type\" content=\"article\" \/>\n<meta property=\"og:title\" content=\"La fortaleza mental de un ciclista en una vuelta de tres semanas\" \/>\n<meta property=\"og:description\" content=\"La fortaleza mental ciclista. Como hacen los corredores para aguantar una gran vuelta de tres semanas sin venirse abajo.\" \/>\n<meta property=\"og:url\" content=\"https:\/\/www.welovecycling.com\/es\/2023\/09\/08\/fortaleza-mental-ciclista\/\" \/>\n<meta property=\"og:site_name\" content=\"\u0160koda We Love Cycling - Spain\" \/>\n<meta property=\"article:published_time\" content=\"2023-09-07T22:29:14+00:00\" \/>\n<meta property=\"og:image\" content=\"https:\/\/d2p6e6u75xmxt8.cloudfront.net\/6\/2023\/09\/Vuelta-Jumbo-Visma-profimedia-0803292219-CVR.webp\" \/>\n\t<meta property=\"og:image:width\" content=\"990\" \/>\n\t<meta property=\"og:image:height\" content=\"660\" \/>\n\t<meta property=\"og:image:type\" content=\"image\/webp\" \/>\n<meta name=\"author\" content=\"We Love Cycling Spain\" \/>\n<meta name=\"twitter:card\" content=\"summary_large_image\" \/>\n<meta name=\"twitter:description\" content=\"La fortaleza mental ciclista. Como hacen los corredores para aguantar una gran vuelta de tres semanas sin venirse abajo.\" \/>\n<meta name=\"twitter:label1\" content=\"Written by\" \/>\n\t<meta name=\"twitter:data1\" content=\"Jiri Kaloc\" \/>\n\t<meta name=\"twitter:label2\" content=\"Est. reading time\" \/>\n\t<meta name=\"twitter:data2\" content=\"3\" \/>\n<script type=\"application\/ld+json\" class=\"yoast-schema-graph\">{\"@context\":\"https:\/\/schema.org\",\"@graph\":[{\"@type\":\"WebPage\",\"@id\":\"https:\/\/www.welovecycling.com\/es\/2023\/09\/08\/fortaleza-mental-ciclista\/\",\"url\":\"https:\/\/www.welovecycling.com\/es\/2023\/09\/08\/fortaleza-mental-ciclista\/\",\"name\":\"La fortaleza mental de un ciclista en una vuelta de tres semanas - \u0160koda We Love Cycling - Spain\",\"isPartOf\":{\"@id\":\"https:\/\/www.welovecycling.com\/es\/#website\"},\"primaryImageOfPage\":{\"@id\":\"https:\/\/www.welovecycling.com\/es\/2023\/09\/08\/fortaleza-mental-ciclista\/#primaryimage\"},\"image\":{\"@id\":\"https:\/\/www.welovecycling.com\/es\/2023\/09\/08\/fortaleza-mental-ciclista\/#primaryimage\"},\"thumbnailUrl\":\"https:\/\/d2p6e6u75xmxt8.cloudfront.net\/6\/2023\/09\/Vuelta-Jumbo-Visma-profimedia-0803292219-CVR.webp\",\"datePublished\":\"2023-09-07T22:29:14+00:00\",\"author\":{\"@id\":\"https:\/\/www.welovecycling.com\/es\/#\/schema\/person\/deb61715b5812698ee79fb96f343ccd4\"},\"description\":\"La fortaleza mental ciclista. Como hacen los corredores para aguantar una gran vuelta de tres semanas sin venirse abajo.\",\"breadcrumb\":{\"@id\":\"https:\/\/www.welovecycling.com\/es\/2023\/09\/08\/fortaleza-mental-ciclista\/#breadcrumb\"},\"inLanguage\":\"es-ES\",\"potentialAction\":[{\"@type\":\"ReadAction\",\"target\":[\"https:\/\/www.welovecycling.com\/es\/2023\/09\/08\/fortaleza-mental-ciclista\/\"]}]},{\"@type\":\"ImageObject\",\"inLanguage\":\"es-ES\",\"@id\":\"https:\/\/www.welovecycling.com\/es\/2023\/09\/08\/fortaleza-mental-ciclista\/#primaryimage\",\"url\":\"https:\/\/d2p6e6u75xmxt8.cloudfront.net\/6\/2023\/09\/Vuelta-Jumbo-Visma-profimedia-0803292219-CVR.webp\",\"contentUrl\":\"https:\/\/d2p6e6u75xmxt8.cloudfront.net\/6\/2023\/09\/Vuelta-Jumbo-Visma-profimedia-0803292219-CVR.webp\",\"width\":990,\"height\":660,\"caption\":\"2023 La Vuelta\"},{\"@type\":\"BreadcrumbList\",\"@id\":\"https:\/\/www.welovecycling.com\/es\/2023\/09\/08\/fortaleza-mental-ciclista\/#breadcrumb\",\"itemListElement\":[{\"@type\":\"ListItem\",\"position\":1,\"name\":\"Home\",\"item\":\"https:\/\/www.welovecycling.com\/es\/\"},{\"@type\":\"ListItem\",\"position\":2,\"name\":\"La fortaleza mental de un ciclista en una vuelta de tres semanas\"}]},{\"@type\":\"WebSite\",\"@id\":\"https:\/\/www.welovecycling.com\/es\/#website\",\"url\":\"https:\/\/www.welovecycling.com\/es\/\",\"name\":\"\u0160koda We Love Cycling - Spain\",\"description\":\"\u0160koda WeLoveCycling Spain\",\"potentialAction\":[{\"@type\":\"SearchAction\",\"target\":{\"@type\":\"EntryPoint\",\"urlTemplate\":\"https:\/\/www.welovecycling.com\/es\/?s={search_term_string}\"},\"query-input\":{\"@type\":\"PropertyValueSpecification\",\"valueRequired\":true,\"valueName\":\"search_term_string\"}}],\"inLanguage\":\"es-ES\"},{\"@type\":\"Person\",\"@id\":\"https:\/\/www.welovecycling.com\/es\/#\/schema\/person\/deb61715b5812698ee79fb96f343ccd4\",\"name\":\"We Love Cycling Spain\",\"image\":{\"@type\":\"ImageObject\",\"inLanguage\":\"es-ES\",\"@id\":\"https:\/\/www.welovecycling.com\/es\/#\/schema\/person\/image\/\",\"url\":\"https:\/\/secure.gravatar.com\/avatar\/c824b04e6df0e37a03219d0b6481672889df542894588964102459e46513159c?s=96&d=mm&r=g\",\"contentUrl\":\"https:\/\/secure.gravatar.com\/avatar\/c824b04e6df0e37a03219d0b6481672889df542894588964102459e46513159c?s=96&d=mm&r=g\",\"caption\":\"We Love Cycling Spain\"},\"url\":\"https:\/\/www.welovecycling.com\/es\/author\/amunoz\/\"}]}<\/script>\n<!-- \/ Yoast SEO Premium plugin. -->","yoast_head_json":{"title":"La fortaleza mental de un ciclista en una vuelta de tres semanas - \u0160koda We Love Cycling - Spain","description":"La fortaleza mental ciclista. Como hacen los corredores para aguantar una gran vuelta de tres semanas sin venirse abajo.","robots":{"index":"index","follow":"follow","max-snippet":"max-snippet:-1","max-image-preview":"max-image-preview:large","max-video-preview":"max-video-preview:-1"},"canonical":"https:\/\/www.welovecycling.com\/es\/2023\/09\/08\/fortaleza-mental-ciclista\/","og_locale":"es_ES","og_type":"article","og_title":"La fortaleza mental de un ciclista en una vuelta de tres semanas","og_description":"La fortaleza mental ciclista. Como hacen los corredores para aguantar una gran vuelta de tres semanas sin venirse abajo.","og_url":"https:\/\/www.welovecycling.com\/es\/2023\/09\/08\/fortaleza-mental-ciclista\/","og_site_name":"\u0160koda We Love Cycling - Spain","article_published_time":"2023-09-07T22:29:14+00:00","og_image":[{"width":990,"height":660,"url":"https:\/\/d2p6e6u75xmxt8.cloudfront.net\/6\/2023\/09\/Vuelta-Jumbo-Visma-profimedia-0803292219-CVR.webp","type":"image\/webp"}],"author":"We Love Cycling Spain","twitter_card":"summary_large_image","twitter_description":"La fortaleza mental ciclista. Como hacen los corredores para aguantar una gran vuelta de tres semanas sin venirse abajo.","twitter_misc":{"Written by":"Jiri Kaloc","Est. reading time":"3"},"schema":{"@context":"https:\/\/schema.org","@graph":[{"@type":"WebPage","@id":"https:\/\/www.welovecycling.com\/es\/2023\/09\/08\/fortaleza-mental-ciclista\/","url":"https:\/\/www.welovecycling.com\/es\/2023\/09\/08\/fortaleza-mental-ciclista\/","name":"La fortaleza mental de un ciclista en una vuelta de tres semanas - \u0160koda We Love Cycling - Spain","isPartOf":{"@id":"https:\/\/www.welovecycling.com\/es\/#website"},"primaryImageOfPage":{"@id":"https:\/\/www.welovecycling.com\/es\/2023\/09\/08\/fortaleza-mental-ciclista\/#primaryimage"},"image":{"@id":"https:\/\/www.welovecycling.com\/es\/2023\/09\/08\/fortaleza-mental-ciclista\/#primaryimage"},"thumbnailUrl":"https:\/\/d2p6e6u75xmxt8.cloudfront.net\/6\/2023\/09\/Vuelta-Jumbo-Visma-profimedia-0803292219-CVR.webp","datePublished":"2023-09-07T22:29:14+00:00","author":{"@id":"https:\/\/www.welovecycling.com\/es\/#\/schema\/person\/deb61715b5812698ee79fb96f343ccd4"},"description":"La fortaleza mental ciclista. Como hacen los corredores para aguantar una gran vuelta de tres semanas sin venirse abajo.","breadcrumb":{"@id":"https:\/\/www.welovecycling.com\/es\/2023\/09\/08\/fortaleza-mental-ciclista\/#breadcrumb"},"inLanguage":"es-ES","potentialAction":[{"@type":"ReadAction","target":["https:\/\/www.welovecycling.com\/es\/2023\/09\/08\/fortaleza-mental-ciclista\/"]}]},{"@type":"ImageObject","inLanguage":"es-ES","@id":"https:\/\/www.welovecycling.com\/es\/2023\/09\/08\/fortaleza-mental-ciclista\/#primaryimage","url":"https:\/\/d2p6e6u75xmxt8.cloudfront.net\/6\/2023\/09\/Vuelta-Jumbo-Visma-profimedia-0803292219-CVR.webp","contentUrl":"https:\/\/d2p6e6u75xmxt8.cloudfront.net\/6\/2023\/09\/Vuelta-Jumbo-Visma-profimedia-0803292219-CVR.webp","width":990,"height":660,"caption":"2023 La Vuelta"},{"@type":"BreadcrumbList","@id":"https:\/\/www.welovecycling.com\/es\/2023\/09\/08\/fortaleza-mental-ciclista\/#breadcrumb","itemListElement":[{"@type":"ListItem","position":1,"name":"Home","item":"https:\/\/www.welovecycling.com\/es\/"},{"@type":"ListItem","position":2,"name":"La fortaleza mental de un ciclista en una vuelta de tres semanas"}]},{"@type":"WebSite","@id":"https:\/\/www.welovecycling.com\/es\/#website","url":"https:\/\/www.welovecycling.com\/es\/","name":"\u0160koda We Love Cycling - Spain","description":"\u0160koda WeLoveCycling Spain","potentialAction":[{"@type":"SearchAction","target":{"@type":"EntryPoint","urlTemplate":"https:\/\/www.welovecycling.com\/es\/?s={search_term_string}"},"query-input":{"@type":"PropertyValueSpecification","valueRequired":true,"valueName":"search_term_string"}}],"inLanguage":"es-ES"},{"@type":"Person","@id":"https:\/\/www.welovecycling.com\/es\/#\/schema\/person\/deb61715b5812698ee79fb96f343ccd4","name":"We Love Cycling Spain","image":{"@type":"ImageObject","inLanguage":"es-ES","@id":"https:\/\/www.welovecycling.com\/es\/#\/schema\/person\/image\/","url":"https:\/\/secure.gravatar.com\/avatar\/c824b04e6df0e37a03219d0b6481672889df542894588964102459e46513159c?s=96&d=mm&r=g","contentUrl":"https:\/\/secure.gravatar.com\/avatar\/c824b04e6df0e37a03219d0b6481672889df542894588964102459e46513159c?s=96&d=mm&r=g","caption":"We Love Cycling Spain"},"url":"https:\/\/www.welovecycling.com\/es\/author\/amunoz\/"}]}},"_links":{"self":[{"href":"https:\/\/www.welovecycling.com\/es\/wp-json\/wp\/v2\/posts\/10255","targetHints":{"allow":["GET"]}}],"collection":[{"href":"https:\/\/www.welovecycling.com\/es\/wp-json\/wp\/v2\/posts"}],"about":[{"href":"https:\/\/www.welovecycling.com\/es\/wp-json\/wp\/v2\/types\/post"}],"author":[{"embeddable":true,"href":"https:\/\/www.welovecycling.com\/es\/wp-json\/wp\/v2\/users\/29"}],"replies":[{"embeddable":true,"href":"https:\/\/www.welovecycling.com\/es\/wp-json\/wp\/v2\/comments?post=10255"}],"version-history":[{"count":2,"href":"https:\/\/www.welovecycling.com\/es\/wp-json\/wp\/v2\/posts\/10255\/revisions"}],"predecessor-version":[{"id":10263,"href":"https:\/\/www.welovecycling.com\/es\/wp-json\/wp\/v2\/posts\/10255\/revisions\/10263"}],"wp:featuredmedia":[{"embeddable":true,"href":"https:\/\/www.welovecycling.com\/es\/wp-json\/wp\/v2\/media\/10261"}],"wp:attachment":[{"href":"https:\/\/www.welovecycling.com\/es\/wp-json\/wp\/v2\/media?parent=10255"}],"wp:term":[{"taxonomy":"category","embeddable":true,"href":"https:\/\/www.welovecycling.com\/es\/wp-json\/wp\/v2\/categories?post=10255"},{"taxonomy":"post_tag","embeddable":true,"href":"https:\/\/www.welovecycling.com\/es\/wp-json\/wp\/v2\/tags?post=10255"},{"taxonomy":"global-categories","embeddable":true,"href":"https:\/\/www.welovecycling.com\/es\/wp-json\/wp\/v2\/global-categories?post=10255"}],"curies":[{"name":"wp","href":"https:\/\/api.w.org\/{rel}","templated":true}]}}