{"id":10240,"date":"2023-09-03T14:05:27","date_gmt":"2023-09-03T12:05:27","guid":{"rendered":"https:\/\/www.welovecycling.com\/es\/?p=10240"},"modified":"2023-09-03T14:05:27","modified_gmt":"2023-09-03T12:05:27","slug":"evenepoel-la-vuelta","status":"publish","type":"post","link":"https:\/\/www.welovecycling.com\/es\/2023\/09\/03\/evenepoel-la-vuelta\/","title":{"rendered":"La asignatura pendiente de Remco Evenepoel en La Vuelta"},"content":{"rendered":"<p style=\"font-weight: 400;\"><strong>Remco es, posiblemente, el mejor contrarrelojista del mundo. Tambi\u00e9n un ciclista capaz de avasallar en el llano y en cl\u00e1sicas de cotas cortas y duras, como el Mundial de Australia 2022, Lieja-Bastogne-Lieja (ya lleva dos) o la Klasikoa de San Sebastian (3 victorias). Supera bien las etapas con puertos cortos y duros, Les Praeres o Pico Jano en 2022 y Arinsal en La Vuelta 2023. Pero, hasta ahora, Remco Evenepoel en La Vuelta tiene una asignatura pendiente, las etapas con puertos largos y m\u00e1s de 4.000 metros de desnivel acumulado. <a href=\"https:\/\/www.welovecycling.com\/es\/2022\/09\/12\/evenepoel\/\">Sierra Nevada 2022<\/a> y <a href=\"https:\/\/www.lavuelta.es\/es\/etapa-6\">Javalambre 2023<\/a>.<\/strong><\/p>\n<p><!--more--><\/p>\n<p>\u00bfEs<strong> Remco Evenepoel ahora mismo un aspirante al Tour de Francia o al Giro de Italia?<\/strong>\u00a0En teor\u00eda si, porque ha ganado La Vuelta a Espa\u00f1a de 2022. Pero hay una diferencia importante entre los habituales recorridos del Tour y del Giro y los que suele tener la ronda espa\u00f1ola. En Giro y Tour siempre hay dos o tres etapas con tres o cuartos puertos de alta monta\u00f1a encadenados, m\u00e1s de 4.500 meteros de desnivel y que terminan a m\u00e1s de 2.000 metros de altitud. En el Tour en 2023 fue la jornada del <a href=\"https:\/\/www.welovecycling.com\/es\/2023\/07\/14\/un-tour-por-los-alpes-en-busca-de-la-historia\/\">Col de la Loze,<\/a> que acab\u00f3 con las esperanzas de Tadej Pogacar. En el Giro las de Monte Bondone y Tre Cime di Lavaredo, que utiliz\u00f3 Roglic para restar segundos a Geraint Thomas en su pelea por la corsa rosa.<\/p>\n<p>Este tipo de etapas son las que acaban rompiendo a los ciclistas menos habituados a la alta monta\u00f1a y que no tiene un rendimiento excelente como escalador puro. Que no se adaptan a jornadas de la m\u00e1xima exigencia con niveles bajos de ox\u00edgeno debido a la altitud despu\u00e9s de dos semanas de competici\u00f3n. Cualidades que se pueden entrenar, pero que tambi\u00e9n tienen un componente gen\u00e9tico relevante.<\/p>\n<p><a href=\"https:\/\/d2p6e6u75xmxt8.cloudfront.net\/6\/2022\/09\/remco_skoda.jpg\"><img loading=\"lazy\" decoding=\"async\" class=\"aligncenter size-full wp-image-9251\" src=\"https:\/\/d2p6e6u75xmxt8.cloudfront.net\/6\/2022\/09\/remco_skoda.jpg\" alt=\"\" width=\"1000\" height=\"666\" srcset=\"https:\/\/d2p6e6u75xmxt8.cloudfront.net\/6\/2022\/09\/remco_skoda.jpg 1000w, https:\/\/d2p6e6u75xmxt8.cloudfront.net\/6\/2022\/09\/remco_skoda-300x200.jpg 300w, https:\/\/d2p6e6u75xmxt8.cloudfront.net\/6\/2022\/09\/remco_skoda-768x511.jpg 768w, https:\/\/d2p6e6u75xmxt8.cloudfront.net\/6\/2022\/09\/remco_skoda-272x182.jpg 272w\" sizes=\"auto, (max-width: 1000px) 100vw, 1000px\" \/><\/a><\/p>\n<p>El Giro 2023 era la cita que se hab\u00eda propuesto Remco Evenepoel para demostrar que estaba capacitado para afrontar este tipo de etapas y no perder demasiado tiempo con respecto a sus rivales. Dominar jornadas as\u00ed es indispensable si el belga quiere aspirar a pelear frente a <strong>Pogacar y Vingegaard en el Tour 2024<\/strong>, como en principio era su objetivo. Pero el Covid se interpuso en su camino. Despu\u00e9s de ganar la crono de la novena etapa y vestido de rosa se tuvo que marchar a casa. El d\u00eda anterior ya hab\u00eda dado muestras de debilidad en el complicado circuito de Fossombrone.<\/p>\n<h2><strong>La referencia de La Vuelta<\/strong><\/h2>\n<p>Si queremos ver los ejemplos de rendimiento de Remco Evenepoel en etapas de varios puertos encadenados y m\u00e1s de 4.000 metros de desnivel tenemos que echar mano de La Vuelta. En 2022 solo se vio sufrir y perder tiempo al belga con respecto a sus rivales en dos etapas de monta\u00f1a. La primera en la llegada a La Sierra de La Pandera. Ese d\u00eda no hab\u00eda grandes puertos encadenados, ni terminaba por encima de 2.000 metros, pera una subida larga, 23 kil\u00f3metros desde Los Villares. No pudo salir al ataque de Roglic, ni al de Enri Mas y perdi\u00f3 casi 50 segundos con el primero y 20 con respecto al segundo.<\/p>\n<p>Al d\u00eda siguiente llegaba la etapa m\u00e1s dura de La Vuelta. Final en <a href=\"https:\/\/www.procyclingstats.com\/race\/vuelta-a-espana\/2022\/stage-15\">Sierra Nevada a 2.500 metros de altitud.<\/a> 4.000 metros de desnivel acumulado, casi todo en los \u00faltimos 50 kil\u00f3metros, y una subida larga, de m\u00e1s de 30 kil\u00f3metros, desde Pinos Genil hasta Sierra Nevada pasando por las rampas infernales de<strong> Hazallanas. Remco<\/strong> tampoco pudo responder cuando saltaron Roglic y Enric Mas. Se limit\u00f3 a echar mano del equipo y mantener la cabeza fr\u00eda para minimizar p\u00e9rdidas. 36 segundos frente al escalador mallorqu\u00edn y 15 con Roglic.<\/p>\n<p>Pese a mostrar debilidad, Remco se sobrepuso y ya sin Roglic en carrera control\u00f3 sin problemas en las llegadas en alto de Extremadura y de la Sierra de Guadarrama para apuntarse su primera Vuelta a Espa\u00f1a.<\/p>\n<p><img loading=\"lazy\" decoding=\"async\" class=\"alignnone size-extra-large\" src=\"https:\/\/img.aso.fr\/core_app\/img-cycling-vue-jpg\/lv23-e03-cxl3-0001-cxl-5094\/17826\/0:0,1000:666-1000-0-70\/fa83b\" width=\"1000\" height=\"666\" \/><\/p>\n<p>Para este 2023 es cierto que La Vuelta no entraba en los planes del belga y que su pico de forma estaba previsto para el Giro. Sin embargo, despu\u00e9s de bajarse de la bici en Italia volvi\u00f3 a ganar la <strong>Cl\u00e1sica de San Sebasti\u00e1n y el Mundial de Contrarreloj en agosto<\/strong>. A La Vuelta lleg\u00f3 con el discurso de ganar etapas y no centrarse en la general. Se visti\u00f3 de rojo despu\u00e9s de una gran victoria superando a <a href=\"https:\/\/www.lavuelta.es\/es\/etapa-3\">Roglic al sprint en Arinsal<\/a>, una etapa con solo dos puertos y unos 3.000 metros de desnivel, pero volvi\u00f3 a fallar en una jornada similar a la de Sierra Nevada.<\/p>\n<p>Es cierto que en la etapa 6 de La Vuelta 2023, en Javalambre, no se llega nunca a los 2.000 metros de altitud, la cima del <a href=\"https:\/\/www.lavuelta.es\/es\/etapa-6\">Pico del Buitre<\/a> se queda en 1956 metros y que tampoco hab\u00eda grandes puertos encadenados. Pero si fue una etapa que se sali\u00f3 a fuego desde el inicio y en la que se superaron los 4.000 metros de desnivel. <strong>Evenepoel no sali\u00f3 al ataque de Roglic<\/strong> a falta de cuatro kil\u00f3metros para meta, en las rampas m\u00e1s duras del puerto, ni tampoco al de <strong>Vingegaard y Enric Mas<\/strong>. Otra vez volvi\u00f3 a mantener la cabeza fr\u00eda para ir de menos a m\u00e1s. Salv\u00f3 los muebles y solo perdi\u00f3 30 segundos con la dupla del Jumbo, <strong>25 con Juan Ayuso y solo ocho con Enric Mas.<\/strong><\/p>\n<p>&nbsp;<\/p>\n<h2><strong>Tourmalet y Larrau, el campo de pruebas<\/strong><\/h2>\n<p>Las dos grandes citas que estamos esperando para ver el rendimiento en alta monta\u00f1a de Remco Evenepoel llegar\u00e1n en los Pirineos en la segunda semana de Vuelta. Ser\u00e1n las etapas 13 y 14, las mismas en las que perdi\u00f3 tiempo frente a Roglic y Enric Mas en la edici\u00f3n de 2022. Y a las que, previsiblemente, llegar\u00e1 con algo de margen en la general despu\u00e9s de la crono plana de Valladolid.<\/p>\n<p>La etapa del viernes 8 de septiembre llega al coraz\u00f3n de los Pirineos. En solo 135 kil\u00f3metros 4.300 metros de desnivel con dos puertos como Aubisque\/Soulor y Spandelles encadenados antes de la ascensi\u00f3n final al Tourmalet por la vertiente de Luz Saint Sauver. Ya saben, unos 17 kil\u00f3metros a casi el 8%, muy constantes, y que terminan con dos kil\u00f3metros a m\u00e1s del 10% a 2.135 metros de altitud. Un escenario perfecto para medirse con Roglic y Vinegegaard y sabe si puede estar a su altura.<\/p>\n<p><img loading=\"lazy\" decoding=\"async\" class=\"alignnone size-extra-large\" src=\"https:\/\/img.aso.fr\/core_app\/img-cycling-vue-png\/13\/16522\/0:0,1380:1027-960-0-70\/53b2c\" width=\"960\" height=\"714\" \/><br \/>\nAl d\u00eda siguiente, el s\u00e1bado 9 de septiembre, ser\u00e1 perfecto para medir el nivel de recuperaci\u00f3n despu\u00e9s de un esfuerzo m\u00e1ximo del belga. Son 156 kil\u00f3metros y 4.600 metros de desnivel, pero todos est\u00e1n acumulados en los \u00faltimos 100, cuando comienza el Col de Hourcere\/Issarbe. Un col de los m\u00e1s duros del Pirineo con 11 kil\u00f3metros constantes a casi el 10%. Sin descanso el <strong>Puerto de Larrau,<\/strong> con sus seis kil\u00f3metros brutales hasta el <strong>Paso de Erroymendi<\/strong> y para rematar el enlazado de Laza y el Puerto de Belagua, que no son el escenario con m\u00e1s desnivel, pero que servir\u00e1n de testigo para ver las evoluciones de Remco en la alta monta\u00f1a.<\/p>\n<p>Despu\u00e9s quedar\u00e1 la \u00faltima semana con el <a href=\"https:\/\/www.lavuelta.es\/es\/etapa-17\">Angliru y la Cruz de Linares<\/a> en Asturias y la complicada etapa de media monta\u00f1a en la Sierra de Guadarrama, pero eso son escenarios en los que ya hemos visto moverse con soltura a Remco Evenepoel.<\/p>\n<p><img loading=\"lazy\" decoding=\"async\" class=\"alignnone size-extra-large\" src=\"https:\/\/img.aso.fr\/core_app\/img-cycling-vue-png\/14\/16520\/0:0,1568:1092-960-0-70\/0205b\" width=\"960\" height=\"669\" \/><\/p>\n<p><strong>\u00a0<\/strong><\/p>\n","protected":false},"excerpt":{"rendered":"<p>Remco es, posiblemente, el mejor contrarrelojista del mundo. Tambi\u00e9n un ciclista capaz de avasallar en el llano y en cl\u00e1sicas [&hellip;]<\/p>\n","protected":false},"author":29,"featured_media":10243,"comment_status":"open","ping_status":"open","sticky":false,"template":"","format":"standard","meta":{"footnotes":""},"categories":[7],"tags":[44,2216,1673],"global-categories":[1164],"class_list":["post-10240","post","type-post","status-publish","format-standard","has-post-thumbnail","hentry","category-carretera","tag-la-vuelta","tag-la-vuelta-2023","tag-remco-evenepoel","global-categories-cycling"],"yoast_head":"<!-- This site is optimized with the Yoast SEO Premium plugin v25.3 (Yoast SEO v25.9) - https:\/\/yoast.com\/wordpress\/plugins\/seo\/ -->\n<title>La asignatura pendiente de Remco Evenepoel en La Vuelta - \u0160koda We Love Cycling - Spain<\/title>\n<meta name=\"description\" content=\"La asignatura pendiente de Remco Evenepoel en La Vuelta. En las etapas de Tourmalet y Larrau puede demostrar que se adapta a la monta\u00f1a.\" \/>\n<meta name=\"robots\" content=\"index, follow, max-snippet:-1, max-image-preview:large, max-video-preview:-1\" \/>\n<link rel=\"canonical\" href=\"https:\/\/www.welovecycling.com\/es\/2023\/09\/03\/evenepoel-la-vuelta\/\" \/>\n<meta property=\"og:locale\" content=\"es_ES\" \/>\n<meta property=\"og:type\" content=\"article\" \/>\n<meta property=\"og:title\" content=\"La asignatura pendiente de Remco Evenepoel en La Vuelta\" \/>\n<meta property=\"og:description\" content=\"La asignatura pendiente de Remco Evenepoel en La Vuelta. En las etapas de Tourmalet y Larrau puede demostrar que se adapta a la monta\u00f1a.\" \/>\n<meta property=\"og:url\" content=\"https:\/\/www.welovecycling.com\/es\/2023\/09\/03\/evenepoel-la-vuelta\/\" \/>\n<meta property=\"og:site_name\" content=\"\u0160koda We Love Cycling - Spain\" \/>\n<meta property=\"article:published_time\" content=\"2023-09-03T12:05:27+00:00\" \/>\n<meta property=\"og:image\" content=\"https:\/\/d2p6e6u75xmxt8.cloudfront.net\/6\/2023\/09\/remco_Lavuelta-e1693742672216.webp\" \/>\n\t<meta property=\"og:image:width\" content=\"801\" \/>\n\t<meta property=\"og:image:height\" content=\"543\" \/>\n\t<meta property=\"og:image:type\" content=\"image\/webp\" \/>\n<meta name=\"author\" content=\"We Love Cycling Spain\" \/>\n<meta name=\"twitter:card\" content=\"summary_large_image\" \/>\n<meta name=\"twitter:description\" content=\"La asignatura pendiente de Remco Evenepoel en La Vuelta. En las etapas de Tourmalet y Larrau puede demostrar que se adapta a la monta\u00f1a.\" \/>\n<meta name=\"twitter:label1\" content=\"Written by\" \/>\n\t<meta name=\"twitter:data1\" content=\"Luis Ortega @Ciclored\" \/>\n\t<meta name=\"twitter:label2\" content=\"Est. reading time\" \/>\n\t<meta name=\"twitter:data2\" content=\"6 minutes\" \/>\n<script type=\"application\/ld+json\" class=\"yoast-schema-graph\">{\"@context\":\"https:\/\/schema.org\",\"@graph\":[{\"@type\":\"WebPage\",\"@id\":\"https:\/\/www.welovecycling.com\/es\/2023\/09\/03\/evenepoel-la-vuelta\/\",\"url\":\"https:\/\/www.welovecycling.com\/es\/2023\/09\/03\/evenepoel-la-vuelta\/\",\"name\":\"La asignatura pendiente de Remco Evenepoel en La Vuelta - \u0160koda We Love Cycling - Spain\",\"isPartOf\":{\"@id\":\"https:\/\/www.welovecycling.com\/es\/#website\"},\"primaryImageOfPage\":{\"@id\":\"https:\/\/www.welovecycling.com\/es\/2023\/09\/03\/evenepoel-la-vuelta\/#primaryimage\"},\"image\":{\"@id\":\"https:\/\/www.welovecycling.com\/es\/2023\/09\/03\/evenepoel-la-vuelta\/#primaryimage\"},\"thumbnailUrl\":\"https:\/\/d2p6e6u75xmxt8.cloudfront.net\/6\/2023\/09\/remco_Lavuelta-e1693742672216.webp\",\"datePublished\":\"2023-09-03T12:05:27+00:00\",\"author\":{\"@id\":\"https:\/\/www.welovecycling.com\/es\/#\/schema\/person\/deb61715b5812698ee79fb96f343ccd4\"},\"description\":\"La asignatura pendiente de Remco Evenepoel en La Vuelta. En las etapas de Tourmalet y Larrau puede demostrar que se adapta a la monta\u00f1a.\",\"breadcrumb\":{\"@id\":\"https:\/\/www.welovecycling.com\/es\/2023\/09\/03\/evenepoel-la-vuelta\/#breadcrumb\"},\"inLanguage\":\"es-ES\",\"potentialAction\":[{\"@type\":\"ReadAction\",\"target\":[\"https:\/\/www.welovecycling.com\/es\/2023\/09\/03\/evenepoel-la-vuelta\/\"]}]},{\"@type\":\"ImageObject\",\"inLanguage\":\"es-ES\",\"@id\":\"https:\/\/www.welovecycling.com\/es\/2023\/09\/03\/evenepoel-la-vuelta\/#primaryimage\",\"url\":\"https:\/\/d2p6e6u75xmxt8.cloudfront.net\/6\/2023\/09\/remco_Lavuelta-e1693742672216.webp\",\"contentUrl\":\"https:\/\/d2p6e6u75xmxt8.cloudfront.net\/6\/2023\/09\/remco_Lavuelta-e1693742672216.webp\",\"width\":801,\"height\":543},{\"@type\":\"BreadcrumbList\",\"@id\":\"https:\/\/www.welovecycling.com\/es\/2023\/09\/03\/evenepoel-la-vuelta\/#breadcrumb\",\"itemListElement\":[{\"@type\":\"ListItem\",\"position\":1,\"name\":\"Home\",\"item\":\"https:\/\/www.welovecycling.com\/es\/\"},{\"@type\":\"ListItem\",\"position\":2,\"name\":\"La asignatura pendiente de Remco Evenepoel en La Vuelta\"}]},{\"@type\":\"WebSite\",\"@id\":\"https:\/\/www.welovecycling.com\/es\/#website\",\"url\":\"https:\/\/www.welovecycling.com\/es\/\",\"name\":\"\u0160koda We Love Cycling - Spain\",\"description\":\"\u0160koda WeLoveCycling Spain\",\"potentialAction\":[{\"@type\":\"SearchAction\",\"target\":{\"@type\":\"EntryPoint\",\"urlTemplate\":\"https:\/\/www.welovecycling.com\/es\/?s={search_term_string}\"},\"query-input\":{\"@type\":\"PropertyValueSpecification\",\"valueRequired\":true,\"valueName\":\"search_term_string\"}}],\"inLanguage\":\"es-ES\"},{\"@type\":\"Person\",\"@id\":\"https:\/\/www.welovecycling.com\/es\/#\/schema\/person\/deb61715b5812698ee79fb96f343ccd4\",\"name\":\"We Love Cycling Spain\",\"image\":{\"@type\":\"ImageObject\",\"inLanguage\":\"es-ES\",\"@id\":\"https:\/\/www.welovecycling.com\/es\/#\/schema\/person\/image\/\",\"url\":\"https:\/\/secure.gravatar.com\/avatar\/c824b04e6df0e37a03219d0b6481672889df542894588964102459e46513159c?s=96&d=mm&r=g\",\"contentUrl\":\"https:\/\/secure.gravatar.com\/avatar\/c824b04e6df0e37a03219d0b6481672889df542894588964102459e46513159c?s=96&d=mm&r=g\",\"caption\":\"We Love Cycling Spain\"},\"url\":\"https:\/\/www.welovecycling.com\/es\/author\/amunoz\/\"}]}<\/script>\n<!-- \/ Yoast SEO Premium plugin. -->","yoast_head_json":{"title":"La asignatura pendiente de Remco Evenepoel en La Vuelta - \u0160koda We Love Cycling - Spain","description":"La asignatura pendiente de Remco Evenepoel en La Vuelta. En las etapas de Tourmalet y Larrau puede demostrar que se adapta a la monta\u00f1a.","robots":{"index":"index","follow":"follow","max-snippet":"max-snippet:-1","max-image-preview":"max-image-preview:large","max-video-preview":"max-video-preview:-1"},"canonical":"https:\/\/www.welovecycling.com\/es\/2023\/09\/03\/evenepoel-la-vuelta\/","og_locale":"es_ES","og_type":"article","og_title":"La asignatura pendiente de Remco Evenepoel en La Vuelta","og_description":"La asignatura pendiente de Remco Evenepoel en La Vuelta. En las etapas de Tourmalet y Larrau puede demostrar que se adapta a la monta\u00f1a.","og_url":"https:\/\/www.welovecycling.com\/es\/2023\/09\/03\/evenepoel-la-vuelta\/","og_site_name":"\u0160koda We Love Cycling - Spain","article_published_time":"2023-09-03T12:05:27+00:00","og_image":[{"width":801,"height":543,"url":"https:\/\/d2p6e6u75xmxt8.cloudfront.net\/6\/2023\/09\/remco_Lavuelta-e1693742672216.webp","type":"image\/webp"}],"author":"We Love Cycling Spain","twitter_card":"summary_large_image","twitter_description":"La asignatura pendiente de Remco Evenepoel en La Vuelta. En las etapas de Tourmalet y Larrau puede demostrar que se adapta a la monta\u00f1a.","twitter_misc":{"Written by":"Luis Ortega @Ciclored","Est. reading time":"6 minutes"},"schema":{"@context":"https:\/\/schema.org","@graph":[{"@type":"WebPage","@id":"https:\/\/www.welovecycling.com\/es\/2023\/09\/03\/evenepoel-la-vuelta\/","url":"https:\/\/www.welovecycling.com\/es\/2023\/09\/03\/evenepoel-la-vuelta\/","name":"La asignatura pendiente de Remco Evenepoel en La Vuelta - \u0160koda We Love Cycling - Spain","isPartOf":{"@id":"https:\/\/www.welovecycling.com\/es\/#website"},"primaryImageOfPage":{"@id":"https:\/\/www.welovecycling.com\/es\/2023\/09\/03\/evenepoel-la-vuelta\/#primaryimage"},"image":{"@id":"https:\/\/www.welovecycling.com\/es\/2023\/09\/03\/evenepoel-la-vuelta\/#primaryimage"},"thumbnailUrl":"https:\/\/d2p6e6u75xmxt8.cloudfront.net\/6\/2023\/09\/remco_Lavuelta-e1693742672216.webp","datePublished":"2023-09-03T12:05:27+00:00","author":{"@id":"https:\/\/www.welovecycling.com\/es\/#\/schema\/person\/deb61715b5812698ee79fb96f343ccd4"},"description":"La asignatura pendiente de Remco Evenepoel en La Vuelta. En las etapas de Tourmalet y Larrau puede demostrar que se adapta a la monta\u00f1a.","breadcrumb":{"@id":"https:\/\/www.welovecycling.com\/es\/2023\/09\/03\/evenepoel-la-vuelta\/#breadcrumb"},"inLanguage":"es-ES","potentialAction":[{"@type":"ReadAction","target":["https:\/\/www.welovecycling.com\/es\/2023\/09\/03\/evenepoel-la-vuelta\/"]}]},{"@type":"ImageObject","inLanguage":"es-ES","@id":"https:\/\/www.welovecycling.com\/es\/2023\/09\/03\/evenepoel-la-vuelta\/#primaryimage","url":"https:\/\/d2p6e6u75xmxt8.cloudfront.net\/6\/2023\/09\/remco_Lavuelta-e1693742672216.webp","contentUrl":"https:\/\/d2p6e6u75xmxt8.cloudfront.net\/6\/2023\/09\/remco_Lavuelta-e1693742672216.webp","width":801,"height":543},{"@type":"BreadcrumbList","@id":"https:\/\/www.welovecycling.com\/es\/2023\/09\/03\/evenepoel-la-vuelta\/#breadcrumb","itemListElement":[{"@type":"ListItem","position":1,"name":"Home","item":"https:\/\/www.welovecycling.com\/es\/"},{"@type":"ListItem","position":2,"name":"La asignatura pendiente de Remco Evenepoel en La Vuelta"}]},{"@type":"WebSite","@id":"https:\/\/www.welovecycling.com\/es\/#website","url":"https:\/\/www.welovecycling.com\/es\/","name":"\u0160koda We Love Cycling - Spain","description":"\u0160koda WeLoveCycling Spain","potentialAction":[{"@type":"SearchAction","target":{"@type":"EntryPoint","urlTemplate":"https:\/\/www.welovecycling.com\/es\/?s={search_term_string}"},"query-input":{"@type":"PropertyValueSpecification","valueRequired":true,"valueName":"search_term_string"}}],"inLanguage":"es-ES"},{"@type":"Person","@id":"https:\/\/www.welovecycling.com\/es\/#\/schema\/person\/deb61715b5812698ee79fb96f343ccd4","name":"We Love Cycling Spain","image":{"@type":"ImageObject","inLanguage":"es-ES","@id":"https:\/\/www.welovecycling.com\/es\/#\/schema\/person\/image\/","url":"https:\/\/secure.gravatar.com\/avatar\/c824b04e6df0e37a03219d0b6481672889df542894588964102459e46513159c?s=96&d=mm&r=g","contentUrl":"https:\/\/secure.gravatar.com\/avatar\/c824b04e6df0e37a03219d0b6481672889df542894588964102459e46513159c?s=96&d=mm&r=g","caption":"We Love Cycling Spain"},"url":"https:\/\/www.welovecycling.com\/es\/author\/amunoz\/"}]}},"_links":{"self":[{"href":"https:\/\/www.welovecycling.com\/es\/wp-json\/wp\/v2\/posts\/10240","targetHints":{"allow":["GET"]}}],"collection":[{"href":"https:\/\/www.welovecycling.com\/es\/wp-json\/wp\/v2\/posts"}],"about":[{"href":"https:\/\/www.welovecycling.com\/es\/wp-json\/wp\/v2\/types\/post"}],"author":[{"embeddable":true,"href":"https:\/\/www.welovecycling.com\/es\/wp-json\/wp\/v2\/users\/29"}],"replies":[{"embeddable":true,"href":"https:\/\/www.welovecycling.com\/es\/wp-json\/wp\/v2\/comments?post=10240"}],"version-history":[{"count":3,"href":"https:\/\/www.welovecycling.com\/es\/wp-json\/wp\/v2\/posts\/10240\/revisions"}],"predecessor-version":[{"id":10244,"href":"https:\/\/www.welovecycling.com\/es\/wp-json\/wp\/v2\/posts\/10240\/revisions\/10244"}],"wp:featuredmedia":[{"embeddable":true,"href":"https:\/\/www.welovecycling.com\/es\/wp-json\/wp\/v2\/media\/10243"}],"wp:attachment":[{"href":"https:\/\/www.welovecycling.com\/es\/wp-json\/wp\/v2\/media?parent=10240"}],"wp:term":[{"taxonomy":"category","embeddable":true,"href":"https:\/\/www.welovecycling.com\/es\/wp-json\/wp\/v2\/categories?post=10240"},{"taxonomy":"post_tag","embeddable":true,"href":"https:\/\/www.welovecycling.com\/es\/wp-json\/wp\/v2\/tags?post=10240"},{"taxonomy":"global-categories","embeddable":true,"href":"https:\/\/www.welovecycling.com\/es\/wp-json\/wp\/v2\/global-categories?post=10240"}],"curies":[{"name":"wp","href":"https:\/\/api.w.org\/{rel}","templated":true}]}}