{"id":10235,"date":"2023-09-03T12:28:17","date_gmt":"2023-09-03T10:28:17","guid":{"rendered":"https:\/\/www.welovecycling.com\/es\/?p=10235"},"modified":"2023-09-03T12:28:17","modified_gmt":"2023-09-03T10:28:17","slug":"vingegaard-y-pogacar-batieron-record-vatios-tour","status":"publish","type":"post","link":"https:\/\/www.welovecycling.com\/es\/2023\/09\/03\/vingegaard-y-pogacar-batieron-record-vatios-tour\/","title":{"rendered":"Vingegaard y Pogacar batieron r\u00e9cord de vatios en el Tour"},"content":{"rendered":"<p style=\"font-weight: 400;\"><strong>Los ciclistas profesionales est\u00e1n superando los l\u00edmites de lo que cre\u00edamos posible. Vingegaard y Poga\u010dar batieron r\u00e9cord de vatios en el Tour de Francia 2023. En esta serie, echaremos un vistazo a algunas de ellas y te ayudaremos a comprender hasta qu\u00e9 punto sigue evolucionando el ciclismo en las Grandes Vueltas.<\/strong><\/p>\n<p><!--more--><\/p>\n<h2><strong>Relaci\u00f3n peso\/potencia<\/strong><\/h2>\n<p>Una de las m\u00e9tricas m\u00e1s importantes que hay que entender para hacerse una idea de lo impresionantes que son los ciclistas profesionales en las Grandes Vueltas es la relaci\u00f3n potencia-peso (PWR). En el ciclismo no s\u00f3lo se trata de la potencia que pueden producir las piernas, sino tambi\u00e9n de cu\u00e1nto peso corporal y peso de la bicicleta tienen que mover los ciclistas. Si quieres <a href=\"https:\/\/www.welovecycling.com\/es\/2020\/03\/05\/relacion-peso-potencia-ciclista\/\">calcular tu propia PWR<\/a>, puedes consultar nuestro art\u00edculo anterior sobre este tema.<\/p>\n<p>Este a\u00f1o se han batido algunos r\u00e9cords de vatios de potencia en las Grandes Vueltas, especialmente por parte de los dos mejores del mundo, Jonas Vingegaard y Tadej Poga\u010dar. Pero para situarnos, echemos un vistazo a uno de <a href=\"https:\/\/www.welovecycling.com\/es\/2020\/03\/15\/relacion-peso-potencia\/\">nuestros art\u00edculos m\u00e1s antiguos de 2020.<\/a> Hablamos de la asombrosa actuaci\u00f3n de Julian Alaphilippe en la contrarreloj del Tour de 2019, donde sostuvo aproximadamente 6,2W\/kg PWR durante 35 minutos. Tambi\u00e9n mencionamos un fant\u00e1stico esfuerzo de Michal Kwiatkowski de casi 6 minutos a 6,5W\/kg en la subida final de la Mil\u00e1n-San Remo 2019 despu\u00e9s de competir durante 7 horas ya. Son cifras realmente impresionantes, pero 2023 las supera por completo.<\/p>\n<p style=\"font-weight: 400;\">.<\/p>\n<h2><strong>Col de Marie Blanque<\/strong><\/h2>\n<p>En la etapa 5 del Tour de Francia 2023 vimos a Jonas Vingegaard dar rienda suelta a sus habilidades y protagonizar una de las mejores escaladas de su carrera. El Col de Marie Blanque es una subida de primera categor\u00eda de 7,8 km de longitud con una pendiente media del 8,4%, donde los 4,8 km finales tienen una media superior al 10%. He aqu\u00ed una comparaci\u00f3n de los datos de la misma subida realizada en 2020 por Poga\u010dar y las estimaciones de potencia de Vingegaard.<\/p>\n<p><strong>Poga\u010dar (2020): tiempo 24:28, potencia media 428w, 6,4W\/kg<\/strong><\/p>\n<p><strong>Vingegaard (2023): tiempo 22:56, ~6,9W\/kg<\/strong><\/p>\n<figure id=\"attachment_10236\" aria-describedby=\"caption-attachment-10236\" style=\"width: 1250px\" class=\"wp-caption alignnone\"><a href=\"https:\/\/d2p6e6u75xmxt8.cloudfront.net\/6\/2023\/09\/Vingegaard-profimedia-0787337751.webp\"><img loading=\"lazy\" decoding=\"async\" class=\"wp-image-10236 size-full\" src=\"https:\/\/d2p6e6u75xmxt8.cloudfront.net\/6\/2023\/09\/Vingegaard-profimedia-0787337751.webp\" alt=\"Jonas Vingegaard\" width=\"1250\" height=\"833\" srcset=\"https:\/\/d2p6e6u75xmxt8.cloudfront.net\/6\/2023\/09\/Vingegaard-profimedia-0787337751.webp 1250w, https:\/\/d2p6e6u75xmxt8.cloudfront.net\/6\/2023\/09\/Vingegaard-profimedia-0787337751-300x200.webp 300w, https:\/\/d2p6e6u75xmxt8.cloudfront.net\/6\/2023\/09\/Vingegaard-profimedia-0787337751-1024x682.webp 1024w, https:\/\/d2p6e6u75xmxt8.cloudfront.net\/6\/2023\/09\/Vingegaard-profimedia-0787337751-768x512.webp 768w, https:\/\/d2p6e6u75xmxt8.cloudfront.net\/6\/2023\/09\/Vingegaard-profimedia-0787337751-400x267.webp 400w, https:\/\/d2p6e6u75xmxt8.cloudfront.net\/6\/2023\/09\/Vingegaard-profimedia-0787337751-272x182.webp 272w\" sizes=\"auto, (max-width: 1250px) 100vw, 1250px\" \/><\/a><figcaption id=\"caption-attachment-10236\" class=\"wp-caption-text\">Vingegaard en Col de Marie Blanque. \u00a9 Profimedia<\/figcaption><\/figure>\n<h2><strong><br \/>\nCol du Tourmalet &amp; Cote de Cauterets<\/strong><\/h2>\n<p>Poga\u010dar no tuvo que esperar mucho para tener la oportunidad de lucirse porque la siguiente etapa inclu\u00eda la m\u00edtica subida al Col du Tourmalet y llegada en la Cote de Cauterets\/Cambasque. Con una longitud de 17 km, una pendiente media del 7,4% y una elevaci\u00f3n de 2.100 m, el Tourmalet se ha ganado el distintivo &#8220;Hors category&#8221;, que lo sit\u00faa entre las subidas m\u00e1s duras de las Grandes Vueltas. Vingegaard atac\u00f3 a 4,7 km de la cima, pero Poga\u010dar se qued\u00f3 con \u00e9l. Aqu\u00ed est\u00e1n los n\u00fameros aproximados de potencia de ambos en los \u00faltimos 4,7 km del Tourmalet.<\/p>\n<p><strong>Poga\u010dar: tiempo 13:19, potencia media ~449w, ~6,8W\/kg<\/strong><\/p>\n<p>Micha\u0142 Kwiatkowski fue el \u00fanico capaz de aguantar a Poga\u010dar y Vingegaard en la subida final a la Cote de Cauterets\/Cambasque. Lleg\u00f3 a rodar a 6,5 W\/kg antes de quedar descolgado. A unos 2,8 km de la meta, Poga\u010dar atac\u00f3 y descolg\u00f3 a Vingegaard para hacerse con la victoria de etapa.<\/p>\n<p><strong>Vingegaard: tiempo 13:24, ~6,6W\/kg<\/strong><\/p>\n<p><strong>Poga\u010dar: tiempo 13:00, ~6,7W\/kg<\/strong><\/p>\n<h2><strong>Puy du D\u00f4me<\/strong><\/h2>\n<p>Los n\u00fameros incre\u00edbles siguieron llegando en la 7\u00aa etapa con un final empinado en Puy du D\u00f4me que promedia un 11,5% en los \u00faltimos 4,5 km. Poga\u010dar lanz\u00f3 su ataque a falta de 1,3 km y esprint\u00f3 durante casi 30 segundos para abrir una hueco entre \u00e9l y Vingegaard. Consigui\u00f3 terminar 8 segundos por delante de su rival. Estos son los n\u00fameros aproximados de ambos en los 4,5 km finales.<\/p>\n<p><strong>Vingegaard: tiempo 14:54, ~6,8W\/kg<\/strong><\/p>\n<p><strong>Poga\u010dar: tiempo 14:46, ~6.9W\/kg<\/strong><\/p>\n<h2><strong>La era de los 7W\/kg<\/strong><\/h2>\n<p>La primera semana de carrera ha demostrado que Vingegaard y Poga\u010dar batieron r\u00e9cord de vatios en el Tour y son capaces de rodar a 6,9W\/kg durante 15 minutos hacia el final de una etapa de monta\u00f1a de 5 horas de duraci\u00f3n. Son cifras que muchos pensaban que no ser\u00edan posibles sin dopaje para mejorar el rendimiento. Realmente parece que estamos entrando en una nueva era del rendimiento ciclista.<\/p>\n<p>Lo \u00fanico m\u00e1s impresionante que los n\u00fameros aqu\u00ed mencionados puede ser la actuaci\u00f3n de otro mundo de Jonas Vingegaard durante la contrarreloj de la etapa 16 del Tour de Francia 2023. Lo analizaremos m\u00e1s detenidamente en el pr\u00f3ximo art\u00edculo de esta serie.<\/p>\n","protected":false},"excerpt":{"rendered":"<p>Los ciclistas profesionales est\u00e1n superando los l\u00edmites de lo que cre\u00edamos posible. Vingegaard y Poga\u010dar batieron r\u00e9cord de vatios en [&hellip;]<\/p>\n","protected":false},"author":29,"featured_media":10238,"comment_status":"open","ping_status":"open","sticky":false,"template":"","format":"standard","meta":{"footnotes":""},"categories":[7],"tags":[557],"global-categories":[],"class_list":["post-10235","post","type-post","status-publish","format-standard","has-post-thumbnail","hentry","category-carretera","tag-tour-de-francia"],"yoast_head":"<!-- This site is optimized with the Yoast SEO Premium plugin v25.3 (Yoast SEO v25.9) - https:\/\/yoast.com\/wordpress\/plugins\/seo\/ -->\n<title>Vingegaard y Pogacar batieron r\u00e9cord de vatios en el Tour<\/title>\n<meta name=\"description\" content=\"Vingegaard y Pogacar batieron r\u00e9cord de vatios en el Tour. An\u00e1lisis de la primera semana de carrera en Pirineos.\" \/>\n<meta name=\"robots\" content=\"index, follow, max-snippet:-1, max-image-preview:large, max-video-preview:-1\" \/>\n<link rel=\"canonical\" href=\"https:\/\/www.welovecycling.com\/es\/2023\/09\/03\/vingegaard-y-pogacar-batieron-record-vatios-tour\/\" \/>\n<meta property=\"og:locale\" content=\"es_ES\" \/>\n<meta property=\"og:type\" content=\"article\" \/>\n<meta property=\"og:title\" content=\"Vingegaard y Pogacar batieron r\u00e9cord de vatios en el Tour\" \/>\n<meta property=\"og:description\" content=\"Vingegaard y Pogacar batieron r\u00e9cord de vatios en el Tour. An\u00e1lisis de la primera semana de carrera en Pirineos.\" \/>\n<meta property=\"og:url\" content=\"https:\/\/www.welovecycling.com\/es\/2023\/09\/03\/vingegaard-y-pogacar-batieron-record-vatios-tour\/\" \/>\n<meta property=\"og:site_name\" content=\"\u0160koda We Love Cycling - Spain\" \/>\n<meta property=\"article:published_time\" content=\"2023-09-03T10:28:17+00:00\" \/>\n<meta property=\"og:image\" content=\"https:\/\/d2p6e6u75xmxt8.cloudfront.net\/6\/2023\/09\/Pogacar-Vingegaard-profimedia-0791394524-CVR.webp\" \/>\n\t<meta property=\"og:image:width\" content=\"990\" \/>\n\t<meta property=\"og:image:height\" content=\"660\" \/>\n\t<meta property=\"og:image:type\" content=\"image\/webp\" \/>\n<meta name=\"author\" content=\"We Love Cycling Spain\" \/>\n<meta name=\"twitter:card\" content=\"summary_large_image\" \/>\n<meta name=\"twitter:description\" content=\"Vingegaard y Pogacar batieron r\u00e9cord de vatios en el Tour. An\u00e1lisis de la primera semana de carrera en Pirineos.\" \/>\n<meta name=\"twitter:label1\" content=\"Written by\" \/>\n\t<meta name=\"twitter:data1\" content=\"Jiri Kaloc\" \/>\n\t<meta name=\"twitter:label2\" content=\"Est. reading time\" \/>\n\t<meta name=\"twitter:data2\" content=\"4\" \/>\n<script type=\"application\/ld+json\" class=\"yoast-schema-graph\">{\"@context\":\"https:\/\/schema.org\",\"@graph\":[{\"@type\":\"WebPage\",\"@id\":\"https:\/\/www.welovecycling.com\/es\/2023\/09\/03\/vingegaard-y-pogacar-batieron-record-vatios-tour\/\",\"url\":\"https:\/\/www.welovecycling.com\/es\/2023\/09\/03\/vingegaard-y-pogacar-batieron-record-vatios-tour\/\",\"name\":\"Vingegaard y Pogacar batieron r\u00e9cord de vatios en el Tour\",\"isPartOf\":{\"@id\":\"https:\/\/www.welovecycling.com\/es\/#website\"},\"primaryImageOfPage\":{\"@id\":\"https:\/\/www.welovecycling.com\/es\/2023\/09\/03\/vingegaard-y-pogacar-batieron-record-vatios-tour\/#primaryimage\"},\"image\":{\"@id\":\"https:\/\/www.welovecycling.com\/es\/2023\/09\/03\/vingegaard-y-pogacar-batieron-record-vatios-tour\/#primaryimage\"},\"thumbnailUrl\":\"https:\/\/d2p6e6u75xmxt8.cloudfront.net\/6\/2023\/09\/Pogacar-Vingegaard-profimedia-0791394524-CVR.webp\",\"datePublished\":\"2023-09-03T10:28:17+00:00\",\"author\":{\"@id\":\"https:\/\/www.welovecycling.com\/es\/#\/schema\/person\/deb61715b5812698ee79fb96f343ccd4\"},\"description\":\"Vingegaard y Pogacar batieron r\u00e9cord de vatios en el Tour. An\u00e1lisis de la primera semana de carrera en Pirineos.\",\"breadcrumb\":{\"@id\":\"https:\/\/www.welovecycling.com\/es\/2023\/09\/03\/vingegaard-y-pogacar-batieron-record-vatios-tour\/#breadcrumb\"},\"inLanguage\":\"es-ES\",\"potentialAction\":[{\"@type\":\"ReadAction\",\"target\":[\"https:\/\/www.welovecycling.com\/es\/2023\/09\/03\/vingegaard-y-pogacar-batieron-record-vatios-tour\/\"]}]},{\"@type\":\"ImageObject\",\"inLanguage\":\"es-ES\",\"@id\":\"https:\/\/www.welovecycling.com\/es\/2023\/09\/03\/vingegaard-y-pogacar-batieron-record-vatios-tour\/#primaryimage\",\"url\":\"https:\/\/d2p6e6u75xmxt8.cloudfront.net\/6\/2023\/09\/Pogacar-Vingegaard-profimedia-0791394524-CVR.webp\",\"contentUrl\":\"https:\/\/d2p6e6u75xmxt8.cloudfront.net\/6\/2023\/09\/Pogacar-Vingegaard-profimedia-0791394524-CVR.webp\",\"width\":990,\"height\":660,\"caption\":\"Poga\u010dar and Vingegaard\"},{\"@type\":\"BreadcrumbList\",\"@id\":\"https:\/\/www.welovecycling.com\/es\/2023\/09\/03\/vingegaard-y-pogacar-batieron-record-vatios-tour\/#breadcrumb\",\"itemListElement\":[{\"@type\":\"ListItem\",\"position\":1,\"name\":\"Home\",\"item\":\"https:\/\/www.welovecycling.com\/es\/\"},{\"@type\":\"ListItem\",\"position\":2,\"name\":\"Vingegaard y Pogacar batieron r\u00e9cord de vatios en el Tour\"}]},{\"@type\":\"WebSite\",\"@id\":\"https:\/\/www.welovecycling.com\/es\/#website\",\"url\":\"https:\/\/www.welovecycling.com\/es\/\",\"name\":\"\u0160koda We Love Cycling - Spain\",\"description\":\"\u0160koda WeLoveCycling Spain\",\"potentialAction\":[{\"@type\":\"SearchAction\",\"target\":{\"@type\":\"EntryPoint\",\"urlTemplate\":\"https:\/\/www.welovecycling.com\/es\/?s={search_term_string}\"},\"query-input\":{\"@type\":\"PropertyValueSpecification\",\"valueRequired\":true,\"valueName\":\"search_term_string\"}}],\"inLanguage\":\"es-ES\"},{\"@type\":\"Person\",\"@id\":\"https:\/\/www.welovecycling.com\/es\/#\/schema\/person\/deb61715b5812698ee79fb96f343ccd4\",\"name\":\"We Love Cycling Spain\",\"image\":{\"@type\":\"ImageObject\",\"inLanguage\":\"es-ES\",\"@id\":\"https:\/\/www.welovecycling.com\/es\/#\/schema\/person\/image\/\",\"url\":\"https:\/\/secure.gravatar.com\/avatar\/c824b04e6df0e37a03219d0b6481672889df542894588964102459e46513159c?s=96&d=mm&r=g\",\"contentUrl\":\"https:\/\/secure.gravatar.com\/avatar\/c824b04e6df0e37a03219d0b6481672889df542894588964102459e46513159c?s=96&d=mm&r=g\",\"caption\":\"We Love Cycling Spain\"},\"url\":\"https:\/\/www.welovecycling.com\/es\/author\/amunoz\/\"}]}<\/script>\n<!-- \/ Yoast SEO Premium plugin. -->","yoast_head_json":{"title":"Vingegaard y Pogacar batieron r\u00e9cord de vatios en el Tour","description":"Vingegaard y Pogacar batieron r\u00e9cord de vatios en el Tour. An\u00e1lisis de la primera semana de carrera en Pirineos.","robots":{"index":"index","follow":"follow","max-snippet":"max-snippet:-1","max-image-preview":"max-image-preview:large","max-video-preview":"max-video-preview:-1"},"canonical":"https:\/\/www.welovecycling.com\/es\/2023\/09\/03\/vingegaard-y-pogacar-batieron-record-vatios-tour\/","og_locale":"es_ES","og_type":"article","og_title":"Vingegaard y Pogacar batieron r\u00e9cord de vatios en el Tour","og_description":"Vingegaard y Pogacar batieron r\u00e9cord de vatios en el Tour. An\u00e1lisis de la primera semana de carrera en Pirineos.","og_url":"https:\/\/www.welovecycling.com\/es\/2023\/09\/03\/vingegaard-y-pogacar-batieron-record-vatios-tour\/","og_site_name":"\u0160koda We Love Cycling - Spain","article_published_time":"2023-09-03T10:28:17+00:00","og_image":[{"width":990,"height":660,"url":"https:\/\/d2p6e6u75xmxt8.cloudfront.net\/6\/2023\/09\/Pogacar-Vingegaard-profimedia-0791394524-CVR.webp","type":"image\/webp"}],"author":"We Love Cycling Spain","twitter_card":"summary_large_image","twitter_description":"Vingegaard y Pogacar batieron r\u00e9cord de vatios en el Tour. An\u00e1lisis de la primera semana de carrera en Pirineos.","twitter_misc":{"Written by":"Jiri Kaloc","Est. reading time":"4"},"schema":{"@context":"https:\/\/schema.org","@graph":[{"@type":"WebPage","@id":"https:\/\/www.welovecycling.com\/es\/2023\/09\/03\/vingegaard-y-pogacar-batieron-record-vatios-tour\/","url":"https:\/\/www.welovecycling.com\/es\/2023\/09\/03\/vingegaard-y-pogacar-batieron-record-vatios-tour\/","name":"Vingegaard y Pogacar batieron r\u00e9cord de vatios en el Tour","isPartOf":{"@id":"https:\/\/www.welovecycling.com\/es\/#website"},"primaryImageOfPage":{"@id":"https:\/\/www.welovecycling.com\/es\/2023\/09\/03\/vingegaard-y-pogacar-batieron-record-vatios-tour\/#primaryimage"},"image":{"@id":"https:\/\/www.welovecycling.com\/es\/2023\/09\/03\/vingegaard-y-pogacar-batieron-record-vatios-tour\/#primaryimage"},"thumbnailUrl":"https:\/\/d2p6e6u75xmxt8.cloudfront.net\/6\/2023\/09\/Pogacar-Vingegaard-profimedia-0791394524-CVR.webp","datePublished":"2023-09-03T10:28:17+00:00","author":{"@id":"https:\/\/www.welovecycling.com\/es\/#\/schema\/person\/deb61715b5812698ee79fb96f343ccd4"},"description":"Vingegaard y Pogacar batieron r\u00e9cord de vatios en el Tour. An\u00e1lisis de la primera semana de carrera en Pirineos.","breadcrumb":{"@id":"https:\/\/www.welovecycling.com\/es\/2023\/09\/03\/vingegaard-y-pogacar-batieron-record-vatios-tour\/#breadcrumb"},"inLanguage":"es-ES","potentialAction":[{"@type":"ReadAction","target":["https:\/\/www.welovecycling.com\/es\/2023\/09\/03\/vingegaard-y-pogacar-batieron-record-vatios-tour\/"]}]},{"@type":"ImageObject","inLanguage":"es-ES","@id":"https:\/\/www.welovecycling.com\/es\/2023\/09\/03\/vingegaard-y-pogacar-batieron-record-vatios-tour\/#primaryimage","url":"https:\/\/d2p6e6u75xmxt8.cloudfront.net\/6\/2023\/09\/Pogacar-Vingegaard-profimedia-0791394524-CVR.webp","contentUrl":"https:\/\/d2p6e6u75xmxt8.cloudfront.net\/6\/2023\/09\/Pogacar-Vingegaard-profimedia-0791394524-CVR.webp","width":990,"height":660,"caption":"Poga\u010dar and Vingegaard"},{"@type":"BreadcrumbList","@id":"https:\/\/www.welovecycling.com\/es\/2023\/09\/03\/vingegaard-y-pogacar-batieron-record-vatios-tour\/#breadcrumb","itemListElement":[{"@type":"ListItem","position":1,"name":"Home","item":"https:\/\/www.welovecycling.com\/es\/"},{"@type":"ListItem","position":2,"name":"Vingegaard y Pogacar batieron r\u00e9cord de vatios en el Tour"}]},{"@type":"WebSite","@id":"https:\/\/www.welovecycling.com\/es\/#website","url":"https:\/\/www.welovecycling.com\/es\/","name":"\u0160koda We Love Cycling - Spain","description":"\u0160koda WeLoveCycling Spain","potentialAction":[{"@type":"SearchAction","target":{"@type":"EntryPoint","urlTemplate":"https:\/\/www.welovecycling.com\/es\/?s={search_term_string}"},"query-input":{"@type":"PropertyValueSpecification","valueRequired":true,"valueName":"search_term_string"}}],"inLanguage":"es-ES"},{"@type":"Person","@id":"https:\/\/www.welovecycling.com\/es\/#\/schema\/person\/deb61715b5812698ee79fb96f343ccd4","name":"We Love Cycling Spain","image":{"@type":"ImageObject","inLanguage":"es-ES","@id":"https:\/\/www.welovecycling.com\/es\/#\/schema\/person\/image\/","url":"https:\/\/secure.gravatar.com\/avatar\/c824b04e6df0e37a03219d0b6481672889df542894588964102459e46513159c?s=96&d=mm&r=g","contentUrl":"https:\/\/secure.gravatar.com\/avatar\/c824b04e6df0e37a03219d0b6481672889df542894588964102459e46513159c?s=96&d=mm&r=g","caption":"We Love Cycling Spain"},"url":"https:\/\/www.welovecycling.com\/es\/author\/amunoz\/"}]}},"_links":{"self":[{"href":"https:\/\/www.welovecycling.com\/es\/wp-json\/wp\/v2\/posts\/10235","targetHints":{"allow":["GET"]}}],"collection":[{"href":"https:\/\/www.welovecycling.com\/es\/wp-json\/wp\/v2\/posts"}],"about":[{"href":"https:\/\/www.welovecycling.com\/es\/wp-json\/wp\/v2\/types\/post"}],"author":[{"embeddable":true,"href":"https:\/\/www.welovecycling.com\/es\/wp-json\/wp\/v2\/users\/29"}],"replies":[{"embeddable":true,"href":"https:\/\/www.welovecycling.com\/es\/wp-json\/wp\/v2\/comments?post=10235"}],"version-history":[{"count":2,"href":"https:\/\/www.welovecycling.com\/es\/wp-json\/wp\/v2\/posts\/10235\/revisions"}],"predecessor-version":[{"id":10239,"href":"https:\/\/www.welovecycling.com\/es\/wp-json\/wp\/v2\/posts\/10235\/revisions\/10239"}],"wp:featuredmedia":[{"embeddable":true,"href":"https:\/\/www.welovecycling.com\/es\/wp-json\/wp\/v2\/media\/10238"}],"wp:attachment":[{"href":"https:\/\/www.welovecycling.com\/es\/wp-json\/wp\/v2\/media?parent=10235"}],"wp:term":[{"taxonomy":"category","embeddable":true,"href":"https:\/\/www.welovecycling.com\/es\/wp-json\/wp\/v2\/categories?post=10235"},{"taxonomy":"post_tag","embeddable":true,"href":"https:\/\/www.welovecycling.com\/es\/wp-json\/wp\/v2\/tags?post=10235"},{"taxonomy":"global-categories","embeddable":true,"href":"https:\/\/www.welovecycling.com\/es\/wp-json\/wp\/v2\/global-categories?post=10235"}],"curies":[{"name":"wp","href":"https:\/\/api.w.org\/{rel}","templated":true}]}}