{"id":10195,"date":"2023-08-15T16:31:37","date_gmt":"2023-08-15T14:31:37","guid":{"rendered":"https:\/\/www.welovecycling.com\/es\/?p=10195"},"modified":"2023-08-15T16:31:37","modified_gmt":"2023-08-15T14:31:37","slug":"mundiales-glasgow-2023","status":"publish","type":"post","link":"https:\/\/www.welovecycling.com\/es\/2023\/08\/15\/mundiales-glasgow-2023\/","title":{"rendered":"Luces y sombras de los Mundiales de Glasgow 2023"},"content":{"rendered":"<p style=\"font-weight: 400;\"><strong>Creo que es justo decir que Mathieu van der Poel sali\u00f3 de los Campeonatos del Mundo de la UCI con sentimientos encontrados. El 2 de agosto tuvo un brillante \u00e9xito en la carrera en ruta \u00e9lite masculina, en la que se sobrepuso a una ca\u00edda para hacerse con una impresionante victoria, muy por delante de Wout van Aert y <a href=\"https:\/\/www.welovecycling.com\/es\/2023\/01\/27\/clasica-jaen-2023-pogacar-y-gran-fondo\/\">Tadej Poga\u010dar<\/a>. Diez d\u00edas m\u00e1s tarde, sufri\u00f3 una desastrosa ca\u00edda, a los 3 minutos de empezar la carrera, en el bucle inicial de la carrera ol\u00edmpica de cross-country en bicicleta de monta\u00f1a, de la que no pudo recuperarse. Estas son las luces y sombras de los Mundiales de Glasgow 2023.<\/strong><\/p>\n<p><!--more--><\/p>\n<p>&#8220;No me encuentro muy bien en estos momentos&#8221;, <a href=\"https:\/\/www.cyclingnews.com\/news\/mathieu-van-der-poel-crashes-out-of-mtb-world-championship-on-start-lap\/\">declar\u00f3 a NOS el todoterreno holand\u00e9s<\/a>. &#8220;Me ca\u00ed por el mismo lado que en la carrera de carretera. Mi rueda delantera resbal\u00f3 en una parte relativamente f\u00e1cil de la pista. Es culpa m\u00eda. Tampoco puedo decir mucho al respecto, aparte de estar enfadado conmigo mismo. Es una pena que un periodo tan agradable sobre la bici haya terminado de una forma tan est\u00fapida&#8221;.<\/p>\n<p>Podr\u00eda ser que la dif\u00edcil y agotadora carrera en carretera de diez d\u00edas antes le hubiera quitado algo de agudeza. Ciertamente tuvo ese efecto en Van Aert y Poga\u010dar. El belga no se mostr\u00f3 tan r\u00e1pido como de costumbre nueve d\u00edas despu\u00e9s de la carrera en ruta, cuando termin\u00f3 quinto en la crono individual, a 1:37 del ganador Remco Evenepoel, mientras que el esloveno, dos veces ganador del Tour de Francia, termin\u00f3 en una distante 21\u00aa posici\u00f3n, a 3:05 &#8220;No puedo estar satisfecho con el resultado de hoy&#8221;, declar\u00f3 Poga\u010dar a Eurosport. &#8220;Pero el domingo lo dej\u00e9 todo en la carretera&#8221;.<\/p>\n<p style=\"font-weight: 400;\">Filippo Ganna termin\u00f3 segundo en el crono individual, a 12 segundos, y el gal\u00e9s Joshua Tarling, de 19 a\u00f1os, fue tercero, a 48 segundos. Evenepoel gan\u00f3 la crono a pesar de su participaci\u00f3n en la carrera en ruta, pero en un momento dado se dio cuenta de que el recorrido, con sus numerosos giros y curvas, no le conven\u00eda y, sabiamente, levant\u00f3 el pie del acelerador para reservarse para la contrarreloj. Termin\u00f3 en un lejano 25\u00ba puesto, a 10:10 de Van der Poel. A muchos corredores no les gust\u00f3 ese recorrido, sobre todo la segunda parte de la carrera, que discurr\u00eda por el centro de Glasgow. Pero result\u00f3 ser extremadamente selectivo y nos proporcion\u00f3 un podio en el que estaban los tres mejores corredores del mundo. Las mujeres recorrieron el mismo trazado de Glasgow, aunque s\u00f3lo seis vueltas a ese tramo de 14,3 km, frente a las 11 vueltas que tuvieron que dar los hombres en los Mundiales de Glasgow 2023.<\/p>\n<div class=\"embed-controller-wrapper\">\n<blockquote class=\"twitter-tweet\" data-width=\"500\" data-dnt=\"true\">\n<p lang=\"en\" dir=\"ltr\">Completed it \u2705<\/p>\n<p>Over 200 Rainbow Jersey&#39;s Awarded. <br \/>Over 11 Incredible Days. <br \/>Simply Incredible.<a href=\"https:\/\/twitter.com\/hashtag\/GlasgowScotland2023?src=hash&amp;ref_src=twsrc%5Etfw\">#GlasgowScotland2023<\/a> <a href=\"https:\/\/t.co\/WUkXr6kFD0\">pic.twitter.com\/WUkXr6kFD0<\/a><\/p>\n<p>&mdash; 2023 UCI Cycling World Championships (@CyclingWorlds) <a href=\"https:\/\/twitter.com\/CyclingWorlds\/status\/1690814408346259456?ref_src=twsrc%5Etfw\">August 13, 2023<\/a><\/p><\/blockquote>\n<p><script async data-src=\"https:\/\/platform.twitter.com\/widgets.js\" charset=\"utf-8\"><\/script><\/div>\n<p>La carrera del campeonato de cross-country MTB de los Mundiales de Glasgow 2023 en la que se estrell\u00f3 Van der Poel fue ganada por otro corredor multidisciplinar, Tom Pidcock, que no particip\u00f3 en la carrera de carretera. Peter Sagan, que abandona la carretera para dedicarse a la BTT, tendr\u00e1 que trabajar en sus habilidades con la bicicleta de monta\u00f1a. Termin\u00f3 63\u00ba, a 7:14 de Pidcock.<\/p>\n<p>Para Lotte Kopecky, en cambio, han sido unos campeonatos del mundo hist\u00f3ricos. Gan\u00f3 dos medallas de oro en pista y una de bronce, y el \u00faltimo d\u00eda del evento se convirti\u00f3 en la Campeona del Mundo \u00c9lite Femenina de Carreras en Ruta 2023 en una carrera que fue incluso m\u00e1s emocionante que la masculina. El movimiento decisivo se produjo a s\u00f3lo 5 km de la l\u00ednea de meta, en la pen\u00faltima de las muchas subidas cortas y empinadas del recorrido, cuando se escap\u00f3 de la danesa Cecilie Uttrupp Ludwig. Lo realmente impresionante de la actuaci\u00f3n de Kopecky es que su grand slam de campeonatos del mundo lleg\u00f3 menos de dos semanas despu\u00e9s de completar el Tour de Francia Femenino, en el que gan\u00f3 el Maillot Verde \u0160koda y termin\u00f3 segunda en la clasificaci\u00f3n general.<\/p>\n<p>&#8220;Ha sido un a\u00f1o incre\u00edble&#8221;, declar\u00f3 Kopecky con l\u00e1grimas en los ojos a Eurosport tras la carrera. No creo que ning\u00fan ciclista, hombre o mujer, haya tenido un a\u00f1o m\u00e1s exitoso que la belga de 27 a\u00f1os. &#8220;Ha sido un sue\u00f1o hecho realidad&#8221;, a\u00f1adi\u00f3. &#8220;Espero poder disfrutar de las rayas arco iris [del maillot de campe\u00f3n del mundo] el a\u00f1o que viene. Ser tricampe\u00f3n del mundo es una locura&#8221;. Demi Vollering, compa\u00f1era de equipo de Kopecky en el SD Worx, termin\u00f3 segunda tras superar a Ludwig en un sprint hasta la l\u00ednea de meta.<\/p>\n<p>La prueba femenina sub23 del Campeonato del Mundo de fondo en carretera se disput\u00f3 junto con la de las mujeres Elite, y fue ganada por la h\u00fangara Blanka Vas, que se mostr\u00f3 encantada con la medalla de oro, pero declar\u00f3 tras la carrera: &#8220;No tengo la sensaci\u00f3n de haber ganado porque no cruc\u00e9 la l\u00ednea de meta la primera&#8221;. De hecho, fue la und\u00e9cima corredora en cruzar la meta, a 4:34 de la ganadora. Continu\u00f3 diciendo que le gustar\u00eda que las mujeres sub23 tuvieran su propia carrera, al igual que las mujeres Elite y las Juniors, de 18 a\u00f1os o menos. Al parecer, est\u00e1 previsto para 2025.<\/p>\n<p>Los Mundiales de Glasgow 2023 tambi\u00e9n fueron un \u00e9xito para Pauline Ferrand-Pr\u00e9vot. La francesa de 31 a\u00f1os domin\u00f3 la competici\u00f3n de MTB Cross-country de \u00e9lite femenina, ganando el oro tanto en la prueba de pista corta como en la ol\u00edmpica, con lo que suma un total de siete campeonatos del mundo de MTB en su carrera.<\/p>\n<p style=\"font-weight: 400;\">Los Mundiales de Glasgow 2023 fueron los primeros de ciclismo multidisciplinar de la historia con un aut\u00e9ntico circo de tres pistas del deporte de la bicicleta, que ofreci\u00f3 medallas en 13 categor\u00edas: carretera, pista, paraciclismo en pista y carretera, descenso en BTT, cross-country y marat\u00f3n cross-country y BMX. Los campeonatos del mundo del a\u00f1o que viene, que se celebrar\u00e1n del 21 al 29 de septiembre en la ciudad y cant\u00f3n suizos de Z\u00farich, no ser\u00e1n tan suntuosos, ya que volver\u00e1n a limitarse a las carreras por medallas en carretera y paraciclismo.<\/p>\n","protected":false},"excerpt":{"rendered":"<p>Creo que es justo decir que Mathieu van der Poel sali\u00f3 de los Campeonatos del Mundo de la UCI con [&hellip;]<\/p>\n","protected":false},"author":29,"featured_media":10197,"comment_status":"open","ping_status":"open","sticky":false,"template":"","format":"standard","meta":{"footnotes":""},"categories":[7],"tags":[],"global-categories":[],"class_list":["post-10195","post","type-post","status-publish","format-standard","has-post-thumbnail","hentry","category-carretera"],"yoast_head":"<!-- This site is optimized with the Yoast SEO Premium plugin v25.3 (Yoast SEO v25.9) - https:\/\/yoast.com\/wordpress\/plugins\/seo\/ -->\n<title>Luces y sombras de los Mundiales de Glasgow 2023<\/title>\n<meta name=\"description\" content=\"Luces y sombras de los Mundiales de Glasgow 2023. An\u00e1lisis de lo que sucedi\u00f3 en la competici\u00f3n de los primeros mundiales multidisciplinares.\" \/>\n<meta name=\"robots\" content=\"index, follow, max-snippet:-1, max-image-preview:large, max-video-preview:-1\" \/>\n<link rel=\"canonical\" href=\"https:\/\/www.welovecycling.com\/es\/2023\/08\/15\/mundiales-glasgow-2023\/\" \/>\n<meta property=\"og:locale\" content=\"es_ES\" \/>\n<meta property=\"og:type\" content=\"article\" \/>\n<meta property=\"og:title\" content=\"Luces y sombras de los Mundiales de Glasgow 2023\" \/>\n<meta property=\"og:description\" content=\"Luces y sombras de los Mundiales de Glasgow 2023. An\u00e1lisis de lo que sucedi\u00f3 en la competici\u00f3n de los primeros mundiales multidisciplinares.\" \/>\n<meta property=\"og:url\" content=\"https:\/\/www.welovecycling.com\/es\/2023\/08\/15\/mundiales-glasgow-2023\/\" \/>\n<meta property=\"og:site_name\" content=\"\u0160koda We Love Cycling - Spain\" \/>\n<meta property=\"article:published_time\" content=\"2023-08-15T14:31:37+00:00\" \/>\n<meta property=\"og:image\" content=\"https:\/\/d2p6e6u75xmxt8.cloudfront.net\/6\/2023\/08\/Lotte-Kopecky-UCI-Worlds-profimedia-0796751176-CVR.webp\" \/>\n\t<meta property=\"og:image:width\" content=\"990\" \/>\n\t<meta property=\"og:image:height\" content=\"660\" \/>\n\t<meta property=\"og:image:type\" content=\"image\/webp\" \/>\n<meta name=\"author\" content=\"We Love Cycling Spain\" \/>\n<meta name=\"twitter:card\" content=\"summary_large_image\" \/>\n<meta name=\"twitter:description\" content=\"Luces y sombras de los Mundiales de Glasgow 2023. An\u00e1lisis de lo que sucedi\u00f3 en la competici\u00f3n de los primeros mundiales multidisciplinares.\" \/>\n<meta name=\"twitter:label1\" content=\"Written by\" \/>\n\t<meta name=\"twitter:data1\" content=\"Siegfried Mortkowitz\" \/>\n\t<meta name=\"twitter:label2\" content=\"Est. reading time\" \/>\n\t<meta name=\"twitter:data2\" content=\"4\" \/>\n<script type=\"application\/ld+json\" class=\"yoast-schema-graph\">{\"@context\":\"https:\/\/schema.org\",\"@graph\":[{\"@type\":\"WebPage\",\"@id\":\"https:\/\/www.welovecycling.com\/es\/2023\/08\/15\/mundiales-glasgow-2023\/\",\"url\":\"https:\/\/www.welovecycling.com\/es\/2023\/08\/15\/mundiales-glasgow-2023\/\",\"name\":\"Luces y sombras de los Mundiales de Glasgow 2023\",\"isPartOf\":{\"@id\":\"https:\/\/www.welovecycling.com\/es\/#website\"},\"primaryImageOfPage\":{\"@id\":\"https:\/\/www.welovecycling.com\/es\/2023\/08\/15\/mundiales-glasgow-2023\/#primaryimage\"},\"image\":{\"@id\":\"https:\/\/www.welovecycling.com\/es\/2023\/08\/15\/mundiales-glasgow-2023\/#primaryimage\"},\"thumbnailUrl\":\"https:\/\/d2p6e6u75xmxt8.cloudfront.net\/6\/2023\/08\/Lotte-Kopecky-UCI-Worlds-profimedia-0796751176-CVR.webp\",\"datePublished\":\"2023-08-15T14:31:37+00:00\",\"author\":{\"@id\":\"https:\/\/www.welovecycling.com\/es\/#\/schema\/person\/deb61715b5812698ee79fb96f343ccd4\"},\"description\":\"Luces y sombras de los Mundiales de Glasgow 2023. An\u00e1lisis de lo que sucedi\u00f3 en la competici\u00f3n de los primeros mundiales multidisciplinares.\",\"breadcrumb\":{\"@id\":\"https:\/\/www.welovecycling.com\/es\/2023\/08\/15\/mundiales-glasgow-2023\/#breadcrumb\"},\"inLanguage\":\"es-ES\",\"potentialAction\":[{\"@type\":\"ReadAction\",\"target\":[\"https:\/\/www.welovecycling.com\/es\/2023\/08\/15\/mundiales-glasgow-2023\/\"]}]},{\"@type\":\"ImageObject\",\"inLanguage\":\"es-ES\",\"@id\":\"https:\/\/www.welovecycling.com\/es\/2023\/08\/15\/mundiales-glasgow-2023\/#primaryimage\",\"url\":\"https:\/\/d2p6e6u75xmxt8.cloudfront.net\/6\/2023\/08\/Lotte-Kopecky-UCI-Worlds-profimedia-0796751176-CVR.webp\",\"contentUrl\":\"https:\/\/d2p6e6u75xmxt8.cloudfront.net\/6\/2023\/08\/Lotte-Kopecky-UCI-Worlds-profimedia-0796751176-CVR.webp\",\"width\":990,\"height\":660,\"caption\":\"UCI Cycling World Championships\"},{\"@type\":\"BreadcrumbList\",\"@id\":\"https:\/\/www.welovecycling.com\/es\/2023\/08\/15\/mundiales-glasgow-2023\/#breadcrumb\",\"itemListElement\":[{\"@type\":\"ListItem\",\"position\":1,\"name\":\"Home\",\"item\":\"https:\/\/www.welovecycling.com\/es\/\"},{\"@type\":\"ListItem\",\"position\":2,\"name\":\"Luces y sombras de los Mundiales de Glasgow 2023\"}]},{\"@type\":\"WebSite\",\"@id\":\"https:\/\/www.welovecycling.com\/es\/#website\",\"url\":\"https:\/\/www.welovecycling.com\/es\/\",\"name\":\"\u0160koda We Love Cycling - Spain\",\"description\":\"\u0160koda WeLoveCycling Spain\",\"potentialAction\":[{\"@type\":\"SearchAction\",\"target\":{\"@type\":\"EntryPoint\",\"urlTemplate\":\"https:\/\/www.welovecycling.com\/es\/?s={search_term_string}\"},\"query-input\":{\"@type\":\"PropertyValueSpecification\",\"valueRequired\":true,\"valueName\":\"search_term_string\"}}],\"inLanguage\":\"es-ES\"},{\"@type\":\"Person\",\"@id\":\"https:\/\/www.welovecycling.com\/es\/#\/schema\/person\/deb61715b5812698ee79fb96f343ccd4\",\"name\":\"We Love Cycling Spain\",\"image\":{\"@type\":\"ImageObject\",\"inLanguage\":\"es-ES\",\"@id\":\"https:\/\/www.welovecycling.com\/es\/#\/schema\/person\/image\/\",\"url\":\"https:\/\/secure.gravatar.com\/avatar\/c824b04e6df0e37a03219d0b6481672889df542894588964102459e46513159c?s=96&d=mm&r=g\",\"contentUrl\":\"https:\/\/secure.gravatar.com\/avatar\/c824b04e6df0e37a03219d0b6481672889df542894588964102459e46513159c?s=96&d=mm&r=g\",\"caption\":\"We Love Cycling Spain\"},\"url\":\"https:\/\/www.welovecycling.com\/es\/author\/amunoz\/\"}]}<\/script>\n<!-- \/ Yoast SEO Premium plugin. -->","yoast_head_json":{"title":"Luces y sombras de los Mundiales de Glasgow 2023","description":"Luces y sombras de los Mundiales de Glasgow 2023. An\u00e1lisis de lo que sucedi\u00f3 en la competici\u00f3n de los primeros mundiales multidisciplinares.","robots":{"index":"index","follow":"follow","max-snippet":"max-snippet:-1","max-image-preview":"max-image-preview:large","max-video-preview":"max-video-preview:-1"},"canonical":"https:\/\/www.welovecycling.com\/es\/2023\/08\/15\/mundiales-glasgow-2023\/","og_locale":"es_ES","og_type":"article","og_title":"Luces y sombras de los Mundiales de Glasgow 2023","og_description":"Luces y sombras de los Mundiales de Glasgow 2023. An\u00e1lisis de lo que sucedi\u00f3 en la competici\u00f3n de los primeros mundiales multidisciplinares.","og_url":"https:\/\/www.welovecycling.com\/es\/2023\/08\/15\/mundiales-glasgow-2023\/","og_site_name":"\u0160koda We Love Cycling - Spain","article_published_time":"2023-08-15T14:31:37+00:00","og_image":[{"width":990,"height":660,"url":"https:\/\/d2p6e6u75xmxt8.cloudfront.net\/6\/2023\/08\/Lotte-Kopecky-UCI-Worlds-profimedia-0796751176-CVR.webp","type":"image\/webp"}],"author":"We Love Cycling Spain","twitter_card":"summary_large_image","twitter_description":"Luces y sombras de los Mundiales de Glasgow 2023. An\u00e1lisis de lo que sucedi\u00f3 en la competici\u00f3n de los primeros mundiales multidisciplinares.","twitter_misc":{"Written by":"Siegfried Mortkowitz","Est. reading time":"4"},"schema":{"@context":"https:\/\/schema.org","@graph":[{"@type":"WebPage","@id":"https:\/\/www.welovecycling.com\/es\/2023\/08\/15\/mundiales-glasgow-2023\/","url":"https:\/\/www.welovecycling.com\/es\/2023\/08\/15\/mundiales-glasgow-2023\/","name":"Luces y sombras de los Mundiales de Glasgow 2023","isPartOf":{"@id":"https:\/\/www.welovecycling.com\/es\/#website"},"primaryImageOfPage":{"@id":"https:\/\/www.welovecycling.com\/es\/2023\/08\/15\/mundiales-glasgow-2023\/#primaryimage"},"image":{"@id":"https:\/\/www.welovecycling.com\/es\/2023\/08\/15\/mundiales-glasgow-2023\/#primaryimage"},"thumbnailUrl":"https:\/\/d2p6e6u75xmxt8.cloudfront.net\/6\/2023\/08\/Lotte-Kopecky-UCI-Worlds-profimedia-0796751176-CVR.webp","datePublished":"2023-08-15T14:31:37+00:00","author":{"@id":"https:\/\/www.welovecycling.com\/es\/#\/schema\/person\/deb61715b5812698ee79fb96f343ccd4"},"description":"Luces y sombras de los Mundiales de Glasgow 2023. An\u00e1lisis de lo que sucedi\u00f3 en la competici\u00f3n de los primeros mundiales multidisciplinares.","breadcrumb":{"@id":"https:\/\/www.welovecycling.com\/es\/2023\/08\/15\/mundiales-glasgow-2023\/#breadcrumb"},"inLanguage":"es-ES","potentialAction":[{"@type":"ReadAction","target":["https:\/\/www.welovecycling.com\/es\/2023\/08\/15\/mundiales-glasgow-2023\/"]}]},{"@type":"ImageObject","inLanguage":"es-ES","@id":"https:\/\/www.welovecycling.com\/es\/2023\/08\/15\/mundiales-glasgow-2023\/#primaryimage","url":"https:\/\/d2p6e6u75xmxt8.cloudfront.net\/6\/2023\/08\/Lotte-Kopecky-UCI-Worlds-profimedia-0796751176-CVR.webp","contentUrl":"https:\/\/d2p6e6u75xmxt8.cloudfront.net\/6\/2023\/08\/Lotte-Kopecky-UCI-Worlds-profimedia-0796751176-CVR.webp","width":990,"height":660,"caption":"UCI Cycling World Championships"},{"@type":"BreadcrumbList","@id":"https:\/\/www.welovecycling.com\/es\/2023\/08\/15\/mundiales-glasgow-2023\/#breadcrumb","itemListElement":[{"@type":"ListItem","position":1,"name":"Home","item":"https:\/\/www.welovecycling.com\/es\/"},{"@type":"ListItem","position":2,"name":"Luces y sombras de los Mundiales de Glasgow 2023"}]},{"@type":"WebSite","@id":"https:\/\/www.welovecycling.com\/es\/#website","url":"https:\/\/www.welovecycling.com\/es\/","name":"\u0160koda We Love Cycling - Spain","description":"\u0160koda WeLoveCycling Spain","potentialAction":[{"@type":"SearchAction","target":{"@type":"EntryPoint","urlTemplate":"https:\/\/www.welovecycling.com\/es\/?s={search_term_string}"},"query-input":{"@type":"PropertyValueSpecification","valueRequired":true,"valueName":"search_term_string"}}],"inLanguage":"es-ES"},{"@type":"Person","@id":"https:\/\/www.welovecycling.com\/es\/#\/schema\/person\/deb61715b5812698ee79fb96f343ccd4","name":"We Love Cycling Spain","image":{"@type":"ImageObject","inLanguage":"es-ES","@id":"https:\/\/www.welovecycling.com\/es\/#\/schema\/person\/image\/","url":"https:\/\/secure.gravatar.com\/avatar\/c824b04e6df0e37a03219d0b6481672889df542894588964102459e46513159c?s=96&d=mm&r=g","contentUrl":"https:\/\/secure.gravatar.com\/avatar\/c824b04e6df0e37a03219d0b6481672889df542894588964102459e46513159c?s=96&d=mm&r=g","caption":"We Love Cycling Spain"},"url":"https:\/\/www.welovecycling.com\/es\/author\/amunoz\/"}]}},"_links":{"self":[{"href":"https:\/\/www.welovecycling.com\/es\/wp-json\/wp\/v2\/posts\/10195","targetHints":{"allow":["GET"]}}],"collection":[{"href":"https:\/\/www.welovecycling.com\/es\/wp-json\/wp\/v2\/posts"}],"about":[{"href":"https:\/\/www.welovecycling.com\/es\/wp-json\/wp\/v2\/types\/post"}],"author":[{"embeddable":true,"href":"https:\/\/www.welovecycling.com\/es\/wp-json\/wp\/v2\/users\/29"}],"replies":[{"embeddable":true,"href":"https:\/\/www.welovecycling.com\/es\/wp-json\/wp\/v2\/comments?post=10195"}],"version-history":[{"count":1,"href":"https:\/\/www.welovecycling.com\/es\/wp-json\/wp\/v2\/posts\/10195\/revisions"}],"predecessor-version":[{"id":10199,"href":"https:\/\/www.welovecycling.com\/es\/wp-json\/wp\/v2\/posts\/10195\/revisions\/10199"}],"wp:featuredmedia":[{"embeddable":true,"href":"https:\/\/www.welovecycling.com\/es\/wp-json\/wp\/v2\/media\/10197"}],"wp:attachment":[{"href":"https:\/\/www.welovecycling.com\/es\/wp-json\/wp\/v2\/media?parent=10195"}],"wp:term":[{"taxonomy":"category","embeddable":true,"href":"https:\/\/www.welovecycling.com\/es\/wp-json\/wp\/v2\/categories?post=10195"},{"taxonomy":"post_tag","embeddable":true,"href":"https:\/\/www.welovecycling.com\/es\/wp-json\/wp\/v2\/tags?post=10195"},{"taxonomy":"global-categories","embeddable":true,"href":"https:\/\/www.welovecycling.com\/es\/wp-json\/wp\/v2\/global-categories?post=10195"}],"curies":[{"name":"wp","href":"https:\/\/api.w.org\/{rel}","templated":true}]}}