{"id":10181,"date":"2023-08-10T10:27:55","date_gmt":"2023-08-10T08:27:55","guid":{"rendered":"https:\/\/www.welovecycling.com\/es\/?p=10181"},"modified":"2023-08-10T10:27:55","modified_gmt":"2023-08-10T08:27:55","slug":"aclimatacion-ciclista-calor","status":"publish","type":"post","link":"https:\/\/www.welovecycling.com\/es\/2023\/08\/10\/aclimatacion-ciclista-calor\/","title":{"rendered":"Aclimataci\u00f3n ciclista al calor"},"content":{"rendered":"<p style=\"font-weight: 400;\"><strong>La aclimataci\u00f3n es el proceso mediante el cual tu cuerpo se adapta a la exposici\u00f3n al calor con el tiempo, haci\u00e9ndolo m\u00e1s eficiente cuando andas en bicicleta en condiciones de calor. Echemos un vistazo a cu\u00e1nto tiempo se necesita para una completa aclimataci\u00f3n ciclista al calor.<\/strong><br \/>\n<!--more--><\/p>\n<h2><strong>\u00bfCu\u00e1nto tiempo se tarda en aclimatarse??<\/strong><\/h2>\n<p style=\"font-weight: 400;\">La aclimataci\u00f3n no ocurre de la noche a la ma\u00f1ana. Por lo general, tu cuerpo tarda hasta 14 d\u00edas en adaptarse a un entorno nuevo y m\u00e1s c\u00e1lido. Durante este per\u00edodo, su cuerpo experimenta varios cambios fisiol\u00f3gicos para mejorar su capacidad de disipar el calor, mantener la hidrataci\u00f3n y mantener el rendimiento.<\/p>\n<h2><strong>\u00bfQu\u00e9 hacer para aclimatarse?<\/strong><\/h2>\n<p style=\"font-weight: 400;\">Hay varias actividades que pueden ayudar en la aclimataci\u00f3n ciclista al calor. Estas actividades deben incorporarse a tu entrenamiento antes de viajar a ambientes c\u00e1lidos o al prepararte para un evento de clima c\u00e1lido. Recuerda siempre escuchar a tu cuerpo y tomarte los d\u00edas de descanso que necesites durante este per\u00edodo de aclimataci\u00f3n.<\/p>\n<ul>\n<li><strong>Exposici\u00f3n pasiva al calor:<\/strong> Esto implica pasar tiempo en condiciones de calor sin hacer ejercicio, como sentarse en una sauna o un ba\u00f1o caliente. Esto puede ayudar a que tu cuerpo se acostumbre al calor sin el estr\u00e9s adicional del ejercicio.<br \/>\n<strong>Entrenar en el calor:<\/strong> Puedes aclimatarte mientras vas en bicicleta en un ambiente caluroso, pero la clave es controlar la intensidad. Comienza con una intensidad baja y aumenta gradualmente a medida que tu cuerpo se adapte. Montar a alta intensidad demasiado pronto no acelera las cosas y hace que tu sesi\u00f3n de entrenamiento sea de baja calidad.<\/p>\n<p>Los primeros 3-4 d\u00edas de entrenamiento de aclimataci\u00f3n deben realizarse a una intensidad reducida en un 60-70% y los paseos deben durar solo alrededor de 60-90 minutos. Aumenta gradualmente la duraci\u00f3n y la intensidad de los entrenamientos durante los siguientes 3 a 5 d\u00edas. Despu\u00e9s de unos 10 d\u00edas, deber\u00edas estar listo para tu entrenamiento habitual. Ten en cuenta que no necesitas montar todos los d\u00edas a altas temperaturas cuando intentas aclimatarte, pero no pasen m\u00e1s de 2 o 3 d\u00edas entre sesiones de entrenamiento calientes, de lo contrario, reiniciar\u00edas el proceso.<\/p>\n<p><strong>Consejo:<\/strong> Puede parecer que no necesitas un calentamiento antes de montar en el calor, pero es todo lo contrario. Un calentamiento completo es esencial porque permite que tu sistema de enfriamiento se acelere para que comience a sudar de inmediato.<\/p>\n<p><strong>Nota:<\/strong> La aclimataci\u00f3n al calor es un proceso pasivo que resulta de la exposici\u00f3n al calor, independientemente del ejercicio. Por otro lado, la adaptaci\u00f3n es un proceso activo donde tus sesiones de entrenamiento est\u00e1n dise\u00f1adas para mejorar tu desempe\u00f1o en el calor.<\/li>\n<\/ul>\n<h2><strong>\u00bfQu\u00e9 pasa cuando te aclimatas?<\/strong><\/h2>\n<div id=\"tw-container\" class=\"\" data-cp=\"1\" data-is-ver=\"false\" data-nnttsvi=\"1\" data-sbsl=\".*\" data-sm=\"1\" data-ssbp=\"false\" data-sugg-time=\"500\" data-sugg-url=\"https:\/\/clients1.google.com\/complete\/search\" data-uilc=\"es\" data-vil=\",af,af-ZA,am,am-ET,ar-EG,ar-AE,ar-KW,ar-QA,ar,ar-IL,ar-JO,ar-LB,ar-PS,az,az-AZ,bg,bg-BG,bn,bn-BD,bn-IN,ca,ca-es,cs,cs-CZ,de,de-DE,de-CH,de-AT,de-LI,en,en-US,en-CA,en-AU,en-NZ,en-GB,en-IN,en-KE,en-TZ,en-NG,en-GH,en-PH,en-ZA,es,es-ES,es-AR,es-UY,es-419,es-BO,es-CL,es-CR,es-CO,es-DO,es-EC,es-GT,es-HN,es-NI,es-PA,es-PE,es-PR,es-PY,es-SV,es-VE,es-MX,es-US,eu,eu-ES,fi,fi-FI,fr,fr-FR,fr-CH,fr-BE,gl,gl-ES,gu,gu-IN,he,he-IL,iw,iw-IL,hu,hu-HU,hy,hy-AM,id,id-ID,is,is-IS,it,it-IT,it-CH,ja,ja-JP,jv,jv-ID,ka,ka-GE,km,km-KH,kn,kn-IN,ko,ko-KR,la,lo,lo-LA,lv,lv-LV,ml,ml-IN,mr,mr-IN,ms,ms-MY,nl,nl-NL,nb,nb-NO,ne,ne-NP,pl,pl-PL,pt,pt-BR,pt-PT,ro,ro-RO,ru,ru-RU,si-LK,sk,sk-SK,sr,sr-RS,su,su-ID,sv,sv-SE,sw,sw-TZ,sw-KE,ta,ta-IN,ta-SG,ta-LK,ta-MY,te,te-IN,tr,tr-TR,ur,ur-PK,ur-IN,yue,yue-HK,yue-Hant-HK,zh-HK,zh,zh-CN,zh-cmn,zh-cmn-CN,zh-Hans,zh-Hans-CN,zh-cmn-Hans,zh-cmn-Hans-CN,cmn-CN,cmn-Hans,cmn-Hans-CN,zh-TW,zh-Hant-TW,cmn-TW,cmn-Hant-TW,zh-cmn-TW,zh-cmn-Hant-TW,zu,zu-ZA\">\n<div id=\"tw-ob\" class=\"tw-src-ltr\">\n<div class=\"oSioSc\">\n<div id=\"tw-target\">\n<div id=\"kAz1tf\" class=\"g9WsWb\">\n<div id=\"tw-target-text-container\" class=\"tw-ta-container F0azHf tw-nfl\" tabindex=\"0\">\n<p>Ya sea por que te aclimates de forma pasiva o hagas alg\u00fan entrenamiento de aclimataci\u00f3n activo, tu cuerpo cambiar\u00e1 de varias maneras importantes para lidiar mejor con el calor. Estos son los principales cambios fisiol\u00f3gicos que puede esperar.<\/p>\n<p>. Empiezas a sudar antes y mucho m\u00e1s de lo habitual.<br \/>\n&#8211; Sudas m\u00e1s uniformemente en todo el cuerpo, no solo en la espalda y las axilas.<br \/>\n&#8211; Tu sudor se vuelve menos concentrado con electrolitos a medida que su cuerpo trata de preservarlos.<br \/>\n&#8211; Tu volumen de plasma aumenta para proporcionarte m\u00e1s l\u00edquido que se convierte en sudor y para mejorar tu capacidad de trasladar el calor de tus \u00f3rganos a la superficie de su piel.<\/p>\n<p>Aclimatarse al calor es una parte crucial de la preparaci\u00f3n para andar en bicicleta en climas c\u00e1lidos. Puedes hacer mucho m\u00e1s que acostumbrarte al calor. Hacer ajustes estrat\u00e9gicos a su programa de entrenamiento y rutina previa al ejercicio puede ser muy \u00fatil. El pr\u00f3ximo art\u00edculo de la serie tratar\u00e1 sobre la hidrataci\u00f3n inteligente en la bicicleta para que pueda aprovechar al m\u00e1ximo tu entrenamiento con calor.<\/p>\n<\/div>\n<\/div>\n<\/div>\n<\/div>\n<\/div>\n<\/div>\n","protected":false},"excerpt":{"rendered":"<p>La aclimataci\u00f3n es el proceso mediante el cual tu cuerpo se adapta a la exposici\u00f3n al calor con el tiempo, [&hellip;]<\/p>\n","protected":false},"author":29,"featured_media":10182,"comment_status":"open","ping_status":"open","sticky":false,"template":"","format":"standard","meta":{"footnotes":""},"categories":[7],"tags":[2255],"global-categories":[],"class_list":["post-10181","post","type-post","status-publish","format-standard","has-post-thumbnail","hentry","category-carretera","tag-aclimatacion-al-calor"],"yoast_head":"<!-- This site is optimized with the Yoast SEO Premium plugin v25.3 (Yoast SEO v25.9) - https:\/\/yoast.com\/wordpress\/plugins\/seo\/ -->\n<title>Aclimataci\u00f3n ciclista al calor - \u0160koda We Love Cycling - Spain<\/title>\n<meta name=\"description\" content=\"Aclimataci\u00f3n ciclista al calor. \u00bfCu\u00e1nto tiempo se tarda? \u00bfQu\u00e9 proceso de adaptaci\u00f3n hay seguir? \u00bfQu\u00e9 cambios produce tu cuerpo?\" \/>\n<meta name=\"robots\" content=\"index, follow, max-snippet:-1, max-image-preview:large, max-video-preview:-1\" \/>\n<link rel=\"canonical\" href=\"https:\/\/www.welovecycling.com\/es\/2023\/08\/10\/aclimatacion-ciclista-calor\/\" \/>\n<meta property=\"og:locale\" content=\"es_ES\" \/>\n<meta property=\"og:type\" content=\"article\" \/>\n<meta property=\"og:title\" content=\"Aclimataci\u00f3n ciclista al calor\" \/>\n<meta property=\"og:description\" content=\"Aclimataci\u00f3n ciclista al calor. \u00bfCu\u00e1nto tiempo se tarda? \u00bfQu\u00e9 proceso de adaptaci\u00f3n hay seguir? \u00bfQu\u00e9 cambios produce tu cuerpo?\" \/>\n<meta property=\"og:url\" content=\"https:\/\/www.welovecycling.com\/es\/2023\/08\/10\/aclimatacion-ciclista-calor\/\" \/>\n<meta property=\"og:site_name\" content=\"\u0160koda We Love Cycling - Spain\" \/>\n<meta property=\"article:published_time\" content=\"2023-08-10T08:27:55+00:00\" \/>\n<meta property=\"og:image\" content=\"https:\/\/d2p6e6u75xmxt8.cloudfront.net\/6\/2023\/08\/Summer-Cycling-profimedia-0691402699-CVR.webp\" \/>\n\t<meta property=\"og:image:width\" content=\"990\" \/>\n\t<meta property=\"og:image:height\" content=\"660\" \/>\n\t<meta property=\"og:image:type\" content=\"image\/webp\" \/>\n<meta name=\"author\" content=\"We Love Cycling Spain\" \/>\n<meta name=\"twitter:card\" content=\"summary_large_image\" \/>\n<meta name=\"twitter:description\" content=\"Aclimataci\u00f3n ciclista al calor. \u00bfCu\u00e1nto tiempo se tarda? \u00bfQu\u00e9 proceso de adaptaci\u00f3n hay seguir? \u00bfQu\u00e9 cambios produce tu cuerpo?\" \/>\n<meta name=\"twitter:label1\" content=\"Written by\" \/>\n\t<meta name=\"twitter:data1\" content=\"Jiri Kaloc\" \/>\n\t<meta name=\"twitter:label2\" content=\"Est. reading time\" \/>\n\t<meta name=\"twitter:data2\" content=\"3\" \/>\n<script type=\"application\/ld+json\" class=\"yoast-schema-graph\">{\"@context\":\"https:\/\/schema.org\",\"@graph\":[{\"@type\":\"WebPage\",\"@id\":\"https:\/\/www.welovecycling.com\/es\/2023\/08\/10\/aclimatacion-ciclista-calor\/\",\"url\":\"https:\/\/www.welovecycling.com\/es\/2023\/08\/10\/aclimatacion-ciclista-calor\/\",\"name\":\"Aclimataci\u00f3n ciclista al calor - \u0160koda We Love Cycling - Spain\",\"isPartOf\":{\"@id\":\"https:\/\/www.welovecycling.com\/es\/#website\"},\"primaryImageOfPage\":{\"@id\":\"https:\/\/www.welovecycling.com\/es\/2023\/08\/10\/aclimatacion-ciclista-calor\/#primaryimage\"},\"image\":{\"@id\":\"https:\/\/www.welovecycling.com\/es\/2023\/08\/10\/aclimatacion-ciclista-calor\/#primaryimage\"},\"thumbnailUrl\":\"https:\/\/d2p6e6u75xmxt8.cloudfront.net\/6\/2023\/08\/Summer-Cycling-profimedia-0691402699-CVR.webp\",\"datePublished\":\"2023-08-10T08:27:55+00:00\",\"author\":{\"@id\":\"https:\/\/www.welovecycling.com\/es\/#\/schema\/person\/deb61715b5812698ee79fb96f343ccd4\"},\"description\":\"Aclimataci\u00f3n ciclista al calor. \u00bfCu\u00e1nto tiempo se tarda? \u00bfQu\u00e9 proceso de adaptaci\u00f3n hay seguir? \u00bfQu\u00e9 cambios produce tu cuerpo?\",\"breadcrumb\":{\"@id\":\"https:\/\/www.welovecycling.com\/es\/2023\/08\/10\/aclimatacion-ciclista-calor\/#breadcrumb\"},\"inLanguage\":\"es-ES\",\"potentialAction\":[{\"@type\":\"ReadAction\",\"target\":[\"https:\/\/www.welovecycling.com\/es\/2023\/08\/10\/aclimatacion-ciclista-calor\/\"]}]},{\"@type\":\"ImageObject\",\"inLanguage\":\"es-ES\",\"@id\":\"https:\/\/www.welovecycling.com\/es\/2023\/08\/10\/aclimatacion-ciclista-calor\/#primaryimage\",\"url\":\"https:\/\/d2p6e6u75xmxt8.cloudfront.net\/6\/2023\/08\/Summer-Cycling-profimedia-0691402699-CVR.webp\",\"contentUrl\":\"https:\/\/d2p6e6u75xmxt8.cloudfront.net\/6\/2023\/08\/Summer-Cycling-profimedia-0691402699-CVR.webp\",\"width\":990,\"height\":660,\"caption\":\"Summer cycling\"},{\"@type\":\"BreadcrumbList\",\"@id\":\"https:\/\/www.welovecycling.com\/es\/2023\/08\/10\/aclimatacion-ciclista-calor\/#breadcrumb\",\"itemListElement\":[{\"@type\":\"ListItem\",\"position\":1,\"name\":\"Home\",\"item\":\"https:\/\/www.welovecycling.com\/es\/\"},{\"@type\":\"ListItem\",\"position\":2,\"name\":\"Aclimataci\u00f3n ciclista al calor\"}]},{\"@type\":\"WebSite\",\"@id\":\"https:\/\/www.welovecycling.com\/es\/#website\",\"url\":\"https:\/\/www.welovecycling.com\/es\/\",\"name\":\"\u0160koda We Love Cycling - Spain\",\"description\":\"\u0160koda WeLoveCycling Spain\",\"potentialAction\":[{\"@type\":\"SearchAction\",\"target\":{\"@type\":\"EntryPoint\",\"urlTemplate\":\"https:\/\/www.welovecycling.com\/es\/?s={search_term_string}\"},\"query-input\":{\"@type\":\"PropertyValueSpecification\",\"valueRequired\":true,\"valueName\":\"search_term_string\"}}],\"inLanguage\":\"es-ES\"},{\"@type\":\"Person\",\"@id\":\"https:\/\/www.welovecycling.com\/es\/#\/schema\/person\/deb61715b5812698ee79fb96f343ccd4\",\"name\":\"We Love Cycling Spain\",\"image\":{\"@type\":\"ImageObject\",\"inLanguage\":\"es-ES\",\"@id\":\"https:\/\/www.welovecycling.com\/es\/#\/schema\/person\/image\/\",\"url\":\"https:\/\/secure.gravatar.com\/avatar\/c824b04e6df0e37a03219d0b6481672889df542894588964102459e46513159c?s=96&d=mm&r=g\",\"contentUrl\":\"https:\/\/secure.gravatar.com\/avatar\/c824b04e6df0e37a03219d0b6481672889df542894588964102459e46513159c?s=96&d=mm&r=g\",\"caption\":\"We Love Cycling Spain\"},\"url\":\"https:\/\/www.welovecycling.com\/es\/author\/amunoz\/\"}]}<\/script>\n<!-- \/ Yoast SEO Premium plugin. -->","yoast_head_json":{"title":"Aclimataci\u00f3n ciclista al calor - \u0160koda We Love Cycling - Spain","description":"Aclimataci\u00f3n ciclista al calor. \u00bfCu\u00e1nto tiempo se tarda? \u00bfQu\u00e9 proceso de adaptaci\u00f3n hay seguir? \u00bfQu\u00e9 cambios produce tu cuerpo?","robots":{"index":"index","follow":"follow","max-snippet":"max-snippet:-1","max-image-preview":"max-image-preview:large","max-video-preview":"max-video-preview:-1"},"canonical":"https:\/\/www.welovecycling.com\/es\/2023\/08\/10\/aclimatacion-ciclista-calor\/","og_locale":"es_ES","og_type":"article","og_title":"Aclimataci\u00f3n ciclista al calor","og_description":"Aclimataci\u00f3n ciclista al calor. \u00bfCu\u00e1nto tiempo se tarda? \u00bfQu\u00e9 proceso de adaptaci\u00f3n hay seguir? \u00bfQu\u00e9 cambios produce tu cuerpo?","og_url":"https:\/\/www.welovecycling.com\/es\/2023\/08\/10\/aclimatacion-ciclista-calor\/","og_site_name":"\u0160koda We Love Cycling - Spain","article_published_time":"2023-08-10T08:27:55+00:00","og_image":[{"width":990,"height":660,"url":"https:\/\/d2p6e6u75xmxt8.cloudfront.net\/6\/2023\/08\/Summer-Cycling-profimedia-0691402699-CVR.webp","type":"image\/webp"}],"author":"We Love Cycling Spain","twitter_card":"summary_large_image","twitter_description":"Aclimataci\u00f3n ciclista al calor. \u00bfCu\u00e1nto tiempo se tarda? \u00bfQu\u00e9 proceso de adaptaci\u00f3n hay seguir? \u00bfQu\u00e9 cambios produce tu cuerpo?","twitter_misc":{"Written by":"Jiri Kaloc","Est. reading time":"3"},"schema":{"@context":"https:\/\/schema.org","@graph":[{"@type":"WebPage","@id":"https:\/\/www.welovecycling.com\/es\/2023\/08\/10\/aclimatacion-ciclista-calor\/","url":"https:\/\/www.welovecycling.com\/es\/2023\/08\/10\/aclimatacion-ciclista-calor\/","name":"Aclimataci\u00f3n ciclista al calor - \u0160koda We Love Cycling - Spain","isPartOf":{"@id":"https:\/\/www.welovecycling.com\/es\/#website"},"primaryImageOfPage":{"@id":"https:\/\/www.welovecycling.com\/es\/2023\/08\/10\/aclimatacion-ciclista-calor\/#primaryimage"},"image":{"@id":"https:\/\/www.welovecycling.com\/es\/2023\/08\/10\/aclimatacion-ciclista-calor\/#primaryimage"},"thumbnailUrl":"https:\/\/d2p6e6u75xmxt8.cloudfront.net\/6\/2023\/08\/Summer-Cycling-profimedia-0691402699-CVR.webp","datePublished":"2023-08-10T08:27:55+00:00","author":{"@id":"https:\/\/www.welovecycling.com\/es\/#\/schema\/person\/deb61715b5812698ee79fb96f343ccd4"},"description":"Aclimataci\u00f3n ciclista al calor. \u00bfCu\u00e1nto tiempo se tarda? \u00bfQu\u00e9 proceso de adaptaci\u00f3n hay seguir? \u00bfQu\u00e9 cambios produce tu cuerpo?","breadcrumb":{"@id":"https:\/\/www.welovecycling.com\/es\/2023\/08\/10\/aclimatacion-ciclista-calor\/#breadcrumb"},"inLanguage":"es-ES","potentialAction":[{"@type":"ReadAction","target":["https:\/\/www.welovecycling.com\/es\/2023\/08\/10\/aclimatacion-ciclista-calor\/"]}]},{"@type":"ImageObject","inLanguage":"es-ES","@id":"https:\/\/www.welovecycling.com\/es\/2023\/08\/10\/aclimatacion-ciclista-calor\/#primaryimage","url":"https:\/\/d2p6e6u75xmxt8.cloudfront.net\/6\/2023\/08\/Summer-Cycling-profimedia-0691402699-CVR.webp","contentUrl":"https:\/\/d2p6e6u75xmxt8.cloudfront.net\/6\/2023\/08\/Summer-Cycling-profimedia-0691402699-CVR.webp","width":990,"height":660,"caption":"Summer cycling"},{"@type":"BreadcrumbList","@id":"https:\/\/www.welovecycling.com\/es\/2023\/08\/10\/aclimatacion-ciclista-calor\/#breadcrumb","itemListElement":[{"@type":"ListItem","position":1,"name":"Home","item":"https:\/\/www.welovecycling.com\/es\/"},{"@type":"ListItem","position":2,"name":"Aclimataci\u00f3n ciclista al calor"}]},{"@type":"WebSite","@id":"https:\/\/www.welovecycling.com\/es\/#website","url":"https:\/\/www.welovecycling.com\/es\/","name":"\u0160koda We Love Cycling - Spain","description":"\u0160koda WeLoveCycling Spain","potentialAction":[{"@type":"SearchAction","target":{"@type":"EntryPoint","urlTemplate":"https:\/\/www.welovecycling.com\/es\/?s={search_term_string}"},"query-input":{"@type":"PropertyValueSpecification","valueRequired":true,"valueName":"search_term_string"}}],"inLanguage":"es-ES"},{"@type":"Person","@id":"https:\/\/www.welovecycling.com\/es\/#\/schema\/person\/deb61715b5812698ee79fb96f343ccd4","name":"We Love Cycling Spain","image":{"@type":"ImageObject","inLanguage":"es-ES","@id":"https:\/\/www.welovecycling.com\/es\/#\/schema\/person\/image\/","url":"https:\/\/secure.gravatar.com\/avatar\/c824b04e6df0e37a03219d0b6481672889df542894588964102459e46513159c?s=96&d=mm&r=g","contentUrl":"https:\/\/secure.gravatar.com\/avatar\/c824b04e6df0e37a03219d0b6481672889df542894588964102459e46513159c?s=96&d=mm&r=g","caption":"We Love Cycling Spain"},"url":"https:\/\/www.welovecycling.com\/es\/author\/amunoz\/"}]}},"_links":{"self":[{"href":"https:\/\/www.welovecycling.com\/es\/wp-json\/wp\/v2\/posts\/10181","targetHints":{"allow":["GET"]}}],"collection":[{"href":"https:\/\/www.welovecycling.com\/es\/wp-json\/wp\/v2\/posts"}],"about":[{"href":"https:\/\/www.welovecycling.com\/es\/wp-json\/wp\/v2\/types\/post"}],"author":[{"embeddable":true,"href":"https:\/\/www.welovecycling.com\/es\/wp-json\/wp\/v2\/users\/29"}],"replies":[{"embeddable":true,"href":"https:\/\/www.welovecycling.com\/es\/wp-json\/wp\/v2\/comments?post=10181"}],"version-history":[{"count":1,"href":"https:\/\/www.welovecycling.com\/es\/wp-json\/wp\/v2\/posts\/10181\/revisions"}],"predecessor-version":[{"id":10183,"href":"https:\/\/www.welovecycling.com\/es\/wp-json\/wp\/v2\/posts\/10181\/revisions\/10183"}],"wp:featuredmedia":[{"embeddable":true,"href":"https:\/\/www.welovecycling.com\/es\/wp-json\/wp\/v2\/media\/10182"}],"wp:attachment":[{"href":"https:\/\/www.welovecycling.com\/es\/wp-json\/wp\/v2\/media?parent=10181"}],"wp:term":[{"taxonomy":"category","embeddable":true,"href":"https:\/\/www.welovecycling.com\/es\/wp-json\/wp\/v2\/categories?post=10181"},{"taxonomy":"post_tag","embeddable":true,"href":"https:\/\/www.welovecycling.com\/es\/wp-json\/wp\/v2\/tags?post=10181"},{"taxonomy":"global-categories","embeddable":true,"href":"https:\/\/www.welovecycling.com\/es\/wp-json\/wp\/v2\/global-categories?post=10181"}],"curies":[{"name":"wp","href":"https:\/\/api.w.org\/{rel}","templated":true}]}}