{"id":10166,"date":"2023-08-04T13:51:59","date_gmt":"2023-08-04T11:51:59","guid":{"rendered":"https:\/\/www.welovecycling.com\/es\/?p=10166"},"modified":"2023-08-04T13:53:17","modified_gmt":"2023-08-04T11:53:17","slug":"pedalea-durante-el-mundial","status":"publish","type":"post","link":"https:\/\/www.welovecycling.com\/es\/2023\/08\/04\/pedalea-durante-el-mundial\/","title":{"rendered":"Pedalea durante el Mundial y \u0160KODA We Love Cycling te premia"},"content":{"rendered":"<p><strong>\u00a1Llamada a todos los entusiastas del ciclismo! Prep\u00e1rate para formar parte de la historia: el acontecimiento ciclista m\u00e1s importante del mundo, los Campeonatos del Mundo de Ciclismo de la UCI, llegan a Glasgow. Esta extraordinaria ocasi\u00f3n ser\u00e1 testigo de la convergencia de siete disciplinas ciclistas reconocidas por la UCI en el mismo lugar, mostrando el inmenso poder de la bicicleta. Y para celebrarlo, pedalea durante el Mundial, que \u0160KODA We Love Cycling te premia.<\/strong><\/p>\n<p><!--more--><\/p>\n<h2><strong>C\u00f3mo participar y normas<\/strong><\/h2>\n<p>Participar en el desaf\u00edo no podr\u00eda ser m\u00e1s f\u00e1cil: Pedalea durante el Mundial, del 3 al 13 de agosto, al menos 100 minutos. \u00bfY lo mejor? Todo cuenta. Tanto si montas en una bicicleta tradicional, en un rodillo, en una bicicleta est\u00e1tica o incluso en una handbike, tus minutos de ciclismo contribuir\u00e1n a este estimulante reto.<\/p>\n<p>Para participar, s\u00f3lo tienes que <a href=\"https:\/\/www.strava.com\/challenges\/lets-celebrate-big-by-we-love-cycling\">seguir tus progresos en Strava<\/a> y enviar tus datos de participaci\u00f3n para que te incluyamos en el sorteo. Al hacerlo, podr\u00e1s optar a ganar el gran premio: un viaje de fin de semana 1+1 con todo incluido a un campo de entrenamiento con nada menos que el renombrado equipo UCI Eolo-Kometa de Alberto Contador. Imag\u00ednate pasar un fin de semana inolvidable en Espa\u00f1a con un ser querido, totalmente arropado por el apasionante mundo del ciclismo profesional. Y no te preocupes por las fechas; el afortunado ganador tendr\u00e1 la oportunidad de elegir el momento que prefiera en diciembre.<\/p>\n<p><a href=\"https:\/\/www.strava.com\/challenges\/lets-celebrate-big-by-we-love-cycling\"><img loading=\"lazy\" decoding=\"async\" class=\"alignnone size-full wp-image-10167\" src=\"https:\/\/d2p6e6u75xmxt8.cloudfront.net\/6\/2023\/08\/UCI23_Strava-HP-Banner.webp\" alt=\"Strava Challenge\" width=\"990\" height=\"660\" srcset=\"https:\/\/d2p6e6u75xmxt8.cloudfront.net\/6\/2023\/08\/UCI23_Strava-HP-Banner.webp 990w, https:\/\/d2p6e6u75xmxt8.cloudfront.net\/6\/2023\/08\/UCI23_Strava-HP-Banner-300x200.webp 300w, https:\/\/d2p6e6u75xmxt8.cloudfront.net\/6\/2023\/08\/UCI23_Strava-HP-Banner-768x512.webp 768w, https:\/\/d2p6e6u75xmxt8.cloudfront.net\/6\/2023\/08\/UCI23_Strava-HP-Banner-400x267.webp 400w, https:\/\/d2p6e6u75xmxt8.cloudfront.net\/6\/2023\/08\/UCI23_Strava-HP-Banner-272x182.webp 272w\" sizes=\"auto, (max-width: 990px) 100vw, 990px\" \/><\/a><\/p>\n<h2><strong>\u00a1 Premios incre\u00edbles<\/strong><\/h2>\n<p>Adem\u00e1s del espectacular premio principal, We Love Cycling ha preparado una serie de fant\u00e1sticos premios. Seis relojes inteligentes Wahoo Element Rival est\u00e1n en juego, asegurando que te mantengas en la cima de tu juego con tecnolog\u00eda de vanguardia y seguimiento del rendimiento.<\/p>\n<p>Por si fuera poco, diez afortunados participantes ganar\u00e1n un paquete especial que contiene un exclusivo soporte para c\u00e1maras fabricado a partir de neum\u00e1ticos utilizados por el equipo profesional Canyon-SRAM. Y no s\u00f3lo eso, sino que tambi\u00e9n tendr\u00e1n en sus manos un peculiar cortador de pizza con forma de bicicleta que seguro que se convertir\u00e1 en el tema de conversaci\u00f3n durante las noches de pizza.<\/p>\n<h2><strong>Corre la voz y pedalea con nosotros<\/strong><\/h2>\n<p>\u00bfTienes amigos ciclistas a los que les encantar\u00eda participar en este emocionante reto y tener la oportunidad de ganar estos incre\u00edbles premios? No dudes en animarles a participar. Incluso podr\u00edais convertirlo en un viaje en grupo, combinando el placer de montar en bicicleta con la emoci\u00f3n de una competici\u00f3n amistosa.<\/p>\n<p>As\u00ed pues, marca tu calendario del 3 al 13 de agosto de 2023 y prep\u00e1rate para vivir una experiencia ciclista inolvidable. Celebra el deporte que amas y ten la oportunidad de ganar premios incre\u00edbles en el proceso. \u00danete hoy mismo al desaf\u00edo <a href=\"https:\/\/www.strava.com\/challenges\/lets-celebrate-big-by-we-love-cycling\">Let&#8217;s Celebrate Big by We Love Cycling<\/a> y \u00a1hagamos historia juntos!<\/p>\n","protected":false},"excerpt":{"rendered":"<p>\u00a1Llamada a todos los entusiastas del ciclismo! Prep\u00e1rate para formar parte de la historia: el acontecimiento ciclista m\u00e1s importante del [&hellip;]<\/p>\n","protected":false},"author":29,"featured_media":10171,"comment_status":"open","ping_status":"open","sticky":false,"template":"","format":"standard","meta":{"footnotes":""},"categories":[7],"tags":[2254],"global-categories":[],"class_list":["post-10166","post","type-post","status-publish","format-standard","has-post-thumbnail","hentry","category-carretera","tag-mundial-2023"],"yoast_head":"<!-- This site is optimized with the Yoast SEO Premium plugin v25.3 (Yoast SEO v25.9) - https:\/\/yoast.com\/wordpress\/plugins\/seo\/ -->\n<title>Pedalea durante el Mundial y \u0160KODA We Love Cycling te premia<\/title>\n<meta name=\"description\" content=\"Pedalea durante el Mundial y \u0160KODA We Love Cycling te premia. Puedes ganar una plaza para entrenar con el Eolo Kometa.\" \/>\n<meta name=\"robots\" content=\"index, follow, max-snippet:-1, max-image-preview:large, max-video-preview:-1\" \/>\n<link rel=\"canonical\" href=\"https:\/\/www.welovecycling.com\/es\/2023\/08\/04\/pedalea-durante-el-mundial\/\" \/>\n<meta property=\"og:locale\" content=\"es_ES\" \/>\n<meta property=\"og:type\" content=\"article\" \/>\n<meta property=\"og:title\" content=\"Pedalea durante el Mundial y \u0160KODA We Love Cycling te premia\" \/>\n<meta property=\"og:description\" content=\"Pedalea durante el Mundial y \u0160KODA We Love Cycling te premia. Puedes ganar una plaza para entrenar con el Eolo Kometa.\" \/>\n<meta property=\"og:url\" content=\"https:\/\/www.welovecycling.com\/es\/2023\/08\/04\/pedalea-durante-el-mundial\/\" \/>\n<meta property=\"og:site_name\" content=\"\u0160koda We Love Cycling - Spain\" \/>\n<meta property=\"article:published_time\" content=\"2023-08-04T11:51:59+00:00\" \/>\n<meta property=\"article:modified_time\" content=\"2023-08-04T11:53:17+00:00\" \/>\n<meta property=\"og:image\" content=\"https:\/\/d2p6e6u75xmxt8.cloudfront.net\/6\/2023\/08\/UCI-World-Champs-profimedia-0634974672-CVR.webp\" \/>\n\t<meta property=\"og:image:width\" content=\"990\" \/>\n\t<meta property=\"og:image:height\" content=\"660\" \/>\n\t<meta property=\"og:image:type\" content=\"image\/webp\" \/>\n<meta name=\"author\" content=\"We Love Cycling Spain\" \/>\n<meta name=\"twitter:card\" content=\"summary_large_image\" \/>\n<meta name=\"twitter:description\" content=\"Pedalea durante el Mundial y \u0160KODA We Love Cycling te premia. Puedes ganar una plaza para entrenar con el Eolo Kometa.\" \/>\n<meta name=\"twitter:label1\" content=\"Written by\" \/>\n\t<meta name=\"twitter:data1\" content=\"We Love Cycling\" \/>\n\t<meta name=\"twitter:label2\" content=\"Est. reading time\" \/>\n\t<meta name=\"twitter:data2\" content=\"3\" \/>\n<script type=\"application\/ld+json\" class=\"yoast-schema-graph\">{\"@context\":\"https:\/\/schema.org\",\"@graph\":[{\"@type\":\"WebPage\",\"@id\":\"https:\/\/www.welovecycling.com\/es\/2023\/08\/04\/pedalea-durante-el-mundial\/\",\"url\":\"https:\/\/www.welovecycling.com\/es\/2023\/08\/04\/pedalea-durante-el-mundial\/\",\"name\":\"Pedalea durante el Mundial y \u0160KODA We Love Cycling te premia\",\"isPartOf\":{\"@id\":\"https:\/\/www.welovecycling.com\/es\/#website\"},\"primaryImageOfPage\":{\"@id\":\"https:\/\/www.welovecycling.com\/es\/2023\/08\/04\/pedalea-durante-el-mundial\/#primaryimage\"},\"image\":{\"@id\":\"https:\/\/www.welovecycling.com\/es\/2023\/08\/04\/pedalea-durante-el-mundial\/#primaryimage\"},\"thumbnailUrl\":\"https:\/\/d2p6e6u75xmxt8.cloudfront.net\/6\/2023\/08\/UCI-World-Champs-profimedia-0634974672-CVR.webp\",\"datePublished\":\"2023-08-04T11:51:59+00:00\",\"dateModified\":\"2023-08-04T11:53:17+00:00\",\"author\":{\"@id\":\"https:\/\/www.welovecycling.com\/es\/#\/schema\/person\/deb61715b5812698ee79fb96f343ccd4\"},\"description\":\"Pedalea durante el Mundial y \u0160KODA We Love Cycling te premia. Puedes ganar una plaza para entrenar con el Eolo Kometa.\",\"breadcrumb\":{\"@id\":\"https:\/\/www.welovecycling.com\/es\/2023\/08\/04\/pedalea-durante-el-mundial\/#breadcrumb\"},\"inLanguage\":\"es-ES\",\"potentialAction\":[{\"@type\":\"ReadAction\",\"target\":[\"https:\/\/www.welovecycling.com\/es\/2023\/08\/04\/pedalea-durante-el-mundial\/\"]}]},{\"@type\":\"ImageObject\",\"inLanguage\":\"es-ES\",\"@id\":\"https:\/\/www.welovecycling.com\/es\/2023\/08\/04\/pedalea-durante-el-mundial\/#primaryimage\",\"url\":\"https:\/\/d2p6e6u75xmxt8.cloudfront.net\/6\/2023\/08\/UCI-World-Champs-profimedia-0634974672-CVR.webp\",\"contentUrl\":\"https:\/\/d2p6e6u75xmxt8.cloudfront.net\/6\/2023\/08\/UCI-World-Champs-profimedia-0634974672-CVR.webp\",\"width\":990,\"height\":660,\"caption\":\"UCI Road World Championships\"},{\"@type\":\"BreadcrumbList\",\"@id\":\"https:\/\/www.welovecycling.com\/es\/2023\/08\/04\/pedalea-durante-el-mundial\/#breadcrumb\",\"itemListElement\":[{\"@type\":\"ListItem\",\"position\":1,\"name\":\"Home\",\"item\":\"https:\/\/www.welovecycling.com\/es\/\"},{\"@type\":\"ListItem\",\"position\":2,\"name\":\"Pedalea durante el Mundial y \u0160KODA We Love Cycling te premia\"}]},{\"@type\":\"WebSite\",\"@id\":\"https:\/\/www.welovecycling.com\/es\/#website\",\"url\":\"https:\/\/www.welovecycling.com\/es\/\",\"name\":\"\u0160koda We Love Cycling - Spain\",\"description\":\"\u0160koda WeLoveCycling Spain\",\"potentialAction\":[{\"@type\":\"SearchAction\",\"target\":{\"@type\":\"EntryPoint\",\"urlTemplate\":\"https:\/\/www.welovecycling.com\/es\/?s={search_term_string}\"},\"query-input\":{\"@type\":\"PropertyValueSpecification\",\"valueRequired\":true,\"valueName\":\"search_term_string\"}}],\"inLanguage\":\"es-ES\"},{\"@type\":\"Person\",\"@id\":\"https:\/\/www.welovecycling.com\/es\/#\/schema\/person\/deb61715b5812698ee79fb96f343ccd4\",\"name\":\"We Love Cycling Spain\",\"image\":{\"@type\":\"ImageObject\",\"inLanguage\":\"es-ES\",\"@id\":\"https:\/\/www.welovecycling.com\/es\/#\/schema\/person\/image\/\",\"url\":\"https:\/\/secure.gravatar.com\/avatar\/c824b04e6df0e37a03219d0b6481672889df542894588964102459e46513159c?s=96&d=mm&r=g\",\"contentUrl\":\"https:\/\/secure.gravatar.com\/avatar\/c824b04e6df0e37a03219d0b6481672889df542894588964102459e46513159c?s=96&d=mm&r=g\",\"caption\":\"We Love Cycling Spain\"},\"url\":\"https:\/\/www.welovecycling.com\/es\/author\/amunoz\/\"}]}<\/script>\n<!-- \/ Yoast SEO Premium plugin. -->","yoast_head_json":{"title":"Pedalea durante el Mundial y \u0160KODA We Love Cycling te premia","description":"Pedalea durante el Mundial y \u0160KODA We Love Cycling te premia. Puedes ganar una plaza para entrenar con el Eolo Kometa.","robots":{"index":"index","follow":"follow","max-snippet":"max-snippet:-1","max-image-preview":"max-image-preview:large","max-video-preview":"max-video-preview:-1"},"canonical":"https:\/\/www.welovecycling.com\/es\/2023\/08\/04\/pedalea-durante-el-mundial\/","og_locale":"es_ES","og_type":"article","og_title":"Pedalea durante el Mundial y \u0160KODA We Love Cycling te premia","og_description":"Pedalea durante el Mundial y \u0160KODA We Love Cycling te premia. Puedes ganar una plaza para entrenar con el Eolo Kometa.","og_url":"https:\/\/www.welovecycling.com\/es\/2023\/08\/04\/pedalea-durante-el-mundial\/","og_site_name":"\u0160koda We Love Cycling - Spain","article_published_time":"2023-08-04T11:51:59+00:00","article_modified_time":"2023-08-04T11:53:17+00:00","og_image":[{"width":990,"height":660,"url":"https:\/\/d2p6e6u75xmxt8.cloudfront.net\/6\/2023\/08\/UCI-World-Champs-profimedia-0634974672-CVR.webp","type":"image\/webp"}],"author":"We Love Cycling Spain","twitter_card":"summary_large_image","twitter_description":"Pedalea durante el Mundial y \u0160KODA We Love Cycling te premia. Puedes ganar una plaza para entrenar con el Eolo Kometa.","twitter_misc":{"Written by":"We Love Cycling","Est. reading time":"3"},"schema":{"@context":"https:\/\/schema.org","@graph":[{"@type":"WebPage","@id":"https:\/\/www.welovecycling.com\/es\/2023\/08\/04\/pedalea-durante-el-mundial\/","url":"https:\/\/www.welovecycling.com\/es\/2023\/08\/04\/pedalea-durante-el-mundial\/","name":"Pedalea durante el Mundial y \u0160KODA We Love Cycling te premia","isPartOf":{"@id":"https:\/\/www.welovecycling.com\/es\/#website"},"primaryImageOfPage":{"@id":"https:\/\/www.welovecycling.com\/es\/2023\/08\/04\/pedalea-durante-el-mundial\/#primaryimage"},"image":{"@id":"https:\/\/www.welovecycling.com\/es\/2023\/08\/04\/pedalea-durante-el-mundial\/#primaryimage"},"thumbnailUrl":"https:\/\/d2p6e6u75xmxt8.cloudfront.net\/6\/2023\/08\/UCI-World-Champs-profimedia-0634974672-CVR.webp","datePublished":"2023-08-04T11:51:59+00:00","dateModified":"2023-08-04T11:53:17+00:00","author":{"@id":"https:\/\/www.welovecycling.com\/es\/#\/schema\/person\/deb61715b5812698ee79fb96f343ccd4"},"description":"Pedalea durante el Mundial y \u0160KODA We Love Cycling te premia. Puedes ganar una plaza para entrenar con el Eolo Kometa.","breadcrumb":{"@id":"https:\/\/www.welovecycling.com\/es\/2023\/08\/04\/pedalea-durante-el-mundial\/#breadcrumb"},"inLanguage":"es-ES","potentialAction":[{"@type":"ReadAction","target":["https:\/\/www.welovecycling.com\/es\/2023\/08\/04\/pedalea-durante-el-mundial\/"]}]},{"@type":"ImageObject","inLanguage":"es-ES","@id":"https:\/\/www.welovecycling.com\/es\/2023\/08\/04\/pedalea-durante-el-mundial\/#primaryimage","url":"https:\/\/d2p6e6u75xmxt8.cloudfront.net\/6\/2023\/08\/UCI-World-Champs-profimedia-0634974672-CVR.webp","contentUrl":"https:\/\/d2p6e6u75xmxt8.cloudfront.net\/6\/2023\/08\/UCI-World-Champs-profimedia-0634974672-CVR.webp","width":990,"height":660,"caption":"UCI Road World Championships"},{"@type":"BreadcrumbList","@id":"https:\/\/www.welovecycling.com\/es\/2023\/08\/04\/pedalea-durante-el-mundial\/#breadcrumb","itemListElement":[{"@type":"ListItem","position":1,"name":"Home","item":"https:\/\/www.welovecycling.com\/es\/"},{"@type":"ListItem","position":2,"name":"Pedalea durante el Mundial y \u0160KODA We Love Cycling te premia"}]},{"@type":"WebSite","@id":"https:\/\/www.welovecycling.com\/es\/#website","url":"https:\/\/www.welovecycling.com\/es\/","name":"\u0160koda We Love Cycling - Spain","description":"\u0160koda WeLoveCycling Spain","potentialAction":[{"@type":"SearchAction","target":{"@type":"EntryPoint","urlTemplate":"https:\/\/www.welovecycling.com\/es\/?s={search_term_string}"},"query-input":{"@type":"PropertyValueSpecification","valueRequired":true,"valueName":"search_term_string"}}],"inLanguage":"es-ES"},{"@type":"Person","@id":"https:\/\/www.welovecycling.com\/es\/#\/schema\/person\/deb61715b5812698ee79fb96f343ccd4","name":"We Love Cycling Spain","image":{"@type":"ImageObject","inLanguage":"es-ES","@id":"https:\/\/www.welovecycling.com\/es\/#\/schema\/person\/image\/","url":"https:\/\/secure.gravatar.com\/avatar\/c824b04e6df0e37a03219d0b6481672889df542894588964102459e46513159c?s=96&d=mm&r=g","contentUrl":"https:\/\/secure.gravatar.com\/avatar\/c824b04e6df0e37a03219d0b6481672889df542894588964102459e46513159c?s=96&d=mm&r=g","caption":"We Love Cycling Spain"},"url":"https:\/\/www.welovecycling.com\/es\/author\/amunoz\/"}]}},"_links":{"self":[{"href":"https:\/\/www.welovecycling.com\/es\/wp-json\/wp\/v2\/posts\/10166","targetHints":{"allow":["GET"]}}],"collection":[{"href":"https:\/\/www.welovecycling.com\/es\/wp-json\/wp\/v2\/posts"}],"about":[{"href":"https:\/\/www.welovecycling.com\/es\/wp-json\/wp\/v2\/types\/post"}],"author":[{"embeddable":true,"href":"https:\/\/www.welovecycling.com\/es\/wp-json\/wp\/v2\/users\/29"}],"replies":[{"embeddable":true,"href":"https:\/\/www.welovecycling.com\/es\/wp-json\/wp\/v2\/comments?post=10166"}],"version-history":[{"count":3,"href":"https:\/\/www.welovecycling.com\/es\/wp-json\/wp\/v2\/posts\/10166\/revisions"}],"predecessor-version":[{"id":10173,"href":"https:\/\/www.welovecycling.com\/es\/wp-json\/wp\/v2\/posts\/10166\/revisions\/10173"}],"wp:featuredmedia":[{"embeddable":true,"href":"https:\/\/www.welovecycling.com\/es\/wp-json\/wp\/v2\/media\/10171"}],"wp:attachment":[{"href":"https:\/\/www.welovecycling.com\/es\/wp-json\/wp\/v2\/media?parent=10166"}],"wp:term":[{"taxonomy":"category","embeddable":true,"href":"https:\/\/www.welovecycling.com\/es\/wp-json\/wp\/v2\/categories?post=10166"},{"taxonomy":"post_tag","embeddable":true,"href":"https:\/\/www.welovecycling.com\/es\/wp-json\/wp\/v2\/tags?post=10166"},{"taxonomy":"global-categories","embeddable":true,"href":"https:\/\/www.welovecycling.com\/es\/wp-json\/wp\/v2\/global-categories?post=10166"}],"curies":[{"name":"wp","href":"https:\/\/api.w.org\/{rel}","templated":true}]}}