{"id":10164,"date":"2023-08-05T13:55:49","date_gmt":"2023-08-05T11:55:49","guid":{"rendered":"https:\/\/www.welovecycling.com\/es\/?p=10164"},"modified":"2023-08-04T14:08:16","modified_gmt":"2023-08-04T12:08:16","slug":"mundiales-ciclismo-2023","status":"publish","type":"post","link":"https:\/\/www.welovecycling.com\/es\/2023\/08\/05\/mundiales-ciclismo-2023\/","title":{"rendered":"Mundiales de Ciclismo 2023: Todo el ciclismo unido"},"content":{"rendered":"<p><strong>Cada a\u00f1o, el mundo del ciclismo cobra vida en los diversos Campeonatos del Mundo de la UCI que se celebran en distintos pa\u00edses para cada disciplina. Sin embargo, este a\u00f1o es muy diferente: en el primer evento de este tipo, los mejores ciclistas del mundo se reunir\u00e1n en Glasgow y en toda Escocia en los Mundiales de Ciclismo 2023 para competir al m\u00e1s alto nivel en 13 disciplinas diferentes. Se trata de (respira hondo) BMX Freestyle Park, BMX Freestyle Flatland, BMX Racing, Fondo, Ciclismo Indoor, Mountain bike cross country, Mountain bike cross country marathon, Mountain bike downhill, Paraciclismo carretera, Paraciclismo pista, Carretera, Pista y Trial.<\/strong><\/p>\n<p><!--more--><\/p>\n<p>He tenido el privilegio de participar en 7 <a href=\"https:\/\/www.cyclingworldchamps.com\/schedule\/\">Campeonatos del Mundo de Ciclismo en Carretera<\/a> (y he visto muchos m\u00e1s) y me ha encantado. Los Mundiales son \u00fanicos, no s\u00f3lo por las diversas batallas por los codiciados maillots arco iris, sino por el ambiente electrizante e internacional que los distingue. Y, por supuesto, el hecho de que los corredores representen a sus pa\u00edses, no a sus equipos.<\/p>\n<p>De hecho, los Campeonatos del Mundo de la UCI son algo m\u00e1s que una competici\u00f3n: son un festival del ciclismo que re\u00fane a aficionados, atletas y observadores ocasionales en un espect\u00e1culo emocionante. Este a\u00f1o va a ser muy especial. Qu\u00e9 manera de celebrar nuestro hermoso deporte. He aqu\u00ed un resumen de lo que nos espera en los Mundiales de Ciclismo 2023 el 3 y el 13 de agosto, durante los cuales se entregar\u00e1n m\u00e1s de 200 maillots arco iris.<\/p>\n<p>Empezar\u00e9 con el <a href=\"https:\/\/www.welovecycling.com\/es\/2021\/09\/20\/contrarreloj-mundial-flandes\/\">ciclismo de carretera<\/a>, ya que es lo que he practicado. Los pintorescos paisajes de Escocia servir\u00e1n de tel\u00f3n de fondo para las \u00e9picas pruebas de carretera, en las que los participantes, repletos de estrellas, se enfrentar\u00e1n a carreteras sinuosas, subidas exigentes y descensos r\u00e1pidos. Las pruebas de carretera terminar\u00e1n en Georges Square, por lo que el final tendr\u00e1 un aut\u00e9ntico ambiente urbano. El terreno de las pruebas de carretera es accidentado, con 3.500 metros de desnivel en la \u00e9lite masculina y 2.300 metros en la femenina. M\u00e1s que alta monta\u00f1a, ser\u00e1 tipo cl\u00e1sica del norte.<\/p>\n<p>Todas las contrarrelojes se celebran en la ciudad de Stirling y sus alrededores, en un recorrido que yo describir\u00eda como llano, con algunas subidas cortas y un final emocionante.<\/p>\n<div class=\"embed-controller-wrapper\">\n<blockquote class=\"twitter-tweet\" data-width=\"500\" data-dnt=\"true\">\n<p lang=\"en\" dir=\"ltr\">About last night&#8230;\ud83d\ude0d<\/p>\n<p>Still not over it. Won&#39;t be over it for a while! <\/p>\n<p>What a way to open the 2023 UCI Cycling World Championships \ud83c\udf08<br \/> <a href=\"https:\/\/twitter.com\/hashtag\/GlasgowScotland2023?src=hash&amp;ref_src=twsrc%5Etfw\">#GlasgowScotland2023<\/a> | <a href=\"https:\/\/twitter.com\/hashtag\/PowerOfTheBike?src=hash&amp;ref_src=twsrc%5Etfw\">#PowerOfTheBike<\/a> <a href=\"https:\/\/t.co\/jmqQMyDELY\">pic.twitter.com\/jmqQMyDELY<\/a><\/p>\n<p>&mdash; 2023 UCI Cycling World Championships (@CyclingWorlds) <a href=\"https:\/\/twitter.com\/CyclingWorlds\/status\/1686995406520029184?ref_src=twsrc%5Etfw\">August 3, 2023<\/a><\/p><\/blockquote>\n<p><script async data-src=\"https:\/\/platform.twitter.com\/widgets.js\" charset=\"utf-8\"><\/script><\/div>\n<p>El ciclismo de monta\u00f1a lleva la acci\u00f3n fuera de las carreteras y se adentra en terrenos escarpados, donde los ciclistas recorren senderos rocosos, empinados descensos y saltos llenos de adrenalina. La carrera para el Cross Country y el Marat\u00f3n tiene lugar en Glentress Forest, mientras que el Downhill ser\u00e1 en Nevis Range, descrita a menudo como la Capital de las Actividades al Aire Libre del Reino Unido. Fort William es un lugar legendario para el descenso y un aut\u00e9ntico para\u00edso para los ciclistas de monta\u00f1a.<\/p>\n<p>Para los que prefieren la velocidad y la intensidad de la pista, las pruebas de vel\u00f3dromo son un aut\u00e9ntico espect\u00e1culo. El atronador ruido de las ruedas sobre la pista de madera, los veloces sprints y las t\u00e1cticas constituyen un espect\u00e1culo incre\u00edble. Las carreras en pista exigen decisiones en fracciones de segundo y una potencia explosiva, lo que da lugar a carreras brillantes. Todas las pruebas de pista tienen lugar en el Vel\u00f3dromo Chris Hoy, el hogar espiritual del ciclismo en Escocia.<\/p>\n<p>El ciclismo BMX y de Freestyle aporta un elemento de creatividad y estilo al evento. Con trucos asombrosos, acrobacias que desaf\u00edan la gravedad y un toque de espect\u00e1culo, estas disciplinas muestran un lado diferente de nuestro variado deporte. Los pilotos se lanzar\u00e1n desde rampas, realizar\u00e1n acrobacias a\u00e9reas y superar\u00e1n los l\u00edmites de lo posible sobre dos ruedas. Algunas de las habilidades que se exhibir\u00e1n son una aut\u00e9ntica locura, \u00a1y estoy deseando verlas! Glasgow Green acoger\u00e1 las pruebas de BMX Freestyle y trial; el Glasgow BMX Centre, las de BMX; y el Emirates Arena, las de ciclismo indoor.<\/p>\n<p>Como ya he dicho antes, los Campeonatos no son s\u00f3lo una competici\u00f3n, sino que pretenden promover un estilo de vida sostenible y saludable a trav\u00e9s del ciclismo. Se espera que el acontecimiento anime a personas de todas las edades y procedencias a utilizar la bicicleta como medio de transporte, ejercicio y ocio. Al exhibir a los mejores ciclistas del mundo, el acontecimiento puede inspirar a la gente a iniciarse en el ciclismo y experimentar por s\u00ed misma el placer de montar en bicicleta. Las distintas ciudades anfitrionas se transformar\u00e1n tambi\u00e9n en vibrantes centros de entusiasmo ciclista, con festivales, exposiciones y actos comunitarios que complementar\u00e1n la acci\u00f3n de las carreras, creando una atm\u00f3sfera el\u00e9ctrica que resonar\u00e1 en todo el pa\u00eds. Tambi\u00e9n es una oportunidad para que Glasgow y Escocia muestren al mundo su c\u00e1lida hospitalidad, sus bellos paisajes y su amor por el deporte.<\/p>\n<p>\u00bfLe hace ilusi\u00f3n? Yo s\u00ed.<\/p>\n","protected":false},"excerpt":{"rendered":"<p>Cada a\u00f1o, el mundo del ciclismo cobra vida en los diversos Campeonatos del Mundo de la UCI que se celebran [&hellip;]<\/p>\n","protected":false},"author":29,"featured_media":10168,"comment_status":"open","ping_status":"open","sticky":false,"template":"","format":"standard","meta":{"footnotes":""},"categories":[7,8,9,6],"tags":[],"global-categories":[],"class_list":["post-10164","post","type-post","status-publish","format-standard","has-post-thumbnail","hentry","category-carretera","category-life-style","category-mtb-aventura","category-urban"],"yoast_head":"<!-- This site is optimized with the Yoast SEO Premium plugin v25.3 (Yoast SEO v25.9) - https:\/\/yoast.com\/wordpress\/plugins\/seo\/ -->\n<title>Mundiales de Ciclismo 2023: Todo el ciclismo unido<\/title>\n<meta name=\"description\" content=\"Mundiales de Ciclismo 2023: Todo el ciclismo unido. La opini\u00f3n de Matt Stephens sobre el evento que reune a todo el ciclismo.\" \/>\n<meta name=\"robots\" content=\"index, follow, max-snippet:-1, max-image-preview:large, max-video-preview:-1\" \/>\n<link rel=\"canonical\" href=\"https:\/\/www.welovecycling.com\/es\/2023\/08\/05\/mundiales-ciclismo-2023\/\" \/>\n<meta property=\"og:locale\" content=\"es_ES\" \/>\n<meta property=\"og:type\" content=\"article\" \/>\n<meta property=\"og:title\" content=\"Mundiales de Ciclismo 2023: Todo el ciclismo unido\" \/>\n<meta property=\"og:description\" content=\"Mundiales de Ciclismo 2023: Todo el ciclismo unido. La opini\u00f3n de Matt Stephens sobre el evento que reune a todo el ciclismo.\" \/>\n<meta property=\"og:url\" content=\"https:\/\/www.welovecycling.com\/es\/2023\/08\/05\/mundiales-ciclismo-2023\/\" \/>\n<meta property=\"og:site_name\" content=\"\u0160koda We Love Cycling - Spain\" \/>\n<meta property=\"article:published_time\" content=\"2023-08-05T11:55:49+00:00\" \/>\n<meta property=\"og:image\" content=\"https:\/\/d2p6e6u75xmxt8.cloudfront.net\/6\/2023\/08\/UCI-Cycling-Championships-profimedia-0725404786-CVR.webp\" \/>\n\t<meta property=\"og:image:width\" content=\"990\" \/>\n\t<meta property=\"og:image:height\" content=\"660\" \/>\n\t<meta property=\"og:image:type\" content=\"image\/webp\" \/>\n<meta name=\"author\" content=\"We Love Cycling Spain\" \/>\n<meta name=\"twitter:card\" content=\"summary_large_image\" \/>\n<meta name=\"twitter:description\" content=\"Mundiales de Ciclismo 2023: Todo el ciclismo unido. La opini\u00f3n de Matt Stephens sobre el evento que reune a todo el ciclismo.\" \/>\n<meta name=\"twitter:label1\" content=\"Written by\" \/>\n\t<meta name=\"twitter:data1\" content=\"Matt Stephens\" \/>\n\t<meta name=\"twitter:label2\" content=\"Est. reading time\" \/>\n\t<meta name=\"twitter:data2\" content=\"4\" \/>\n<script type=\"application\/ld+json\" class=\"yoast-schema-graph\">{\"@context\":\"https:\/\/schema.org\",\"@graph\":[{\"@type\":\"WebPage\",\"@id\":\"https:\/\/www.welovecycling.com\/es\/2023\/08\/05\/mundiales-ciclismo-2023\/\",\"url\":\"https:\/\/www.welovecycling.com\/es\/2023\/08\/05\/mundiales-ciclismo-2023\/\",\"name\":\"Mundiales de Ciclismo 2023: Todo el ciclismo unido\",\"isPartOf\":{\"@id\":\"https:\/\/www.welovecycling.com\/es\/#website\"},\"primaryImageOfPage\":{\"@id\":\"https:\/\/www.welovecycling.com\/es\/2023\/08\/05\/mundiales-ciclismo-2023\/#primaryimage\"},\"image\":{\"@id\":\"https:\/\/www.welovecycling.com\/es\/2023\/08\/05\/mundiales-ciclismo-2023\/#primaryimage\"},\"thumbnailUrl\":\"https:\/\/d2p6e6u75xmxt8.cloudfront.net\/6\/2023\/08\/UCI-Cycling-Championships-profimedia-0725404786-CVR.webp\",\"datePublished\":\"2023-08-05T11:55:49+00:00\",\"author\":{\"@id\":\"https:\/\/www.welovecycling.com\/es\/#\/schema\/person\/deb61715b5812698ee79fb96f343ccd4\"},\"description\":\"Mundiales de Ciclismo 2023: Todo el ciclismo unido. La opini\u00f3n de Matt Stephens sobre el evento que reune a todo el ciclismo.\",\"breadcrumb\":{\"@id\":\"https:\/\/www.welovecycling.com\/es\/2023\/08\/05\/mundiales-ciclismo-2023\/#breadcrumb\"},\"inLanguage\":\"es-ES\",\"potentialAction\":[{\"@type\":\"ReadAction\",\"target\":[\"https:\/\/www.welovecycling.com\/es\/2023\/08\/05\/mundiales-ciclismo-2023\/\"]}]},{\"@type\":\"ImageObject\",\"inLanguage\":\"es-ES\",\"@id\":\"https:\/\/www.welovecycling.com\/es\/2023\/08\/05\/mundiales-ciclismo-2023\/#primaryimage\",\"url\":\"https:\/\/d2p6e6u75xmxt8.cloudfront.net\/6\/2023\/08\/UCI-Cycling-Championships-profimedia-0725404786-CVR.webp\",\"contentUrl\":\"https:\/\/d2p6e6u75xmxt8.cloudfront.net\/6\/2023\/08\/UCI-Cycling-Championships-profimedia-0725404786-CVR.webp\",\"width\":990,\"height\":660,\"caption\":\"UCI World Championships\"},{\"@type\":\"BreadcrumbList\",\"@id\":\"https:\/\/www.welovecycling.com\/es\/2023\/08\/05\/mundiales-ciclismo-2023\/#breadcrumb\",\"itemListElement\":[{\"@type\":\"ListItem\",\"position\":1,\"name\":\"Home\",\"item\":\"https:\/\/www.welovecycling.com\/es\/\"},{\"@type\":\"ListItem\",\"position\":2,\"name\":\"Mundiales de Ciclismo 2023: Todo el ciclismo unido\"}]},{\"@type\":\"WebSite\",\"@id\":\"https:\/\/www.welovecycling.com\/es\/#website\",\"url\":\"https:\/\/www.welovecycling.com\/es\/\",\"name\":\"\u0160koda We Love Cycling - Spain\",\"description\":\"\u0160koda WeLoveCycling Spain\",\"potentialAction\":[{\"@type\":\"SearchAction\",\"target\":{\"@type\":\"EntryPoint\",\"urlTemplate\":\"https:\/\/www.welovecycling.com\/es\/?s={search_term_string}\"},\"query-input\":{\"@type\":\"PropertyValueSpecification\",\"valueRequired\":true,\"valueName\":\"search_term_string\"}}],\"inLanguage\":\"es-ES\"},{\"@type\":\"Person\",\"@id\":\"https:\/\/www.welovecycling.com\/es\/#\/schema\/person\/deb61715b5812698ee79fb96f343ccd4\",\"name\":\"We Love Cycling Spain\",\"image\":{\"@type\":\"ImageObject\",\"inLanguage\":\"es-ES\",\"@id\":\"https:\/\/www.welovecycling.com\/es\/#\/schema\/person\/image\/\",\"url\":\"https:\/\/secure.gravatar.com\/avatar\/c824b04e6df0e37a03219d0b6481672889df542894588964102459e46513159c?s=96&d=mm&r=g\",\"contentUrl\":\"https:\/\/secure.gravatar.com\/avatar\/c824b04e6df0e37a03219d0b6481672889df542894588964102459e46513159c?s=96&d=mm&r=g\",\"caption\":\"We Love Cycling Spain\"},\"url\":\"https:\/\/www.welovecycling.com\/es\/author\/amunoz\/\"}]}<\/script>\n<!-- \/ Yoast SEO Premium plugin. -->","yoast_head_json":{"title":"Mundiales de Ciclismo 2023: Todo el ciclismo unido","description":"Mundiales de Ciclismo 2023: Todo el ciclismo unido. La opini\u00f3n de Matt Stephens sobre el evento que reune a todo el ciclismo.","robots":{"index":"index","follow":"follow","max-snippet":"max-snippet:-1","max-image-preview":"max-image-preview:large","max-video-preview":"max-video-preview:-1"},"canonical":"https:\/\/www.welovecycling.com\/es\/2023\/08\/05\/mundiales-ciclismo-2023\/","og_locale":"es_ES","og_type":"article","og_title":"Mundiales de Ciclismo 2023: Todo el ciclismo unido","og_description":"Mundiales de Ciclismo 2023: Todo el ciclismo unido. La opini\u00f3n de Matt Stephens sobre el evento que reune a todo el ciclismo.","og_url":"https:\/\/www.welovecycling.com\/es\/2023\/08\/05\/mundiales-ciclismo-2023\/","og_site_name":"\u0160koda We Love Cycling - Spain","article_published_time":"2023-08-05T11:55:49+00:00","og_image":[{"width":990,"height":660,"url":"https:\/\/d2p6e6u75xmxt8.cloudfront.net\/6\/2023\/08\/UCI-Cycling-Championships-profimedia-0725404786-CVR.webp","type":"image\/webp"}],"author":"We Love Cycling Spain","twitter_card":"summary_large_image","twitter_description":"Mundiales de Ciclismo 2023: Todo el ciclismo unido. La opini\u00f3n de Matt Stephens sobre el evento que reune a todo el ciclismo.","twitter_misc":{"Written by":"Matt Stephens","Est. reading time":"4"},"schema":{"@context":"https:\/\/schema.org","@graph":[{"@type":"WebPage","@id":"https:\/\/www.welovecycling.com\/es\/2023\/08\/05\/mundiales-ciclismo-2023\/","url":"https:\/\/www.welovecycling.com\/es\/2023\/08\/05\/mundiales-ciclismo-2023\/","name":"Mundiales de Ciclismo 2023: Todo el ciclismo unido","isPartOf":{"@id":"https:\/\/www.welovecycling.com\/es\/#website"},"primaryImageOfPage":{"@id":"https:\/\/www.welovecycling.com\/es\/2023\/08\/05\/mundiales-ciclismo-2023\/#primaryimage"},"image":{"@id":"https:\/\/www.welovecycling.com\/es\/2023\/08\/05\/mundiales-ciclismo-2023\/#primaryimage"},"thumbnailUrl":"https:\/\/d2p6e6u75xmxt8.cloudfront.net\/6\/2023\/08\/UCI-Cycling-Championships-profimedia-0725404786-CVR.webp","datePublished":"2023-08-05T11:55:49+00:00","author":{"@id":"https:\/\/www.welovecycling.com\/es\/#\/schema\/person\/deb61715b5812698ee79fb96f343ccd4"},"description":"Mundiales de Ciclismo 2023: Todo el ciclismo unido. La opini\u00f3n de Matt Stephens sobre el evento que reune a todo el ciclismo.","breadcrumb":{"@id":"https:\/\/www.welovecycling.com\/es\/2023\/08\/05\/mundiales-ciclismo-2023\/#breadcrumb"},"inLanguage":"es-ES","potentialAction":[{"@type":"ReadAction","target":["https:\/\/www.welovecycling.com\/es\/2023\/08\/05\/mundiales-ciclismo-2023\/"]}]},{"@type":"ImageObject","inLanguage":"es-ES","@id":"https:\/\/www.welovecycling.com\/es\/2023\/08\/05\/mundiales-ciclismo-2023\/#primaryimage","url":"https:\/\/d2p6e6u75xmxt8.cloudfront.net\/6\/2023\/08\/UCI-Cycling-Championships-profimedia-0725404786-CVR.webp","contentUrl":"https:\/\/d2p6e6u75xmxt8.cloudfront.net\/6\/2023\/08\/UCI-Cycling-Championships-profimedia-0725404786-CVR.webp","width":990,"height":660,"caption":"UCI World Championships"},{"@type":"BreadcrumbList","@id":"https:\/\/www.welovecycling.com\/es\/2023\/08\/05\/mundiales-ciclismo-2023\/#breadcrumb","itemListElement":[{"@type":"ListItem","position":1,"name":"Home","item":"https:\/\/www.welovecycling.com\/es\/"},{"@type":"ListItem","position":2,"name":"Mundiales de Ciclismo 2023: Todo el ciclismo unido"}]},{"@type":"WebSite","@id":"https:\/\/www.welovecycling.com\/es\/#website","url":"https:\/\/www.welovecycling.com\/es\/","name":"\u0160koda We Love Cycling - Spain","description":"\u0160koda WeLoveCycling Spain","potentialAction":[{"@type":"SearchAction","target":{"@type":"EntryPoint","urlTemplate":"https:\/\/www.welovecycling.com\/es\/?s={search_term_string}"},"query-input":{"@type":"PropertyValueSpecification","valueRequired":true,"valueName":"search_term_string"}}],"inLanguage":"es-ES"},{"@type":"Person","@id":"https:\/\/www.welovecycling.com\/es\/#\/schema\/person\/deb61715b5812698ee79fb96f343ccd4","name":"We Love Cycling Spain","image":{"@type":"ImageObject","inLanguage":"es-ES","@id":"https:\/\/www.welovecycling.com\/es\/#\/schema\/person\/image\/","url":"https:\/\/secure.gravatar.com\/avatar\/c824b04e6df0e37a03219d0b6481672889df542894588964102459e46513159c?s=96&d=mm&r=g","contentUrl":"https:\/\/secure.gravatar.com\/avatar\/c824b04e6df0e37a03219d0b6481672889df542894588964102459e46513159c?s=96&d=mm&r=g","caption":"We Love Cycling Spain"},"url":"https:\/\/www.welovecycling.com\/es\/author\/amunoz\/"}]}},"_links":{"self":[{"href":"https:\/\/www.welovecycling.com\/es\/wp-json\/wp\/v2\/posts\/10164","targetHints":{"allow":["GET"]}}],"collection":[{"href":"https:\/\/www.welovecycling.com\/es\/wp-json\/wp\/v2\/posts"}],"about":[{"href":"https:\/\/www.welovecycling.com\/es\/wp-json\/wp\/v2\/types\/post"}],"author":[{"embeddable":true,"href":"https:\/\/www.welovecycling.com\/es\/wp-json\/wp\/v2\/users\/29"}],"replies":[{"embeddable":true,"href":"https:\/\/www.welovecycling.com\/es\/wp-json\/wp\/v2\/comments?post=10164"}],"version-history":[{"count":1,"href":"https:\/\/www.welovecycling.com\/es\/wp-json\/wp\/v2\/posts\/10164\/revisions"}],"predecessor-version":[{"id":10174,"href":"https:\/\/www.welovecycling.com\/es\/wp-json\/wp\/v2\/posts\/10164\/revisions\/10174"}],"wp:featuredmedia":[{"embeddable":true,"href":"https:\/\/www.welovecycling.com\/es\/wp-json\/wp\/v2\/media\/10168"}],"wp:attachment":[{"href":"https:\/\/www.welovecycling.com\/es\/wp-json\/wp\/v2\/media?parent=10164"}],"wp:term":[{"taxonomy":"category","embeddable":true,"href":"https:\/\/www.welovecycling.com\/es\/wp-json\/wp\/v2\/categories?post=10164"},{"taxonomy":"post_tag","embeddable":true,"href":"https:\/\/www.welovecycling.com\/es\/wp-json\/wp\/v2\/tags?post=10164"},{"taxonomy":"global-categories","embeddable":true,"href":"https:\/\/www.welovecycling.com\/es\/wp-json\/wp\/v2\/global-categories?post=10164"}],"curies":[{"name":"wp","href":"https:\/\/api.w.org\/{rel}","templated":true}]}}